{"id":49175,"date":"2018-05-12T19:13:44","date_gmt":"2018-05-12T18:13:44","guid":{"rendered":"http:\/\/newsestlyonnais.fr\/site\/?p=49175"},"modified":"2020-11-20T12:46:28","modified_gmt":"2020-11-20T11:46:28","slug":"saint-priest-9-salon-du-modelisme-les-19-et-20-mai-prochains","status":"publish","type":"post","link":"https:\/\/newsestlyonnais.fr\/site\/2018\/05\/12\/saint-priest-9-salon-du-modelisme-les-19-et-20-mai-prochains\/","title":{"rendered":"SAINT-PRIEST | 9\u00b0 Salon du mod\u00e9lisme"},"content":{"rendered":"<p><strong>Une <\/strong><strong>9\u00b0 \u00e9dition de ce Salon du mod\u00e9lisme, organis\u00e9 tous les deux ans par l\u2019Amicale des anciens marins de Saint-Priest qui <\/strong><strong>donne rendez-vous aux amateurs de mod\u00e8les r\u00e9duits maritimes le week-end des 19 et 20 mai. <\/strong> Marins d\u2019eau douce ou vieux loups de mers, les passionn\u00e9s de maquettes, mod\u00e8les r\u00e9duits ou autres miniatures maritimes vont tomber sous le charme du salon du mod\u00e9lisme, qui va investir l\u2019espace Mosa\u00efque le temps d\u2019un week-end. L\u2019Amicale des anciens marins de Saint-Priest va donner \u00e0 voir de nombreuses pi\u00e8ces uniques, fabriqu\u00e9es manuellement par des passionn\u00e9s durant de (tr\u00e8s) longues heures. Bateaux militaires, chalutiers, voiliers, sous-marins seront expos\u00e9s (mais pas \u00e0 vendre) en int\u00e9rieur. Certains d\u2019entre eux, man\u0153uvr\u00e9s par des experts, navigueront pour des d\u00e9monstrations spectaculaires sur un grand bassin ext\u00e9rieur de 8 m\u00e8tres de diam\u00e8tre. Une bataille navale grandeur nature, avec des sous-marins lanceurs de torpilles ! Les enfants, pas en reste, pourront s\u2019essayer \u00e0 la navigation et tenter d\u2019obtenir leur brevet de moussaillon en man\u0153uvrant sur l\u2019eau de petits chalutiers. Si la marine est \u00e0 l\u2019honneur, <strong>le salon du mod\u00e9lisme est \u00e9galement l\u2019occasion de pr\u00e9senter plusieurs b\u00e2tisses en mod\u00e8le r\u00e9duit<\/strong>, dont le ch\u00e2teau moyen\u00e2geux de la Tour du Pin, le ch\u00e2teau de Saint-Priest, mais \u00e9galement l\u2019impressionnant ch\u00e2teau de Chambord, construit sur 20 m\u00b2 enti\u00e8rement \u00e0 l\u2019aide d\u2019allumettes ! Un circuit complet de camions en mouvement sera \u00e9galement install\u00e9 sur la sc\u00e8ne de l\u2019espace Mosa\u00efque : des pelleteuses, des tracteurs, des bennes, qui chargeront, d\u00e9chargeront et feront s\u00fbrement r\u00eaver de nombreux enfants.<\/p>\n<p>\u00c0 noter, la pr\u00e9sence de <strong>Marcel Perrin, maquettiste naval originaire de Solaize et plusieurs fois m\u00e9daill\u00e9 aux championnats du monde et d\u2019Europe de la sp\u00e9cialit\u00e9<\/strong>. Ce passionn\u00e9 de voiliers, qui a re\u00e7u en 2015 le prestigieux Troph\u00e9e du mod\u00e9lisme d\u00e9cern\u00e9 par la F\u00e9d\u00e9ration fran\u00e7aise de maquettisme naval (FFMN), pr\u00e9sentera des pi\u00e8ces uniques.<\/p>\n<p>_______________________________________________________________________________<\/p>\n<ul>\n<li><strong><span style=\"text-decoration: underline\">PRATIQUE<\/span> : <\/strong>9<sup>e<\/sup> salon du mod\u00e9lisme, samedi 19 (10 h\/18 h) &amp; dimanche 20 mai (9 h\/18 h) Espace Mosa\u00efque. Entr\u00e9e : 2 \u20ac. Gratuit (- 16 ans). Buvette et restauration sur place.<\/li>\n<li><strong>Renseignements :<\/strong> anciensmarinsstpriest@yahoo.fr<\/li>\n<\/ul>\n","protected":false},"excerpt":{"rendered":"<p>Une 9\u00b0 \u00e9dition de ce Salon du mod\u00e9lisme, organis\u00e9 tous les deux ans par l\u2019Amicale des anciens marins de Saint-Priest qui donne rendez-vous aux amateurs de mod\u00e8les r\u00e9duits maritimes le week-end des 19 et 20 mai. Marins d\u2019eau douce ou vieux loups de mers, les passionn\u00e9s de maquettes, mod\u00e8les r\u00e9duits ou autres miniatures maritimes vont [&hellip;]<\/p>\n","protected":false},"author":4,"featured_media":49177,"comment_status":"open","ping_status":"open","sticky":false,"template":"","format":"standard","meta":{"footnotes":""},"categories":[3443,3002,3329,1296],"tags":[],"class_list":["post-49175","post","type-post","status-publish","format-standard","has-post-thumbnail","hentry","category-aviation-nautisme","category-brocantes-collections-3","category-expos-foires-musees-salons","category-sain-priest"],"yoast_head":"<!-- This site is optimized with the Yoast SEO plugin v27.2 - https:\/\/yoast.com\/product\/yoast-seo-wordpress\/ -->\n<title>SAINT PRIEST : 9\u00b0 Salon du mod\u00e9lisme les 19 et 20 mai prochains<\/title>\n<meta name=\"description\" content=\"SAINT PRIEST : 9\u00b0 Salon du mod\u00e9lisme les 19 et 20 mai prochains\" \/>\n<meta name=\"robots\" content=\"index, follow, max-snippet:-1, max-image-preview:large, max-video-preview:-1\" \/>\n<link rel=\"canonical\" href=\"https:\/\/newsestlyonnais.fr\/site\/2018\/05\/12\/saint-priest-9-salon-du-modelisme-les-19-et-20-mai-prochains\/\" \/>\n<meta property=\"og:locale\" content=\"fr_FR\" \/>\n<meta property=\"og:type\" content=\"article\" \/>\n<meta property=\"og:title\" content=\"SAINT PRIEST : 9\u00b0 Salon du mod\u00e9lisme les 19 et 20 mai prochains\" \/>\n<meta property=\"og:description\" content=\"SAINT PRIEST : 9\u00b0 Salon du mod\u00e9lisme les 19 et 20 mai prochains\" \/>\n<meta property=\"og:url\" content=\"https:\/\/newsestlyonnais.fr\/site\/2018\/05\/12\/saint-priest-9-salon-du-modelisme-les-19-et-20-mai-prochains\/\" \/>\n<meta property=\"og:site_name\" content=\"News Est Lyonnais\" \/>\n<meta property=\"article:author\" content=\"https:\/\/www.facebook.com\/pascal.oberson.1?fref=ts\" \/>\n<meta property=\"article:published_time\" content=\"2018-05-12T18:13:44+00:00\" \/>\n<meta property=\"article:modified_time\" content=\"2020-11-20T11:46:28+00:00\" \/>\n<meta property=\"og:image\" content=\"https:\/\/i1.wp.com\/newsestlyonnais.fr\/site\/wp-content\/uploads\/2018\/05\/NEWSESTLYONNAIS-maquette.jpg?fit=1585%2C1013&ssl=1\" \/>\n\t<meta property=\"og:image:width\" content=\"1585\" \/>\n\t<meta property=\"og:image:height\" content=\"1013\" \/>\n\t<meta property=\"og:image:type\" content=\"image\/jpeg\" \/>\n<meta name=\"author\" content=\"R\u00e9dac. NEWS\" \/>\n<meta name=\"twitter:card\" content=\"summary_large_image\" \/>\n<meta name=\"twitter:label1\" content=\"\u00c9crit par\" \/>\n\t<meta name=\"twitter:data1\" content=\"R\u00e9dac. NEWS\" \/>\n\t<meta name=\"twitter:label2\" content=\"Dur\u00e9e de lecture estim\u00e9e\" \/>\n\t<meta name=\"twitter:data2\" content=\"2 minutes\" \/>\n<script type=\"application\/ld+json\" class=\"yoast-schema-graph\">{\"@context\":\"https:\/\/schema.org\",\"@graph\":[{\"@type\":\"Article\",\"@id\":\"https:\/\/newsestlyonnais.fr\/site\/2018\/05\/12\/saint-priest-9-salon-du-modelisme-les-19-et-20-mai-prochains\/#article\",\"isPartOf\":{\"@id\":\"https:\/\/newsestlyonnais.fr\/site\/2018\/05\/12\/saint-priest-9-salon-du-modelisme-les-19-et-20-mai-prochains\/\"},\"author\":{\"name\":\"R\u00e9dac. NEWS\",\"@id\":\"https:\/\/newsestlyonnais.fr\/site\/#\/schema\/person\/3230d5615f390bb808365d673001e887\"},\"headline\":\"SAINT-PRIEST | 9\u00b0 Salon du mod\u00e9lisme\",\"datePublished\":\"2018-05-12T18:13:44+00:00\",\"dateModified\":\"2020-11-20T11:46:28+00:00\",\"mainEntityOfPage\":{\"@id\":\"https:\/\/newsestlyonnais.fr\/site\/2018\/05\/12\/saint-priest-9-salon-du-modelisme-les-19-et-20-mai-prochains\/\"},\"wordCount\":385,\"commentCount\":0,\"publisher\":{\"@id\":\"https:\/\/newsestlyonnais.fr\/site\/#organization\"},\"image\":{\"@id\":\"https:\/\/newsestlyonnais.fr\/site\/2018\/05\/12\/saint-priest-9-salon-du-modelisme-les-19-et-20-mai-prochains\/#primaryimage\"},\"thumbnailUrl\":\"https:\/\/newsestlyonnais.fr\/site\/wp-content\/uploads\/2018\/05\/NEWSESTLYONNAIS-maquette.jpg\",\"articleSection\":[\"Aviation | Nautisme\",\"Brocantes | Collections\",\"Expos | Foires | Mus\u00e9es | Salons\",\"Saint-Priest\"],\"inLanguage\":\"fr-FR\",\"potentialAction\":[{\"@type\":\"CommentAction\",\"name\":\"Comment\",\"target\":[\"https:\/\/newsestlyonnais.fr\/site\/2018\/05\/12\/saint-priest-9-salon-du-modelisme-les-19-et-20-mai-prochains\/#respond\"]}]},{\"@type\":\"WebPage\",\"@id\":\"https:\/\/newsestlyonnais.fr\/site\/2018\/05\/12\/saint-priest-9-salon-du-modelisme-les-19-et-20-mai-prochains\/\",\"url\":\"https:\/\/newsestlyonnais.fr\/site\/2018\/05\/12\/saint-priest-9-salon-du-modelisme-les-19-et-20-mai-prochains\/\",\"name\":\"SAINT PRIEST : 9\u00b0 Salon du mod\u00e9lisme les 19 et 20 mai prochains\",\"isPartOf\":{\"@id\":\"https:\/\/newsestlyonnais.fr\/site\/#website\"},\"primaryImageOfPage\":{\"@id\":\"https:\/\/newsestlyonnais.fr\/site\/2018\/05\/12\/saint-priest-9-salon-du-modelisme-les-19-et-20-mai-prochains\/#primaryimage\"},\"image\":{\"@id\":\"https:\/\/newsestlyonnais.fr\/site\/2018\/05\/12\/saint-priest-9-salon-du-modelisme-les-19-et-20-mai-prochains\/#primaryimage\"},\"thumbnailUrl\":\"https:\/\/newsestlyonnais.fr\/site\/wp-content\/uploads\/2018\/05\/NEWSESTLYONNAIS-maquette.jpg\",\"datePublished\":\"2018-05-12T18:13:44+00:00\",\"dateModified\":\"2020-11-20T11:46:28+00:00\",\"description\":\"SAINT PRIEST : 9\u00b0 Salon du mod\u00e9lisme les 19 et 20 mai prochains\",\"breadcrumb\":{\"@id\":\"https:\/\/newsestlyonnais.fr\/site\/2018\/05\/12\/saint-priest-9-salon-du-modelisme-les-19-et-20-mai-prochains\/#breadcrumb\"},\"inLanguage\":\"fr-FR\",\"potentialAction\":[{\"@type\":\"ReadAction\",\"target\":[\"https:\/\/newsestlyonnais.fr\/site\/2018\/05\/12\/saint-priest-9-salon-du-modelisme-les-19-et-20-mai-prochains\/\"]}]},{\"@type\":\"ImageObject\",\"inLanguage\":\"fr-FR\",\"@id\":\"https:\/\/newsestlyonnais.fr\/site\/2018\/05\/12\/saint-priest-9-salon-du-modelisme-les-19-et-20-mai-prochains\/#primaryimage\",\"url\":\"https:\/\/newsestlyonnais.fr\/site\/wp-content\/uploads\/2018\/05\/NEWSESTLYONNAIS-maquette.jpg\",\"contentUrl\":\"https:\/\/newsestlyonnais.fr\/site\/wp-content\/uploads\/2018\/05\/NEWSESTLYONNAIS-maquette.jpg\",\"width\":1585,\"height\":1013,\"caption\":\"NEWSESTLYONNAIS - maquette\"},{\"@type\":\"BreadcrumbList\",\"@id\":\"https:\/\/newsestlyonnais.fr\/site\/2018\/05\/12\/saint-priest-9-salon-du-modelisme-les-19-et-20-mai-prochains\/#breadcrumb\",\"itemListElement\":[{\"@type\":\"ListItem\",\"position\":1,\"name\":\"Accueil\",\"item\":\"https:\/\/newsestlyonnais.fr\/site\/\"},{\"@type\":\"ListItem\",\"position\":2,\"name\":\"SAINT-PRIEST | 9\u00b0 Salon du mod\u00e9lisme\"}]},{\"@type\":\"WebSite\",\"@id\":\"https:\/\/newsestlyonnais.fr\/site\/#website\",\"url\":\"https:\/\/newsestlyonnais.fr\/site\/\",\"name\":\"News Est Lyonnais\",\"description\":\"L&#039;actualit\u00e9 au plus pr\u00e8s\",\"publisher\":{\"@id\":\"https:\/\/newsestlyonnais.fr\/site\/#organization\"},\"potentialAction\":[{\"@type\":\"SearchAction\",\"target\":{\"@type\":\"EntryPoint\",\"urlTemplate\":\"https:\/\/newsestlyonnais.fr\/site\/?s={search_term_string}\"},\"query-input\":{\"@type\":\"PropertyValueSpecification\",\"valueRequired\":true,\"valueName\":\"search_term_string\"}}],\"inLanguage\":\"fr-FR\"},{\"@type\":\"Organization\",\"@id\":\"https:\/\/newsestlyonnais.fr\/site\/#organization\",\"name\":\"News EST LYONNAIS\",\"url\":\"https:\/\/newsestlyonnais.fr\/site\/\",\"logo\":{\"@type\":\"ImageObject\",\"inLanguage\":\"fr-FR\",\"@id\":\"https:\/\/newsestlyonnais.fr\/site\/#\/schema\/logo\/image\/\",\"url\":\"\",\"contentUrl\":\"\",\"caption\":\"News EST LYONNAIS\"},\"image\":{\"@id\":\"https:\/\/newsestlyonnais.fr\/site\/#\/schema\/logo\/image\/\"}},{\"@type\":\"Person\",\"@id\":\"https:\/\/newsestlyonnais.fr\/site\/#\/schema\/person\/3230d5615f390bb808365d673001e887\",\"name\":\"R\u00e9dac. NEWS\",\"sameAs\":[\"http:\/\/www.newsestlyonnais.fr\",\"https:\/\/www.facebook.com\/pascal.oberson.1?fref=ts\",\"https:\/\/fr.linkedin.com\/in\/pascal-oberson-b17045113\"],\"url\":\"https:\/\/newsestlyonnais.fr\/site\/author\/nel\/\"}]}<\/script>\n<!-- \/ Yoast SEO plugin. -->","yoast_head_json":{"title":"SAINT PRIEST : 9\u00b0 Salon du mod\u00e9lisme les 19 et 20 mai prochains","description":"SAINT PRIEST : 9\u00b0 Salon du mod\u00e9lisme les 19 et 20 mai prochains","robots":{"index":"index","follow":"follow","max-snippet":"max-snippet:-1","max-image-preview":"max-image-preview:large","max-video-preview":"max-video-preview:-1"},"canonical":"https:\/\/newsestlyonnais.fr\/site\/2018\/05\/12\/saint-priest-9-salon-du-modelisme-les-19-et-20-mai-prochains\/","og_locale":"fr_FR","og_type":"article","og_title":"SAINT PRIEST : 9\u00b0 Salon du mod\u00e9lisme les 19 et 20 mai prochains","og_description":"SAINT PRIEST : 9\u00b0 Salon du mod\u00e9lisme les 19 et 20 mai prochains","og_url":"https:\/\/newsestlyonnais.fr\/site\/2018\/05\/12\/saint-priest-9-salon-du-modelisme-les-19-et-20-mai-prochains\/","og_site_name":"News Est Lyonnais","article_author":"https:\/\/www.facebook.com\/pascal.oberson.1?fref=ts","article_published_time":"2018-05-12T18:13:44+00:00","article_modified_time":"2020-11-20T11:46:28+00:00","og_image":[{"width":1585,"height":1013,"url":"https:\/\/i1.wp.com\/newsestlyonnais.fr\/site\/wp-content\/uploads\/2018\/05\/NEWSESTLYONNAIS-maquette.jpg?fit=1585%2C1013&ssl=1","type":"image\/jpeg"}],"author":"R\u00e9dac. NEWS","twitter_card":"summary_large_image","twitter_misc":{"\u00c9crit par":"R\u00e9dac. NEWS","Dur\u00e9e de lecture estim\u00e9e":"2 minutes"},"schema":{"@context":"https:\/\/schema.org","@graph":[{"@type":"Article","@id":"https:\/\/newsestlyonnais.fr\/site\/2018\/05\/12\/saint-priest-9-salon-du-modelisme-les-19-et-20-mai-prochains\/#article","isPartOf":{"@id":"https:\/\/newsestlyonnais.fr\/site\/2018\/05\/12\/saint-priest-9-salon-du-modelisme-les-19-et-20-mai-prochains\/"},"author":{"name":"R\u00e9dac. NEWS","@id":"https:\/\/newsestlyonnais.fr\/site\/#\/schema\/person\/3230d5615f390bb808365d673001e887"},"headline":"SAINT-PRIEST | 9\u00b0 Salon du mod\u00e9lisme","datePublished":"2018-05-12T18:13:44+00:00","dateModified":"2020-11-20T11:46:28+00:00","mainEntityOfPage":{"@id":"https:\/\/newsestlyonnais.fr\/site\/2018\/05\/12\/saint-priest-9-salon-du-modelisme-les-19-et-20-mai-prochains\/"},"wordCount":385,"commentCount":0,"publisher":{"@id":"https:\/\/newsestlyonnais.fr\/site\/#organization"},"image":{"@id":"https:\/\/newsestlyonnais.fr\/site\/2018\/05\/12\/saint-priest-9-salon-du-modelisme-les-19-et-20-mai-prochains\/#primaryimage"},"thumbnailUrl":"https:\/\/newsestlyonnais.fr\/site\/wp-content\/uploads\/2018\/05\/NEWSESTLYONNAIS-maquette.jpg","articleSection":["Aviation | Nautisme","Brocantes | Collections","Expos | Foires | Mus\u00e9es | Salons","Saint-Priest"],"inLanguage":"fr-FR","potentialAction":[{"@type":"CommentAction","name":"Comment","target":["https:\/\/newsestlyonnais.fr\/site\/2018\/05\/12\/saint-priest-9-salon-du-modelisme-les-19-et-20-mai-prochains\/#respond"]}]},{"@type":"WebPage","@id":"https:\/\/newsestlyonnais.fr\/site\/2018\/05\/12\/saint-priest-9-salon-du-modelisme-les-19-et-20-mai-prochains\/","url":"https:\/\/newsestlyonnais.fr\/site\/2018\/05\/12\/saint-priest-9-salon-du-modelisme-les-19-et-20-mai-prochains\/","name":"SAINT PRIEST : 9\u00b0 Salon du mod\u00e9lisme les 19 et 20 mai prochains","isPartOf":{"@id":"https:\/\/newsestlyonnais.fr\/site\/#website"},"primaryImageOfPage":{"@id":"https:\/\/newsestlyonnais.fr\/site\/2018\/05\/12\/saint-priest-9-salon-du-modelisme-les-19-et-20-mai-prochains\/#primaryimage"},"image":{"@id":"https:\/\/newsestlyonnais.fr\/site\/2018\/05\/12\/saint-priest-9-salon-du-modelisme-les-19-et-20-mai-prochains\/#primaryimage"},"thumbnailUrl":"https:\/\/newsestlyonnais.fr\/site\/wp-content\/uploads\/2018\/05\/NEWSESTLYONNAIS-maquette.jpg","datePublished":"2018-05-12T18:13:44+00:00","dateModified":"2020-11-20T11:46:28+00:00","description":"SAINT PRIEST : 9\u00b0 Salon du mod\u00e9lisme les 19 et 20 mai prochains","breadcrumb":{"@id":"https:\/\/newsestlyonnais.fr\/site\/2018\/05\/12\/saint-priest-9-salon-du-modelisme-les-19-et-20-mai-prochains\/#breadcrumb"},"inLanguage":"fr-FR","potentialAction":[{"@type":"ReadAction","target":["https:\/\/newsestlyonnais.fr\/site\/2018\/05\/12\/saint-priest-9-salon-du-modelisme-les-19-et-20-mai-prochains\/"]}]},{"@type":"ImageObject","inLanguage":"fr-FR","@id":"https:\/\/newsestlyonnais.fr\/site\/2018\/05\/12\/saint-priest-9-salon-du-modelisme-les-19-et-20-mai-prochains\/#primaryimage","url":"https:\/\/newsestlyonnais.fr\/site\/wp-content\/uploads\/2018\/05\/NEWSESTLYONNAIS-maquette.jpg","contentUrl":"https:\/\/newsestlyonnais.fr\/site\/wp-content\/uploads\/2018\/05\/NEWSESTLYONNAIS-maquette.jpg","width":1585,"height":1013,"caption":"NEWSESTLYONNAIS - maquette"},{"@type":"BreadcrumbList","@id":"https:\/\/newsestlyonnais.fr\/site\/2018\/05\/12\/saint-priest-9-salon-du-modelisme-les-19-et-20-mai-prochains\/#breadcrumb","itemListElement":[{"@type":"ListItem","position":1,"name":"Accueil","item":"https:\/\/newsestlyonnais.fr\/site\/"},{"@type":"ListItem","position":2,"name":"SAINT-PRIEST | 9\u00b0 Salon du mod\u00e9lisme"}]},{"@type":"WebSite","@id":"https:\/\/newsestlyonnais.fr\/site\/#website","url":"https:\/\/newsestlyonnais.fr\/site\/","name":"News Est Lyonnais","description":"L&#039;actualit\u00e9 au plus pr\u00e8s","publisher":{"@id":"https:\/\/newsestlyonnais.fr\/site\/#organization"},"potentialAction":[{"@type":"SearchAction","target":{"@type":"EntryPoint","urlTemplate":"https:\/\/newsestlyonnais.fr\/site\/?s={search_term_string}"},"query-input":{"@type":"PropertyValueSpecification","valueRequired":true,"valueName":"search_term_string"}}],"inLanguage":"fr-FR"},{"@type":"Organization","@id":"https:\/\/newsestlyonnais.fr\/site\/#organization","name":"News EST LYONNAIS","url":"https:\/\/newsestlyonnais.fr\/site\/","logo":{"@type":"ImageObject","inLanguage":"fr-FR","@id":"https:\/\/newsestlyonnais.fr\/site\/#\/schema\/logo\/image\/","url":"","contentUrl":"","caption":"News EST LYONNAIS"},"image":{"@id":"https:\/\/newsestlyonnais.fr\/site\/#\/schema\/logo\/image\/"}},{"@type":"Person","@id":"https:\/\/newsestlyonnais.fr\/site\/#\/schema\/person\/3230d5615f390bb808365d673001e887","name":"R\u00e9dac. NEWS","sameAs":["http:\/\/www.newsestlyonnais.fr","https:\/\/www.facebook.com\/pascal.oberson.1?fref=ts","https:\/\/fr.linkedin.com\/in\/pascal-oberson-b17045113"],"url":"https:\/\/newsestlyonnais.fr\/site\/author\/nel\/"}]}},"_links":{"self":[{"href":"https:\/\/newsestlyonnais.fr\/site\/wp-json\/wp\/v2\/posts\/49175","targetHints":{"allow":["GET"]}}],"collection":[{"href":"https:\/\/newsestlyonnais.fr\/site\/wp-json\/wp\/v2\/posts"}],"about":[{"href":"https:\/\/newsestlyonnais.fr\/site\/wp-json\/wp\/v2\/types\/post"}],"author":[{"embeddable":true,"href":"https:\/\/newsestlyonnais.fr\/site\/wp-json\/wp\/v2\/users\/4"}],"replies":[{"embeddable":true,"href":"https:\/\/newsestlyonnais.fr\/site\/wp-json\/wp\/v2\/comments?post=49175"}],"version-history":[{"count":0,"href":"https:\/\/newsestlyonnais.fr\/site\/wp-json\/wp\/v2\/posts\/49175\/revisions"}],"wp:featuredmedia":[{"embeddable":true,"href":"https:\/\/newsestlyonnais.fr\/site\/wp-json\/wp\/v2\/media\/49177"}],"wp:attachment":[{"href":"https:\/\/newsestlyonnais.fr\/site\/wp-json\/wp\/v2\/media?parent=49175"}],"wp:term":[{"taxonomy":"category","embeddable":true,"href":"https:\/\/newsestlyonnais.fr\/site\/wp-json\/wp\/v2\/categories?post=49175"},{"taxonomy":"post_tag","embeddable":true,"href":"https:\/\/newsestlyonnais.fr\/site\/wp-json\/wp\/v2\/tags?post=49175"}],"curies":[{"name":"wp","href":"https:\/\/api.w.org\/{rel}","templated":true}]}}