{"id":49266,"date":"2018-05-17T12:37:36","date_gmt":"2018-05-17T11:37:36","guid":{"rendered":"http:\/\/newsestlyonnais.fr\/site\/?p=49266"},"modified":"2020-10-31T19:36:17","modified_gmt":"2020-10-31T18:36:17","slug":"meyzieu-actu-chargee-a-laviron-majolan","status":"publish","type":"post","link":"https:\/\/newsestlyonnais.fr\/site\/2018\/05\/17\/meyzieu-actu-chargee-a-laviron-majolan\/","title":{"rendered":"MEYZIEU | Actu charg\u00e9e \u00e0 l&rsquo;Aviron Majolan"},"content":{"rendered":"<h4>Plusieurs \u00e9v\u00e8nements, pass\u00e9s ou \u00e0 venir, figurent dans le calendrier tr\u00e8s charg\u00e9 du l&rsquo;Aviron Majolan.<\/h4>\n<ul>\n<li>Comme chaque ann\u00e9e, l&rsquo;Aviron Majolan \u00e9tait repr\u00e9sent\u00e9 en force \u00e0 la traditionnelle <strong>Randonn\u00e9e du 1\u00b0 mai<\/strong> organis\u00e9e par l&rsquo;AUNL (Aviron Union Nautique de Lyon). 3 yolettes, 1 quatre barr\u00e9 soit 20 rameurs et leur accompagnateur y ont particip\u00e9, une grande partie des rameurs provenant de l&rsquo;\u00e9cole d&rsquo;aviron accompagn\u00e9e par leur coach Aline !<\/li>\n<li>La troisi\u00e8me journ\u00e9e \u00ab <strong>Toutes \u00e0 l\u2019aviron f\u00e9minin !<\/strong> \u00bb pr\u00e9vue dimanche dernier a \u00e9t\u00e9 report\u00e9e \u00e0 ce dimanche 20 mai du fait de mauvaises pr\u00e9visions m\u00e9t\u00e9orologiques annonc\u00e9es.<\/li>\n<li>Ouverture des <strong>inscriptions aux stages d\u2019\u00e9t\u00e9<\/strong> ! L&rsquo;Aviron Majolan propose des stages (initiation aviron ou multisports nautiques aux enfants \u00e0 partir de 10 ans et des stages d&rsquo;initiation aviron aux adultes). <strong>Pour les enfants \u00e0 partir de 10 ans: 1) <\/strong><strong>Stage multisports nautiques <\/strong> 180 \u20ac : du lundi au vendredi de 9 h \u00e0 16 h, l&rsquo; enfant s&rsquo;initiera \u00e0 l&rsquo;aviron le matin, il pourra pique-niquer au club (repas sorti du sac) puis s&rsquo;essayer \u00e0 diff\u00e9rents sports nautiques (voile, kayak, paddle, etc.) \u00e0 la base nautique de Meyzieu.<strong>2) Stage d&rsquo;initiation aviron<\/strong> 130 \u20ac. Du lundi au vendredi de 9 h \u00e0 12 h, initiation \u00e0 l&rsquo;aviron. <strong>Pour les adultes \u00e0 partir de 17 ans : stage initiation aviron <\/strong> : 130 \u20ac. Du lundi au vendredi de 18 h \u00e0 20 h, vous appr\u00e9cierez la bouff\u00e9e d&rsquo;air d&rsquo;une sortie sur l&rsquo;eau en sortant du travail dans une ambiance estivale et sportive !<\/li>\n<\/ul>\n<p><strong>Dates des stages : du lundi 9\/7 au vendredi 13\/7<\/strong> \/ <strong>du lundi 16\/7 au vendredi 20\/7 \/ <\/strong>du lundi 23\/7 au vendredi 27\/7. Pr\u00e9voir une tenue de sport et une de rechange, de quoi se d\u00e9salt\u00e9rer et se prot\u00e9ger du soleil. Il est n\u00e9cessaire de s&rsquo;inscrire et de savoir nager 25 m.<\/p>\n<ul>\n<li><strong>Inscriptions sur : <a href=\"https:\/\/goo.gl\/forms\/BQvayNwAzbOrUjuH2\">https:\/\/goo.gl\/forms\/BQvayNwAzbOrUjuH2<\/a><br \/>\n<\/strong><\/li>\n<\/ul>\n<p><strong>Retrouvez toute l&rsquo;ACTU du club sur : <a href=\"https:\/\/avironmajolan.org\" target=\"_blank\" rel=\"noopener noreferrer\">https:\/\/avironmajolan.org<\/a> <\/strong> <img loading=\"lazy\" decoding=\"async\" class=\"size-full wp-image-49270 aligncenter\" src=\"https:\/\/newsestlyonnais.fr\/site\/medias\/2018\/05\/NEWSESTLYONNAIS-aff-aviron-majolan-femmes.jpg\" alt=\"NEWSESTLYONNAIS aff aviron majolan femmes\" width=\"640\" height=\"452\" srcset=\"https:\/\/newsestlyonnais.fr\/site\/wp-content\/uploads\/2018\/05\/NEWSESTLYONNAIS-aff-aviron-majolan-femmes.jpg 640w, https:\/\/newsestlyonnais.fr\/site\/wp-content\/uploads\/2018\/05\/NEWSESTLYONNAIS-aff-aviron-majolan-femmes-400x283.jpg 400w, https:\/\/newsestlyonnais.fr\/site\/wp-content\/uploads\/2018\/05\/NEWSESTLYONNAIS-aff-aviron-majolan-femmes-600x424.jpg 600w\" sizes=\"auto, (max-width: 640px) 100vw, 640px\" \/><\/p>\n","protected":false},"excerpt":{"rendered":"<p>Plusieurs \u00e9v\u00e8nements, pass\u00e9s ou \u00e0 venir, figurent dans le calendrier tr\u00e8s charg\u00e9 du l&rsquo;Aviron Majolan. Comme chaque ann\u00e9e, l&rsquo;Aviron Majolan \u00e9tait repr\u00e9sent\u00e9 en force \u00e0 la traditionnelle Randonn\u00e9e du 1\u00b0 mai organis\u00e9e par l&rsquo;AUNL (Aviron Union Nautique de Lyon). 3 yolettes, 1 quatre barr\u00e9 soit 20 rameurs et leur accompagnateur y ont particip\u00e9, une grande [&hellip;]<\/p>\n","protected":false},"author":4,"featured_media":19041,"comment_status":"open","ping_status":"open","sticky":false,"template":"","format":"standard","meta":{"footnotes":""},"categories":[1347,2973,24],"tags":[],"class_list":["post-49266","post","type-post","status-publish","format-standard","has-post-thumbnail","hentry","category-aviron","category-aviron-kayak-voile-sports","category-meyzieu"],"yoast_head":"<!-- This site is optimized with the Yoast SEO plugin v27.2 - https:\/\/yoast.com\/product\/yoast-seo-wordpress\/ -->\n<title>MEYZIEU : Actu charg\u00e9e \u00e0 l&#039;Aviron Majolan<\/title>\n<meta name=\"description\" content=\"MEYZIEU : Actu charg\u00e9e \u00e0 l&#039;Aviron Majolan\" \/>\n<meta name=\"robots\" content=\"index, follow, max-snippet:-1, max-image-preview:large, max-video-preview:-1\" \/>\n<link rel=\"canonical\" href=\"https:\/\/newsestlyonnais.fr\/site\/2018\/05\/17\/meyzieu-actu-chargee-a-laviron-majolan\/\" \/>\n<meta property=\"og:locale\" content=\"fr_FR\" \/>\n<meta property=\"og:type\" content=\"article\" \/>\n<meta property=\"og:title\" content=\"MEYZIEU : Actu charg\u00e9e \u00e0 l&#039;Aviron Majolan\" \/>\n<meta property=\"og:description\" content=\"MEYZIEU : Actu charg\u00e9e \u00e0 l&#039;Aviron Majolan\" \/>\n<meta property=\"og:url\" content=\"https:\/\/newsestlyonnais.fr\/site\/2018\/05\/17\/meyzieu-actu-chargee-a-laviron-majolan\/\" \/>\n<meta property=\"og:site_name\" content=\"News Est Lyonnais\" \/>\n<meta property=\"article:author\" content=\"https:\/\/www.facebook.com\/pascal.oberson.1?fref=ts\" \/>\n<meta property=\"article:published_time\" content=\"2018-05-17T11:37:36+00:00\" \/>\n<meta property=\"article:modified_time\" content=\"2020-10-31T18:36:17+00:00\" \/>\n<meta property=\"og:image\" content=\"https:\/\/i2.wp.com\/newsestlyonnais.fr\/site\/wp-content\/uploads\/2017\/01\/logo.png?fit=1000%2C750&ssl=1\" \/>\n\t<meta property=\"og:image:width\" content=\"1000\" \/>\n\t<meta property=\"og:image:height\" content=\"750\" \/>\n\t<meta property=\"og:image:type\" content=\"image\/png\" \/>\n<meta name=\"author\" content=\"R\u00e9dac. NEWS\" \/>\n<meta name=\"twitter:card\" content=\"summary_large_image\" \/>\n<meta name=\"twitter:label1\" content=\"\u00c9crit par\" \/>\n\t<meta name=\"twitter:data1\" content=\"R\u00e9dac. NEWS\" \/>\n\t<meta name=\"twitter:label2\" content=\"Dur\u00e9e de lecture estim\u00e9e\" \/>\n\t<meta name=\"twitter:data2\" content=\"1 minute\" \/>\n<script type=\"application\/ld+json\" class=\"yoast-schema-graph\">{\"@context\":\"https:\/\/schema.org\",\"@graph\":[{\"@type\":\"Article\",\"@id\":\"https:\/\/newsestlyonnais.fr\/site\/2018\/05\/17\/meyzieu-actu-chargee-a-laviron-majolan\/#article\",\"isPartOf\":{\"@id\":\"https:\/\/newsestlyonnais.fr\/site\/2018\/05\/17\/meyzieu-actu-chargee-a-laviron-majolan\/\"},\"author\":{\"name\":\"R\u00e9dac. NEWS\",\"@id\":\"https:\/\/newsestlyonnais.fr\/site\/#\/schema\/person\/3230d5615f390bb808365d673001e887\"},\"headline\":\"MEYZIEU | Actu charg\u00e9e \u00e0 l&rsquo;Aviron Majolan\",\"datePublished\":\"2018-05-17T11:37:36+00:00\",\"dateModified\":\"2020-10-31T18:36:17+00:00\",\"mainEntityOfPage\":{\"@id\":\"https:\/\/newsestlyonnais.fr\/site\/2018\/05\/17\/meyzieu-actu-chargee-a-laviron-majolan\/\"},\"wordCount\":313,\"commentCount\":0,\"publisher\":{\"@id\":\"https:\/\/newsestlyonnais.fr\/site\/#organization\"},\"image\":{\"@id\":\"https:\/\/newsestlyonnais.fr\/site\/2018\/05\/17\/meyzieu-actu-chargee-a-laviron-majolan\/#primaryimage\"},\"thumbnailUrl\":\"https:\/\/newsestlyonnais.fr\/site\/wp-content\/uploads\/2017\/01\/logo.png\",\"articleSection\":[\"Aviron\",\"Aviron | Kayak | Voile\",\"Meyzieu\"],\"inLanguage\":\"fr-FR\",\"potentialAction\":[{\"@type\":\"CommentAction\",\"name\":\"Comment\",\"target\":[\"https:\/\/newsestlyonnais.fr\/site\/2018\/05\/17\/meyzieu-actu-chargee-a-laviron-majolan\/#respond\"]}]},{\"@type\":\"WebPage\",\"@id\":\"https:\/\/newsestlyonnais.fr\/site\/2018\/05\/17\/meyzieu-actu-chargee-a-laviron-majolan\/\",\"url\":\"https:\/\/newsestlyonnais.fr\/site\/2018\/05\/17\/meyzieu-actu-chargee-a-laviron-majolan\/\",\"name\":\"MEYZIEU : Actu charg\u00e9e \u00e0 l'Aviron Majolan\",\"isPartOf\":{\"@id\":\"https:\/\/newsestlyonnais.fr\/site\/#website\"},\"primaryImageOfPage\":{\"@id\":\"https:\/\/newsestlyonnais.fr\/site\/2018\/05\/17\/meyzieu-actu-chargee-a-laviron-majolan\/#primaryimage\"},\"image\":{\"@id\":\"https:\/\/newsestlyonnais.fr\/site\/2018\/05\/17\/meyzieu-actu-chargee-a-laviron-majolan\/#primaryimage\"},\"thumbnailUrl\":\"https:\/\/newsestlyonnais.fr\/site\/wp-content\/uploads\/2017\/01\/logo.png\",\"datePublished\":\"2018-05-17T11:37:36+00:00\",\"dateModified\":\"2020-10-31T18:36:17+00:00\",\"description\":\"MEYZIEU : Actu charg\u00e9e \u00e0 l'Aviron Majolan\",\"breadcrumb\":{\"@id\":\"https:\/\/newsestlyonnais.fr\/site\/2018\/05\/17\/meyzieu-actu-chargee-a-laviron-majolan\/#breadcrumb\"},\"inLanguage\":\"fr-FR\",\"potentialAction\":[{\"@type\":\"ReadAction\",\"target\":[\"https:\/\/newsestlyonnais.fr\/site\/2018\/05\/17\/meyzieu-actu-chargee-a-laviron-majolan\/\"]}]},{\"@type\":\"ImageObject\",\"inLanguage\":\"fr-FR\",\"@id\":\"https:\/\/newsestlyonnais.fr\/site\/2018\/05\/17\/meyzieu-actu-chargee-a-laviron-majolan\/#primaryimage\",\"url\":\"https:\/\/newsestlyonnais.fr\/site\/wp-content\/uploads\/2017\/01\/logo.png\",\"contentUrl\":\"https:\/\/newsestlyonnais.fr\/site\/wp-content\/uploads\/2017\/01\/logo.png\",\"width\":1000,\"height\":750,\"caption\":\"NEWSESTLYONNAIS - AVIRON MAJOLAN\"},{\"@type\":\"BreadcrumbList\",\"@id\":\"https:\/\/newsestlyonnais.fr\/site\/2018\/05\/17\/meyzieu-actu-chargee-a-laviron-majolan\/#breadcrumb\",\"itemListElement\":[{\"@type\":\"ListItem\",\"position\":1,\"name\":\"Accueil\",\"item\":\"https:\/\/newsestlyonnais.fr\/site\/\"},{\"@type\":\"ListItem\",\"position\":2,\"name\":\"MEYZIEU | Actu charg\u00e9e \u00e0 l&rsquo;Aviron Majolan\"}]},{\"@type\":\"WebSite\",\"@id\":\"https:\/\/newsestlyonnais.fr\/site\/#website\",\"url\":\"https:\/\/newsestlyonnais.fr\/site\/\",\"name\":\"News Est Lyonnais\",\"description\":\"L&#039;actualit\u00e9 au plus pr\u00e8s\",\"publisher\":{\"@id\":\"https:\/\/newsestlyonnais.fr\/site\/#organization\"},\"potentialAction\":[{\"@type\":\"SearchAction\",\"target\":{\"@type\":\"EntryPoint\",\"urlTemplate\":\"https:\/\/newsestlyonnais.fr\/site\/?s={search_term_string}\"},\"query-input\":{\"@type\":\"PropertyValueSpecification\",\"valueRequired\":true,\"valueName\":\"search_term_string\"}}],\"inLanguage\":\"fr-FR\"},{\"@type\":\"Organization\",\"@id\":\"https:\/\/newsestlyonnais.fr\/site\/#organization\",\"name\":\"News EST LYONNAIS\",\"url\":\"https:\/\/newsestlyonnais.fr\/site\/\",\"logo\":{\"@type\":\"ImageObject\",\"inLanguage\":\"fr-FR\",\"@id\":\"https:\/\/newsestlyonnais.fr\/site\/#\/schema\/logo\/image\/\",\"url\":\"\",\"contentUrl\":\"\",\"caption\":\"News EST LYONNAIS\"},\"image\":{\"@id\":\"https:\/\/newsestlyonnais.fr\/site\/#\/schema\/logo\/image\/\"}},{\"@type\":\"Person\",\"@id\":\"https:\/\/newsestlyonnais.fr\/site\/#\/schema\/person\/3230d5615f390bb808365d673001e887\",\"name\":\"R\u00e9dac. NEWS\",\"sameAs\":[\"http:\/\/www.newsestlyonnais.fr\",\"https:\/\/www.facebook.com\/pascal.oberson.1?fref=ts\",\"https:\/\/fr.linkedin.com\/in\/pascal-oberson-b17045113\"],\"url\":\"https:\/\/newsestlyonnais.fr\/site\/author\/nel\/\"}]}<\/script>\n<!-- \/ Yoast SEO plugin. -->","yoast_head_json":{"title":"MEYZIEU : Actu charg\u00e9e \u00e0 l'Aviron Majolan","description":"MEYZIEU : Actu charg\u00e9e \u00e0 l'Aviron Majolan","robots":{"index":"index","follow":"follow","max-snippet":"max-snippet:-1","max-image-preview":"max-image-preview:large","max-video-preview":"max-video-preview:-1"},"canonical":"https:\/\/newsestlyonnais.fr\/site\/2018\/05\/17\/meyzieu-actu-chargee-a-laviron-majolan\/","og_locale":"fr_FR","og_type":"article","og_title":"MEYZIEU : Actu charg\u00e9e \u00e0 l'Aviron Majolan","og_description":"MEYZIEU : Actu charg\u00e9e \u00e0 l'Aviron Majolan","og_url":"https:\/\/newsestlyonnais.fr\/site\/2018\/05\/17\/meyzieu-actu-chargee-a-laviron-majolan\/","og_site_name":"News Est Lyonnais","article_author":"https:\/\/www.facebook.com\/pascal.oberson.1?fref=ts","article_published_time":"2018-05-17T11:37:36+00:00","article_modified_time":"2020-10-31T18:36:17+00:00","og_image":[{"width":1000,"height":750,"url":"https:\/\/i2.wp.com\/newsestlyonnais.fr\/site\/wp-content\/uploads\/2017\/01\/logo.png?fit=1000%2C750&ssl=1","type":"image\/png"}],"author":"R\u00e9dac. NEWS","twitter_card":"summary_large_image","twitter_misc":{"\u00c9crit par":"R\u00e9dac. NEWS","Dur\u00e9e de lecture estim\u00e9e":"1 minute"},"schema":{"@context":"https:\/\/schema.org","@graph":[{"@type":"Article","@id":"https:\/\/newsestlyonnais.fr\/site\/2018\/05\/17\/meyzieu-actu-chargee-a-laviron-majolan\/#article","isPartOf":{"@id":"https:\/\/newsestlyonnais.fr\/site\/2018\/05\/17\/meyzieu-actu-chargee-a-laviron-majolan\/"},"author":{"name":"R\u00e9dac. NEWS","@id":"https:\/\/newsestlyonnais.fr\/site\/#\/schema\/person\/3230d5615f390bb808365d673001e887"},"headline":"MEYZIEU | Actu charg\u00e9e \u00e0 l&rsquo;Aviron Majolan","datePublished":"2018-05-17T11:37:36+00:00","dateModified":"2020-10-31T18:36:17+00:00","mainEntityOfPage":{"@id":"https:\/\/newsestlyonnais.fr\/site\/2018\/05\/17\/meyzieu-actu-chargee-a-laviron-majolan\/"},"wordCount":313,"commentCount":0,"publisher":{"@id":"https:\/\/newsestlyonnais.fr\/site\/#organization"},"image":{"@id":"https:\/\/newsestlyonnais.fr\/site\/2018\/05\/17\/meyzieu-actu-chargee-a-laviron-majolan\/#primaryimage"},"thumbnailUrl":"https:\/\/newsestlyonnais.fr\/site\/wp-content\/uploads\/2017\/01\/logo.png","articleSection":["Aviron","Aviron | Kayak | Voile","Meyzieu"],"inLanguage":"fr-FR","potentialAction":[{"@type":"CommentAction","name":"Comment","target":["https:\/\/newsestlyonnais.fr\/site\/2018\/05\/17\/meyzieu-actu-chargee-a-laviron-majolan\/#respond"]}]},{"@type":"WebPage","@id":"https:\/\/newsestlyonnais.fr\/site\/2018\/05\/17\/meyzieu-actu-chargee-a-laviron-majolan\/","url":"https:\/\/newsestlyonnais.fr\/site\/2018\/05\/17\/meyzieu-actu-chargee-a-laviron-majolan\/","name":"MEYZIEU : Actu charg\u00e9e \u00e0 l'Aviron Majolan","isPartOf":{"@id":"https:\/\/newsestlyonnais.fr\/site\/#website"},"primaryImageOfPage":{"@id":"https:\/\/newsestlyonnais.fr\/site\/2018\/05\/17\/meyzieu-actu-chargee-a-laviron-majolan\/#primaryimage"},"image":{"@id":"https:\/\/newsestlyonnais.fr\/site\/2018\/05\/17\/meyzieu-actu-chargee-a-laviron-majolan\/#primaryimage"},"thumbnailUrl":"https:\/\/newsestlyonnais.fr\/site\/wp-content\/uploads\/2017\/01\/logo.png","datePublished":"2018-05-17T11:37:36+00:00","dateModified":"2020-10-31T18:36:17+00:00","description":"MEYZIEU : Actu charg\u00e9e \u00e0 l'Aviron Majolan","breadcrumb":{"@id":"https:\/\/newsestlyonnais.fr\/site\/2018\/05\/17\/meyzieu-actu-chargee-a-laviron-majolan\/#breadcrumb"},"inLanguage":"fr-FR","potentialAction":[{"@type":"ReadAction","target":["https:\/\/newsestlyonnais.fr\/site\/2018\/05\/17\/meyzieu-actu-chargee-a-laviron-majolan\/"]}]},{"@type":"ImageObject","inLanguage":"fr-FR","@id":"https:\/\/newsestlyonnais.fr\/site\/2018\/05\/17\/meyzieu-actu-chargee-a-laviron-majolan\/#primaryimage","url":"https:\/\/newsestlyonnais.fr\/site\/wp-content\/uploads\/2017\/01\/logo.png","contentUrl":"https:\/\/newsestlyonnais.fr\/site\/wp-content\/uploads\/2017\/01\/logo.png","width":1000,"height":750,"caption":"NEWSESTLYONNAIS - AVIRON MAJOLAN"},{"@type":"BreadcrumbList","@id":"https:\/\/newsestlyonnais.fr\/site\/2018\/05\/17\/meyzieu-actu-chargee-a-laviron-majolan\/#breadcrumb","itemListElement":[{"@type":"ListItem","position":1,"name":"Accueil","item":"https:\/\/newsestlyonnais.fr\/site\/"},{"@type":"ListItem","position":2,"name":"MEYZIEU | Actu charg\u00e9e \u00e0 l&rsquo;Aviron Majolan"}]},{"@type":"WebSite","@id":"https:\/\/newsestlyonnais.fr\/site\/#website","url":"https:\/\/newsestlyonnais.fr\/site\/","name":"News Est Lyonnais","description":"L&#039;actualit\u00e9 au plus pr\u00e8s","publisher":{"@id":"https:\/\/newsestlyonnais.fr\/site\/#organization"},"potentialAction":[{"@type":"SearchAction","target":{"@type":"EntryPoint","urlTemplate":"https:\/\/newsestlyonnais.fr\/site\/?s={search_term_string}"},"query-input":{"@type":"PropertyValueSpecification","valueRequired":true,"valueName":"search_term_string"}}],"inLanguage":"fr-FR"},{"@type":"Organization","@id":"https:\/\/newsestlyonnais.fr\/site\/#organization","name":"News EST LYONNAIS","url":"https:\/\/newsestlyonnais.fr\/site\/","logo":{"@type":"ImageObject","inLanguage":"fr-FR","@id":"https:\/\/newsestlyonnais.fr\/site\/#\/schema\/logo\/image\/","url":"","contentUrl":"","caption":"News EST LYONNAIS"},"image":{"@id":"https:\/\/newsestlyonnais.fr\/site\/#\/schema\/logo\/image\/"}},{"@type":"Person","@id":"https:\/\/newsestlyonnais.fr\/site\/#\/schema\/person\/3230d5615f390bb808365d673001e887","name":"R\u00e9dac. NEWS","sameAs":["http:\/\/www.newsestlyonnais.fr","https:\/\/www.facebook.com\/pascal.oberson.1?fref=ts","https:\/\/fr.linkedin.com\/in\/pascal-oberson-b17045113"],"url":"https:\/\/newsestlyonnais.fr\/site\/author\/nel\/"}]}},"_links":{"self":[{"href":"https:\/\/newsestlyonnais.fr\/site\/wp-json\/wp\/v2\/posts\/49266","targetHints":{"allow":["GET"]}}],"collection":[{"href":"https:\/\/newsestlyonnais.fr\/site\/wp-json\/wp\/v2\/posts"}],"about":[{"href":"https:\/\/newsestlyonnais.fr\/site\/wp-json\/wp\/v2\/types\/post"}],"author":[{"embeddable":true,"href":"https:\/\/newsestlyonnais.fr\/site\/wp-json\/wp\/v2\/users\/4"}],"replies":[{"embeddable":true,"href":"https:\/\/newsestlyonnais.fr\/site\/wp-json\/wp\/v2\/comments?post=49266"}],"version-history":[{"count":0,"href":"https:\/\/newsestlyonnais.fr\/site\/wp-json\/wp\/v2\/posts\/49266\/revisions"}],"wp:featuredmedia":[{"embeddable":true,"href":"https:\/\/newsestlyonnais.fr\/site\/wp-json\/wp\/v2\/media\/19041"}],"wp:attachment":[{"href":"https:\/\/newsestlyonnais.fr\/site\/wp-json\/wp\/v2\/media?parent=49266"}],"wp:term":[{"taxonomy":"category","embeddable":true,"href":"https:\/\/newsestlyonnais.fr\/site\/wp-json\/wp\/v2\/categories?post=49266"},{"taxonomy":"post_tag","embeddable":true,"href":"https:\/\/newsestlyonnais.fr\/site\/wp-json\/wp\/v2\/tags?post=49266"}],"curies":[{"name":"wp","href":"https:\/\/api.w.org\/{rel}","templated":true}]}}