{"id":49860,"date":"2018-05-26T11:25:46","date_gmt":"2018-05-26T10:25:46","guid":{"rendered":"http:\/\/newsestlyonnais.fr\/site\/?p=49860"},"modified":"2020-10-23T19:53:53","modified_gmt":"2020-10-23T18:53:53","slug":"colombier-saugnieu-etape-des-fitdays-triathlon-ce-dimanche-on-peut-encore-sinscrire","status":"publish","type":"post","link":"https:\/\/newsestlyonnais.fr\/site\/2018\/05\/26\/colombier-saugnieu-etape-des-fitdays-triathlon-ce-dimanche-on-peut-encore-sinscrire\/","title":{"rendered":"COLOMBIER-SAUGNIEU | Etape des FitDays Triathlon, on peut encore s&rsquo;inscrire"},"content":{"rendered":"<h4>A Colombier Saugnieu, le sport et la sant\u00e9 sont deux axes forts de la politique municipale.<\/h4>\n<p>Sous l\u2019aspect \u00ab sant\u00e9 \u00bb, la commune a \u00e9t\u00e9 <strong>labellis\u00e9e \u00ab ma commune a du c\u0153ur \u00bb en 2017<\/strong>. La municipalit\u00e9, soucieuse de la sant\u00e9 de ses habitant.e.s a \u00e9galement cr\u00e9\u00e9 et livr\u00e9 fin 2016, une maison de sant\u00e9 pluri-professionnelle permettant de regrouper une offre de soin de proximit\u00e9 assez large.<\/p>\n<p>La volont\u00e9 municipale est de pouvoir offrir \u00e0 ses habitant.e.s le plus grand choix d\u2019activit\u00e9s au sein du village directement mais aussi de leur permettre de tendre vers un \u00e9panouissement individuel certain, dans un cadre associatif attractif et qualitatif.<\/p>\n<p>C\u2019est donc tout naturellement que fort, de l\u2019int\u00e9r\u00eat que la commune porte au sport et \u00e0 la sant\u00e9, celle-ci a souhait\u00e9 <strong>accueillir l\u2019\u00e9dition 2018 des Fitdays MGEN <\/strong>pour sensibiliser les enfants de 5 \u00e0 12 ans du territoire \u00e0 mieux manger, mieux bouger en s\u2019amusant.<\/p>\n<p>2\u00b0 \u00e9v\u00e8nement fort de l\u2019ann\u00e9e 2018 sur Colombier-Saugnieu alliant sport et sant\u00e9 apr\u00e8s celui du mois de mars, que sont les parcours du c\u0153ur .<\/p>\n<p><strong>Colombier Saugnieu sera ville h\u00f4te pour l\u2019\u00e9tape du 27 mai, de la 4\u00b0 \u00e9dition des FITDAYS MGEN<\/strong>. Cette date co\u00efncide avec celle de la F\u00eate des M\u00e8res pour ainsi offrir aux mamans, la possibilit\u00e9 de vivre la f\u00eate des m\u00e8res 2018, autrement, car rien n\u2019est plus pr\u00e9cieux que le temps partag\u00e9 et la complicit\u00e9.<\/p>\n<p>Au programme de ce jour : Triathlon pour les enfants mais aussi relais pour les familles, petit.e.s et grand.e.s trouveront leur bonheur assur\u00e9ment.<\/p>\n<h4 class=\"intertitre\">PARKING Ecole JULES FERRY :<\/h4>\n<ul>\n<li>\u00a0<strong>13 h &#8211; 19 h : village ateliers des kids<\/strong>\u00a0ouvert \u00e0 tous les enfants de 5 \u00e0 12 ans gratuitement (pr\u00e9-inscription sur le net conseill\u00e9e). <strong>A<\/strong><strong class=\"mise_en_avant_2\">ttention cl\u00f4ture des inscriptions sur place 1 h 30 avant la fermeture des ateliers soit \u00e0 17 h 30 !\u00a0<\/strong><\/li>\n<li><strong>19h00 &#8211; 20h00 : Relais aquathlon des familles<\/strong>\u00a0ouvert gratuitement aux \u00e9quipes compos\u00e9es d&rsquo;un enfant n\u00e9 entre 2006 et 2012 et d&rsquo;un parent de ce dernier n\u00e9 en 2005 et avant (grand fr\u00e8re, m\u00e8re, p\u00e8re, oncle, grand-p\u00e8re&#8230;)<\/li>\n<\/ul>\n<p>&nbsp;<\/p>\n<p><strong>20h00 : Tirage au sort de 20 enfants<\/strong>\u00a0pour aller repr\u00e9senter leur ville en finale r\u00e9gionale le 30 juin au Puy-en-Velay et\u00a0<strong>remise du Challenge du Nombre du Relais Famille avec tirage au sort d&rsquo;un adulte parmi les participants pour \u00eatre nomin\u00e9 pour le grand tirage final de la Renault Twingo le 13 juillet.<\/strong><\/p>\n<p><strong>Parce qu\u2019il n\u2019y a pas de hasard, juste des rendez-vous, alors FIT FIT FIT, \u00e0 vos inscriptions sur :<\/strong> <a href=\"http:\/\/www.fitdays.fr\/colombiersaugnieu.php\" target=\"_blank\" rel=\"noopener noreferrer\">http:\/\/www.fitdays.fr\/colombiersaugnieu.php<\/a><\/p>\n<ul>\n<li>\n<h4>\u00a0Plus d\u2019infos sur : <a href=\"http:\/\/www.fitdays.fr\/concept.php\" target=\"_blank\" rel=\"noopener noreferrer\">http:\/\/www.fitdays.fr\/concept.php<\/a><\/h4>\n<\/li>\n<\/ul>\n<div id='gallery-1' class='gallery galleryid-49860 gallery-columns-3 gallery-size-thumbnail'><figure class='gallery-item'>\n\t\t\t<div class='gallery-icon landscape'>\n\t\t\t\t<a href='https:\/\/newsestlyonnais.fr\/site\/2018\/05\/26\/colombier-saugnieu-etape-des-fitdays-triathlon-ce-dimanche-on-peut-encore-sinscrire\/newsestlyonnais-fit-col-01\/'><img loading=\"lazy\" decoding=\"async\" width=\"150\" height=\"150\" src=\"https:\/\/newsestlyonnais.fr\/site\/wp-content\/uploads\/2018\/05\/NEWSESTLYONNAIS-FIT-COL-01-150x150.jpg\" class=\"attachment-thumbnail size-thumbnail\" alt=\"NEWSESTLYONNAIS FIT COL 01\" aria-describedby=\"gallery-1-49863\" \/><\/a>\n\t\t\t<\/div>\n\t\t\t\t<figcaption class='wp-caption-text gallery-caption' id='gallery-1-49863'>\n\t\t\t\tL&rsquo;\u00e9preuve pr\u00e9sent\u00e9e le 15 mars dernier en mairie\n\t\t\t\t<\/figcaption><\/figure><figure class='gallery-item'>\n\t\t\t<div class='gallery-icon landscape'>\n\t\t\t\t<a href='https:\/\/newsestlyonnais.fr\/site\/2018\/05\/26\/colombier-saugnieu-etape-des-fitdays-triathlon-ce-dimanche-on-peut-encore-sinscrire\/newsestlyonanis-elus-colombier\/'><img loading=\"lazy\" decoding=\"async\" width=\"150\" height=\"150\" src=\"https:\/\/newsestlyonnais.fr\/site\/wp-content\/uploads\/2018\/05\/NEWSESTLYONANIS-ELUS-COLOMBIER-150x150.jpg\" class=\"attachment-thumbnail size-thumbnail\" alt=\"NEWSESTLYONANIS ELUS COLOMBIER\" aria-describedby=\"gallery-1-49864\" \/><\/a>\n\t\t\t<\/div>\n\t\t\t\t<figcaption class='wp-caption-text gallery-caption' id='gallery-1-49864'>\n\t\t\t\tL&rsquo;\u00e9preuve pr\u00e9sent\u00e9e le 15 mars dernier en mairie\n\t\t\t\t<\/figcaption><\/figure>\n\t\t<\/div>\n\n","protected":false},"excerpt":{"rendered":"<p>A Colombier Saugnieu, le sport et la sant\u00e9 sont deux axes forts de la politique municipale. Sous l\u2019aspect \u00ab sant\u00e9 \u00bb, la commune a \u00e9t\u00e9 labellis\u00e9e \u00ab ma commune a du c\u0153ur \u00bb en 2017. La municipalit\u00e9, soucieuse de la sant\u00e9 de ses habitant.e.s a \u00e9galement cr\u00e9\u00e9 et livr\u00e9 fin 2016, une maison de sant\u00e9 [&hellip;]<\/p>\n","protected":false},"author":4,"featured_media":48958,"comment_status":"open","ping_status":"open","sticky":false,"template":"","format":"standard","meta":{"footnotes":""},"categories":[270,1280,2988,2990],"tags":[],"class_list":["post-49860","post","type-post","status-publish","format-standard","has-post-thumbnail","hentry","category-cte-de-communes-c-c-e-l","category-colombier-saugnieu","category-natation-triathlon","category-triathlon"],"yoast_head":"<!-- This site is optimized with the Yoast SEO plugin v27.2 - https:\/\/yoast.com\/product\/yoast-seo-wordpress\/ -->\n<title>COLOMBIER SAUGNIEU : Etape des FitDays Triathlon ce dimanche, on peut encore s&#039;inscrire !<\/title>\n<meta name=\"description\" content=\"COLOMBIER SAUGNIEU : Etape des FitDays Triathlon ce dimanche, on peut encore s&#039;inscrire !\" \/>\n<meta name=\"robots\" content=\"index, follow, max-snippet:-1, max-image-preview:large, max-video-preview:-1\" \/>\n<link rel=\"canonical\" href=\"https:\/\/newsestlyonnais.fr\/site\/2018\/05\/26\/colombier-saugnieu-etape-des-fitdays-triathlon-ce-dimanche-on-peut-encore-sinscrire\/\" \/>\n<meta property=\"og:locale\" content=\"fr_FR\" \/>\n<meta property=\"og:type\" content=\"article\" \/>\n<meta property=\"og:title\" content=\"COLOMBIER SAUGNIEU : Etape des FitDays Triathlon ce dimanche, on peut encore s&#039;inscrire !\" \/>\n<meta property=\"og:description\" content=\"COLOMBIER SAUGNIEU : Etape des FitDays Triathlon ce dimanche, on peut encore s&#039;inscrire !\" \/>\n<meta property=\"og:url\" content=\"https:\/\/newsestlyonnais.fr\/site\/2018\/05\/26\/colombier-saugnieu-etape-des-fitdays-triathlon-ce-dimanche-on-peut-encore-sinscrire\/\" \/>\n<meta property=\"og:site_name\" content=\"News Est Lyonnais\" \/>\n<meta property=\"article:author\" content=\"https:\/\/www.facebook.com\/pascal.oberson.1?fref=ts\" \/>\n<meta property=\"article:published_time\" content=\"2018-05-26T10:25:46+00:00\" \/>\n<meta property=\"article:modified_time\" content=\"2020-10-23T18:53:53+00:00\" \/>\n<meta property=\"og:image\" content=\"https:\/\/i2.wp.com\/newsestlyonnais.fr\/site\/wp-content\/uploads\/2018\/05\/NEWSESTLYONNAIS-FITDays-2018.jpg?fit=2112%2C2838&ssl=1\" \/>\n\t<meta property=\"og:image:width\" content=\"2112\" \/>\n\t<meta property=\"og:image:height\" content=\"2838\" \/>\n\t<meta property=\"og:image:type\" content=\"image\/jpeg\" \/>\n<meta name=\"author\" content=\"R\u00e9dac. NEWS\" \/>\n<meta name=\"twitter:card\" content=\"summary_large_image\" \/>\n<meta name=\"twitter:label1\" content=\"\u00c9crit par\" \/>\n\t<meta name=\"twitter:data1\" content=\"R\u00e9dac. NEWS\" \/>\n\t<meta name=\"twitter:label2\" content=\"Dur\u00e9e de lecture estim\u00e9e\" \/>\n\t<meta name=\"twitter:data2\" content=\"2 minutes\" \/>\n<script type=\"application\/ld+json\" class=\"yoast-schema-graph\">{\"@context\":\"https:\/\/schema.org\",\"@graph\":[{\"@type\":\"Article\",\"@id\":\"https:\/\/newsestlyonnais.fr\/site\/2018\/05\/26\/colombier-saugnieu-etape-des-fitdays-triathlon-ce-dimanche-on-peut-encore-sinscrire\/#article\",\"isPartOf\":{\"@id\":\"https:\/\/newsestlyonnais.fr\/site\/2018\/05\/26\/colombier-saugnieu-etape-des-fitdays-triathlon-ce-dimanche-on-peut-encore-sinscrire\/\"},\"author\":{\"name\":\"R\u00e9dac. NEWS\",\"@id\":\"https:\/\/newsestlyonnais.fr\/site\/#\/schema\/person\/3230d5615f390bb808365d673001e887\"},\"headline\":\"COLOMBIER-SAUGNIEU | Etape des FitDays Triathlon, on peut encore s&rsquo;inscrire\",\"datePublished\":\"2018-05-26T10:25:46+00:00\",\"dateModified\":\"2020-10-23T18:53:53+00:00\",\"mainEntityOfPage\":{\"@id\":\"https:\/\/newsestlyonnais.fr\/site\/2018\/05\/26\/colombier-saugnieu-etape-des-fitdays-triathlon-ce-dimanche-on-peut-encore-sinscrire\/\"},\"wordCount\":451,\"commentCount\":0,\"publisher\":{\"@id\":\"https:\/\/newsestlyonnais.fr\/site\/#organization\"},\"image\":{\"@id\":\"https:\/\/newsestlyonnais.fr\/site\/2018\/05\/26\/colombier-saugnieu-etape-des-fitdays-triathlon-ce-dimanche-on-peut-encore-sinscrire\/#primaryimage\"},\"thumbnailUrl\":\"https:\/\/newsestlyonnais.fr\/site\/wp-content\/uploads\/2018\/05\/NEWSESTLYONNAIS-FITDays-2018.jpg\",\"articleSection\":[\"CCEL | Communes\",\"Colombier-Saugnieu\",\"Natation | Triathlon\",\"Triathlon\"],\"inLanguage\":\"fr-FR\",\"potentialAction\":[{\"@type\":\"CommentAction\",\"name\":\"Comment\",\"target\":[\"https:\/\/newsestlyonnais.fr\/site\/2018\/05\/26\/colombier-saugnieu-etape-des-fitdays-triathlon-ce-dimanche-on-peut-encore-sinscrire\/#respond\"]}]},{\"@type\":\"WebPage\",\"@id\":\"https:\/\/newsestlyonnais.fr\/site\/2018\/05\/26\/colombier-saugnieu-etape-des-fitdays-triathlon-ce-dimanche-on-peut-encore-sinscrire\/\",\"url\":\"https:\/\/newsestlyonnais.fr\/site\/2018\/05\/26\/colombier-saugnieu-etape-des-fitdays-triathlon-ce-dimanche-on-peut-encore-sinscrire\/\",\"name\":\"COLOMBIER SAUGNIEU : Etape des FitDays Triathlon ce dimanche, on peut encore s'inscrire !\",\"isPartOf\":{\"@id\":\"https:\/\/newsestlyonnais.fr\/site\/#website\"},\"primaryImageOfPage\":{\"@id\":\"https:\/\/newsestlyonnais.fr\/site\/2018\/05\/26\/colombier-saugnieu-etape-des-fitdays-triathlon-ce-dimanche-on-peut-encore-sinscrire\/#primaryimage\"},\"image\":{\"@id\":\"https:\/\/newsestlyonnais.fr\/site\/2018\/05\/26\/colombier-saugnieu-etape-des-fitdays-triathlon-ce-dimanche-on-peut-encore-sinscrire\/#primaryimage\"},\"thumbnailUrl\":\"https:\/\/newsestlyonnais.fr\/site\/wp-content\/uploads\/2018\/05\/NEWSESTLYONNAIS-FITDays-2018.jpg\",\"datePublished\":\"2018-05-26T10:25:46+00:00\",\"dateModified\":\"2020-10-23T18:53:53+00:00\",\"description\":\"COLOMBIER SAUGNIEU : Etape des FitDays Triathlon ce dimanche, on peut encore s'inscrire !\",\"breadcrumb\":{\"@id\":\"https:\/\/newsestlyonnais.fr\/site\/2018\/05\/26\/colombier-saugnieu-etape-des-fitdays-triathlon-ce-dimanche-on-peut-encore-sinscrire\/#breadcrumb\"},\"inLanguage\":\"fr-FR\",\"potentialAction\":[{\"@type\":\"ReadAction\",\"target\":[\"https:\/\/newsestlyonnais.fr\/site\/2018\/05\/26\/colombier-saugnieu-etape-des-fitdays-triathlon-ce-dimanche-on-peut-encore-sinscrire\/\"]}]},{\"@type\":\"ImageObject\",\"inLanguage\":\"fr-FR\",\"@id\":\"https:\/\/newsestlyonnais.fr\/site\/2018\/05\/26\/colombier-saugnieu-etape-des-fitdays-triathlon-ce-dimanche-on-peut-encore-sinscrire\/#primaryimage\",\"url\":\"https:\/\/newsestlyonnais.fr\/site\/wp-content\/uploads\/2018\/05\/NEWSESTLYONNAIS-FITDays-2018.jpg\",\"contentUrl\":\"https:\/\/newsestlyonnais.fr\/site\/wp-content\/uploads\/2018\/05\/NEWSESTLYONNAIS-FITDays-2018.jpg\",\"width\":2112,\"height\":2838,\"caption\":\"NEWSESTLYONNAIS FITDays 2018\"},{\"@type\":\"BreadcrumbList\",\"@id\":\"https:\/\/newsestlyonnais.fr\/site\/2018\/05\/26\/colombier-saugnieu-etape-des-fitdays-triathlon-ce-dimanche-on-peut-encore-sinscrire\/#breadcrumb\",\"itemListElement\":[{\"@type\":\"ListItem\",\"position\":1,\"name\":\"Accueil\",\"item\":\"https:\/\/newsestlyonnais.fr\/site\/\"},{\"@type\":\"ListItem\",\"position\":2,\"name\":\"COLOMBIER-SAUGNIEU | Etape des FitDays Triathlon, on peut encore s&rsquo;inscrire\"}]},{\"@type\":\"WebSite\",\"@id\":\"https:\/\/newsestlyonnais.fr\/site\/#website\",\"url\":\"https:\/\/newsestlyonnais.fr\/site\/\",\"name\":\"News Est Lyonnais\",\"description\":\"L&#039;actualit\u00e9 au plus pr\u00e8s\",\"publisher\":{\"@id\":\"https:\/\/newsestlyonnais.fr\/site\/#organization\"},\"potentialAction\":[{\"@type\":\"SearchAction\",\"target\":{\"@type\":\"EntryPoint\",\"urlTemplate\":\"https:\/\/newsestlyonnais.fr\/site\/?s={search_term_string}\"},\"query-input\":{\"@type\":\"PropertyValueSpecification\",\"valueRequired\":true,\"valueName\":\"search_term_string\"}}],\"inLanguage\":\"fr-FR\"},{\"@type\":\"Organization\",\"@id\":\"https:\/\/newsestlyonnais.fr\/site\/#organization\",\"name\":\"News EST LYONNAIS\",\"url\":\"https:\/\/newsestlyonnais.fr\/site\/\",\"logo\":{\"@type\":\"ImageObject\",\"inLanguage\":\"fr-FR\",\"@id\":\"https:\/\/newsestlyonnais.fr\/site\/#\/schema\/logo\/image\/\",\"url\":\"\",\"contentUrl\":\"\",\"caption\":\"News EST LYONNAIS\"},\"image\":{\"@id\":\"https:\/\/newsestlyonnais.fr\/site\/#\/schema\/logo\/image\/\"}},{\"@type\":\"Person\",\"@id\":\"https:\/\/newsestlyonnais.fr\/site\/#\/schema\/person\/3230d5615f390bb808365d673001e887\",\"name\":\"R\u00e9dac. NEWS\",\"sameAs\":[\"http:\/\/www.newsestlyonnais.fr\",\"https:\/\/www.facebook.com\/pascal.oberson.1?fref=ts\",\"https:\/\/fr.linkedin.com\/in\/pascal-oberson-b17045113\"],\"url\":\"https:\/\/newsestlyonnais.fr\/site\/author\/nel\/\"}]}<\/script>\n<!-- \/ Yoast SEO plugin. -->","yoast_head_json":{"title":"COLOMBIER SAUGNIEU : Etape des FitDays Triathlon ce dimanche, on peut encore s'inscrire !","description":"COLOMBIER SAUGNIEU : Etape des FitDays Triathlon ce dimanche, on peut encore s'inscrire !","robots":{"index":"index","follow":"follow","max-snippet":"max-snippet:-1","max-image-preview":"max-image-preview:large","max-video-preview":"max-video-preview:-1"},"canonical":"https:\/\/newsestlyonnais.fr\/site\/2018\/05\/26\/colombier-saugnieu-etape-des-fitdays-triathlon-ce-dimanche-on-peut-encore-sinscrire\/","og_locale":"fr_FR","og_type":"article","og_title":"COLOMBIER SAUGNIEU : Etape des FitDays Triathlon ce dimanche, on peut encore s'inscrire !","og_description":"COLOMBIER SAUGNIEU : Etape des FitDays Triathlon ce dimanche, on peut encore s'inscrire !","og_url":"https:\/\/newsestlyonnais.fr\/site\/2018\/05\/26\/colombier-saugnieu-etape-des-fitdays-triathlon-ce-dimanche-on-peut-encore-sinscrire\/","og_site_name":"News Est Lyonnais","article_author":"https:\/\/www.facebook.com\/pascal.oberson.1?fref=ts","article_published_time":"2018-05-26T10:25:46+00:00","article_modified_time":"2020-10-23T18:53:53+00:00","og_image":[{"width":2112,"height":2838,"url":"https:\/\/i2.wp.com\/newsestlyonnais.fr\/site\/wp-content\/uploads\/2018\/05\/NEWSESTLYONNAIS-FITDays-2018.jpg?fit=2112%2C2838&ssl=1","type":"image\/jpeg"}],"author":"R\u00e9dac. NEWS","twitter_card":"summary_large_image","twitter_misc":{"\u00c9crit par":"R\u00e9dac. NEWS","Dur\u00e9e de lecture estim\u00e9e":"2 minutes"},"schema":{"@context":"https:\/\/schema.org","@graph":[{"@type":"Article","@id":"https:\/\/newsestlyonnais.fr\/site\/2018\/05\/26\/colombier-saugnieu-etape-des-fitdays-triathlon-ce-dimanche-on-peut-encore-sinscrire\/#article","isPartOf":{"@id":"https:\/\/newsestlyonnais.fr\/site\/2018\/05\/26\/colombier-saugnieu-etape-des-fitdays-triathlon-ce-dimanche-on-peut-encore-sinscrire\/"},"author":{"name":"R\u00e9dac. NEWS","@id":"https:\/\/newsestlyonnais.fr\/site\/#\/schema\/person\/3230d5615f390bb808365d673001e887"},"headline":"COLOMBIER-SAUGNIEU | Etape des FitDays Triathlon, on peut encore s&rsquo;inscrire","datePublished":"2018-05-26T10:25:46+00:00","dateModified":"2020-10-23T18:53:53+00:00","mainEntityOfPage":{"@id":"https:\/\/newsestlyonnais.fr\/site\/2018\/05\/26\/colombier-saugnieu-etape-des-fitdays-triathlon-ce-dimanche-on-peut-encore-sinscrire\/"},"wordCount":451,"commentCount":0,"publisher":{"@id":"https:\/\/newsestlyonnais.fr\/site\/#organization"},"image":{"@id":"https:\/\/newsestlyonnais.fr\/site\/2018\/05\/26\/colombier-saugnieu-etape-des-fitdays-triathlon-ce-dimanche-on-peut-encore-sinscrire\/#primaryimage"},"thumbnailUrl":"https:\/\/newsestlyonnais.fr\/site\/wp-content\/uploads\/2018\/05\/NEWSESTLYONNAIS-FITDays-2018.jpg","articleSection":["CCEL | Communes","Colombier-Saugnieu","Natation | Triathlon","Triathlon"],"inLanguage":"fr-FR","potentialAction":[{"@type":"CommentAction","name":"Comment","target":["https:\/\/newsestlyonnais.fr\/site\/2018\/05\/26\/colombier-saugnieu-etape-des-fitdays-triathlon-ce-dimanche-on-peut-encore-sinscrire\/#respond"]}]},{"@type":"WebPage","@id":"https:\/\/newsestlyonnais.fr\/site\/2018\/05\/26\/colombier-saugnieu-etape-des-fitdays-triathlon-ce-dimanche-on-peut-encore-sinscrire\/","url":"https:\/\/newsestlyonnais.fr\/site\/2018\/05\/26\/colombier-saugnieu-etape-des-fitdays-triathlon-ce-dimanche-on-peut-encore-sinscrire\/","name":"COLOMBIER SAUGNIEU : Etape des FitDays Triathlon ce dimanche, on peut encore s'inscrire !","isPartOf":{"@id":"https:\/\/newsestlyonnais.fr\/site\/#website"},"primaryImageOfPage":{"@id":"https:\/\/newsestlyonnais.fr\/site\/2018\/05\/26\/colombier-saugnieu-etape-des-fitdays-triathlon-ce-dimanche-on-peut-encore-sinscrire\/#primaryimage"},"image":{"@id":"https:\/\/newsestlyonnais.fr\/site\/2018\/05\/26\/colombier-saugnieu-etape-des-fitdays-triathlon-ce-dimanche-on-peut-encore-sinscrire\/#primaryimage"},"thumbnailUrl":"https:\/\/newsestlyonnais.fr\/site\/wp-content\/uploads\/2018\/05\/NEWSESTLYONNAIS-FITDays-2018.jpg","datePublished":"2018-05-26T10:25:46+00:00","dateModified":"2020-10-23T18:53:53+00:00","description":"COLOMBIER SAUGNIEU : Etape des FitDays Triathlon ce dimanche, on peut encore s'inscrire !","breadcrumb":{"@id":"https:\/\/newsestlyonnais.fr\/site\/2018\/05\/26\/colombier-saugnieu-etape-des-fitdays-triathlon-ce-dimanche-on-peut-encore-sinscrire\/#breadcrumb"},"inLanguage":"fr-FR","potentialAction":[{"@type":"ReadAction","target":["https:\/\/newsestlyonnais.fr\/site\/2018\/05\/26\/colombier-saugnieu-etape-des-fitdays-triathlon-ce-dimanche-on-peut-encore-sinscrire\/"]}]},{"@type":"ImageObject","inLanguage":"fr-FR","@id":"https:\/\/newsestlyonnais.fr\/site\/2018\/05\/26\/colombier-saugnieu-etape-des-fitdays-triathlon-ce-dimanche-on-peut-encore-sinscrire\/#primaryimage","url":"https:\/\/newsestlyonnais.fr\/site\/wp-content\/uploads\/2018\/05\/NEWSESTLYONNAIS-FITDays-2018.jpg","contentUrl":"https:\/\/newsestlyonnais.fr\/site\/wp-content\/uploads\/2018\/05\/NEWSESTLYONNAIS-FITDays-2018.jpg","width":2112,"height":2838,"caption":"NEWSESTLYONNAIS FITDays 2018"},{"@type":"BreadcrumbList","@id":"https:\/\/newsestlyonnais.fr\/site\/2018\/05\/26\/colombier-saugnieu-etape-des-fitdays-triathlon-ce-dimanche-on-peut-encore-sinscrire\/#breadcrumb","itemListElement":[{"@type":"ListItem","position":1,"name":"Accueil","item":"https:\/\/newsestlyonnais.fr\/site\/"},{"@type":"ListItem","position":2,"name":"COLOMBIER-SAUGNIEU | Etape des FitDays Triathlon, on peut encore s&rsquo;inscrire"}]},{"@type":"WebSite","@id":"https:\/\/newsestlyonnais.fr\/site\/#website","url":"https:\/\/newsestlyonnais.fr\/site\/","name":"News Est Lyonnais","description":"L&#039;actualit\u00e9 au plus pr\u00e8s","publisher":{"@id":"https:\/\/newsestlyonnais.fr\/site\/#organization"},"potentialAction":[{"@type":"SearchAction","target":{"@type":"EntryPoint","urlTemplate":"https:\/\/newsestlyonnais.fr\/site\/?s={search_term_string}"},"query-input":{"@type":"PropertyValueSpecification","valueRequired":true,"valueName":"search_term_string"}}],"inLanguage":"fr-FR"},{"@type":"Organization","@id":"https:\/\/newsestlyonnais.fr\/site\/#organization","name":"News EST LYONNAIS","url":"https:\/\/newsestlyonnais.fr\/site\/","logo":{"@type":"ImageObject","inLanguage":"fr-FR","@id":"https:\/\/newsestlyonnais.fr\/site\/#\/schema\/logo\/image\/","url":"","contentUrl":"","caption":"News EST LYONNAIS"},"image":{"@id":"https:\/\/newsestlyonnais.fr\/site\/#\/schema\/logo\/image\/"}},{"@type":"Person","@id":"https:\/\/newsestlyonnais.fr\/site\/#\/schema\/person\/3230d5615f390bb808365d673001e887","name":"R\u00e9dac. NEWS","sameAs":["http:\/\/www.newsestlyonnais.fr","https:\/\/www.facebook.com\/pascal.oberson.1?fref=ts","https:\/\/fr.linkedin.com\/in\/pascal-oberson-b17045113"],"url":"https:\/\/newsestlyonnais.fr\/site\/author\/nel\/"}]}},"_links":{"self":[{"href":"https:\/\/newsestlyonnais.fr\/site\/wp-json\/wp\/v2\/posts\/49860","targetHints":{"allow":["GET"]}}],"collection":[{"href":"https:\/\/newsestlyonnais.fr\/site\/wp-json\/wp\/v2\/posts"}],"about":[{"href":"https:\/\/newsestlyonnais.fr\/site\/wp-json\/wp\/v2\/types\/post"}],"author":[{"embeddable":true,"href":"https:\/\/newsestlyonnais.fr\/site\/wp-json\/wp\/v2\/users\/4"}],"replies":[{"embeddable":true,"href":"https:\/\/newsestlyonnais.fr\/site\/wp-json\/wp\/v2\/comments?post=49860"}],"version-history":[{"count":0,"href":"https:\/\/newsestlyonnais.fr\/site\/wp-json\/wp\/v2\/posts\/49860\/revisions"}],"wp:featuredmedia":[{"embeddable":true,"href":"https:\/\/newsestlyonnais.fr\/site\/wp-json\/wp\/v2\/media\/48958"}],"wp:attachment":[{"href":"https:\/\/newsestlyonnais.fr\/site\/wp-json\/wp\/v2\/media?parent=49860"}],"wp:term":[{"taxonomy":"category","embeddable":true,"href":"https:\/\/newsestlyonnais.fr\/site\/wp-json\/wp\/v2\/categories?post=49860"},{"taxonomy":"post_tag","embeddable":true,"href":"https:\/\/newsestlyonnais.fr\/site\/wp-json\/wp\/v2\/tags?post=49860"}],"curies":[{"name":"wp","href":"https:\/\/api.w.org\/{rel}","templated":true}]}}