{"id":50479,"date":"2018-06-05T06:32:24","date_gmt":"2018-06-05T05:32:24","guid":{"rendered":"http:\/\/newsestlyonnais.fr\/site\/?p=50479"},"modified":"2020-10-31T17:19:19","modified_gmt":"2020-10-31T16:19:19","slug":"venissieux-100-de-reussite-aux-passages-de-grades-du-sen-no-sen-karate","status":"publish","type":"post","link":"https:\/\/newsestlyonnais.fr\/site\/2018\/06\/05\/venissieux-100-de-reussite-aux-passages-de-grades-du-sen-no-sen-karate\/","title":{"rendered":"VENISSIEUX | 100 % de r\u00e9ussite aux passages de grades du Sen No Sen Karat\u00e9 !"},"content":{"rendered":"<div dir=\"ltr\">\n<div>\n<div dir=\"ltr\">\n<div class=\"gmail_extra\">\n<div class=\"gmail_quote\">\n<blockquote class=\"gmail_quote\" style=\"border-left: #ccc 1px solid;margin: 0px 0px 0px 0.8ex;padding-left: 1ex\">\n<div dir=\"ltr\">\n<h4>Lors de ce premier week-end de juin, le Sen No Sen Karat\u00e9 V\u00e9nissieux pr\u00e9sentait plusieurs adh\u00e9rents aux passages de grades de ceinture noire (2\u00b0, 3\u00b0 &amp; 5\u00b0 dan).<\/h4>\n<p>R\u00e9ussite totale constat\u00e9e avec 100 % d&rsquo;obtention au final ! Voici le d\u00e9tail par grad\u00e9 :<\/p>\n<ul>\n<li><strong>Vincent Perraud et Gr\u00e9gory Faure<\/strong> ont obtenu leur <span style=\"text-decoration: underline\">2\u00b0 dan<\/span>. Form\u00e9s au Sen No Sen dans leur jeunesse, ils avaient arr\u00eat\u00e9 en rentrant dans la vie active. Apr\u00e8s une reprise en 2012, ils avaient obtenu leur ceinture noire 1\u00b0 dan en 2014.<\/li>\n<li><strong>Thierry Durand et Hamadi Essid<\/strong> ont d\u00e9croch\u00e9 leur <span style=\"text-decoration: underline\">3\u00b0 dan<\/span>.<\/li>\n<li><strong>Pierre-Yves Barbin<\/strong> a obtenu son <span style=\"text-decoration: underline\">5\u00b0 dan<\/span>, en \u00e9tant major de sa promotion. Titulaire d&rsquo;un BEES 1, il est \u00e9galement entra\u00eeneur au sein du Sen No Sen.<\/li>\n<\/ul>\n<p><span style=\"text-decoration: underline\"><em><strong>PHOTO CI-DESSOUS\u00a0<\/strong><\/em><\/span> : Une partie des laur\u00e9ats entour\u00e9s de leurs entra\u00eeneurs. De gauche \u00e0 droite, Vincent Perraud, Djamel Bezriche, Pierre-Yves Barbin, Gr\u00e9gory Faure et St\u00e9phane Gothuey.<\/p>\n<ul>\n<li>\n<h4>Retrouvez l&rsquo;ACTU du club sur : <a href=\"http:\/\/sennosen.e-monsite.com\" target=\"_blank\" rel=\"noopener noreferrer\">http:\/\/sennosen.e-monsite.com<\/a><\/h4>\n<\/li>\n<\/ul>\n<p><img loading=\"lazy\" decoding=\"async\" class=\"size-medium wp-image-50486 aligncenter\" src=\"https:\/\/newsestlyonnais.fr\/site\/medias\/2018\/06\/NEWSESTLYONNAIS-GRADES-CN-JUIN2018-395x300.jpg\" alt=\"NEWSESTLYONNAIS GRADES CN-JUIN2018\" width=\"395\" height=\"300\" srcset=\"https:\/\/newsestlyonnais.fr\/site\/wp-content\/uploads\/2018\/06\/NEWSESTLYONNAIS-GRADES-CN-JUIN2018-395x300.jpg 395w, https:\/\/newsestlyonnais.fr\/site\/wp-content\/uploads\/2018\/06\/NEWSESTLYONNAIS-GRADES-CN-JUIN2018-768x583.jpg 768w, https:\/\/newsestlyonnais.fr\/site\/wp-content\/uploads\/2018\/06\/NEWSESTLYONNAIS-GRADES-CN-JUIN2018-988x750.jpg 988w, https:\/\/newsestlyonnais.fr\/site\/wp-content\/uploads\/2018\/06\/NEWSESTLYONNAIS-GRADES-CN-JUIN2018-600x456.jpg 600w, https:\/\/newsestlyonnais.fr\/site\/wp-content\/uploads\/2018\/06\/NEWSESTLYONNAIS-GRADES-CN-JUIN2018-100x75.jpg 100w\" sizes=\"auto, (max-width: 395px) 100vw, 395px\" \/><\/p>\n<\/div>\n<\/blockquote>\n<\/div>\n<\/div>\n<\/div>\n<\/div>\n<\/div>\n","protected":false},"excerpt":{"rendered":"<p>Lors de ce premier week-end de juin, le Sen No Sen Karat\u00e9 V\u00e9nissieux pr\u00e9sentait plusieurs adh\u00e9rents aux passages de grades de ceinture noire (2\u00b0, 3\u00b0 &amp; 5\u00b0 dan). R\u00e9ussite totale constat\u00e9e avec 100 % d&rsquo;obtention au final ! Voici le d\u00e9tail par grad\u00e9 : Vincent Perraud et Gr\u00e9gory Faure ont obtenu leur 2\u00b0 dan. Form\u00e9s [&hellip;]<\/p>\n","protected":false},"author":4,"featured_media":19188,"comment_status":"open","ping_status":"open","sticky":false,"template":"","format":"standard","meta":{"footnotes":""},"categories":[2994,1353,1298],"tags":[],"class_list":["post-50479","post","type-post","status-publish","format-standard","has-post-thumbnail","hentry","category-judo-karate-taekwondo-sports","category-karate","category-venissieux"],"yoast_head":"<!-- This site is optimized with the Yoast SEO plugin v27.2 - https:\/\/yoast.com\/product\/yoast-seo-wordpress\/ -->\n<title>VENISSIEUX : 100 % de r\u00e9ussite aux passages de grades du Sen No Sen Karat\u00e9 !<\/title>\n<meta name=\"description\" content=\"VENISSIEUX : 100 % de r\u00e9ussite aux passages de grades du Sen No Sen Karat\u00e9 !\" \/>\n<meta name=\"robots\" content=\"index, follow, max-snippet:-1, max-image-preview:large, max-video-preview:-1\" \/>\n<link rel=\"canonical\" href=\"https:\/\/newsestlyonnais.fr\/site\/2018\/06\/05\/venissieux-100-de-reussite-aux-passages-de-grades-du-sen-no-sen-karate\/\" \/>\n<meta property=\"og:locale\" content=\"fr_FR\" \/>\n<meta property=\"og:type\" content=\"article\" \/>\n<meta property=\"og:title\" content=\"VENISSIEUX : 100 % de r\u00e9ussite aux passages de grades du Sen No Sen Karat\u00e9 !\" \/>\n<meta property=\"og:description\" content=\"VENISSIEUX : 100 % de r\u00e9ussite aux passages de grades du Sen No Sen Karat\u00e9 !\" \/>\n<meta property=\"og:url\" content=\"https:\/\/newsestlyonnais.fr\/site\/2018\/06\/05\/venissieux-100-de-reussite-aux-passages-de-grades-du-sen-no-sen-karate\/\" \/>\n<meta property=\"og:site_name\" content=\"News Est Lyonnais\" \/>\n<meta property=\"article:author\" content=\"https:\/\/www.facebook.com\/pascal.oberson.1?fref=ts\" \/>\n<meta property=\"article:published_time\" content=\"2018-06-05T05:32:24+00:00\" \/>\n<meta property=\"article:modified_time\" content=\"2020-10-31T16:19:19+00:00\" \/>\n<meta property=\"og:image\" content=\"https:\/\/i2.wp.com\/newsestlyonnais.fr\/site\/wp-content\/uploads\/2017\/01\/NEWSESTLYONNAIS-LOGO-SEN-NO-SEN-KSnesennosen-karate-club-3.jpg?fit=250%2C150&ssl=1\" \/>\n\t<meta property=\"og:image:width\" content=\"250\" \/>\n\t<meta property=\"og:image:height\" content=\"150\" \/>\n\t<meta property=\"og:image:type\" content=\"image\/jpeg\" \/>\n<meta name=\"author\" content=\"R\u00e9dac. NEWS\" \/>\n<meta name=\"twitter:card\" content=\"summary_large_image\" \/>\n<meta name=\"twitter:label1\" content=\"\u00c9crit par\" \/>\n\t<meta name=\"twitter:data1\" content=\"R\u00e9dac. NEWS\" \/>\n\t<meta name=\"twitter:label2\" content=\"Dur\u00e9e de lecture estim\u00e9e\" \/>\n\t<meta name=\"twitter:data2\" content=\"1 minute\" \/>\n<script type=\"application\/ld+json\" class=\"yoast-schema-graph\">{\"@context\":\"https:\/\/schema.org\",\"@graph\":[{\"@type\":\"Article\",\"@id\":\"https:\/\/newsestlyonnais.fr\/site\/2018\/06\/05\/venissieux-100-de-reussite-aux-passages-de-grades-du-sen-no-sen-karate\/#article\",\"isPartOf\":{\"@id\":\"https:\/\/newsestlyonnais.fr\/site\/2018\/06\/05\/venissieux-100-de-reussite-aux-passages-de-grades-du-sen-no-sen-karate\/\"},\"author\":{\"name\":\"R\u00e9dac. NEWS\",\"@id\":\"https:\/\/newsestlyonnais.fr\/site\/#\/schema\/person\/3230d5615f390bb808365d673001e887\"},\"headline\":\"VENISSIEUX | 100 % de r\u00e9ussite aux passages de grades du Sen No Sen Karat\u00e9 !\",\"datePublished\":\"2018-06-05T05:32:24+00:00\",\"dateModified\":\"2020-10-31T16:19:19+00:00\",\"mainEntityOfPage\":{\"@id\":\"https:\/\/newsestlyonnais.fr\/site\/2018\/06\/05\/venissieux-100-de-reussite-aux-passages-de-grades-du-sen-no-sen-karate\/\"},\"wordCount\":175,\"commentCount\":0,\"publisher\":{\"@id\":\"https:\/\/newsestlyonnais.fr\/site\/#organization\"},\"image\":{\"@id\":\"https:\/\/newsestlyonnais.fr\/site\/2018\/06\/05\/venissieux-100-de-reussite-aux-passages-de-grades-du-sen-no-sen-karate\/#primaryimage\"},\"thumbnailUrl\":\"https:\/\/newsestlyonnais.fr\/site\/wp-content\/uploads\/2017\/01\/NEWSESTLYONNAIS-LOGO-SEN-NO-SEN-KSnesennosen-karate-club-3.jpg\",\"articleSection\":[\"Judo| Karat\u00e9| Taekwondo\",\"Karat\u00e9\",\"V\u00e9nissieux\"],\"inLanguage\":\"fr-FR\",\"potentialAction\":[{\"@type\":\"CommentAction\",\"name\":\"Comment\",\"target\":[\"https:\/\/newsestlyonnais.fr\/site\/2018\/06\/05\/venissieux-100-de-reussite-aux-passages-de-grades-du-sen-no-sen-karate\/#respond\"]}]},{\"@type\":\"WebPage\",\"@id\":\"https:\/\/newsestlyonnais.fr\/site\/2018\/06\/05\/venissieux-100-de-reussite-aux-passages-de-grades-du-sen-no-sen-karate\/\",\"url\":\"https:\/\/newsestlyonnais.fr\/site\/2018\/06\/05\/venissieux-100-de-reussite-aux-passages-de-grades-du-sen-no-sen-karate\/\",\"name\":\"VENISSIEUX : 100 % de r\u00e9ussite aux passages de grades du Sen No Sen Karat\u00e9 !\",\"isPartOf\":{\"@id\":\"https:\/\/newsestlyonnais.fr\/site\/#website\"},\"primaryImageOfPage\":{\"@id\":\"https:\/\/newsestlyonnais.fr\/site\/2018\/06\/05\/venissieux-100-de-reussite-aux-passages-de-grades-du-sen-no-sen-karate\/#primaryimage\"},\"image\":{\"@id\":\"https:\/\/newsestlyonnais.fr\/site\/2018\/06\/05\/venissieux-100-de-reussite-aux-passages-de-grades-du-sen-no-sen-karate\/#primaryimage\"},\"thumbnailUrl\":\"https:\/\/newsestlyonnais.fr\/site\/wp-content\/uploads\/2017\/01\/NEWSESTLYONNAIS-LOGO-SEN-NO-SEN-KSnesennosen-karate-club-3.jpg\",\"datePublished\":\"2018-06-05T05:32:24+00:00\",\"dateModified\":\"2020-10-31T16:19:19+00:00\",\"description\":\"VENISSIEUX : 100 % de r\u00e9ussite aux passages de grades du Sen No Sen Karat\u00e9 !\",\"breadcrumb\":{\"@id\":\"https:\/\/newsestlyonnais.fr\/site\/2018\/06\/05\/venissieux-100-de-reussite-aux-passages-de-grades-du-sen-no-sen-karate\/#breadcrumb\"},\"inLanguage\":\"fr-FR\",\"potentialAction\":[{\"@type\":\"ReadAction\",\"target\":[\"https:\/\/newsestlyonnais.fr\/site\/2018\/06\/05\/venissieux-100-de-reussite-aux-passages-de-grades-du-sen-no-sen-karate\/\"]}]},{\"@type\":\"ImageObject\",\"inLanguage\":\"fr-FR\",\"@id\":\"https:\/\/newsestlyonnais.fr\/site\/2018\/06\/05\/venissieux-100-de-reussite-aux-passages-de-grades-du-sen-no-sen-karate\/#primaryimage\",\"url\":\"https:\/\/newsestlyonnais.fr\/site\/wp-content\/uploads\/2017\/01\/NEWSESTLYONNAIS-LOGO-SEN-NO-SEN-KSnesennosen-karate-club-3.jpg\",\"contentUrl\":\"https:\/\/newsestlyonnais.fr\/site\/wp-content\/uploads\/2017\/01\/NEWSESTLYONNAIS-LOGO-SEN-NO-SEN-KSnesennosen-karate-club-3.jpg\",\"width\":250,\"height\":150,\"caption\":\"NEWSESTLYONNAIS - LOGO SEN NO SEN KSnesennosen-karate-club-3\"},{\"@type\":\"BreadcrumbList\",\"@id\":\"https:\/\/newsestlyonnais.fr\/site\/2018\/06\/05\/venissieux-100-de-reussite-aux-passages-de-grades-du-sen-no-sen-karate\/#breadcrumb\",\"itemListElement\":[{\"@type\":\"ListItem\",\"position\":1,\"name\":\"Accueil\",\"item\":\"https:\/\/newsestlyonnais.fr\/site\/\"},{\"@type\":\"ListItem\",\"position\":2,\"name\":\"VENISSIEUX | 100 % de r\u00e9ussite aux passages de grades du Sen No Sen Karat\u00e9 !\"}]},{\"@type\":\"WebSite\",\"@id\":\"https:\/\/newsestlyonnais.fr\/site\/#website\",\"url\":\"https:\/\/newsestlyonnais.fr\/site\/\",\"name\":\"News Est Lyonnais\",\"description\":\"L&#039;actualit\u00e9 au plus pr\u00e8s\",\"publisher\":{\"@id\":\"https:\/\/newsestlyonnais.fr\/site\/#organization\"},\"potentialAction\":[{\"@type\":\"SearchAction\",\"target\":{\"@type\":\"EntryPoint\",\"urlTemplate\":\"https:\/\/newsestlyonnais.fr\/site\/?s={search_term_string}\"},\"query-input\":{\"@type\":\"PropertyValueSpecification\",\"valueRequired\":true,\"valueName\":\"search_term_string\"}}],\"inLanguage\":\"fr-FR\"},{\"@type\":\"Organization\",\"@id\":\"https:\/\/newsestlyonnais.fr\/site\/#organization\",\"name\":\"News EST LYONNAIS\",\"url\":\"https:\/\/newsestlyonnais.fr\/site\/\",\"logo\":{\"@type\":\"ImageObject\",\"inLanguage\":\"fr-FR\",\"@id\":\"https:\/\/newsestlyonnais.fr\/site\/#\/schema\/logo\/image\/\",\"url\":\"\",\"contentUrl\":\"\",\"caption\":\"News EST LYONNAIS\"},\"image\":{\"@id\":\"https:\/\/newsestlyonnais.fr\/site\/#\/schema\/logo\/image\/\"}},{\"@type\":\"Person\",\"@id\":\"https:\/\/newsestlyonnais.fr\/site\/#\/schema\/person\/3230d5615f390bb808365d673001e887\",\"name\":\"R\u00e9dac. NEWS\",\"sameAs\":[\"http:\/\/www.newsestlyonnais.fr\",\"https:\/\/www.facebook.com\/pascal.oberson.1?fref=ts\",\"https:\/\/fr.linkedin.com\/in\/pascal-oberson-b17045113\"],\"url\":\"https:\/\/newsestlyonnais.fr\/site\/author\/nel\/\"}]}<\/script>\n<!-- \/ Yoast SEO plugin. -->","yoast_head_json":{"title":"VENISSIEUX : 100 % de r\u00e9ussite aux passages de grades du Sen No Sen Karat\u00e9 !","description":"VENISSIEUX : 100 % de r\u00e9ussite aux passages de grades du Sen No Sen Karat\u00e9 !","robots":{"index":"index","follow":"follow","max-snippet":"max-snippet:-1","max-image-preview":"max-image-preview:large","max-video-preview":"max-video-preview:-1"},"canonical":"https:\/\/newsestlyonnais.fr\/site\/2018\/06\/05\/venissieux-100-de-reussite-aux-passages-de-grades-du-sen-no-sen-karate\/","og_locale":"fr_FR","og_type":"article","og_title":"VENISSIEUX : 100 % de r\u00e9ussite aux passages de grades du Sen No Sen Karat\u00e9 !","og_description":"VENISSIEUX : 100 % de r\u00e9ussite aux passages de grades du Sen No Sen Karat\u00e9 !","og_url":"https:\/\/newsestlyonnais.fr\/site\/2018\/06\/05\/venissieux-100-de-reussite-aux-passages-de-grades-du-sen-no-sen-karate\/","og_site_name":"News Est Lyonnais","article_author":"https:\/\/www.facebook.com\/pascal.oberson.1?fref=ts","article_published_time":"2018-06-05T05:32:24+00:00","article_modified_time":"2020-10-31T16:19:19+00:00","og_image":[{"width":250,"height":150,"url":"https:\/\/i2.wp.com\/newsestlyonnais.fr\/site\/wp-content\/uploads\/2017\/01\/NEWSESTLYONNAIS-LOGO-SEN-NO-SEN-KSnesennosen-karate-club-3.jpg?fit=250%2C150&ssl=1","type":"image\/jpeg"}],"author":"R\u00e9dac. NEWS","twitter_card":"summary_large_image","twitter_misc":{"\u00c9crit par":"R\u00e9dac. NEWS","Dur\u00e9e de lecture estim\u00e9e":"1 minute"},"schema":{"@context":"https:\/\/schema.org","@graph":[{"@type":"Article","@id":"https:\/\/newsestlyonnais.fr\/site\/2018\/06\/05\/venissieux-100-de-reussite-aux-passages-de-grades-du-sen-no-sen-karate\/#article","isPartOf":{"@id":"https:\/\/newsestlyonnais.fr\/site\/2018\/06\/05\/venissieux-100-de-reussite-aux-passages-de-grades-du-sen-no-sen-karate\/"},"author":{"name":"R\u00e9dac. NEWS","@id":"https:\/\/newsestlyonnais.fr\/site\/#\/schema\/person\/3230d5615f390bb808365d673001e887"},"headline":"VENISSIEUX | 100 % de r\u00e9ussite aux passages de grades du Sen No Sen Karat\u00e9 !","datePublished":"2018-06-05T05:32:24+00:00","dateModified":"2020-10-31T16:19:19+00:00","mainEntityOfPage":{"@id":"https:\/\/newsestlyonnais.fr\/site\/2018\/06\/05\/venissieux-100-de-reussite-aux-passages-de-grades-du-sen-no-sen-karate\/"},"wordCount":175,"commentCount":0,"publisher":{"@id":"https:\/\/newsestlyonnais.fr\/site\/#organization"},"image":{"@id":"https:\/\/newsestlyonnais.fr\/site\/2018\/06\/05\/venissieux-100-de-reussite-aux-passages-de-grades-du-sen-no-sen-karate\/#primaryimage"},"thumbnailUrl":"https:\/\/newsestlyonnais.fr\/site\/wp-content\/uploads\/2017\/01\/NEWSESTLYONNAIS-LOGO-SEN-NO-SEN-KSnesennosen-karate-club-3.jpg","articleSection":["Judo| Karat\u00e9| Taekwondo","Karat\u00e9","V\u00e9nissieux"],"inLanguage":"fr-FR","potentialAction":[{"@type":"CommentAction","name":"Comment","target":["https:\/\/newsestlyonnais.fr\/site\/2018\/06\/05\/venissieux-100-de-reussite-aux-passages-de-grades-du-sen-no-sen-karate\/#respond"]}]},{"@type":"WebPage","@id":"https:\/\/newsestlyonnais.fr\/site\/2018\/06\/05\/venissieux-100-de-reussite-aux-passages-de-grades-du-sen-no-sen-karate\/","url":"https:\/\/newsestlyonnais.fr\/site\/2018\/06\/05\/venissieux-100-de-reussite-aux-passages-de-grades-du-sen-no-sen-karate\/","name":"VENISSIEUX : 100 % de r\u00e9ussite aux passages de grades du Sen No Sen Karat\u00e9 !","isPartOf":{"@id":"https:\/\/newsestlyonnais.fr\/site\/#website"},"primaryImageOfPage":{"@id":"https:\/\/newsestlyonnais.fr\/site\/2018\/06\/05\/venissieux-100-de-reussite-aux-passages-de-grades-du-sen-no-sen-karate\/#primaryimage"},"image":{"@id":"https:\/\/newsestlyonnais.fr\/site\/2018\/06\/05\/venissieux-100-de-reussite-aux-passages-de-grades-du-sen-no-sen-karate\/#primaryimage"},"thumbnailUrl":"https:\/\/newsestlyonnais.fr\/site\/wp-content\/uploads\/2017\/01\/NEWSESTLYONNAIS-LOGO-SEN-NO-SEN-KSnesennosen-karate-club-3.jpg","datePublished":"2018-06-05T05:32:24+00:00","dateModified":"2020-10-31T16:19:19+00:00","description":"VENISSIEUX : 100 % de r\u00e9ussite aux passages de grades du Sen No Sen Karat\u00e9 !","breadcrumb":{"@id":"https:\/\/newsestlyonnais.fr\/site\/2018\/06\/05\/venissieux-100-de-reussite-aux-passages-de-grades-du-sen-no-sen-karate\/#breadcrumb"},"inLanguage":"fr-FR","potentialAction":[{"@type":"ReadAction","target":["https:\/\/newsestlyonnais.fr\/site\/2018\/06\/05\/venissieux-100-de-reussite-aux-passages-de-grades-du-sen-no-sen-karate\/"]}]},{"@type":"ImageObject","inLanguage":"fr-FR","@id":"https:\/\/newsestlyonnais.fr\/site\/2018\/06\/05\/venissieux-100-de-reussite-aux-passages-de-grades-du-sen-no-sen-karate\/#primaryimage","url":"https:\/\/newsestlyonnais.fr\/site\/wp-content\/uploads\/2017\/01\/NEWSESTLYONNAIS-LOGO-SEN-NO-SEN-KSnesennosen-karate-club-3.jpg","contentUrl":"https:\/\/newsestlyonnais.fr\/site\/wp-content\/uploads\/2017\/01\/NEWSESTLYONNAIS-LOGO-SEN-NO-SEN-KSnesennosen-karate-club-3.jpg","width":250,"height":150,"caption":"NEWSESTLYONNAIS - LOGO SEN NO SEN KSnesennosen-karate-club-3"},{"@type":"BreadcrumbList","@id":"https:\/\/newsestlyonnais.fr\/site\/2018\/06\/05\/venissieux-100-de-reussite-aux-passages-de-grades-du-sen-no-sen-karate\/#breadcrumb","itemListElement":[{"@type":"ListItem","position":1,"name":"Accueil","item":"https:\/\/newsestlyonnais.fr\/site\/"},{"@type":"ListItem","position":2,"name":"VENISSIEUX | 100 % de r\u00e9ussite aux passages de grades du Sen No Sen Karat\u00e9 !"}]},{"@type":"WebSite","@id":"https:\/\/newsestlyonnais.fr\/site\/#website","url":"https:\/\/newsestlyonnais.fr\/site\/","name":"News Est Lyonnais","description":"L&#039;actualit\u00e9 au plus pr\u00e8s","publisher":{"@id":"https:\/\/newsestlyonnais.fr\/site\/#organization"},"potentialAction":[{"@type":"SearchAction","target":{"@type":"EntryPoint","urlTemplate":"https:\/\/newsestlyonnais.fr\/site\/?s={search_term_string}"},"query-input":{"@type":"PropertyValueSpecification","valueRequired":true,"valueName":"search_term_string"}}],"inLanguage":"fr-FR"},{"@type":"Organization","@id":"https:\/\/newsestlyonnais.fr\/site\/#organization","name":"News EST LYONNAIS","url":"https:\/\/newsestlyonnais.fr\/site\/","logo":{"@type":"ImageObject","inLanguage":"fr-FR","@id":"https:\/\/newsestlyonnais.fr\/site\/#\/schema\/logo\/image\/","url":"","contentUrl":"","caption":"News EST LYONNAIS"},"image":{"@id":"https:\/\/newsestlyonnais.fr\/site\/#\/schema\/logo\/image\/"}},{"@type":"Person","@id":"https:\/\/newsestlyonnais.fr\/site\/#\/schema\/person\/3230d5615f390bb808365d673001e887","name":"R\u00e9dac. NEWS","sameAs":["http:\/\/www.newsestlyonnais.fr","https:\/\/www.facebook.com\/pascal.oberson.1?fref=ts","https:\/\/fr.linkedin.com\/in\/pascal-oberson-b17045113"],"url":"https:\/\/newsestlyonnais.fr\/site\/author\/nel\/"}]}},"_links":{"self":[{"href":"https:\/\/newsestlyonnais.fr\/site\/wp-json\/wp\/v2\/posts\/50479","targetHints":{"allow":["GET"]}}],"collection":[{"href":"https:\/\/newsestlyonnais.fr\/site\/wp-json\/wp\/v2\/posts"}],"about":[{"href":"https:\/\/newsestlyonnais.fr\/site\/wp-json\/wp\/v2\/types\/post"}],"author":[{"embeddable":true,"href":"https:\/\/newsestlyonnais.fr\/site\/wp-json\/wp\/v2\/users\/4"}],"replies":[{"embeddable":true,"href":"https:\/\/newsestlyonnais.fr\/site\/wp-json\/wp\/v2\/comments?post=50479"}],"version-history":[{"count":0,"href":"https:\/\/newsestlyonnais.fr\/site\/wp-json\/wp\/v2\/posts\/50479\/revisions"}],"wp:featuredmedia":[{"embeddable":true,"href":"https:\/\/newsestlyonnais.fr\/site\/wp-json\/wp\/v2\/media\/19188"}],"wp:attachment":[{"href":"https:\/\/newsestlyonnais.fr\/site\/wp-json\/wp\/v2\/media?parent=50479"}],"wp:term":[{"taxonomy":"category","embeddable":true,"href":"https:\/\/newsestlyonnais.fr\/site\/wp-json\/wp\/v2\/categories?post=50479"},{"taxonomy":"post_tag","embeddable":true,"href":"https:\/\/newsestlyonnais.fr\/site\/wp-json\/wp\/v2\/tags?post=50479"}],"curies":[{"name":"wp","href":"https:\/\/api.w.org\/{rel}","templated":true}]}}