{"id":50503,"date":"2018-06-05T13:05:24","date_gmt":"2018-06-05T12:05:24","guid":{"rendered":"http:\/\/newsestlyonnais.fr\/site\/?p=50503"},"modified":"2020-11-11T14:24:11","modified_gmt":"2020-11-11T13:24:11","slug":"decines-lagenda-des-manifestations-de-juin","status":"publish","type":"post","link":"https:\/\/newsestlyonnais.fr\/site\/2018\/06\/05\/decines-lagenda-des-manifestations-de-juin\/","title":{"rendered":"DECINES | L\u2019agenda des manifestations de Juin"},"content":{"rendered":"<h4>Nombreux sont les \u00e9v\u00e8nements et manifestations qui se d\u00e9rouleront durant cette p\u00e9riode, sur la commune, \u00e0 savoir :<\/h4>\n<ul>\n<li><strong>Jeudi 7 juin \u00e0 19 h<\/strong> : Lancement de la saison du Toboggan. (Parvis de l&rsquo;H\u00f4tel de ville).<\/li>\n<li><strong>Samedi 9 juin \u00e0 10 h<\/strong> : Signature du Jumelage avec ARCOS DE VALDEVEZ. (Parvis de l&rsquo;H\u00f4tel de ville)<\/li>\n<li><strong>Samedi 9 juin \u00e0 19 h : <\/strong>Meeting d&rsquo;athl\u00e9tisme du M.N.E.L. (Parc Troussier).<\/li>\n<li><strong>Dimanche 10 juin de 8 h \u00e0 19 h<\/strong> : Braderie de l&rsquo;UCAD (ZAC de la Fraternit\u00e9)<\/li>\n<li><strong>Mardi 12 juin de 16 h 30 \u00e0 19 h<\/strong> : Collecte de fournitures scolaires (Salle des F\u00eates).<\/li>\n<li><strong>Mercredi 13 juin : \u00e0 18 h<\/strong> : F\u00eate de l&rsquo; \u00c9t\u00e9 (R\u00e9sidence Edouard Flandrin).<\/li>\n<li><strong>Jeudi 14 juin de 15 h \u00e0 19 h<\/strong> : Collecte de fournitures scolaires (Salle des F\u00eates).<\/li>\n<li><strong>Vendredi 15 juin de 16 h \u00e0 18 h 30<\/strong> : Collecte de fournitures scolaires (Salle des F\u00eates).<\/li>\n<li><strong>Lundi 18 juin de 18 h \u00e0 21 h<\/strong> : F\u00eate de la Musique (Parc Sauthier) &amp; <strong>\u00e0 18 h 30<\/strong> : Comm\u00e9moration de l&rsquo;Appel du 18 Juin. (Place H.Barbusse).<\/li>\n<li><strong>Mardi 19 juin \u00e0 20 h<\/strong> : F\u00eate de la Musique\u00a0(Parvis de l&rsquo;H\u00f4tel de ville).<\/li>\n<li><strong>Jeudi 21 juin : \u00e0 partir de 18 h 30<\/strong> : F\u00eate de la Musique\u00a0(Parvis de l&rsquo;H\u00f4tel de ville).<\/li>\n<li><strong>Jeudi 21 juin au samedi 21 juillet<\/strong> : Tournoi Open de D\u00e9cines (Parc Troussier).<\/li>\n<li><strong>Samedi 23 juin : \u00e0 11 h<\/strong> : Inauguration de la place Edel (Base d&rsquo;Aviron).<\/li>\n<li><strong>Mercredi 27 juin \u00e0 18 h 30<\/strong> : S\u00e9ance de cl\u00f4ture Conseil Municipal Enfants (Salle Gabriel Bruyat).<\/li>\n<\/ul>\n<h4>Retrouvez l&rsquo;ACTU de la commune sur : <a href=\"http:\/\/www.decines.fr\" target=\"_blank\" rel=\"noopener noreferrer\">http:\/\/www.decines.fr<\/a><\/h4>\n<div id='gallery-1' class='gallery galleryid-50503 gallery-columns-3 gallery-size-thumbnail'><figure class='gallery-item'>\n\t\t\t<div class='gallery-icon portrait'>\n\t\t\t\t<a href='https:\/\/newsestlyonnais.fr\/site\/newsestlyonnais-mnel-2018\/'><img loading=\"lazy\" decoding=\"async\" width=\"150\" height=\"150\" src=\"https:\/\/newsestlyonnais.fr\/site\/wp-content\/uploads\/2018\/05\/NEWSESTLYONNAIS-MNEL-2018-150x150.png\" class=\"attachment-thumbnail size-thumbnail\" alt=\"NEWSESTLYONNAIS - MNEL 2018\" aria-describedby=\"gallery-1-48784\" \/><\/a>\n\t\t\t<\/div>\n\t\t\t\t<figcaption class='wp-caption-text gallery-caption' id='gallery-1-48784'>\n\t\t\t\t     L&rsquo;affiche du MNEL \n\t\t\t\t<\/figcaption><\/figure><figure class='gallery-item'>\n\t\t\t<div class='gallery-icon landscape'>\n\t\t\t\t<a href='https:\/\/newsestlyonnais.fr\/site\/newsestlyonnais-jumelage-decines\/'><img loading=\"lazy\" decoding=\"async\" width=\"150\" height=\"150\" src=\"https:\/\/newsestlyonnais.fr\/site\/wp-content\/uploads\/2018\/06\/NEWSESTLYONNAIS-JUMELAGE-DECINES-150x150.jpg\" class=\"attachment-thumbnail size-thumbnail\" alt=\"NEWSESTLYONNAIS JUMELAGE DECINES\" \/><\/a>\n\t\t\t<\/div><\/figure><figure class='gallery-item'>\n\t\t\t<div class='gallery-icon portrait'>\n\t\t\t\t<a href='https:\/\/newsestlyonnais.fr\/site\/2018\/06\/05\/decines-lagenda-des-manifestations-de-juin\/newsestlyonnais-ucad-braderie-1\/'><img loading=\"lazy\" decoding=\"async\" width=\"150\" height=\"150\" src=\"https:\/\/newsestlyonnais.fr\/site\/wp-content\/uploads\/2018\/06\/NEWSESTLYONNAIS-UCAD-BRADERIE-1-150x150.jpg\" class=\"attachment-thumbnail size-thumbnail\" alt=\"NEWSESTLYONNAIS UCAD BRADERIE (1)\" \/><\/a>\n\t\t\t<\/div><\/figure><figure class='gallery-item'>\n\t\t\t<div class='gallery-icon portrait'>\n\t\t\t\t<a href='https:\/\/newsestlyonnais.fr\/site\/2018\/06\/05\/decines-lagenda-des-manifestations-de-juin\/newsestlyonnais-fete-musique-decines\/'><img loading=\"lazy\" decoding=\"async\" width=\"150\" height=\"150\" src=\"https:\/\/newsestlyonnais.fr\/site\/wp-content\/uploads\/2018\/06\/NEWSESTLYONNAIS-FETE-MUSIQUE-DECINES-150x150.jpg\" class=\"attachment-thumbnail size-thumbnail\" alt=\"NEWSESTLYONNAIS FETE MUSIQUE DECINES\" \/><\/a>\n\t\t\t<\/div><\/figure><figure class='gallery-item'>\n\t\t\t<div class='gallery-icon portrait'>\n\t\t\t\t<a href='https:\/\/newsestlyonnais.fr\/site\/2018\/06\/05\/decines-lagenda-des-manifestations-de-juin\/newsestlyonnais-open-tennis-decines\/'><img loading=\"lazy\" decoding=\"async\" width=\"150\" height=\"150\" src=\"https:\/\/newsestlyonnais.fr\/site\/wp-content\/uploads\/2018\/06\/NEWSESTLYONNAIS-OPEN-TENNIS-DECINES-150x150.jpg\" class=\"attachment-thumbnail size-thumbnail\" alt=\"NEWSESTLYONNAIS OPEN TENNIS DECINES\" \/><\/a>\n\t\t\t<\/div><\/figure>\n\t\t<\/div>\n\n<ul>\n<li><\/li>\n<li><\/li>\n<\/ul>\n<p>&nbsp;<\/p>\n","protected":false},"excerpt":{"rendered":"<p>Nombreux sont les \u00e9v\u00e8nements et manifestations qui se d\u00e9rouleront durant cette p\u00e9riode, sur la commune, \u00e0 savoir : Jeudi 7 juin \u00e0 19 h : Lancement de la saison du Toboggan. (Parvis de l&rsquo;H\u00f4tel de ville). Samedi 9 juin \u00e0 10 h : Signature du Jumelage avec ARCOS DE VALDEVEZ. (Parvis de l&rsquo;H\u00f4tel de ville) [&hellip;]<\/p>\n","protected":false},"author":4,"featured_media":19299,"comment_status":"open","ping_status":"open","sticky":false,"template":"","format":"standard","meta":{"footnotes":""},"categories":[21,4],"tags":[],"class_list":["post-50503","post","type-post","status-publish","format-standard","has-post-thumbnail","hentry","category-decines-charpieu","category-evenements-divers"],"yoast_head":"<!-- This site is optimized with the Yoast SEO plugin v27.2 - https:\/\/yoast.com\/product\/yoast-seo-wordpress\/ -->\n<title>DECINES : L\u2019agenda des manifestations pour le mois de Juin<\/title>\n<meta name=\"description\" content=\"DECINES : L\u2019agenda des manifestations pour le mois de Juin\" \/>\n<meta name=\"robots\" content=\"index, follow, max-snippet:-1, max-image-preview:large, max-video-preview:-1\" \/>\n<link rel=\"canonical\" href=\"https:\/\/newsestlyonnais.fr\/site\/2018\/06\/05\/decines-lagenda-des-manifestations-de-juin\/\" \/>\n<meta property=\"og:locale\" content=\"fr_FR\" \/>\n<meta property=\"og:type\" content=\"article\" \/>\n<meta property=\"og:title\" content=\"DECINES : L\u2019agenda des manifestations pour le mois de Juin\" \/>\n<meta property=\"og:description\" content=\"DECINES : L\u2019agenda des manifestations pour le mois de Juin\" \/>\n<meta property=\"og:url\" content=\"https:\/\/newsestlyonnais.fr\/site\/2018\/06\/05\/decines-lagenda-des-manifestations-de-juin\/\" \/>\n<meta property=\"og:site_name\" content=\"News Est Lyonnais\" \/>\n<meta property=\"article:author\" content=\"https:\/\/www.facebook.com\/pascal.oberson.1?fref=ts\" \/>\n<meta property=\"article:published_time\" content=\"2018-06-05T12:05:24+00:00\" \/>\n<meta property=\"article:modified_time\" content=\"2020-11-11T13:24:11+00:00\" \/>\n<meta property=\"og:image\" content=\"https:\/\/i2.wp.com\/newsestlyonnais.fr\/site\/wp-content\/uploads\/2017\/01\/NEWSESTLYONNAIS-GD-PANNEAU-DECINES.jpg?fit=1000%2C750&ssl=1\" \/>\n\t<meta property=\"og:image:width\" content=\"1000\" \/>\n\t<meta property=\"og:image:height\" content=\"750\" \/>\n\t<meta property=\"og:image:type\" content=\"image\/jpeg\" \/>\n<meta name=\"author\" content=\"R\u00e9dac. NEWS\" \/>\n<meta name=\"twitter:card\" content=\"summary_large_image\" \/>\n<meta name=\"twitter:label1\" content=\"\u00c9crit par\" \/>\n\t<meta name=\"twitter:data1\" content=\"R\u00e9dac. NEWS\" \/>\n\t<meta name=\"twitter:label2\" content=\"Dur\u00e9e de lecture estim\u00e9e\" \/>\n\t<meta name=\"twitter:data2\" content=\"1 minute\" \/>\n<script type=\"application\/ld+json\" class=\"yoast-schema-graph\">{\"@context\":\"https:\/\/schema.org\",\"@graph\":[{\"@type\":\"Article\",\"@id\":\"https:\/\/newsestlyonnais.fr\/site\/2018\/06\/05\/decines-lagenda-des-manifestations-de-juin\/#article\",\"isPartOf\":{\"@id\":\"https:\/\/newsestlyonnais.fr\/site\/2018\/06\/05\/decines-lagenda-des-manifestations-de-juin\/\"},\"author\":{\"name\":\"R\u00e9dac. NEWS\",\"@id\":\"https:\/\/newsestlyonnais.fr\/site\/#\/schema\/person\/3230d5615f390bb808365d673001e887\"},\"headline\":\"DECINES | L\u2019agenda des manifestations de Juin\",\"datePublished\":\"2018-06-05T12:05:24+00:00\",\"dateModified\":\"2020-11-11T13:24:11+00:00\",\"mainEntityOfPage\":{\"@id\":\"https:\/\/newsestlyonnais.fr\/site\/2018\/06\/05\/decines-lagenda-des-manifestations-de-juin\/\"},\"wordCount\":246,\"commentCount\":0,\"publisher\":{\"@id\":\"https:\/\/newsestlyonnais.fr\/site\/#organization\"},\"image\":{\"@id\":\"https:\/\/newsestlyonnais.fr\/site\/2018\/06\/05\/decines-lagenda-des-manifestations-de-juin\/#primaryimage\"},\"thumbnailUrl\":\"https:\/\/newsestlyonnais.fr\/site\/wp-content\/uploads\/2017\/01\/NEWSESTLYONNAIS-GD-PANNEAU-DECINES.jpg\",\"articleSection\":[\"D\u00e9cines-Charpieu\",\"Ev\u00e8nements divers\"],\"inLanguage\":\"fr-FR\",\"potentialAction\":[{\"@type\":\"CommentAction\",\"name\":\"Comment\",\"target\":[\"https:\/\/newsestlyonnais.fr\/site\/2018\/06\/05\/decines-lagenda-des-manifestations-de-juin\/#respond\"]}]},{\"@type\":\"WebPage\",\"@id\":\"https:\/\/newsestlyonnais.fr\/site\/2018\/06\/05\/decines-lagenda-des-manifestations-de-juin\/\",\"url\":\"https:\/\/newsestlyonnais.fr\/site\/2018\/06\/05\/decines-lagenda-des-manifestations-de-juin\/\",\"name\":\"DECINES : L\u2019agenda des manifestations pour le mois de Juin\",\"isPartOf\":{\"@id\":\"https:\/\/newsestlyonnais.fr\/site\/#website\"},\"primaryImageOfPage\":{\"@id\":\"https:\/\/newsestlyonnais.fr\/site\/2018\/06\/05\/decines-lagenda-des-manifestations-de-juin\/#primaryimage\"},\"image\":{\"@id\":\"https:\/\/newsestlyonnais.fr\/site\/2018\/06\/05\/decines-lagenda-des-manifestations-de-juin\/#primaryimage\"},\"thumbnailUrl\":\"https:\/\/newsestlyonnais.fr\/site\/wp-content\/uploads\/2017\/01\/NEWSESTLYONNAIS-GD-PANNEAU-DECINES.jpg\",\"datePublished\":\"2018-06-05T12:05:24+00:00\",\"dateModified\":\"2020-11-11T13:24:11+00:00\",\"description\":\"DECINES : L\u2019agenda des manifestations pour le mois de Juin\",\"breadcrumb\":{\"@id\":\"https:\/\/newsestlyonnais.fr\/site\/2018\/06\/05\/decines-lagenda-des-manifestations-de-juin\/#breadcrumb\"},\"inLanguage\":\"fr-FR\",\"potentialAction\":[{\"@type\":\"ReadAction\",\"target\":[\"https:\/\/newsestlyonnais.fr\/site\/2018\/06\/05\/decines-lagenda-des-manifestations-de-juin\/\"]}]},{\"@type\":\"ImageObject\",\"inLanguage\":\"fr-FR\",\"@id\":\"https:\/\/newsestlyonnais.fr\/site\/2018\/06\/05\/decines-lagenda-des-manifestations-de-juin\/#primaryimage\",\"url\":\"https:\/\/newsestlyonnais.fr\/site\/wp-content\/uploads\/2017\/01\/NEWSESTLYONNAIS-GD-PANNEAU-DECINES.jpg\",\"contentUrl\":\"https:\/\/newsestlyonnais.fr\/site\/wp-content\/uploads\/2017\/01\/NEWSESTLYONNAIS-GD-PANNEAU-DECINES.jpg\",\"width\":1000,\"height\":750,\"caption\":\"NEWSESTLYONNAIS GD PANNEAU DECINES\"},{\"@type\":\"BreadcrumbList\",\"@id\":\"https:\/\/newsestlyonnais.fr\/site\/2018\/06\/05\/decines-lagenda-des-manifestations-de-juin\/#breadcrumb\",\"itemListElement\":[{\"@type\":\"ListItem\",\"position\":1,\"name\":\"Accueil\",\"item\":\"https:\/\/newsestlyonnais.fr\/site\/\"},{\"@type\":\"ListItem\",\"position\":2,\"name\":\"DECINES | L\u2019agenda des manifestations de Juin\"}]},{\"@type\":\"WebSite\",\"@id\":\"https:\/\/newsestlyonnais.fr\/site\/#website\",\"url\":\"https:\/\/newsestlyonnais.fr\/site\/\",\"name\":\"News Est Lyonnais\",\"description\":\"L&#039;actualit\u00e9 au plus pr\u00e8s\",\"publisher\":{\"@id\":\"https:\/\/newsestlyonnais.fr\/site\/#organization\"},\"potentialAction\":[{\"@type\":\"SearchAction\",\"target\":{\"@type\":\"EntryPoint\",\"urlTemplate\":\"https:\/\/newsestlyonnais.fr\/site\/?s={search_term_string}\"},\"query-input\":{\"@type\":\"PropertyValueSpecification\",\"valueRequired\":true,\"valueName\":\"search_term_string\"}}],\"inLanguage\":\"fr-FR\"},{\"@type\":\"Organization\",\"@id\":\"https:\/\/newsestlyonnais.fr\/site\/#organization\",\"name\":\"News EST LYONNAIS\",\"url\":\"https:\/\/newsestlyonnais.fr\/site\/\",\"logo\":{\"@type\":\"ImageObject\",\"inLanguage\":\"fr-FR\",\"@id\":\"https:\/\/newsestlyonnais.fr\/site\/#\/schema\/logo\/image\/\",\"url\":\"\",\"contentUrl\":\"\",\"caption\":\"News EST LYONNAIS\"},\"image\":{\"@id\":\"https:\/\/newsestlyonnais.fr\/site\/#\/schema\/logo\/image\/\"}},{\"@type\":\"Person\",\"@id\":\"https:\/\/newsestlyonnais.fr\/site\/#\/schema\/person\/3230d5615f390bb808365d673001e887\",\"name\":\"R\u00e9dac. NEWS\",\"sameAs\":[\"http:\/\/www.newsestlyonnais.fr\",\"https:\/\/www.facebook.com\/pascal.oberson.1?fref=ts\",\"https:\/\/fr.linkedin.com\/in\/pascal-oberson-b17045113\"],\"url\":\"https:\/\/newsestlyonnais.fr\/site\/author\/nel\/\"}]}<\/script>\n<!-- \/ Yoast SEO plugin. -->","yoast_head_json":{"title":"DECINES : L\u2019agenda des manifestations pour le mois de Juin","description":"DECINES : L\u2019agenda des manifestations pour le mois de Juin","robots":{"index":"index","follow":"follow","max-snippet":"max-snippet:-1","max-image-preview":"max-image-preview:large","max-video-preview":"max-video-preview:-1"},"canonical":"https:\/\/newsestlyonnais.fr\/site\/2018\/06\/05\/decines-lagenda-des-manifestations-de-juin\/","og_locale":"fr_FR","og_type":"article","og_title":"DECINES : L\u2019agenda des manifestations pour le mois de Juin","og_description":"DECINES : L\u2019agenda des manifestations pour le mois de Juin","og_url":"https:\/\/newsestlyonnais.fr\/site\/2018\/06\/05\/decines-lagenda-des-manifestations-de-juin\/","og_site_name":"News Est Lyonnais","article_author":"https:\/\/www.facebook.com\/pascal.oberson.1?fref=ts","article_published_time":"2018-06-05T12:05:24+00:00","article_modified_time":"2020-11-11T13:24:11+00:00","og_image":[{"width":1000,"height":750,"url":"https:\/\/i2.wp.com\/newsestlyonnais.fr\/site\/wp-content\/uploads\/2017\/01\/NEWSESTLYONNAIS-GD-PANNEAU-DECINES.jpg?fit=1000%2C750&ssl=1","type":"image\/jpeg"}],"author":"R\u00e9dac. NEWS","twitter_card":"summary_large_image","twitter_misc":{"\u00c9crit par":"R\u00e9dac. NEWS","Dur\u00e9e de lecture estim\u00e9e":"1 minute"},"schema":{"@context":"https:\/\/schema.org","@graph":[{"@type":"Article","@id":"https:\/\/newsestlyonnais.fr\/site\/2018\/06\/05\/decines-lagenda-des-manifestations-de-juin\/#article","isPartOf":{"@id":"https:\/\/newsestlyonnais.fr\/site\/2018\/06\/05\/decines-lagenda-des-manifestations-de-juin\/"},"author":{"name":"R\u00e9dac. NEWS","@id":"https:\/\/newsestlyonnais.fr\/site\/#\/schema\/person\/3230d5615f390bb808365d673001e887"},"headline":"DECINES | L\u2019agenda des manifestations de Juin","datePublished":"2018-06-05T12:05:24+00:00","dateModified":"2020-11-11T13:24:11+00:00","mainEntityOfPage":{"@id":"https:\/\/newsestlyonnais.fr\/site\/2018\/06\/05\/decines-lagenda-des-manifestations-de-juin\/"},"wordCount":246,"commentCount":0,"publisher":{"@id":"https:\/\/newsestlyonnais.fr\/site\/#organization"},"image":{"@id":"https:\/\/newsestlyonnais.fr\/site\/2018\/06\/05\/decines-lagenda-des-manifestations-de-juin\/#primaryimage"},"thumbnailUrl":"https:\/\/newsestlyonnais.fr\/site\/wp-content\/uploads\/2017\/01\/NEWSESTLYONNAIS-GD-PANNEAU-DECINES.jpg","articleSection":["D\u00e9cines-Charpieu","Ev\u00e8nements divers"],"inLanguage":"fr-FR","potentialAction":[{"@type":"CommentAction","name":"Comment","target":["https:\/\/newsestlyonnais.fr\/site\/2018\/06\/05\/decines-lagenda-des-manifestations-de-juin\/#respond"]}]},{"@type":"WebPage","@id":"https:\/\/newsestlyonnais.fr\/site\/2018\/06\/05\/decines-lagenda-des-manifestations-de-juin\/","url":"https:\/\/newsestlyonnais.fr\/site\/2018\/06\/05\/decines-lagenda-des-manifestations-de-juin\/","name":"DECINES : L\u2019agenda des manifestations pour le mois de Juin","isPartOf":{"@id":"https:\/\/newsestlyonnais.fr\/site\/#website"},"primaryImageOfPage":{"@id":"https:\/\/newsestlyonnais.fr\/site\/2018\/06\/05\/decines-lagenda-des-manifestations-de-juin\/#primaryimage"},"image":{"@id":"https:\/\/newsestlyonnais.fr\/site\/2018\/06\/05\/decines-lagenda-des-manifestations-de-juin\/#primaryimage"},"thumbnailUrl":"https:\/\/newsestlyonnais.fr\/site\/wp-content\/uploads\/2017\/01\/NEWSESTLYONNAIS-GD-PANNEAU-DECINES.jpg","datePublished":"2018-06-05T12:05:24+00:00","dateModified":"2020-11-11T13:24:11+00:00","description":"DECINES : L\u2019agenda des manifestations pour le mois de Juin","breadcrumb":{"@id":"https:\/\/newsestlyonnais.fr\/site\/2018\/06\/05\/decines-lagenda-des-manifestations-de-juin\/#breadcrumb"},"inLanguage":"fr-FR","potentialAction":[{"@type":"ReadAction","target":["https:\/\/newsestlyonnais.fr\/site\/2018\/06\/05\/decines-lagenda-des-manifestations-de-juin\/"]}]},{"@type":"ImageObject","inLanguage":"fr-FR","@id":"https:\/\/newsestlyonnais.fr\/site\/2018\/06\/05\/decines-lagenda-des-manifestations-de-juin\/#primaryimage","url":"https:\/\/newsestlyonnais.fr\/site\/wp-content\/uploads\/2017\/01\/NEWSESTLYONNAIS-GD-PANNEAU-DECINES.jpg","contentUrl":"https:\/\/newsestlyonnais.fr\/site\/wp-content\/uploads\/2017\/01\/NEWSESTLYONNAIS-GD-PANNEAU-DECINES.jpg","width":1000,"height":750,"caption":"NEWSESTLYONNAIS GD PANNEAU DECINES"},{"@type":"BreadcrumbList","@id":"https:\/\/newsestlyonnais.fr\/site\/2018\/06\/05\/decines-lagenda-des-manifestations-de-juin\/#breadcrumb","itemListElement":[{"@type":"ListItem","position":1,"name":"Accueil","item":"https:\/\/newsestlyonnais.fr\/site\/"},{"@type":"ListItem","position":2,"name":"DECINES | L\u2019agenda des manifestations de Juin"}]},{"@type":"WebSite","@id":"https:\/\/newsestlyonnais.fr\/site\/#website","url":"https:\/\/newsestlyonnais.fr\/site\/","name":"News Est Lyonnais","description":"L&#039;actualit\u00e9 au plus pr\u00e8s","publisher":{"@id":"https:\/\/newsestlyonnais.fr\/site\/#organization"},"potentialAction":[{"@type":"SearchAction","target":{"@type":"EntryPoint","urlTemplate":"https:\/\/newsestlyonnais.fr\/site\/?s={search_term_string}"},"query-input":{"@type":"PropertyValueSpecification","valueRequired":true,"valueName":"search_term_string"}}],"inLanguage":"fr-FR"},{"@type":"Organization","@id":"https:\/\/newsestlyonnais.fr\/site\/#organization","name":"News EST LYONNAIS","url":"https:\/\/newsestlyonnais.fr\/site\/","logo":{"@type":"ImageObject","inLanguage":"fr-FR","@id":"https:\/\/newsestlyonnais.fr\/site\/#\/schema\/logo\/image\/","url":"","contentUrl":"","caption":"News EST LYONNAIS"},"image":{"@id":"https:\/\/newsestlyonnais.fr\/site\/#\/schema\/logo\/image\/"}},{"@type":"Person","@id":"https:\/\/newsestlyonnais.fr\/site\/#\/schema\/person\/3230d5615f390bb808365d673001e887","name":"R\u00e9dac. NEWS","sameAs":["http:\/\/www.newsestlyonnais.fr","https:\/\/www.facebook.com\/pascal.oberson.1?fref=ts","https:\/\/fr.linkedin.com\/in\/pascal-oberson-b17045113"],"url":"https:\/\/newsestlyonnais.fr\/site\/author\/nel\/"}]}},"_links":{"self":[{"href":"https:\/\/newsestlyonnais.fr\/site\/wp-json\/wp\/v2\/posts\/50503","targetHints":{"allow":["GET"]}}],"collection":[{"href":"https:\/\/newsestlyonnais.fr\/site\/wp-json\/wp\/v2\/posts"}],"about":[{"href":"https:\/\/newsestlyonnais.fr\/site\/wp-json\/wp\/v2\/types\/post"}],"author":[{"embeddable":true,"href":"https:\/\/newsestlyonnais.fr\/site\/wp-json\/wp\/v2\/users\/4"}],"replies":[{"embeddable":true,"href":"https:\/\/newsestlyonnais.fr\/site\/wp-json\/wp\/v2\/comments?post=50503"}],"version-history":[{"count":0,"href":"https:\/\/newsestlyonnais.fr\/site\/wp-json\/wp\/v2\/posts\/50503\/revisions"}],"wp:featuredmedia":[{"embeddable":true,"href":"https:\/\/newsestlyonnais.fr\/site\/wp-json\/wp\/v2\/media\/19299"}],"wp:attachment":[{"href":"https:\/\/newsestlyonnais.fr\/site\/wp-json\/wp\/v2\/media?parent=50503"}],"wp:term":[{"taxonomy":"category","embeddable":true,"href":"https:\/\/newsestlyonnais.fr\/site\/wp-json\/wp\/v2\/categories?post=50503"},{"taxonomy":"post_tag","embeddable":true,"href":"https:\/\/newsestlyonnais.fr\/site\/wp-json\/wp\/v2\/tags?post=50503"}],"curies":[{"name":"wp","href":"https:\/\/api.w.org\/{rel}","templated":true}]}}