{"id":50532,"date":"2018-06-05T18:27:19","date_gmt":"2018-06-05T17:27:19","guid":{"rendered":"http:\/\/newsestlyonnais.fr\/site\/?p=50532"},"modified":"2020-11-15T20:42:22","modified_gmt":"2020-11-15T19:42:22","slug":"pusignan-les-prochains-evenements-sur-la-commune","status":"publish","type":"post","link":"https:\/\/newsestlyonnais.fr\/site\/2018\/06\/05\/pusignan-les-prochains-evenements-sur-la-commune\/","title":{"rendered":"PUSIGNAN | Les prochains \u00e9v\u00e8nements sur la commune"},"content":{"rendered":"<h4>Nombreux sont les \u00e9v\u00e8nements et manifestations qui se d\u00e9rouleront durant cette p\u00e9riode, sur la commune, \u00e0 savoir :<\/h4>\n<ul>\n<li><strong>Jeudi 7 juin \u00e0 18 h 15<\/strong> : (Ecole \u00e9l\u00e9mentaire) : R\u00e9union d\u2019information pour la saison 2018 \/ 2019 sur la rentr\u00e9e scolaire (p\u00e9riscolaire, cantine et TAP) et information sur les centre de loisirs.<\/li>\n<li><strong>Vendredi 8 juin \u00e0 18 h 15<\/strong> : (Mairie de Pusignan). Conseil d\u2019\u00e9cole salle du conseil municipal.<\/li>\n<li><strong>Samedi 9 juin \u00e0 partir de 9 h 30<\/strong> (Prairie du Ch\u00e2teau) : Puz \u00e0 V\u00e9lo avec 2 itin\u00e9raires possibles 10 ou 15 km.<\/li>\n<li><strong>Vendredi 22 juin <\/strong>(Espace Jean Brissaud) de 15 h \u00e0 22 h: Kermesse du Sou des \u00c9coles.<\/li>\n<\/ul>\n<p><span style=\"text-decoration: underline\">NOTA<\/span> : <strong>Du lundi 16 juillet au vendredi 24 ao\u00fbt<\/strong> le <span style=\"text-decoration: underline\">bureau de Poste de Pusignan am\u00e9nagera ses horaires<\/span> en raison des pr\u00e9visions d\u2019activit\u00e9 :<\/p>\n<ul>\n<li>Le lundi : ferm\u00e9<\/li>\n<li>Le mardi de 9 h \u00e0 12 h<\/li>\n<li>Le mercredi de 9 h \u00e0 12 h<\/li>\n<li>Le jeudi de 9 h \u00e0 12 h<\/li>\n<li>Le vendredi de 9 h \u00e0 12 h<\/li>\n<li>Le samedi de 9 h \u00e0 12 h<\/li>\n<\/ul>\n<h4>Retrouvez l&rsquo;ACTU de la commune sur : <a href=\"https:\/\/www.mairie-pusignan.fr\" target=\"_blank\" rel=\"noopener noreferrer\">https:\/\/www.mairie-pusignan.fr<\/a><\/h4>\n","protected":false},"excerpt":{"rendered":"<p>Nombreux sont les \u00e9v\u00e8nements et manifestations qui se d\u00e9rouleront durant cette p\u00e9riode, sur la commune, \u00e0 savoir : Jeudi 7 juin \u00e0 18 h 15 : (Ecole \u00e9l\u00e9mentaire) : R\u00e9union d\u2019information pour la saison 2018 \/ 2019 sur la rentr\u00e9e scolaire (p\u00e9riscolaire, cantine et TAP) et information sur les centre de loisirs. Vendredi 8 juin [&hellip;]<\/p>\n","protected":false},"author":4,"featured_media":6969,"comment_status":"open","ping_status":"open","sticky":false,"template":"","format":"standard","meta":{"footnotes":""},"categories":[270,1279],"tags":[],"class_list":["post-50532","post","type-post","status-publish","format-standard","has-post-thumbnail","hentry","category-cte-de-communes-c-c-e-l","category-jons-pusignan"],"yoast_head":"<!-- This site is optimized with the Yoast SEO plugin v27.2 - https:\/\/yoast.com\/product\/yoast-seo-wordpress\/ -->\n<title>PUSIGNAN : Les prochains \u00e9v\u00e8nements sur la commune<\/title>\n<meta name=\"description\" content=\"PUSIGNAN : Les prochains \u00e9v\u00e8nements sur la commune\" \/>\n<meta name=\"robots\" content=\"index, follow, max-snippet:-1, max-image-preview:large, max-video-preview:-1\" \/>\n<link rel=\"canonical\" href=\"https:\/\/newsestlyonnais.fr\/site\/2018\/06\/05\/pusignan-les-prochains-evenements-sur-la-commune\/\" \/>\n<meta property=\"og:locale\" content=\"fr_FR\" \/>\n<meta property=\"og:type\" content=\"article\" \/>\n<meta property=\"og:title\" content=\"PUSIGNAN : Les prochains \u00e9v\u00e8nements sur la commune\" \/>\n<meta property=\"og:description\" content=\"PUSIGNAN : Les prochains \u00e9v\u00e8nements sur la commune\" \/>\n<meta property=\"og:url\" content=\"https:\/\/newsestlyonnais.fr\/site\/2018\/06\/05\/pusignan-les-prochains-evenements-sur-la-commune\/\" \/>\n<meta property=\"og:site_name\" content=\"News Est Lyonnais\" \/>\n<meta property=\"article:author\" content=\"https:\/\/www.facebook.com\/pascal.oberson.1?fref=ts\" \/>\n<meta property=\"article:published_time\" content=\"2018-06-05T17:27:19+00:00\" \/>\n<meta property=\"article:modified_time\" content=\"2020-11-15T19:42:22+00:00\" \/>\n<meta property=\"og:image\" content=\"https:\/\/i2.wp.com\/newsestlyonnais.fr\/site\/wp-content\/uploads\/2016\/04\/NEWSESTLYONNAIS-PAN-PUSIGNAN.jpg?fit=1000%2C750&ssl=1\" \/>\n\t<meta property=\"og:image:width\" content=\"1000\" \/>\n\t<meta property=\"og:image:height\" content=\"750\" \/>\n\t<meta property=\"og:image:type\" content=\"image\/jpeg\" \/>\n<meta name=\"author\" content=\"R\u00e9dac. NEWS\" \/>\n<meta name=\"twitter:card\" content=\"summary_large_image\" \/>\n<meta name=\"twitter:label1\" content=\"\u00c9crit par\" \/>\n\t<meta name=\"twitter:data1\" content=\"R\u00e9dac. NEWS\" \/>\n\t<meta name=\"twitter:label2\" content=\"Dur\u00e9e de lecture estim\u00e9e\" \/>\n\t<meta name=\"twitter:data2\" content=\"1 minute\" \/>\n<script type=\"application\/ld+json\" class=\"yoast-schema-graph\">{\"@context\":\"https:\/\/schema.org\",\"@graph\":[{\"@type\":\"Article\",\"@id\":\"https:\/\/newsestlyonnais.fr\/site\/2018\/06\/05\/pusignan-les-prochains-evenements-sur-la-commune\/#article\",\"isPartOf\":{\"@id\":\"https:\/\/newsestlyonnais.fr\/site\/2018\/06\/05\/pusignan-les-prochains-evenements-sur-la-commune\/\"},\"author\":{\"name\":\"R\u00e9dac. NEWS\",\"@id\":\"https:\/\/newsestlyonnais.fr\/site\/#\/schema\/person\/3230d5615f390bb808365d673001e887\"},\"headline\":\"PUSIGNAN | Les prochains \u00e9v\u00e8nements sur la commune\",\"datePublished\":\"2018-06-05T17:27:19+00:00\",\"dateModified\":\"2020-11-15T19:42:22+00:00\",\"mainEntityOfPage\":{\"@id\":\"https:\/\/newsestlyonnais.fr\/site\/2018\/06\/05\/pusignan-les-prochains-evenements-sur-la-commune\/\"},\"wordCount\":165,\"commentCount\":0,\"publisher\":{\"@id\":\"https:\/\/newsestlyonnais.fr\/site\/#organization\"},\"image\":{\"@id\":\"https:\/\/newsestlyonnais.fr\/site\/2018\/06\/05\/pusignan-les-prochains-evenements-sur-la-commune\/#primaryimage\"},\"thumbnailUrl\":\"https:\/\/newsestlyonnais.fr\/site\/wp-content\/uploads\/2016\/04\/NEWSESTLYONNAIS-PAN-PUSIGNAN.jpg\",\"articleSection\":[\"CCEL | Communes\",\"Jons | Pusignan\"],\"inLanguage\":\"fr-FR\",\"potentialAction\":[{\"@type\":\"CommentAction\",\"name\":\"Comment\",\"target\":[\"https:\/\/newsestlyonnais.fr\/site\/2018\/06\/05\/pusignan-les-prochains-evenements-sur-la-commune\/#respond\"]}]},{\"@type\":\"WebPage\",\"@id\":\"https:\/\/newsestlyonnais.fr\/site\/2018\/06\/05\/pusignan-les-prochains-evenements-sur-la-commune\/\",\"url\":\"https:\/\/newsestlyonnais.fr\/site\/2018\/06\/05\/pusignan-les-prochains-evenements-sur-la-commune\/\",\"name\":\"PUSIGNAN : Les prochains \u00e9v\u00e8nements sur la commune\",\"isPartOf\":{\"@id\":\"https:\/\/newsestlyonnais.fr\/site\/#website\"},\"primaryImageOfPage\":{\"@id\":\"https:\/\/newsestlyonnais.fr\/site\/2018\/06\/05\/pusignan-les-prochains-evenements-sur-la-commune\/#primaryimage\"},\"image\":{\"@id\":\"https:\/\/newsestlyonnais.fr\/site\/2018\/06\/05\/pusignan-les-prochains-evenements-sur-la-commune\/#primaryimage\"},\"thumbnailUrl\":\"https:\/\/newsestlyonnais.fr\/site\/wp-content\/uploads\/2016\/04\/NEWSESTLYONNAIS-PAN-PUSIGNAN.jpg\",\"datePublished\":\"2018-06-05T17:27:19+00:00\",\"dateModified\":\"2020-11-15T19:42:22+00:00\",\"description\":\"PUSIGNAN : Les prochains \u00e9v\u00e8nements sur la commune\",\"breadcrumb\":{\"@id\":\"https:\/\/newsestlyonnais.fr\/site\/2018\/06\/05\/pusignan-les-prochains-evenements-sur-la-commune\/#breadcrumb\"},\"inLanguage\":\"fr-FR\",\"potentialAction\":[{\"@type\":\"ReadAction\",\"target\":[\"https:\/\/newsestlyonnais.fr\/site\/2018\/06\/05\/pusignan-les-prochains-evenements-sur-la-commune\/\"]}]},{\"@type\":\"ImageObject\",\"inLanguage\":\"fr-FR\",\"@id\":\"https:\/\/newsestlyonnais.fr\/site\/2018\/06\/05\/pusignan-les-prochains-evenements-sur-la-commune\/#primaryimage\",\"url\":\"https:\/\/newsestlyonnais.fr\/site\/wp-content\/uploads\/2016\/04\/NEWSESTLYONNAIS-PAN-PUSIGNAN.jpg\",\"contentUrl\":\"https:\/\/newsestlyonnais.fr\/site\/wp-content\/uploads\/2016\/04\/NEWSESTLYONNAIS-PAN-PUSIGNAN.jpg\",\"width\":1000,\"height\":750,\"caption\":\"NEWSESTLYONNAIS - PAN PUSIGNAN\"},{\"@type\":\"BreadcrumbList\",\"@id\":\"https:\/\/newsestlyonnais.fr\/site\/2018\/06\/05\/pusignan-les-prochains-evenements-sur-la-commune\/#breadcrumb\",\"itemListElement\":[{\"@type\":\"ListItem\",\"position\":1,\"name\":\"Accueil\",\"item\":\"https:\/\/newsestlyonnais.fr\/site\/\"},{\"@type\":\"ListItem\",\"position\":2,\"name\":\"PUSIGNAN | Les prochains \u00e9v\u00e8nements sur la commune\"}]},{\"@type\":\"WebSite\",\"@id\":\"https:\/\/newsestlyonnais.fr\/site\/#website\",\"url\":\"https:\/\/newsestlyonnais.fr\/site\/\",\"name\":\"News Est Lyonnais\",\"description\":\"L&#039;actualit\u00e9 au plus pr\u00e8s\",\"publisher\":{\"@id\":\"https:\/\/newsestlyonnais.fr\/site\/#organization\"},\"potentialAction\":[{\"@type\":\"SearchAction\",\"target\":{\"@type\":\"EntryPoint\",\"urlTemplate\":\"https:\/\/newsestlyonnais.fr\/site\/?s={search_term_string}\"},\"query-input\":{\"@type\":\"PropertyValueSpecification\",\"valueRequired\":true,\"valueName\":\"search_term_string\"}}],\"inLanguage\":\"fr-FR\"},{\"@type\":\"Organization\",\"@id\":\"https:\/\/newsestlyonnais.fr\/site\/#organization\",\"name\":\"News EST LYONNAIS\",\"url\":\"https:\/\/newsestlyonnais.fr\/site\/\",\"logo\":{\"@type\":\"ImageObject\",\"inLanguage\":\"fr-FR\",\"@id\":\"https:\/\/newsestlyonnais.fr\/site\/#\/schema\/logo\/image\/\",\"url\":\"\",\"contentUrl\":\"\",\"caption\":\"News EST LYONNAIS\"},\"image\":{\"@id\":\"https:\/\/newsestlyonnais.fr\/site\/#\/schema\/logo\/image\/\"}},{\"@type\":\"Person\",\"@id\":\"https:\/\/newsestlyonnais.fr\/site\/#\/schema\/person\/3230d5615f390bb808365d673001e887\",\"name\":\"R\u00e9dac. NEWS\",\"sameAs\":[\"http:\/\/www.newsestlyonnais.fr\",\"https:\/\/www.facebook.com\/pascal.oberson.1?fref=ts\",\"https:\/\/fr.linkedin.com\/in\/pascal-oberson-b17045113\"],\"url\":\"https:\/\/newsestlyonnais.fr\/site\/author\/nel\/\"}]}<\/script>\n<!-- \/ Yoast SEO plugin. -->","yoast_head_json":{"title":"PUSIGNAN : Les prochains \u00e9v\u00e8nements sur la commune","description":"PUSIGNAN : Les prochains \u00e9v\u00e8nements sur la commune","robots":{"index":"index","follow":"follow","max-snippet":"max-snippet:-1","max-image-preview":"max-image-preview:large","max-video-preview":"max-video-preview:-1"},"canonical":"https:\/\/newsestlyonnais.fr\/site\/2018\/06\/05\/pusignan-les-prochains-evenements-sur-la-commune\/","og_locale":"fr_FR","og_type":"article","og_title":"PUSIGNAN : Les prochains \u00e9v\u00e8nements sur la commune","og_description":"PUSIGNAN : Les prochains \u00e9v\u00e8nements sur la commune","og_url":"https:\/\/newsestlyonnais.fr\/site\/2018\/06\/05\/pusignan-les-prochains-evenements-sur-la-commune\/","og_site_name":"News Est Lyonnais","article_author":"https:\/\/www.facebook.com\/pascal.oberson.1?fref=ts","article_published_time":"2018-06-05T17:27:19+00:00","article_modified_time":"2020-11-15T19:42:22+00:00","og_image":[{"width":1000,"height":750,"url":"https:\/\/i2.wp.com\/newsestlyonnais.fr\/site\/wp-content\/uploads\/2016\/04\/NEWSESTLYONNAIS-PAN-PUSIGNAN.jpg?fit=1000%2C750&ssl=1","type":"image\/jpeg"}],"author":"R\u00e9dac. NEWS","twitter_card":"summary_large_image","twitter_misc":{"\u00c9crit par":"R\u00e9dac. NEWS","Dur\u00e9e de lecture estim\u00e9e":"1 minute"},"schema":{"@context":"https:\/\/schema.org","@graph":[{"@type":"Article","@id":"https:\/\/newsestlyonnais.fr\/site\/2018\/06\/05\/pusignan-les-prochains-evenements-sur-la-commune\/#article","isPartOf":{"@id":"https:\/\/newsestlyonnais.fr\/site\/2018\/06\/05\/pusignan-les-prochains-evenements-sur-la-commune\/"},"author":{"name":"R\u00e9dac. NEWS","@id":"https:\/\/newsestlyonnais.fr\/site\/#\/schema\/person\/3230d5615f390bb808365d673001e887"},"headline":"PUSIGNAN | Les prochains \u00e9v\u00e8nements sur la commune","datePublished":"2018-06-05T17:27:19+00:00","dateModified":"2020-11-15T19:42:22+00:00","mainEntityOfPage":{"@id":"https:\/\/newsestlyonnais.fr\/site\/2018\/06\/05\/pusignan-les-prochains-evenements-sur-la-commune\/"},"wordCount":165,"commentCount":0,"publisher":{"@id":"https:\/\/newsestlyonnais.fr\/site\/#organization"},"image":{"@id":"https:\/\/newsestlyonnais.fr\/site\/2018\/06\/05\/pusignan-les-prochains-evenements-sur-la-commune\/#primaryimage"},"thumbnailUrl":"https:\/\/newsestlyonnais.fr\/site\/wp-content\/uploads\/2016\/04\/NEWSESTLYONNAIS-PAN-PUSIGNAN.jpg","articleSection":["CCEL | Communes","Jons | Pusignan"],"inLanguage":"fr-FR","potentialAction":[{"@type":"CommentAction","name":"Comment","target":["https:\/\/newsestlyonnais.fr\/site\/2018\/06\/05\/pusignan-les-prochains-evenements-sur-la-commune\/#respond"]}]},{"@type":"WebPage","@id":"https:\/\/newsestlyonnais.fr\/site\/2018\/06\/05\/pusignan-les-prochains-evenements-sur-la-commune\/","url":"https:\/\/newsestlyonnais.fr\/site\/2018\/06\/05\/pusignan-les-prochains-evenements-sur-la-commune\/","name":"PUSIGNAN : Les prochains \u00e9v\u00e8nements sur la commune","isPartOf":{"@id":"https:\/\/newsestlyonnais.fr\/site\/#website"},"primaryImageOfPage":{"@id":"https:\/\/newsestlyonnais.fr\/site\/2018\/06\/05\/pusignan-les-prochains-evenements-sur-la-commune\/#primaryimage"},"image":{"@id":"https:\/\/newsestlyonnais.fr\/site\/2018\/06\/05\/pusignan-les-prochains-evenements-sur-la-commune\/#primaryimage"},"thumbnailUrl":"https:\/\/newsestlyonnais.fr\/site\/wp-content\/uploads\/2016\/04\/NEWSESTLYONNAIS-PAN-PUSIGNAN.jpg","datePublished":"2018-06-05T17:27:19+00:00","dateModified":"2020-11-15T19:42:22+00:00","description":"PUSIGNAN : Les prochains \u00e9v\u00e8nements sur la commune","breadcrumb":{"@id":"https:\/\/newsestlyonnais.fr\/site\/2018\/06\/05\/pusignan-les-prochains-evenements-sur-la-commune\/#breadcrumb"},"inLanguage":"fr-FR","potentialAction":[{"@type":"ReadAction","target":["https:\/\/newsestlyonnais.fr\/site\/2018\/06\/05\/pusignan-les-prochains-evenements-sur-la-commune\/"]}]},{"@type":"ImageObject","inLanguage":"fr-FR","@id":"https:\/\/newsestlyonnais.fr\/site\/2018\/06\/05\/pusignan-les-prochains-evenements-sur-la-commune\/#primaryimage","url":"https:\/\/newsestlyonnais.fr\/site\/wp-content\/uploads\/2016\/04\/NEWSESTLYONNAIS-PAN-PUSIGNAN.jpg","contentUrl":"https:\/\/newsestlyonnais.fr\/site\/wp-content\/uploads\/2016\/04\/NEWSESTLYONNAIS-PAN-PUSIGNAN.jpg","width":1000,"height":750,"caption":"NEWSESTLYONNAIS - PAN PUSIGNAN"},{"@type":"BreadcrumbList","@id":"https:\/\/newsestlyonnais.fr\/site\/2018\/06\/05\/pusignan-les-prochains-evenements-sur-la-commune\/#breadcrumb","itemListElement":[{"@type":"ListItem","position":1,"name":"Accueil","item":"https:\/\/newsestlyonnais.fr\/site\/"},{"@type":"ListItem","position":2,"name":"PUSIGNAN | Les prochains \u00e9v\u00e8nements sur la commune"}]},{"@type":"WebSite","@id":"https:\/\/newsestlyonnais.fr\/site\/#website","url":"https:\/\/newsestlyonnais.fr\/site\/","name":"News Est Lyonnais","description":"L&#039;actualit\u00e9 au plus pr\u00e8s","publisher":{"@id":"https:\/\/newsestlyonnais.fr\/site\/#organization"},"potentialAction":[{"@type":"SearchAction","target":{"@type":"EntryPoint","urlTemplate":"https:\/\/newsestlyonnais.fr\/site\/?s={search_term_string}"},"query-input":{"@type":"PropertyValueSpecification","valueRequired":true,"valueName":"search_term_string"}}],"inLanguage":"fr-FR"},{"@type":"Organization","@id":"https:\/\/newsestlyonnais.fr\/site\/#organization","name":"News EST LYONNAIS","url":"https:\/\/newsestlyonnais.fr\/site\/","logo":{"@type":"ImageObject","inLanguage":"fr-FR","@id":"https:\/\/newsestlyonnais.fr\/site\/#\/schema\/logo\/image\/","url":"","contentUrl":"","caption":"News EST LYONNAIS"},"image":{"@id":"https:\/\/newsestlyonnais.fr\/site\/#\/schema\/logo\/image\/"}},{"@type":"Person","@id":"https:\/\/newsestlyonnais.fr\/site\/#\/schema\/person\/3230d5615f390bb808365d673001e887","name":"R\u00e9dac. NEWS","sameAs":["http:\/\/www.newsestlyonnais.fr","https:\/\/www.facebook.com\/pascal.oberson.1?fref=ts","https:\/\/fr.linkedin.com\/in\/pascal-oberson-b17045113"],"url":"https:\/\/newsestlyonnais.fr\/site\/author\/nel\/"}]}},"_links":{"self":[{"href":"https:\/\/newsestlyonnais.fr\/site\/wp-json\/wp\/v2\/posts\/50532","targetHints":{"allow":["GET"]}}],"collection":[{"href":"https:\/\/newsestlyonnais.fr\/site\/wp-json\/wp\/v2\/posts"}],"about":[{"href":"https:\/\/newsestlyonnais.fr\/site\/wp-json\/wp\/v2\/types\/post"}],"author":[{"embeddable":true,"href":"https:\/\/newsestlyonnais.fr\/site\/wp-json\/wp\/v2\/users\/4"}],"replies":[{"embeddable":true,"href":"https:\/\/newsestlyonnais.fr\/site\/wp-json\/wp\/v2\/comments?post=50532"}],"version-history":[{"count":0,"href":"https:\/\/newsestlyonnais.fr\/site\/wp-json\/wp\/v2\/posts\/50532\/revisions"}],"wp:featuredmedia":[{"embeddable":true,"href":"https:\/\/newsestlyonnais.fr\/site\/wp-json\/wp\/v2\/media\/6969"}],"wp:attachment":[{"href":"https:\/\/newsestlyonnais.fr\/site\/wp-json\/wp\/v2\/media?parent=50532"}],"wp:term":[{"taxonomy":"category","embeddable":true,"href":"https:\/\/newsestlyonnais.fr\/site\/wp-json\/wp\/v2\/categories?post=50532"},{"taxonomy":"post_tag","embeddable":true,"href":"https:\/\/newsestlyonnais.fr\/site\/wp-json\/wp\/v2\/tags?post=50532"}],"curies":[{"name":"wp","href":"https:\/\/api.w.org\/{rel}","templated":true}]}}