{"id":50793,"date":"2018-06-09T17:34:34","date_gmt":"2018-06-09T16:34:34","guid":{"rendered":"http:\/\/newsestlyonnais.fr\/site\/?p=50793"},"modified":"2020-11-05T06:23:40","modified_gmt":"2020-11-05T05:23:40","slug":"meyzieu-fete-du-tennis-et-demarrage-de-lopen-ce-samedi","status":"publish","type":"post","link":"https:\/\/newsestlyonnais.fr\/site\/2018\/06\/09\/meyzieu-fete-du-tennis-et-demarrage-de-lopen-ce-samedi\/","title":{"rendered":"MEYZIEU | F\u00eate du Tennis et d\u00e9marrage de l&rsquo;Open ce samedi"},"content":{"rendered":"<h4>Journ\u00e9e bien charg\u00e9e en ce chaud samedi pour le club de Meyzieu Tennis, du c\u00f4t\u00e9 du complexe des Servizi\u00e8res, avec 2 \u00e9v\u00e8nements organis\u00e9s :<\/h4>\n<ul>\n<li><strong>La F\u00eate du tennis<\/strong>, qui a rassembl\u00e9 tout au long de l&rsquo;apr\u00e8s-midi une soixantaine de personnes (<span style=\"text-decoration: underline\">PHOTO A LA UNE<\/span>). Des visiteurs d&rsquo;un jour (enfants et adultes) qui ont pu d\u00e9couvrir le tennis et les installations du club. Ils ont pu participer aux diverses animations propos\u00e9es (cours avec les professeurs de la section, matchs ou plan\u00e9to). Une manifestation mise en place ce week-end par la F\u00e9d\u00e9ration Fran\u00e7aise de Tennis et qui a connu un beau succ\u00e8s local avec les ateliers qui ont permis aux enfants de taper la balle avec leurs parents.<\/li>\n<li><strong>L&rsquo;Open de Meyzieu<\/strong> qui a d\u00e9marr\u00e9 d\u00e8s 9 heures du matin (affiche ci-dessous). Un tournoi qui se d\u00e9roulera sur 4 semaines pour s&rsquo;achever le dimanche 8 juillet et sera supervis\u00e9 par Marie-Isabelle Ponsson, juge-arbitre. 137 joueurs et joueuses sont d\u00e9j\u00e0 inscrit(e)s dans les 4 tableaux programm\u00e9s (seniors &amp; + 35 ans) en messieurs et dames. Meyzieu Tennis, dont une trentaine de ses membres disputeront ce tournoi, attendent une participation globale autour de 170 joueurs, soit comme en 2017. A noter que : <em><strong>dans le cadre d\u2019un partenariat mis en place avec le MEYZIEU TENNIS, vous pourrez retrouver sur le site , AU QUOTIDIEN les r\u00e9sultats de cet OPEN !<\/strong><\/em><\/li>\n<\/ul>\n<h4>Retrouvez l&rsquo;ACTU du club sur : http:\/\/www.meyzieutennis.com<\/h4>\n<p><img loading=\"lazy\" decoding=\"async\" class=\"size-medium wp-image-48772 aligncenter\" src=\"https:\/\/newsestlyonnais.fr\/site\/medias\/2018\/05\/NEWSESTLYONNAIS-Affiche-Open-2018-212x300.jpg\" alt=\"NEWSESTLYONNAIS -Affiche Open 2018\" width=\"212\" height=\"300\" srcset=\"https:\/\/newsestlyonnais.fr\/site\/wp-content\/uploads\/2018\/05\/NEWSESTLYONNAIS-Affiche-Open-2018-212x300.jpg 212w, https:\/\/newsestlyonnais.fr\/site\/wp-content\/uploads\/2018\/05\/NEWSESTLYONNAIS-Affiche-Open-2018.jpg 424w\" sizes=\"auto, (max-width: 212px) 100vw, 212px\" \/><\/p>\n<p>&nbsp;<\/p>\n<p>&nbsp;<\/p>\n<p>&nbsp;<\/p>\n","protected":false},"excerpt":{"rendered":"<p>Journ\u00e9e bien charg\u00e9e en ce chaud samedi pour le club de Meyzieu Tennis, du c\u00f4t\u00e9 du complexe des Servizi\u00e8res, avec 2 \u00e9v\u00e8nements organis\u00e9s : La F\u00eate du tennis, qui a rassembl\u00e9 tout au long de l&rsquo;apr\u00e8s-midi une soixantaine de personnes (PHOTO A LA UNE). Des visiteurs d&rsquo;un jour (enfants et adultes) qui ont pu d\u00e9couvrir [&hellip;]<\/p>\n","protected":false},"author":4,"featured_media":50799,"comment_status":"closed","ping_status":"closed","sticky":false,"template":"","format":"standard","meta":{"footnotes":""},"categories":[24,2992,2991],"tags":[],"class_list":["post-50793","post","type-post","status-publish","format-standard","has-post-thumbnail","hentry","category-meyzieu","category-tennis-padel","category-tennis-tennis-table-sports"],"yoast_head":"<!-- This site is optimized with the Yoast SEO plugin v27.2 - https:\/\/yoast.com\/product\/yoast-seo-wordpress\/ -->\n<title>MEYZIEU : F\u00eate du Tennis et d\u00e9marrage de l&#039;Open ce samedi !<\/title>\n<meta name=\"description\" content=\"MEYZIEU : F\u00eate du Tennis et d\u00e9marrage de l&#039;Open ce samedi !\" \/>\n<meta name=\"robots\" content=\"index, follow, max-snippet:-1, max-image-preview:large, max-video-preview:-1\" \/>\n<link rel=\"canonical\" href=\"https:\/\/newsestlyonnais.fr\/site\/2018\/06\/09\/meyzieu-fete-du-tennis-et-demarrage-de-lopen-ce-samedi\/\" \/>\n<meta property=\"og:locale\" content=\"fr_FR\" \/>\n<meta property=\"og:type\" content=\"article\" \/>\n<meta property=\"og:title\" content=\"MEYZIEU : F\u00eate du Tennis et d\u00e9marrage de l&#039;Open ce samedi !\" \/>\n<meta property=\"og:description\" content=\"MEYZIEU : F\u00eate du Tennis et d\u00e9marrage de l&#039;Open ce samedi !\" \/>\n<meta property=\"og:url\" content=\"https:\/\/newsestlyonnais.fr\/site\/2018\/06\/09\/meyzieu-fete-du-tennis-et-demarrage-de-lopen-ce-samedi\/\" \/>\n<meta property=\"og:site_name\" content=\"News Est Lyonnais\" \/>\n<meta property=\"article:author\" content=\"https:\/\/www.facebook.com\/pascal.oberson.1?fref=ts\" \/>\n<meta property=\"article:published_time\" content=\"2018-06-09T16:34:34+00:00\" \/>\n<meta property=\"article:modified_time\" content=\"2020-11-05T05:23:40+00:00\" \/>\n<meta property=\"og:image\" content=\"https:\/\/i0.wp.com\/newsestlyonnais.fr\/site\/wp-content\/uploads\/2018\/06\/NEWSESTLYONNAIS-FETE-TENNIS.jpg?fit=2048%2C1536&ssl=1\" \/>\n\t<meta property=\"og:image:width\" content=\"2048\" \/>\n\t<meta property=\"og:image:height\" content=\"1536\" \/>\n\t<meta property=\"og:image:type\" content=\"image\/jpeg\" \/>\n<meta name=\"author\" content=\"R\u00e9dac. NEWS\" \/>\n<meta name=\"twitter:card\" content=\"summary_large_image\" \/>\n<meta name=\"twitter:label1\" content=\"\u00c9crit par\" \/>\n\t<meta name=\"twitter:data1\" content=\"R\u00e9dac. NEWS\" \/>\n\t<meta name=\"twitter:label2\" content=\"Dur\u00e9e de lecture estim\u00e9e\" \/>\n\t<meta name=\"twitter:data2\" content=\"1 minute\" \/>\n<script type=\"application\/ld+json\" class=\"yoast-schema-graph\">{\"@context\":\"https:\/\/schema.org\",\"@graph\":[{\"@type\":\"Article\",\"@id\":\"https:\/\/newsestlyonnais.fr\/site\/2018\/06\/09\/meyzieu-fete-du-tennis-et-demarrage-de-lopen-ce-samedi\/#article\",\"isPartOf\":{\"@id\":\"https:\/\/newsestlyonnais.fr\/site\/2018\/06\/09\/meyzieu-fete-du-tennis-et-demarrage-de-lopen-ce-samedi\/\"},\"author\":{\"name\":\"R\u00e9dac. NEWS\",\"@id\":\"https:\/\/newsestlyonnais.fr\/site\/#\/schema\/person\/3230d5615f390bb808365d673001e887\"},\"headline\":\"MEYZIEU | F\u00eate du Tennis et d\u00e9marrage de l&rsquo;Open ce samedi\",\"datePublished\":\"2018-06-09T16:34:34+00:00\",\"dateModified\":\"2020-11-05T05:23:40+00:00\",\"mainEntityOfPage\":{\"@id\":\"https:\/\/newsestlyonnais.fr\/site\/2018\/06\/09\/meyzieu-fete-du-tennis-et-demarrage-de-lopen-ce-samedi\/\"},\"wordCount\":265,\"publisher\":{\"@id\":\"https:\/\/newsestlyonnais.fr\/site\/#organization\"},\"image\":{\"@id\":\"https:\/\/newsestlyonnais.fr\/site\/2018\/06\/09\/meyzieu-fete-du-tennis-et-demarrage-de-lopen-ce-samedi\/#primaryimage\"},\"thumbnailUrl\":\"https:\/\/newsestlyonnais.fr\/site\/wp-content\/uploads\/2018\/06\/NEWSESTLYONNAIS-FETE-TENNIS.jpg\",\"articleSection\":[\"Meyzieu\",\"Tennis | Padel\",\"Tennis | Tennis de table\"],\"inLanguage\":\"fr-FR\"},{\"@type\":\"WebPage\",\"@id\":\"https:\/\/newsestlyonnais.fr\/site\/2018\/06\/09\/meyzieu-fete-du-tennis-et-demarrage-de-lopen-ce-samedi\/\",\"url\":\"https:\/\/newsestlyonnais.fr\/site\/2018\/06\/09\/meyzieu-fete-du-tennis-et-demarrage-de-lopen-ce-samedi\/\",\"name\":\"MEYZIEU : F\u00eate du Tennis et d\u00e9marrage de l'Open ce samedi !\",\"isPartOf\":{\"@id\":\"https:\/\/newsestlyonnais.fr\/site\/#website\"},\"primaryImageOfPage\":{\"@id\":\"https:\/\/newsestlyonnais.fr\/site\/2018\/06\/09\/meyzieu-fete-du-tennis-et-demarrage-de-lopen-ce-samedi\/#primaryimage\"},\"image\":{\"@id\":\"https:\/\/newsestlyonnais.fr\/site\/2018\/06\/09\/meyzieu-fete-du-tennis-et-demarrage-de-lopen-ce-samedi\/#primaryimage\"},\"thumbnailUrl\":\"https:\/\/newsestlyonnais.fr\/site\/wp-content\/uploads\/2018\/06\/NEWSESTLYONNAIS-FETE-TENNIS.jpg\",\"datePublished\":\"2018-06-09T16:34:34+00:00\",\"dateModified\":\"2020-11-05T05:23:40+00:00\",\"description\":\"MEYZIEU : F\u00eate du Tennis et d\u00e9marrage de l'Open ce samedi !\",\"breadcrumb\":{\"@id\":\"https:\/\/newsestlyonnais.fr\/site\/2018\/06\/09\/meyzieu-fete-du-tennis-et-demarrage-de-lopen-ce-samedi\/#breadcrumb\"},\"inLanguage\":\"fr-FR\",\"potentialAction\":[{\"@type\":\"ReadAction\",\"target\":[\"https:\/\/newsestlyonnais.fr\/site\/2018\/06\/09\/meyzieu-fete-du-tennis-et-demarrage-de-lopen-ce-samedi\/\"]}]},{\"@type\":\"ImageObject\",\"inLanguage\":\"fr-FR\",\"@id\":\"https:\/\/newsestlyonnais.fr\/site\/2018\/06\/09\/meyzieu-fete-du-tennis-et-demarrage-de-lopen-ce-samedi\/#primaryimage\",\"url\":\"https:\/\/newsestlyonnais.fr\/site\/wp-content\/uploads\/2018\/06\/NEWSESTLYONNAIS-FETE-TENNIS.jpg\",\"contentUrl\":\"https:\/\/newsestlyonnais.fr\/site\/wp-content\/uploads\/2018\/06\/NEWSESTLYONNAIS-FETE-TENNIS.jpg\",\"width\":2048,\"height\":1536,\"caption\":\"NEWSESTLYONNAIS FETE TENNIS\"},{\"@type\":\"BreadcrumbList\",\"@id\":\"https:\/\/newsestlyonnais.fr\/site\/2018\/06\/09\/meyzieu-fete-du-tennis-et-demarrage-de-lopen-ce-samedi\/#breadcrumb\",\"itemListElement\":[{\"@type\":\"ListItem\",\"position\":1,\"name\":\"Accueil\",\"item\":\"https:\/\/newsestlyonnais.fr\/site\/\"},{\"@type\":\"ListItem\",\"position\":2,\"name\":\"MEYZIEU | F\u00eate du Tennis et d\u00e9marrage de l&rsquo;Open ce samedi\"}]},{\"@type\":\"WebSite\",\"@id\":\"https:\/\/newsestlyonnais.fr\/site\/#website\",\"url\":\"https:\/\/newsestlyonnais.fr\/site\/\",\"name\":\"News Est Lyonnais\",\"description\":\"L&#039;actualit\u00e9 au plus pr\u00e8s\",\"publisher\":{\"@id\":\"https:\/\/newsestlyonnais.fr\/site\/#organization\"},\"potentialAction\":[{\"@type\":\"SearchAction\",\"target\":{\"@type\":\"EntryPoint\",\"urlTemplate\":\"https:\/\/newsestlyonnais.fr\/site\/?s={search_term_string}\"},\"query-input\":{\"@type\":\"PropertyValueSpecification\",\"valueRequired\":true,\"valueName\":\"search_term_string\"}}],\"inLanguage\":\"fr-FR\"},{\"@type\":\"Organization\",\"@id\":\"https:\/\/newsestlyonnais.fr\/site\/#organization\",\"name\":\"News EST LYONNAIS\",\"url\":\"https:\/\/newsestlyonnais.fr\/site\/\",\"logo\":{\"@type\":\"ImageObject\",\"inLanguage\":\"fr-FR\",\"@id\":\"https:\/\/newsestlyonnais.fr\/site\/#\/schema\/logo\/image\/\",\"url\":\"\",\"contentUrl\":\"\",\"caption\":\"News EST LYONNAIS\"},\"image\":{\"@id\":\"https:\/\/newsestlyonnais.fr\/site\/#\/schema\/logo\/image\/\"}},{\"@type\":\"Person\",\"@id\":\"https:\/\/newsestlyonnais.fr\/site\/#\/schema\/person\/3230d5615f390bb808365d673001e887\",\"name\":\"R\u00e9dac. NEWS\",\"sameAs\":[\"http:\/\/www.newsestlyonnais.fr\",\"https:\/\/www.facebook.com\/pascal.oberson.1?fref=ts\",\"https:\/\/fr.linkedin.com\/in\/pascal-oberson-b17045113\"],\"url\":\"https:\/\/newsestlyonnais.fr\/site\/author\/nel\/\"}]}<\/script>\n<!-- \/ Yoast SEO plugin. -->","yoast_head_json":{"title":"MEYZIEU : F\u00eate du Tennis et d\u00e9marrage de l'Open ce samedi !","description":"MEYZIEU : F\u00eate du Tennis et d\u00e9marrage de l'Open ce samedi !","robots":{"index":"index","follow":"follow","max-snippet":"max-snippet:-1","max-image-preview":"max-image-preview:large","max-video-preview":"max-video-preview:-1"},"canonical":"https:\/\/newsestlyonnais.fr\/site\/2018\/06\/09\/meyzieu-fete-du-tennis-et-demarrage-de-lopen-ce-samedi\/","og_locale":"fr_FR","og_type":"article","og_title":"MEYZIEU : F\u00eate du Tennis et d\u00e9marrage de l'Open ce samedi !","og_description":"MEYZIEU : F\u00eate du Tennis et d\u00e9marrage de l'Open ce samedi !","og_url":"https:\/\/newsestlyonnais.fr\/site\/2018\/06\/09\/meyzieu-fete-du-tennis-et-demarrage-de-lopen-ce-samedi\/","og_site_name":"News Est Lyonnais","article_author":"https:\/\/www.facebook.com\/pascal.oberson.1?fref=ts","article_published_time":"2018-06-09T16:34:34+00:00","article_modified_time":"2020-11-05T05:23:40+00:00","og_image":[{"width":2048,"height":1536,"url":"https:\/\/i0.wp.com\/newsestlyonnais.fr\/site\/wp-content\/uploads\/2018\/06\/NEWSESTLYONNAIS-FETE-TENNIS.jpg?fit=2048%2C1536&ssl=1","type":"image\/jpeg"}],"author":"R\u00e9dac. NEWS","twitter_card":"summary_large_image","twitter_misc":{"\u00c9crit par":"R\u00e9dac. NEWS","Dur\u00e9e de lecture estim\u00e9e":"1 minute"},"schema":{"@context":"https:\/\/schema.org","@graph":[{"@type":"Article","@id":"https:\/\/newsestlyonnais.fr\/site\/2018\/06\/09\/meyzieu-fete-du-tennis-et-demarrage-de-lopen-ce-samedi\/#article","isPartOf":{"@id":"https:\/\/newsestlyonnais.fr\/site\/2018\/06\/09\/meyzieu-fete-du-tennis-et-demarrage-de-lopen-ce-samedi\/"},"author":{"name":"R\u00e9dac. NEWS","@id":"https:\/\/newsestlyonnais.fr\/site\/#\/schema\/person\/3230d5615f390bb808365d673001e887"},"headline":"MEYZIEU | F\u00eate du Tennis et d\u00e9marrage de l&rsquo;Open ce samedi","datePublished":"2018-06-09T16:34:34+00:00","dateModified":"2020-11-05T05:23:40+00:00","mainEntityOfPage":{"@id":"https:\/\/newsestlyonnais.fr\/site\/2018\/06\/09\/meyzieu-fete-du-tennis-et-demarrage-de-lopen-ce-samedi\/"},"wordCount":265,"publisher":{"@id":"https:\/\/newsestlyonnais.fr\/site\/#organization"},"image":{"@id":"https:\/\/newsestlyonnais.fr\/site\/2018\/06\/09\/meyzieu-fete-du-tennis-et-demarrage-de-lopen-ce-samedi\/#primaryimage"},"thumbnailUrl":"https:\/\/newsestlyonnais.fr\/site\/wp-content\/uploads\/2018\/06\/NEWSESTLYONNAIS-FETE-TENNIS.jpg","articleSection":["Meyzieu","Tennis | Padel","Tennis | Tennis de table"],"inLanguage":"fr-FR"},{"@type":"WebPage","@id":"https:\/\/newsestlyonnais.fr\/site\/2018\/06\/09\/meyzieu-fete-du-tennis-et-demarrage-de-lopen-ce-samedi\/","url":"https:\/\/newsestlyonnais.fr\/site\/2018\/06\/09\/meyzieu-fete-du-tennis-et-demarrage-de-lopen-ce-samedi\/","name":"MEYZIEU : F\u00eate du Tennis et d\u00e9marrage de l'Open ce samedi !","isPartOf":{"@id":"https:\/\/newsestlyonnais.fr\/site\/#website"},"primaryImageOfPage":{"@id":"https:\/\/newsestlyonnais.fr\/site\/2018\/06\/09\/meyzieu-fete-du-tennis-et-demarrage-de-lopen-ce-samedi\/#primaryimage"},"image":{"@id":"https:\/\/newsestlyonnais.fr\/site\/2018\/06\/09\/meyzieu-fete-du-tennis-et-demarrage-de-lopen-ce-samedi\/#primaryimage"},"thumbnailUrl":"https:\/\/newsestlyonnais.fr\/site\/wp-content\/uploads\/2018\/06\/NEWSESTLYONNAIS-FETE-TENNIS.jpg","datePublished":"2018-06-09T16:34:34+00:00","dateModified":"2020-11-05T05:23:40+00:00","description":"MEYZIEU : F\u00eate du Tennis et d\u00e9marrage de l'Open ce samedi !","breadcrumb":{"@id":"https:\/\/newsestlyonnais.fr\/site\/2018\/06\/09\/meyzieu-fete-du-tennis-et-demarrage-de-lopen-ce-samedi\/#breadcrumb"},"inLanguage":"fr-FR","potentialAction":[{"@type":"ReadAction","target":["https:\/\/newsestlyonnais.fr\/site\/2018\/06\/09\/meyzieu-fete-du-tennis-et-demarrage-de-lopen-ce-samedi\/"]}]},{"@type":"ImageObject","inLanguage":"fr-FR","@id":"https:\/\/newsestlyonnais.fr\/site\/2018\/06\/09\/meyzieu-fete-du-tennis-et-demarrage-de-lopen-ce-samedi\/#primaryimage","url":"https:\/\/newsestlyonnais.fr\/site\/wp-content\/uploads\/2018\/06\/NEWSESTLYONNAIS-FETE-TENNIS.jpg","contentUrl":"https:\/\/newsestlyonnais.fr\/site\/wp-content\/uploads\/2018\/06\/NEWSESTLYONNAIS-FETE-TENNIS.jpg","width":2048,"height":1536,"caption":"NEWSESTLYONNAIS FETE TENNIS"},{"@type":"BreadcrumbList","@id":"https:\/\/newsestlyonnais.fr\/site\/2018\/06\/09\/meyzieu-fete-du-tennis-et-demarrage-de-lopen-ce-samedi\/#breadcrumb","itemListElement":[{"@type":"ListItem","position":1,"name":"Accueil","item":"https:\/\/newsestlyonnais.fr\/site\/"},{"@type":"ListItem","position":2,"name":"MEYZIEU | F\u00eate du Tennis et d\u00e9marrage de l&rsquo;Open ce samedi"}]},{"@type":"WebSite","@id":"https:\/\/newsestlyonnais.fr\/site\/#website","url":"https:\/\/newsestlyonnais.fr\/site\/","name":"News Est Lyonnais","description":"L&#039;actualit\u00e9 au plus pr\u00e8s","publisher":{"@id":"https:\/\/newsestlyonnais.fr\/site\/#organization"},"potentialAction":[{"@type":"SearchAction","target":{"@type":"EntryPoint","urlTemplate":"https:\/\/newsestlyonnais.fr\/site\/?s={search_term_string}"},"query-input":{"@type":"PropertyValueSpecification","valueRequired":true,"valueName":"search_term_string"}}],"inLanguage":"fr-FR"},{"@type":"Organization","@id":"https:\/\/newsestlyonnais.fr\/site\/#organization","name":"News EST LYONNAIS","url":"https:\/\/newsestlyonnais.fr\/site\/","logo":{"@type":"ImageObject","inLanguage":"fr-FR","@id":"https:\/\/newsestlyonnais.fr\/site\/#\/schema\/logo\/image\/","url":"","contentUrl":"","caption":"News EST LYONNAIS"},"image":{"@id":"https:\/\/newsestlyonnais.fr\/site\/#\/schema\/logo\/image\/"}},{"@type":"Person","@id":"https:\/\/newsestlyonnais.fr\/site\/#\/schema\/person\/3230d5615f390bb808365d673001e887","name":"R\u00e9dac. NEWS","sameAs":["http:\/\/www.newsestlyonnais.fr","https:\/\/www.facebook.com\/pascal.oberson.1?fref=ts","https:\/\/fr.linkedin.com\/in\/pascal-oberson-b17045113"],"url":"https:\/\/newsestlyonnais.fr\/site\/author\/nel\/"}]}},"_links":{"self":[{"href":"https:\/\/newsestlyonnais.fr\/site\/wp-json\/wp\/v2\/posts\/50793","targetHints":{"allow":["GET"]}}],"collection":[{"href":"https:\/\/newsestlyonnais.fr\/site\/wp-json\/wp\/v2\/posts"}],"about":[{"href":"https:\/\/newsestlyonnais.fr\/site\/wp-json\/wp\/v2\/types\/post"}],"author":[{"embeddable":true,"href":"https:\/\/newsestlyonnais.fr\/site\/wp-json\/wp\/v2\/users\/4"}],"replies":[{"embeddable":true,"href":"https:\/\/newsestlyonnais.fr\/site\/wp-json\/wp\/v2\/comments?post=50793"}],"version-history":[{"count":0,"href":"https:\/\/newsestlyonnais.fr\/site\/wp-json\/wp\/v2\/posts\/50793\/revisions"}],"wp:featuredmedia":[{"embeddable":true,"href":"https:\/\/newsestlyonnais.fr\/site\/wp-json\/wp\/v2\/media\/50799"}],"wp:attachment":[{"href":"https:\/\/newsestlyonnais.fr\/site\/wp-json\/wp\/v2\/media?parent=50793"}],"wp:term":[{"taxonomy":"category","embeddable":true,"href":"https:\/\/newsestlyonnais.fr\/site\/wp-json\/wp\/v2\/categories?post=50793"},{"taxonomy":"post_tag","embeddable":true,"href":"https:\/\/newsestlyonnais.fr\/site\/wp-json\/wp\/v2\/tags?post=50793"}],"curies":[{"name":"wp","href":"https:\/\/api.w.org\/{rel}","templated":true}]}}