{"id":50894,"date":"2018-06-10T18:15:17","date_gmt":"2018-06-10T17:15:17","guid":{"rendered":"http:\/\/newsestlyonnais.fr\/site\/?p=50894"},"modified":"2020-10-31T17:18:36","modified_gmt":"2020-10-31T16:18:36","slug":"venissieux-3-titres-au-championnat-de-france-veterans-pour-le-sen-no-sen-karate","status":"publish","type":"post","link":"https:\/\/newsestlyonnais.fr\/site\/2018\/06\/10\/venissieux-3-titres-au-championnat-de-france-veterans-pour-le-sen-no-sen-karate\/","title":{"rendered":"VENISSIEUX | 3 titres au championnat de France v\u00e9t\u00e9rans pour le Sen No Sen karat\u00e9 !"},"content":{"rendered":"<p class=\"ox-7ffa3e62a5-MsoNormal\">Ce week-end, la ville d&rsquo; Orl\u00e9ans accueillait les championnats de France v\u00e9t\u00e9rans, en combats et en katas.<\/p>\n<p class=\"ox-7ffa3e62a5-MsoNormal\">La d\u00e9l\u00e9gation du Sen No Sen compos\u00e9e de <strong>Marie-Claude Barbin<\/strong>, <strong>St\u00e9phane Gothuey<\/strong>, <strong>Ahmed Bitam<\/strong>, <strong>Madjid Nekoul<\/strong> et <strong>Pierre-Yves Barbin<\/strong> ram\u00e8ne 3 titres de champions de France !<\/p>\n<ul>\n<li class=\"ox-7ffa3e62a5-MsoNormal\">Le samedi, en combats, en v\u00e9t\u00e9rans 1 masculins (- 75 kg), <strong>Pierre-Yves Barbin<\/strong> s\u2019incline (1-1, sur d\u00e9cision) au premier tour contre un des demi-finalistes. En v\u00e9t\u00e9rans 2 masculins (- 75 kg), <strong>Ahmed Bitam<\/strong> a \u00e9t\u00e9 \u00e9limin\u00e9 en quart de finales tandis que <strong>St\u00e9phane Gothuey<\/strong> remporte le titre. En v\u00e9t\u00e9rans 4 f\u00e9minines (- 55 kg), <strong>Marie-Claude Barbin<\/strong> remporte \u00e9galement le titre.<\/li>\n<li class=\"ox-7ffa3e62a5-MsoNormal\">Ce dimanche, en kata, en v\u00e9t\u00e9rans 3 masculin, <strong>Madjid Nekoul<\/strong> s\u2019incline au premier tour. En v\u00e9t\u00e9rans 2 masculins, <strong>St\u00e9phane Gothuey<\/strong> perd au troisi\u00e8me tour. En v\u00e9t\u00e9rans 4 f\u00e9minines, <strong>Marie-Claude Barbin<\/strong> remporte de nouveau le titre et r\u00e9alise donc un doubl\u00e9.<\/li>\n<\/ul>\n<h4>Retrouvez l&rsquo;ACTU du club sur : <a href=\"http:\/\/sennosen.e-monsite.com\" target=\"_blank\" rel=\"noopener noreferrer\">http:\/\/sennosen.e-monsite.com<\/a><\/h4>\n<div id='gallery-1' class='gallery galleryid-50894 gallery-columns-3 gallery-size-thumbnail'><figure class='gallery-item'>\n\t\t\t<div class='gallery-icon landscape'>\n\t\t\t\t<a href='https:\/\/newsestlyonnais.fr\/site\/2018\/06\/10\/venissieux-3-titres-au-championnat-de-france-veterans-pour-le-sen-no-sen-karate\/newsestlyonnais-veterans-sennosen\/'><img loading=\"lazy\" decoding=\"async\" width=\"150\" height=\"150\" src=\"https:\/\/newsestlyonnais.fr\/site\/wp-content\/uploads\/2018\/06\/NEWSESTLYONNAIS-VETERANS-SENNOSEN-150x150.jpg\" class=\"attachment-thumbnail size-thumbnail\" alt=\"NEWSESTLYONNAIS VETERANS SENNOSEN\" \/><\/a>\n\t\t\t<\/div><\/figure><figure class='gallery-item'>\n\t\t\t<div class='gallery-icon portrait'>\n\t\t\t\t<a href='https:\/\/newsestlyonnais.fr\/site\/2018\/06\/10\/venissieux-3-titres-au-championnat-de-france-veterans-pour-le-sen-no-sen-karate\/newsestlyonnais-mc-barbinkata-1\/'><img loading=\"lazy\" decoding=\"async\" width=\"150\" height=\"150\" src=\"https:\/\/newsestlyonnais.fr\/site\/wp-content\/uploads\/2018\/06\/NEWSESTLYONNAIS-MC-BARBINkata-1-150x150.jpg\" class=\"attachment-thumbnail size-thumbnail\" alt=\"NEWSESTLYONNAIS MC-BARBINkata (1)\" aria-describedby=\"gallery-1-50902\" \/><\/a>\n\t\t\t<\/div>\n\t\t\t\t<figcaption class='wp-caption-text gallery-caption' id='gallery-1-50902'>\n\t\t\t\tMarie Claude Barbin a r\u00e9alis\u00e9 le doubl\u00e9 !\n\t\t\t\t<\/figcaption><\/figure>\n\t\t<\/div>\n\n<p>&nbsp;<\/p>\n","protected":false},"excerpt":{"rendered":"<p>Ce week-end, la ville d&rsquo; Orl\u00e9ans accueillait les championnats de France v\u00e9t\u00e9rans, en combats et en katas. La d\u00e9l\u00e9gation du Sen No Sen compos\u00e9e de Marie-Claude Barbin, St\u00e9phane Gothuey, Ahmed Bitam, Madjid Nekoul et Pierre-Yves Barbin ram\u00e8ne 3 titres de champions de France ! Le samedi, en combats, en v\u00e9t\u00e9rans 1 masculins (- 75 kg), [&hellip;]<\/p>\n","protected":false},"author":4,"featured_media":19188,"comment_status":"open","ping_status":"open","sticky":false,"template":"","format":"standard","meta":{"footnotes":""},"categories":[2994,1353,1298],"tags":[],"class_list":["post-50894","post","type-post","status-publish","format-standard","has-post-thumbnail","hentry","category-judo-karate-taekwondo-sports","category-karate","category-venissieux"],"yoast_head":"<!-- This site is optimized with the Yoast SEO plugin v27.2 - https:\/\/yoast.com\/product\/yoast-seo-wordpress\/ -->\n<title>VENISSIEUX : 3 titres au championnat de France v\u00e9t\u00e9rans pour le Sen No Sen karat\u00e9 !<\/title>\n<meta name=\"description\" content=\"VENISSIEUX : 3 titres au championnat de France v\u00e9t\u00e9rans pour le Sen No Sen karat\u00e9 !\" \/>\n<meta name=\"robots\" content=\"index, follow, max-snippet:-1, max-image-preview:large, max-video-preview:-1\" \/>\n<link rel=\"canonical\" href=\"https:\/\/newsestlyonnais.fr\/site\/2018\/06\/10\/venissieux-3-titres-au-championnat-de-france-veterans-pour-le-sen-no-sen-karate\/\" \/>\n<meta property=\"og:locale\" content=\"fr_FR\" \/>\n<meta property=\"og:type\" content=\"article\" \/>\n<meta property=\"og:title\" content=\"VENISSIEUX : 3 titres au championnat de France v\u00e9t\u00e9rans pour le Sen No Sen karat\u00e9 !\" \/>\n<meta property=\"og:description\" content=\"VENISSIEUX : 3 titres au championnat de France v\u00e9t\u00e9rans pour le Sen No Sen karat\u00e9 !\" \/>\n<meta property=\"og:url\" content=\"https:\/\/newsestlyonnais.fr\/site\/2018\/06\/10\/venissieux-3-titres-au-championnat-de-france-veterans-pour-le-sen-no-sen-karate\/\" \/>\n<meta property=\"og:site_name\" content=\"News Est Lyonnais\" \/>\n<meta property=\"article:author\" content=\"https:\/\/www.facebook.com\/pascal.oberson.1?fref=ts\" \/>\n<meta property=\"article:published_time\" content=\"2018-06-10T17:15:17+00:00\" \/>\n<meta property=\"article:modified_time\" content=\"2020-10-31T16:18:36+00:00\" \/>\n<meta property=\"og:image\" content=\"https:\/\/i2.wp.com\/newsestlyonnais.fr\/site\/wp-content\/uploads\/2017\/01\/NEWSESTLYONNAIS-LOGO-SEN-NO-SEN-KSnesennosen-karate-club-3.jpg?fit=250%2C150&ssl=1\" \/>\n\t<meta property=\"og:image:width\" content=\"250\" \/>\n\t<meta property=\"og:image:height\" content=\"150\" \/>\n\t<meta property=\"og:image:type\" content=\"image\/jpeg\" \/>\n<meta name=\"author\" content=\"R\u00e9dac. NEWS\" \/>\n<meta name=\"twitter:card\" content=\"summary_large_image\" \/>\n<meta name=\"twitter:label1\" content=\"\u00c9crit par\" \/>\n\t<meta name=\"twitter:data1\" content=\"R\u00e9dac. NEWS\" \/>\n\t<meta name=\"twitter:label2\" content=\"Dur\u00e9e de lecture estim\u00e9e\" \/>\n\t<meta name=\"twitter:data2\" content=\"1 minute\" \/>\n<script type=\"application\/ld+json\" class=\"yoast-schema-graph\">{\"@context\":\"https:\/\/schema.org\",\"@graph\":[{\"@type\":\"Article\",\"@id\":\"https:\/\/newsestlyonnais.fr\/site\/2018\/06\/10\/venissieux-3-titres-au-championnat-de-france-veterans-pour-le-sen-no-sen-karate\/#article\",\"isPartOf\":{\"@id\":\"https:\/\/newsestlyonnais.fr\/site\/2018\/06\/10\/venissieux-3-titres-au-championnat-de-france-veterans-pour-le-sen-no-sen-karate\/\"},\"author\":{\"name\":\"R\u00e9dac. NEWS\",\"@id\":\"https:\/\/newsestlyonnais.fr\/site\/#\/schema\/person\/3230d5615f390bb808365d673001e887\"},\"headline\":\"VENISSIEUX | 3 titres au championnat de France v\u00e9t\u00e9rans pour le Sen No Sen karat\u00e9 !\",\"datePublished\":\"2018-06-10T17:15:17+00:00\",\"dateModified\":\"2020-10-31T16:18:36+00:00\",\"mainEntityOfPage\":{\"@id\":\"https:\/\/newsestlyonnais.fr\/site\/2018\/06\/10\/venissieux-3-titres-au-championnat-de-france-veterans-pour-le-sen-no-sen-karate\/\"},\"wordCount\":192,\"commentCount\":0,\"publisher\":{\"@id\":\"https:\/\/newsestlyonnais.fr\/site\/#organization\"},\"image\":{\"@id\":\"https:\/\/newsestlyonnais.fr\/site\/2018\/06\/10\/venissieux-3-titres-au-championnat-de-france-veterans-pour-le-sen-no-sen-karate\/#primaryimage\"},\"thumbnailUrl\":\"https:\/\/newsestlyonnais.fr\/site\/wp-content\/uploads\/2017\/01\/NEWSESTLYONNAIS-LOGO-SEN-NO-SEN-KSnesennosen-karate-club-3.jpg\",\"articleSection\":[\"Judo| Karat\u00e9| Taekwondo\",\"Karat\u00e9\",\"V\u00e9nissieux\"],\"inLanguage\":\"fr-FR\",\"potentialAction\":[{\"@type\":\"CommentAction\",\"name\":\"Comment\",\"target\":[\"https:\/\/newsestlyonnais.fr\/site\/2018\/06\/10\/venissieux-3-titres-au-championnat-de-france-veterans-pour-le-sen-no-sen-karate\/#respond\"]}]},{\"@type\":\"WebPage\",\"@id\":\"https:\/\/newsestlyonnais.fr\/site\/2018\/06\/10\/venissieux-3-titres-au-championnat-de-france-veterans-pour-le-sen-no-sen-karate\/\",\"url\":\"https:\/\/newsestlyonnais.fr\/site\/2018\/06\/10\/venissieux-3-titres-au-championnat-de-france-veterans-pour-le-sen-no-sen-karate\/\",\"name\":\"VENISSIEUX : 3 titres au championnat de France v\u00e9t\u00e9rans pour le Sen No Sen karat\u00e9 !\",\"isPartOf\":{\"@id\":\"https:\/\/newsestlyonnais.fr\/site\/#website\"},\"primaryImageOfPage\":{\"@id\":\"https:\/\/newsestlyonnais.fr\/site\/2018\/06\/10\/venissieux-3-titres-au-championnat-de-france-veterans-pour-le-sen-no-sen-karate\/#primaryimage\"},\"image\":{\"@id\":\"https:\/\/newsestlyonnais.fr\/site\/2018\/06\/10\/venissieux-3-titres-au-championnat-de-france-veterans-pour-le-sen-no-sen-karate\/#primaryimage\"},\"thumbnailUrl\":\"https:\/\/newsestlyonnais.fr\/site\/wp-content\/uploads\/2017\/01\/NEWSESTLYONNAIS-LOGO-SEN-NO-SEN-KSnesennosen-karate-club-3.jpg\",\"datePublished\":\"2018-06-10T17:15:17+00:00\",\"dateModified\":\"2020-10-31T16:18:36+00:00\",\"description\":\"VENISSIEUX : 3 titres au championnat de France v\u00e9t\u00e9rans pour le Sen No Sen karat\u00e9 !\",\"breadcrumb\":{\"@id\":\"https:\/\/newsestlyonnais.fr\/site\/2018\/06\/10\/venissieux-3-titres-au-championnat-de-france-veterans-pour-le-sen-no-sen-karate\/#breadcrumb\"},\"inLanguage\":\"fr-FR\",\"potentialAction\":[{\"@type\":\"ReadAction\",\"target\":[\"https:\/\/newsestlyonnais.fr\/site\/2018\/06\/10\/venissieux-3-titres-au-championnat-de-france-veterans-pour-le-sen-no-sen-karate\/\"]}]},{\"@type\":\"ImageObject\",\"inLanguage\":\"fr-FR\",\"@id\":\"https:\/\/newsestlyonnais.fr\/site\/2018\/06\/10\/venissieux-3-titres-au-championnat-de-france-veterans-pour-le-sen-no-sen-karate\/#primaryimage\",\"url\":\"https:\/\/newsestlyonnais.fr\/site\/wp-content\/uploads\/2017\/01\/NEWSESTLYONNAIS-LOGO-SEN-NO-SEN-KSnesennosen-karate-club-3.jpg\",\"contentUrl\":\"https:\/\/newsestlyonnais.fr\/site\/wp-content\/uploads\/2017\/01\/NEWSESTLYONNAIS-LOGO-SEN-NO-SEN-KSnesennosen-karate-club-3.jpg\",\"width\":250,\"height\":150,\"caption\":\"NEWSESTLYONNAIS - LOGO SEN NO SEN KSnesennosen-karate-club-3\"},{\"@type\":\"BreadcrumbList\",\"@id\":\"https:\/\/newsestlyonnais.fr\/site\/2018\/06\/10\/venissieux-3-titres-au-championnat-de-france-veterans-pour-le-sen-no-sen-karate\/#breadcrumb\",\"itemListElement\":[{\"@type\":\"ListItem\",\"position\":1,\"name\":\"Accueil\",\"item\":\"https:\/\/newsestlyonnais.fr\/site\/\"},{\"@type\":\"ListItem\",\"position\":2,\"name\":\"VENISSIEUX | 3 titres au championnat de France v\u00e9t\u00e9rans pour le Sen No Sen karat\u00e9 !\"}]},{\"@type\":\"WebSite\",\"@id\":\"https:\/\/newsestlyonnais.fr\/site\/#website\",\"url\":\"https:\/\/newsestlyonnais.fr\/site\/\",\"name\":\"News Est Lyonnais\",\"description\":\"L&#039;actualit\u00e9 au plus pr\u00e8s\",\"publisher\":{\"@id\":\"https:\/\/newsestlyonnais.fr\/site\/#organization\"},\"potentialAction\":[{\"@type\":\"SearchAction\",\"target\":{\"@type\":\"EntryPoint\",\"urlTemplate\":\"https:\/\/newsestlyonnais.fr\/site\/?s={search_term_string}\"},\"query-input\":{\"@type\":\"PropertyValueSpecification\",\"valueRequired\":true,\"valueName\":\"search_term_string\"}}],\"inLanguage\":\"fr-FR\"},{\"@type\":\"Organization\",\"@id\":\"https:\/\/newsestlyonnais.fr\/site\/#organization\",\"name\":\"News EST LYONNAIS\",\"url\":\"https:\/\/newsestlyonnais.fr\/site\/\",\"logo\":{\"@type\":\"ImageObject\",\"inLanguage\":\"fr-FR\",\"@id\":\"https:\/\/newsestlyonnais.fr\/site\/#\/schema\/logo\/image\/\",\"url\":\"\",\"contentUrl\":\"\",\"caption\":\"News EST LYONNAIS\"},\"image\":{\"@id\":\"https:\/\/newsestlyonnais.fr\/site\/#\/schema\/logo\/image\/\"}},{\"@type\":\"Person\",\"@id\":\"https:\/\/newsestlyonnais.fr\/site\/#\/schema\/person\/3230d5615f390bb808365d673001e887\",\"name\":\"R\u00e9dac. NEWS\",\"sameAs\":[\"http:\/\/www.newsestlyonnais.fr\",\"https:\/\/www.facebook.com\/pascal.oberson.1?fref=ts\",\"https:\/\/fr.linkedin.com\/in\/pascal-oberson-b17045113\"],\"url\":\"https:\/\/newsestlyonnais.fr\/site\/author\/nel\/\"}]}<\/script>\n<!-- \/ Yoast SEO plugin. -->","yoast_head_json":{"title":"VENISSIEUX : 3 titres au championnat de France v\u00e9t\u00e9rans pour le Sen No Sen karat\u00e9 !","description":"VENISSIEUX : 3 titres au championnat de France v\u00e9t\u00e9rans pour le Sen No Sen karat\u00e9 !","robots":{"index":"index","follow":"follow","max-snippet":"max-snippet:-1","max-image-preview":"max-image-preview:large","max-video-preview":"max-video-preview:-1"},"canonical":"https:\/\/newsestlyonnais.fr\/site\/2018\/06\/10\/venissieux-3-titres-au-championnat-de-france-veterans-pour-le-sen-no-sen-karate\/","og_locale":"fr_FR","og_type":"article","og_title":"VENISSIEUX : 3 titres au championnat de France v\u00e9t\u00e9rans pour le Sen No Sen karat\u00e9 !","og_description":"VENISSIEUX : 3 titres au championnat de France v\u00e9t\u00e9rans pour le Sen No Sen karat\u00e9 !","og_url":"https:\/\/newsestlyonnais.fr\/site\/2018\/06\/10\/venissieux-3-titres-au-championnat-de-france-veterans-pour-le-sen-no-sen-karate\/","og_site_name":"News Est Lyonnais","article_author":"https:\/\/www.facebook.com\/pascal.oberson.1?fref=ts","article_published_time":"2018-06-10T17:15:17+00:00","article_modified_time":"2020-10-31T16:18:36+00:00","og_image":[{"width":250,"height":150,"url":"https:\/\/i2.wp.com\/newsestlyonnais.fr\/site\/wp-content\/uploads\/2017\/01\/NEWSESTLYONNAIS-LOGO-SEN-NO-SEN-KSnesennosen-karate-club-3.jpg?fit=250%2C150&ssl=1","type":"image\/jpeg"}],"author":"R\u00e9dac. NEWS","twitter_card":"summary_large_image","twitter_misc":{"\u00c9crit par":"R\u00e9dac. NEWS","Dur\u00e9e de lecture estim\u00e9e":"1 minute"},"schema":{"@context":"https:\/\/schema.org","@graph":[{"@type":"Article","@id":"https:\/\/newsestlyonnais.fr\/site\/2018\/06\/10\/venissieux-3-titres-au-championnat-de-france-veterans-pour-le-sen-no-sen-karate\/#article","isPartOf":{"@id":"https:\/\/newsestlyonnais.fr\/site\/2018\/06\/10\/venissieux-3-titres-au-championnat-de-france-veterans-pour-le-sen-no-sen-karate\/"},"author":{"name":"R\u00e9dac. NEWS","@id":"https:\/\/newsestlyonnais.fr\/site\/#\/schema\/person\/3230d5615f390bb808365d673001e887"},"headline":"VENISSIEUX | 3 titres au championnat de France v\u00e9t\u00e9rans pour le Sen No Sen karat\u00e9 !","datePublished":"2018-06-10T17:15:17+00:00","dateModified":"2020-10-31T16:18:36+00:00","mainEntityOfPage":{"@id":"https:\/\/newsestlyonnais.fr\/site\/2018\/06\/10\/venissieux-3-titres-au-championnat-de-france-veterans-pour-le-sen-no-sen-karate\/"},"wordCount":192,"commentCount":0,"publisher":{"@id":"https:\/\/newsestlyonnais.fr\/site\/#organization"},"image":{"@id":"https:\/\/newsestlyonnais.fr\/site\/2018\/06\/10\/venissieux-3-titres-au-championnat-de-france-veterans-pour-le-sen-no-sen-karate\/#primaryimage"},"thumbnailUrl":"https:\/\/newsestlyonnais.fr\/site\/wp-content\/uploads\/2017\/01\/NEWSESTLYONNAIS-LOGO-SEN-NO-SEN-KSnesennosen-karate-club-3.jpg","articleSection":["Judo| Karat\u00e9| Taekwondo","Karat\u00e9","V\u00e9nissieux"],"inLanguage":"fr-FR","potentialAction":[{"@type":"CommentAction","name":"Comment","target":["https:\/\/newsestlyonnais.fr\/site\/2018\/06\/10\/venissieux-3-titres-au-championnat-de-france-veterans-pour-le-sen-no-sen-karate\/#respond"]}]},{"@type":"WebPage","@id":"https:\/\/newsestlyonnais.fr\/site\/2018\/06\/10\/venissieux-3-titres-au-championnat-de-france-veterans-pour-le-sen-no-sen-karate\/","url":"https:\/\/newsestlyonnais.fr\/site\/2018\/06\/10\/venissieux-3-titres-au-championnat-de-france-veterans-pour-le-sen-no-sen-karate\/","name":"VENISSIEUX : 3 titres au championnat de France v\u00e9t\u00e9rans pour le Sen No Sen karat\u00e9 !","isPartOf":{"@id":"https:\/\/newsestlyonnais.fr\/site\/#website"},"primaryImageOfPage":{"@id":"https:\/\/newsestlyonnais.fr\/site\/2018\/06\/10\/venissieux-3-titres-au-championnat-de-france-veterans-pour-le-sen-no-sen-karate\/#primaryimage"},"image":{"@id":"https:\/\/newsestlyonnais.fr\/site\/2018\/06\/10\/venissieux-3-titres-au-championnat-de-france-veterans-pour-le-sen-no-sen-karate\/#primaryimage"},"thumbnailUrl":"https:\/\/newsestlyonnais.fr\/site\/wp-content\/uploads\/2017\/01\/NEWSESTLYONNAIS-LOGO-SEN-NO-SEN-KSnesennosen-karate-club-3.jpg","datePublished":"2018-06-10T17:15:17+00:00","dateModified":"2020-10-31T16:18:36+00:00","description":"VENISSIEUX : 3 titres au championnat de France v\u00e9t\u00e9rans pour le Sen No Sen karat\u00e9 !","breadcrumb":{"@id":"https:\/\/newsestlyonnais.fr\/site\/2018\/06\/10\/venissieux-3-titres-au-championnat-de-france-veterans-pour-le-sen-no-sen-karate\/#breadcrumb"},"inLanguage":"fr-FR","potentialAction":[{"@type":"ReadAction","target":["https:\/\/newsestlyonnais.fr\/site\/2018\/06\/10\/venissieux-3-titres-au-championnat-de-france-veterans-pour-le-sen-no-sen-karate\/"]}]},{"@type":"ImageObject","inLanguage":"fr-FR","@id":"https:\/\/newsestlyonnais.fr\/site\/2018\/06\/10\/venissieux-3-titres-au-championnat-de-france-veterans-pour-le-sen-no-sen-karate\/#primaryimage","url":"https:\/\/newsestlyonnais.fr\/site\/wp-content\/uploads\/2017\/01\/NEWSESTLYONNAIS-LOGO-SEN-NO-SEN-KSnesennosen-karate-club-3.jpg","contentUrl":"https:\/\/newsestlyonnais.fr\/site\/wp-content\/uploads\/2017\/01\/NEWSESTLYONNAIS-LOGO-SEN-NO-SEN-KSnesennosen-karate-club-3.jpg","width":250,"height":150,"caption":"NEWSESTLYONNAIS - LOGO SEN NO SEN KSnesennosen-karate-club-3"},{"@type":"BreadcrumbList","@id":"https:\/\/newsestlyonnais.fr\/site\/2018\/06\/10\/venissieux-3-titres-au-championnat-de-france-veterans-pour-le-sen-no-sen-karate\/#breadcrumb","itemListElement":[{"@type":"ListItem","position":1,"name":"Accueil","item":"https:\/\/newsestlyonnais.fr\/site\/"},{"@type":"ListItem","position":2,"name":"VENISSIEUX | 3 titres au championnat de France v\u00e9t\u00e9rans pour le Sen No Sen karat\u00e9 !"}]},{"@type":"WebSite","@id":"https:\/\/newsestlyonnais.fr\/site\/#website","url":"https:\/\/newsestlyonnais.fr\/site\/","name":"News Est Lyonnais","description":"L&#039;actualit\u00e9 au plus pr\u00e8s","publisher":{"@id":"https:\/\/newsestlyonnais.fr\/site\/#organization"},"potentialAction":[{"@type":"SearchAction","target":{"@type":"EntryPoint","urlTemplate":"https:\/\/newsestlyonnais.fr\/site\/?s={search_term_string}"},"query-input":{"@type":"PropertyValueSpecification","valueRequired":true,"valueName":"search_term_string"}}],"inLanguage":"fr-FR"},{"@type":"Organization","@id":"https:\/\/newsestlyonnais.fr\/site\/#organization","name":"News EST LYONNAIS","url":"https:\/\/newsestlyonnais.fr\/site\/","logo":{"@type":"ImageObject","inLanguage":"fr-FR","@id":"https:\/\/newsestlyonnais.fr\/site\/#\/schema\/logo\/image\/","url":"","contentUrl":"","caption":"News EST LYONNAIS"},"image":{"@id":"https:\/\/newsestlyonnais.fr\/site\/#\/schema\/logo\/image\/"}},{"@type":"Person","@id":"https:\/\/newsestlyonnais.fr\/site\/#\/schema\/person\/3230d5615f390bb808365d673001e887","name":"R\u00e9dac. NEWS","sameAs":["http:\/\/www.newsestlyonnais.fr","https:\/\/www.facebook.com\/pascal.oberson.1?fref=ts","https:\/\/fr.linkedin.com\/in\/pascal-oberson-b17045113"],"url":"https:\/\/newsestlyonnais.fr\/site\/author\/nel\/"}]}},"_links":{"self":[{"href":"https:\/\/newsestlyonnais.fr\/site\/wp-json\/wp\/v2\/posts\/50894","targetHints":{"allow":["GET"]}}],"collection":[{"href":"https:\/\/newsestlyonnais.fr\/site\/wp-json\/wp\/v2\/posts"}],"about":[{"href":"https:\/\/newsestlyonnais.fr\/site\/wp-json\/wp\/v2\/types\/post"}],"author":[{"embeddable":true,"href":"https:\/\/newsestlyonnais.fr\/site\/wp-json\/wp\/v2\/users\/4"}],"replies":[{"embeddable":true,"href":"https:\/\/newsestlyonnais.fr\/site\/wp-json\/wp\/v2\/comments?post=50894"}],"version-history":[{"count":0,"href":"https:\/\/newsestlyonnais.fr\/site\/wp-json\/wp\/v2\/posts\/50894\/revisions"}],"wp:featuredmedia":[{"embeddable":true,"href":"https:\/\/newsestlyonnais.fr\/site\/wp-json\/wp\/v2\/media\/19188"}],"wp:attachment":[{"href":"https:\/\/newsestlyonnais.fr\/site\/wp-json\/wp\/v2\/media?parent=50894"}],"wp:term":[{"taxonomy":"category","embeddable":true,"href":"https:\/\/newsestlyonnais.fr\/site\/wp-json\/wp\/v2\/categories?post=50894"},{"taxonomy":"post_tag","embeddable":true,"href":"https:\/\/newsestlyonnais.fr\/site\/wp-json\/wp\/v2\/tags?post=50894"}],"curies":[{"name":"wp","href":"https:\/\/api.w.org\/{rel}","templated":true}]}}