{"id":50905,"date":"2018-06-11T13:08:40","date_gmt":"2018-06-11T12:08:40","guid":{"rendered":"http:\/\/newsestlyonnais.fr\/site\/?p=50905"},"modified":"2020-10-31T17:17:52","modified_gmt":"2020-10-31T16:17:52","slug":"venissieux-le-bunkai-karate-do-acheve-sa-saison-par-un-carton-plein","status":"publish","type":"post","link":"https:\/\/newsestlyonnais.fr\/site\/2018\/06\/11\/venissieux-le-bunkai-karate-do-acheve-sa-saison-par-un-carton-plein\/","title":{"rendered":"VENISSIEUX | Le Bunka\u00ef Karat\u00e9 Do ach\u00e8ve sa saison par un carton plein !"},"content":{"rendered":"<h4><span class=\"_5yl5\">Le Bunkai Karat\u00e9 Do participait dimanche \u00e0 Lyon, \u00e0 la Maison du Judo, au <\/span><span class=\"_5yl5\">3\u00b0 Troph\u00e9e de la R\u00e9gion Rh\u00f4ne Alpes de karat\u00e9 contact. <\/span><\/h4>\n<p>Pour la <span class=\"_5yl5\">derni\u00e8re comp\u00e9tition officielle de la saison 2017 \/2018, le BKD a pr\u00e9sent\u00e9 12 \u00e9l\u00e8ves qui ont d\u00e9croch\u00e9 12 podiums ! Carton plein pour les comp\u00e9titeurs et comp\u00e9titrices ! <\/span><\/p>\n<p><span class=\"_5yl5\">\u00a0\u00bb <\/span><span class=\"_5yl5\">Les entra\u00eeneurs sont tr\u00e8s heureux et fiers de tous les \u00e9l\u00e8ves pr\u00e9sents ce jour ou non. La saison se termine tr\u00e8s bien avec beaucoup de podiums que ce soit en d\u00e9partementales, r\u00e9gionales ou nationales. Nous en profitons pour remercier tous nos sponsors qui nous ont tellement aid\u00e9s afin de pallier \u00e0 tous nos d\u00e9placements et achats de mat\u00e9riels. La racine du travail est parfois am\u00e8re, mais la saveur de ses fruits est toujours exquise\u2026 Un GRAND merci aux b\u00e9n\u00e9voles et nous vous donnons rendez-vous le 30 juin pour f\u00eater \u00e7a !\u00a0\u00bb confie Philippe Del Rey (directeur sportif et coach).<br \/>\n<\/span><\/p>\n<p><strong><em><span class=\"_5yl5\"><span style=\"text-decoration: underline\">Les r\u00e9sultats :<\/span> <\/span><\/em><\/strong><\/p>\n<ul>\n<li><span class=\"_5yl5\"><strong>Pupilles F\u00e9minines :<\/strong> (- 30 KG) : ZERROUG Romane 1\u00b0\u00a0 <\/span><\/li>\n<li><span class=\"_5yl5\"><strong>Pupilles Masculin<\/strong> (- 30 KG) : MEBARKI Rafik 2\u00b0 &amp; (-<\/span><span class=\"_5yl5\"> 35 KG) : ERTEKIN Ali 1\u00b0<\/span><\/li>\n<li><span class=\"_5yl5\"><strong> Benjamins Masculin<\/strong> (- 45 KG) : AYARI Mohamed 1\u00b0, MEBARKI Nadir 3\u00b0(<\/span><span class=\"_5yl5\">+ 60 KG) : MEBARKI Aymane\u00a0 1\u00b0 <\/span><\/li>\n<li><span class=\"_5yl5\"><strong>Minimes F\u00e9minines<\/strong> (- 45 KG) : ZERROUG Morjian 2\u00b0 <\/span><\/li>\n<li><span class=\"_5yl5\"><strong>Minimes<\/strong> <strong>Masculin<\/strong> (- 55 KG) : AZZOUG Kosseila 2\u00b0\u00a0 <\/span><\/li>\n<li><span class=\"_5yl5\"><strong>Cadettes<\/strong> (- 55 KG) : LOMBARDI SARDELLITTI Chiara 2\u00b0\u00a0 <\/span><\/li>\n<li><span class=\"_5yl5\"><strong>Juniors F\u00e9minines<\/strong> (- 53 KG) : DA SILVA Charl\u00e8ne 1\u00b0<\/span><\/li>\n<li><span class=\"_5yl5\"><strong>Seniors<\/strong> <strong>Masculin<\/strong> (- 72 KG) : MPANTO BOTOUE Ga\u00e9tan 1\u00b0 &amp; (- <\/span><span class=\"_5yl5\">76 KG) DI MEGLIO Kevin 2\u00b0<\/span><\/li>\n<\/ul>\n<p>D&rsquo;autre part, <span class=\"_5yl5\">BICER Veli a obtenu son dipl\u00f4me d&rsquo;arbitre national!<\/span><\/p>\n<p><strong>Actu du club sur : <a href=\"https:\/\/www.facebook.com\/search\/top\/?q=bunkai%20karate%20do%20full%20contact%20venissieux\" target=\"_blank\" rel=\"noopener noreferrer\">https:\/\/www.facebook.com\/search\/top\/?q=bunkai%20karate%20do%20full%20contact%20venissieux<\/a><\/strong><\/p>\n<div id='gallery-1' class='gallery galleryid-50905 gallery-columns-3 gallery-size-thumbnail'><figure class='gallery-item'>\n\t\t\t<div class='gallery-icon landscape'>\n\t\t\t\t<a href='https:\/\/newsestlyonnais.fr\/site\/2018\/06\/11\/venissieux-le-bunkai-karate-do-acheve-sa-saison-par-un-carton-plein\/newsestlyonnais-podiums\/'><img loading=\"lazy\" decoding=\"async\" width=\"150\" height=\"150\" src=\"https:\/\/newsestlyonnais.fr\/site\/wp-content\/uploads\/2018\/06\/NEWSESTLYONNAIS-PODIUMS-150x150.jpg\" class=\"attachment-thumbnail size-thumbnail\" alt=\"\" \/><\/a>\n\t\t\t<\/div><\/figure><figure class='gallery-item'>\n\t\t\t<div class='gallery-icon portrait'>\n\t\t\t\t<a href='https:\/\/newsestlyonnais.fr\/site\/2018\/06\/11\/venissieux-le-bunkai-karate-do-acheve-sa-saison-par-un-carton-plein\/newsestlyonnais-coachs-bkd\/'><img loading=\"lazy\" decoding=\"async\" width=\"150\" height=\"150\" src=\"https:\/\/newsestlyonnais.fr\/site\/wp-content\/uploads\/2018\/06\/NEWSESTLYONNAIS-COACHS-BKD-150x150.jpg\" class=\"attachment-thumbnail size-thumbnail\" alt=\"EWSESTLYONNAIS COACHS BKD\" \/><\/a>\n\t\t\t<\/div><\/figure>\n\t\t<\/div>\n\n<p>&nbsp;<\/p>\n","protected":false},"excerpt":{"rendered":"<p>Le Bunkai Karat\u00e9 Do participait dimanche \u00e0 Lyon, \u00e0 la Maison du Judo, au 3\u00b0 Troph\u00e9e de la R\u00e9gion Rh\u00f4ne Alpes de karat\u00e9 contact. Pour la derni\u00e8re comp\u00e9tition officielle de la saison 2017 \/2018, le BKD a pr\u00e9sent\u00e9 12 \u00e9l\u00e8ves qui ont d\u00e9croch\u00e9 12 podiums ! Carton plein pour les comp\u00e9titeurs et comp\u00e9titrices ! \u00a0\u00bb [&hellip;]<\/p>\n","protected":false},"author":4,"featured_media":50979,"comment_status":"open","ping_status":"open","sticky":false,"template":"","format":"standard","meta":{"footnotes":""},"categories":[2994,1353,1298],"tags":[],"class_list":["post-50905","post","type-post","status-publish","format-standard","has-post-thumbnail","hentry","category-judo-karate-taekwondo-sports","category-karate","category-venissieux"],"yoast_head":"<!-- This site is optimized with the Yoast SEO plugin v27.2 - https:\/\/yoast.com\/product\/yoast-seo-wordpress\/ -->\n<title>VENISSIEUX : Le Bunka\u00ef Karat\u00e9 Do ach\u00e8ve sa saison par un carton plein !<\/title>\n<meta name=\"description\" content=\"VENISSIEUX : Le Bunka\u00ef Karat\u00e9 Do ach\u00e8ve sa saison par un carton plein !\" \/>\n<meta name=\"robots\" content=\"index, follow, max-snippet:-1, max-image-preview:large, max-video-preview:-1\" \/>\n<link rel=\"canonical\" href=\"https:\/\/newsestlyonnais.fr\/site\/2018\/06\/11\/venissieux-le-bunkai-karate-do-acheve-sa-saison-par-un-carton-plein\/\" \/>\n<meta property=\"og:locale\" content=\"fr_FR\" \/>\n<meta property=\"og:type\" content=\"article\" \/>\n<meta property=\"og:title\" content=\"VENISSIEUX : Le Bunka\u00ef Karat\u00e9 Do ach\u00e8ve sa saison par un carton plein !\" \/>\n<meta property=\"og:description\" content=\"VENISSIEUX : Le Bunka\u00ef Karat\u00e9 Do ach\u00e8ve sa saison par un carton plein !\" \/>\n<meta property=\"og:url\" content=\"https:\/\/newsestlyonnais.fr\/site\/2018\/06\/11\/venissieux-le-bunkai-karate-do-acheve-sa-saison-par-un-carton-plein\/\" \/>\n<meta property=\"og:site_name\" content=\"News Est Lyonnais\" \/>\n<meta property=\"article:author\" content=\"https:\/\/www.facebook.com\/pascal.oberson.1?fref=ts\" \/>\n<meta property=\"article:published_time\" content=\"2018-06-11T12:08:40+00:00\" \/>\n<meta property=\"article:modified_time\" content=\"2020-10-31T16:17:52+00:00\" \/>\n<meta property=\"og:image\" content=\"https:\/\/i0.wp.com\/newsestlyonnais.fr\/site\/wp-content\/uploads\/2018\/06\/NEWSESTLYONNAIS-BUNKAI-KARATE-DO.jpg?fit=960%2C573&ssl=1\" \/>\n\t<meta property=\"og:image:width\" content=\"960\" \/>\n\t<meta property=\"og:image:height\" content=\"573\" \/>\n\t<meta property=\"og:image:type\" content=\"image\/jpeg\" \/>\n<meta name=\"author\" content=\"R\u00e9dac. NEWS\" \/>\n<meta name=\"twitter:card\" content=\"summary_large_image\" \/>\n<meta name=\"twitter:label1\" content=\"\u00c9crit par\" \/>\n\t<meta name=\"twitter:data1\" content=\"R\u00e9dac. NEWS\" \/>\n\t<meta name=\"twitter:label2\" content=\"Dur\u00e9e de lecture estim\u00e9e\" \/>\n\t<meta name=\"twitter:data2\" content=\"1 minute\" \/>\n<script type=\"application\/ld+json\" class=\"yoast-schema-graph\">{\"@context\":\"https:\/\/schema.org\",\"@graph\":[{\"@type\":\"Article\",\"@id\":\"https:\/\/newsestlyonnais.fr\/site\/2018\/06\/11\/venissieux-le-bunkai-karate-do-acheve-sa-saison-par-un-carton-plein\/#article\",\"isPartOf\":{\"@id\":\"https:\/\/newsestlyonnais.fr\/site\/2018\/06\/11\/venissieux-le-bunkai-karate-do-acheve-sa-saison-par-un-carton-plein\/\"},\"author\":{\"name\":\"R\u00e9dac. NEWS\",\"@id\":\"https:\/\/newsestlyonnais.fr\/site\/#\/schema\/person\/3230d5615f390bb808365d673001e887\"},\"headline\":\"VENISSIEUX | Le Bunka\u00ef Karat\u00e9 Do ach\u00e8ve sa saison par un carton plein !\",\"datePublished\":\"2018-06-11T12:08:40+00:00\",\"dateModified\":\"2020-10-31T16:17:52+00:00\",\"mainEntityOfPage\":{\"@id\":\"https:\/\/newsestlyonnais.fr\/site\/2018\/06\/11\/venissieux-le-bunkai-karate-do-acheve-sa-saison-par-un-carton-plein\/\"},\"wordCount\":287,\"commentCount\":0,\"publisher\":{\"@id\":\"https:\/\/newsestlyonnais.fr\/site\/#organization\"},\"image\":{\"@id\":\"https:\/\/newsestlyonnais.fr\/site\/2018\/06\/11\/venissieux-le-bunkai-karate-do-acheve-sa-saison-par-un-carton-plein\/#primaryimage\"},\"thumbnailUrl\":\"https:\/\/newsestlyonnais.fr\/site\/wp-content\/uploads\/2018\/06\/NEWSESTLYONNAIS-BUNKAI-KARATE-DO.jpg\",\"articleSection\":[\"Judo| Karat\u00e9| Taekwondo\",\"Karat\u00e9\",\"V\u00e9nissieux\"],\"inLanguage\":\"fr-FR\",\"potentialAction\":[{\"@type\":\"CommentAction\",\"name\":\"Comment\",\"target\":[\"https:\/\/newsestlyonnais.fr\/site\/2018\/06\/11\/venissieux-le-bunkai-karate-do-acheve-sa-saison-par-un-carton-plein\/#respond\"]}]},{\"@type\":\"WebPage\",\"@id\":\"https:\/\/newsestlyonnais.fr\/site\/2018\/06\/11\/venissieux-le-bunkai-karate-do-acheve-sa-saison-par-un-carton-plein\/\",\"url\":\"https:\/\/newsestlyonnais.fr\/site\/2018\/06\/11\/venissieux-le-bunkai-karate-do-acheve-sa-saison-par-un-carton-plein\/\",\"name\":\"VENISSIEUX : Le Bunka\u00ef Karat\u00e9 Do ach\u00e8ve sa saison par un carton plein !\",\"isPartOf\":{\"@id\":\"https:\/\/newsestlyonnais.fr\/site\/#website\"},\"primaryImageOfPage\":{\"@id\":\"https:\/\/newsestlyonnais.fr\/site\/2018\/06\/11\/venissieux-le-bunkai-karate-do-acheve-sa-saison-par-un-carton-plein\/#primaryimage\"},\"image\":{\"@id\":\"https:\/\/newsestlyonnais.fr\/site\/2018\/06\/11\/venissieux-le-bunkai-karate-do-acheve-sa-saison-par-un-carton-plein\/#primaryimage\"},\"thumbnailUrl\":\"https:\/\/newsestlyonnais.fr\/site\/wp-content\/uploads\/2018\/06\/NEWSESTLYONNAIS-BUNKAI-KARATE-DO.jpg\",\"datePublished\":\"2018-06-11T12:08:40+00:00\",\"dateModified\":\"2020-10-31T16:17:52+00:00\",\"description\":\"VENISSIEUX : Le Bunka\u00ef Karat\u00e9 Do ach\u00e8ve sa saison par un carton plein !\",\"breadcrumb\":{\"@id\":\"https:\/\/newsestlyonnais.fr\/site\/2018\/06\/11\/venissieux-le-bunkai-karate-do-acheve-sa-saison-par-un-carton-plein\/#breadcrumb\"},\"inLanguage\":\"fr-FR\",\"potentialAction\":[{\"@type\":\"ReadAction\",\"target\":[\"https:\/\/newsestlyonnais.fr\/site\/2018\/06\/11\/venissieux-le-bunkai-karate-do-acheve-sa-saison-par-un-carton-plein\/\"]}]},{\"@type\":\"ImageObject\",\"inLanguage\":\"fr-FR\",\"@id\":\"https:\/\/newsestlyonnais.fr\/site\/2018\/06\/11\/venissieux-le-bunkai-karate-do-acheve-sa-saison-par-un-carton-plein\/#primaryimage\",\"url\":\"https:\/\/newsestlyonnais.fr\/site\/wp-content\/uploads\/2018\/06\/NEWSESTLYONNAIS-BUNKAI-KARATE-DO.jpg\",\"contentUrl\":\"https:\/\/newsestlyonnais.fr\/site\/wp-content\/uploads\/2018\/06\/NEWSESTLYONNAIS-BUNKAI-KARATE-DO.jpg\",\"width\":960,\"height\":573,\"caption\":\"NEWSESTLYONNAIS BUNKAI KARATE DO\"},{\"@type\":\"BreadcrumbList\",\"@id\":\"https:\/\/newsestlyonnais.fr\/site\/2018\/06\/11\/venissieux-le-bunkai-karate-do-acheve-sa-saison-par-un-carton-plein\/#breadcrumb\",\"itemListElement\":[{\"@type\":\"ListItem\",\"position\":1,\"name\":\"Accueil\",\"item\":\"https:\/\/newsestlyonnais.fr\/site\/\"},{\"@type\":\"ListItem\",\"position\":2,\"name\":\"VENISSIEUX | Le Bunka\u00ef Karat\u00e9 Do ach\u00e8ve sa saison par un carton plein !\"}]},{\"@type\":\"WebSite\",\"@id\":\"https:\/\/newsestlyonnais.fr\/site\/#website\",\"url\":\"https:\/\/newsestlyonnais.fr\/site\/\",\"name\":\"News Est Lyonnais\",\"description\":\"L&#039;actualit\u00e9 au plus pr\u00e8s\",\"publisher\":{\"@id\":\"https:\/\/newsestlyonnais.fr\/site\/#organization\"},\"potentialAction\":[{\"@type\":\"SearchAction\",\"target\":{\"@type\":\"EntryPoint\",\"urlTemplate\":\"https:\/\/newsestlyonnais.fr\/site\/?s={search_term_string}\"},\"query-input\":{\"@type\":\"PropertyValueSpecification\",\"valueRequired\":true,\"valueName\":\"search_term_string\"}}],\"inLanguage\":\"fr-FR\"},{\"@type\":\"Organization\",\"@id\":\"https:\/\/newsestlyonnais.fr\/site\/#organization\",\"name\":\"News EST LYONNAIS\",\"url\":\"https:\/\/newsestlyonnais.fr\/site\/\",\"logo\":{\"@type\":\"ImageObject\",\"inLanguage\":\"fr-FR\",\"@id\":\"https:\/\/newsestlyonnais.fr\/site\/#\/schema\/logo\/image\/\",\"url\":\"\",\"contentUrl\":\"\",\"caption\":\"News EST LYONNAIS\"},\"image\":{\"@id\":\"https:\/\/newsestlyonnais.fr\/site\/#\/schema\/logo\/image\/\"}},{\"@type\":\"Person\",\"@id\":\"https:\/\/newsestlyonnais.fr\/site\/#\/schema\/person\/3230d5615f390bb808365d673001e887\",\"name\":\"R\u00e9dac. NEWS\",\"sameAs\":[\"http:\/\/www.newsestlyonnais.fr\",\"https:\/\/www.facebook.com\/pascal.oberson.1?fref=ts\",\"https:\/\/fr.linkedin.com\/in\/pascal-oberson-b17045113\"],\"url\":\"https:\/\/newsestlyonnais.fr\/site\/author\/nel\/\"}]}<\/script>\n<!-- \/ Yoast SEO plugin. -->","yoast_head_json":{"title":"VENISSIEUX : Le Bunka\u00ef Karat\u00e9 Do ach\u00e8ve sa saison par un carton plein !","description":"VENISSIEUX : Le Bunka\u00ef Karat\u00e9 Do ach\u00e8ve sa saison par un carton plein !","robots":{"index":"index","follow":"follow","max-snippet":"max-snippet:-1","max-image-preview":"max-image-preview:large","max-video-preview":"max-video-preview:-1"},"canonical":"https:\/\/newsestlyonnais.fr\/site\/2018\/06\/11\/venissieux-le-bunkai-karate-do-acheve-sa-saison-par-un-carton-plein\/","og_locale":"fr_FR","og_type":"article","og_title":"VENISSIEUX : Le Bunka\u00ef Karat\u00e9 Do ach\u00e8ve sa saison par un carton plein !","og_description":"VENISSIEUX : Le Bunka\u00ef Karat\u00e9 Do ach\u00e8ve sa saison par un carton plein !","og_url":"https:\/\/newsestlyonnais.fr\/site\/2018\/06\/11\/venissieux-le-bunkai-karate-do-acheve-sa-saison-par-un-carton-plein\/","og_site_name":"News Est Lyonnais","article_author":"https:\/\/www.facebook.com\/pascal.oberson.1?fref=ts","article_published_time":"2018-06-11T12:08:40+00:00","article_modified_time":"2020-10-31T16:17:52+00:00","og_image":[{"width":960,"height":573,"url":"https:\/\/i0.wp.com\/newsestlyonnais.fr\/site\/wp-content\/uploads\/2018\/06\/NEWSESTLYONNAIS-BUNKAI-KARATE-DO.jpg?fit=960%2C573&ssl=1","type":"image\/jpeg"}],"author":"R\u00e9dac. NEWS","twitter_card":"summary_large_image","twitter_misc":{"\u00c9crit par":"R\u00e9dac. NEWS","Dur\u00e9e de lecture estim\u00e9e":"1 minute"},"schema":{"@context":"https:\/\/schema.org","@graph":[{"@type":"Article","@id":"https:\/\/newsestlyonnais.fr\/site\/2018\/06\/11\/venissieux-le-bunkai-karate-do-acheve-sa-saison-par-un-carton-plein\/#article","isPartOf":{"@id":"https:\/\/newsestlyonnais.fr\/site\/2018\/06\/11\/venissieux-le-bunkai-karate-do-acheve-sa-saison-par-un-carton-plein\/"},"author":{"name":"R\u00e9dac. NEWS","@id":"https:\/\/newsestlyonnais.fr\/site\/#\/schema\/person\/3230d5615f390bb808365d673001e887"},"headline":"VENISSIEUX | Le Bunka\u00ef Karat\u00e9 Do ach\u00e8ve sa saison par un carton plein !","datePublished":"2018-06-11T12:08:40+00:00","dateModified":"2020-10-31T16:17:52+00:00","mainEntityOfPage":{"@id":"https:\/\/newsestlyonnais.fr\/site\/2018\/06\/11\/venissieux-le-bunkai-karate-do-acheve-sa-saison-par-un-carton-plein\/"},"wordCount":287,"commentCount":0,"publisher":{"@id":"https:\/\/newsestlyonnais.fr\/site\/#organization"},"image":{"@id":"https:\/\/newsestlyonnais.fr\/site\/2018\/06\/11\/venissieux-le-bunkai-karate-do-acheve-sa-saison-par-un-carton-plein\/#primaryimage"},"thumbnailUrl":"https:\/\/newsestlyonnais.fr\/site\/wp-content\/uploads\/2018\/06\/NEWSESTLYONNAIS-BUNKAI-KARATE-DO.jpg","articleSection":["Judo| Karat\u00e9| Taekwondo","Karat\u00e9","V\u00e9nissieux"],"inLanguage":"fr-FR","potentialAction":[{"@type":"CommentAction","name":"Comment","target":["https:\/\/newsestlyonnais.fr\/site\/2018\/06\/11\/venissieux-le-bunkai-karate-do-acheve-sa-saison-par-un-carton-plein\/#respond"]}]},{"@type":"WebPage","@id":"https:\/\/newsestlyonnais.fr\/site\/2018\/06\/11\/venissieux-le-bunkai-karate-do-acheve-sa-saison-par-un-carton-plein\/","url":"https:\/\/newsestlyonnais.fr\/site\/2018\/06\/11\/venissieux-le-bunkai-karate-do-acheve-sa-saison-par-un-carton-plein\/","name":"VENISSIEUX : Le Bunka\u00ef Karat\u00e9 Do ach\u00e8ve sa saison par un carton plein !","isPartOf":{"@id":"https:\/\/newsestlyonnais.fr\/site\/#website"},"primaryImageOfPage":{"@id":"https:\/\/newsestlyonnais.fr\/site\/2018\/06\/11\/venissieux-le-bunkai-karate-do-acheve-sa-saison-par-un-carton-plein\/#primaryimage"},"image":{"@id":"https:\/\/newsestlyonnais.fr\/site\/2018\/06\/11\/venissieux-le-bunkai-karate-do-acheve-sa-saison-par-un-carton-plein\/#primaryimage"},"thumbnailUrl":"https:\/\/newsestlyonnais.fr\/site\/wp-content\/uploads\/2018\/06\/NEWSESTLYONNAIS-BUNKAI-KARATE-DO.jpg","datePublished":"2018-06-11T12:08:40+00:00","dateModified":"2020-10-31T16:17:52+00:00","description":"VENISSIEUX : Le Bunka\u00ef Karat\u00e9 Do ach\u00e8ve sa saison par un carton plein !","breadcrumb":{"@id":"https:\/\/newsestlyonnais.fr\/site\/2018\/06\/11\/venissieux-le-bunkai-karate-do-acheve-sa-saison-par-un-carton-plein\/#breadcrumb"},"inLanguage":"fr-FR","potentialAction":[{"@type":"ReadAction","target":["https:\/\/newsestlyonnais.fr\/site\/2018\/06\/11\/venissieux-le-bunkai-karate-do-acheve-sa-saison-par-un-carton-plein\/"]}]},{"@type":"ImageObject","inLanguage":"fr-FR","@id":"https:\/\/newsestlyonnais.fr\/site\/2018\/06\/11\/venissieux-le-bunkai-karate-do-acheve-sa-saison-par-un-carton-plein\/#primaryimage","url":"https:\/\/newsestlyonnais.fr\/site\/wp-content\/uploads\/2018\/06\/NEWSESTLYONNAIS-BUNKAI-KARATE-DO.jpg","contentUrl":"https:\/\/newsestlyonnais.fr\/site\/wp-content\/uploads\/2018\/06\/NEWSESTLYONNAIS-BUNKAI-KARATE-DO.jpg","width":960,"height":573,"caption":"NEWSESTLYONNAIS BUNKAI KARATE DO"},{"@type":"BreadcrumbList","@id":"https:\/\/newsestlyonnais.fr\/site\/2018\/06\/11\/venissieux-le-bunkai-karate-do-acheve-sa-saison-par-un-carton-plein\/#breadcrumb","itemListElement":[{"@type":"ListItem","position":1,"name":"Accueil","item":"https:\/\/newsestlyonnais.fr\/site\/"},{"@type":"ListItem","position":2,"name":"VENISSIEUX | Le Bunka\u00ef Karat\u00e9 Do ach\u00e8ve sa saison par un carton plein !"}]},{"@type":"WebSite","@id":"https:\/\/newsestlyonnais.fr\/site\/#website","url":"https:\/\/newsestlyonnais.fr\/site\/","name":"News Est Lyonnais","description":"L&#039;actualit\u00e9 au plus pr\u00e8s","publisher":{"@id":"https:\/\/newsestlyonnais.fr\/site\/#organization"},"potentialAction":[{"@type":"SearchAction","target":{"@type":"EntryPoint","urlTemplate":"https:\/\/newsestlyonnais.fr\/site\/?s={search_term_string}"},"query-input":{"@type":"PropertyValueSpecification","valueRequired":true,"valueName":"search_term_string"}}],"inLanguage":"fr-FR"},{"@type":"Organization","@id":"https:\/\/newsestlyonnais.fr\/site\/#organization","name":"News EST LYONNAIS","url":"https:\/\/newsestlyonnais.fr\/site\/","logo":{"@type":"ImageObject","inLanguage":"fr-FR","@id":"https:\/\/newsestlyonnais.fr\/site\/#\/schema\/logo\/image\/","url":"","contentUrl":"","caption":"News EST LYONNAIS"},"image":{"@id":"https:\/\/newsestlyonnais.fr\/site\/#\/schema\/logo\/image\/"}},{"@type":"Person","@id":"https:\/\/newsestlyonnais.fr\/site\/#\/schema\/person\/3230d5615f390bb808365d673001e887","name":"R\u00e9dac. NEWS","sameAs":["http:\/\/www.newsestlyonnais.fr","https:\/\/www.facebook.com\/pascal.oberson.1?fref=ts","https:\/\/fr.linkedin.com\/in\/pascal-oberson-b17045113"],"url":"https:\/\/newsestlyonnais.fr\/site\/author\/nel\/"}]}},"_links":{"self":[{"href":"https:\/\/newsestlyonnais.fr\/site\/wp-json\/wp\/v2\/posts\/50905","targetHints":{"allow":["GET"]}}],"collection":[{"href":"https:\/\/newsestlyonnais.fr\/site\/wp-json\/wp\/v2\/posts"}],"about":[{"href":"https:\/\/newsestlyonnais.fr\/site\/wp-json\/wp\/v2\/types\/post"}],"author":[{"embeddable":true,"href":"https:\/\/newsestlyonnais.fr\/site\/wp-json\/wp\/v2\/users\/4"}],"replies":[{"embeddable":true,"href":"https:\/\/newsestlyonnais.fr\/site\/wp-json\/wp\/v2\/comments?post=50905"}],"version-history":[{"count":0,"href":"https:\/\/newsestlyonnais.fr\/site\/wp-json\/wp\/v2\/posts\/50905\/revisions"}],"wp:featuredmedia":[{"embeddable":true,"href":"https:\/\/newsestlyonnais.fr\/site\/wp-json\/wp\/v2\/media\/50979"}],"wp:attachment":[{"href":"https:\/\/newsestlyonnais.fr\/site\/wp-json\/wp\/v2\/media?parent=50905"}],"wp:term":[{"taxonomy":"category","embeddable":true,"href":"https:\/\/newsestlyonnais.fr\/site\/wp-json\/wp\/v2\/categories?post=50905"},{"taxonomy":"post_tag","embeddable":true,"href":"https:\/\/newsestlyonnais.fr\/site\/wp-json\/wp\/v2\/tags?post=50905"}],"curies":[{"name":"wp","href":"https:\/\/api.w.org\/{rel}","templated":true}]}}