{"id":51036,"date":"2018-06-12T05:39:30","date_gmt":"2018-06-12T04:39:30","guid":{"rendered":"http:\/\/newsestlyonnais.fr\/site\/?p=51036"},"modified":"2020-11-09T14:10:55","modified_gmt":"2020-11-09T13:10:55","slug":"genas-presentation-jeudi-de-la-saison-culturelle-2018-2019","status":"publish","type":"post","link":"https:\/\/newsestlyonnais.fr\/site\/2018\/06\/12\/genas-presentation-jeudi-de-la-saison-culturelle-2018-2019\/","title":{"rendered":"GENAS | Pr\u00e9sentation jeudi de la saison culturelle 2018 &#8211; 2019"},"content":{"rendered":"<h4>L\u2019agenda des rendez-vous culturels genassiens pour la saison 2018-2019 sera d\u00e9voil\u00e9 jeudi soir dans l\u2019Atrium de l\u2019H\u00f4tel de ville de Genas.<\/h4>\n<p>Alors que la saison culturelle 2017-2018 s\u2019est tout juste achev\u00e9e, la Ville de Genas propose un envol \u00e0 la d\u00e9couverte de la programmation 2018 \u2013 2019 sous le th\u00e8me \u00ab Libre{s}!<\/p>\n<p>Les Genassiens, et les autres, d\u00e9couvriront l\u2019ensemble des spectacles inscrits \u00e0 l\u2019agenda culturel, avec de multiples genres pour tous les go\u00fbts et tous les \u00e2ges : danse, musique, th\u00e9\u00e2tre, cirque acrobatique, lecture,<strong> soit plus de 20 spectacles<\/strong>, compl\u00e9t\u00e9s par <strong>10 rendez-vous \u00e0 la ludo-m\u00e9diath\u00e8que<\/strong> de Genas.<\/p>\n<p>Avec, cette ann\u00e9e, un <strong>d\u00e9marrage d\u00e8s le mois de juillet au Parc de Mathan<\/strong> dans le cadre de la programmation dite \u00ab hors les murs \u00bb pour une toile sous les \u00e9toiles.<\/p>\n<p><em><strong>Au programme<\/strong> <\/em>: Shrek 4 en juillet puis, fin ao\u00fbt, La La Land en s\u00e9ance de cin\u00e9ma en plein air !<br \/>\nEnfin, \u00e0 noter, en r\u00e9sonnance avec l\u2019inauguration de l\u2019\u00e9glise Saint-Bath\u00e9lemy dont la r\u00e9novation int\u00e9rieure s\u2019 ach\u00e8vera \u00e0 l\u2019hiver prochain, la programmation de Carmina Burana par l\u2019Ensemble Les Si\u00e8cles Romantiques dans ce lieu embl\u00e9matique de la m\u00e9moire genassienne.<\/p>\n<p>Cette pr\u00e9sentation de saison sera cl\u00f4tur\u00e9e par le spectacle \u00ab Envol \u00bb de la compagnie L\u00e9ards Dor\u00e9s mettant en sc\u00e8ne une danseuse dans les airs accompagn\u00e9e au piano.<\/p>\n<h4>&#8211;\u00a0 Jeudi 14 juin \u00e0 19 heures, dans l\u2019Atrium de l\u2019H\u00f4tel de ville de Genas, place du g\u00e9n\u00e9ral de Gaulle.<\/h4>\n<h4>Plus d&rsquo;infos sur : <a href=\"http:\/\/genas.fr\/une-ville-pleine-de-vies\/culture\/neutrino\" target=\"_blank\" rel=\"noopener noreferrer\">http:\/\/genas.fr\/une-ville-pleine-de-vies\/culture\/neutrino<\/a><\/h4>\n","protected":false},"excerpt":{"rendered":"<p>L\u2019agenda des rendez-vous culturels genassiens pour la saison 2018-2019 sera d\u00e9voil\u00e9 jeudi soir dans l\u2019Atrium de l\u2019H\u00f4tel de ville de Genas. Alors que la saison culturelle 2017-2018 s\u2019est tout juste achev\u00e9e, la Ville de Genas propose un envol \u00e0 la d\u00e9couverte de la programmation 2018 \u2013 2019 sous le th\u00e8me \u00ab Libre{s}! Les Genassiens, et [&hellip;]<\/p>\n","protected":false},"author":4,"featured_media":51040,"comment_status":"open","ping_status":"open","sticky":false,"template":"","format":"standard","meta":{"footnotes":""},"categories":[3003,270,1598,3330,3006],"tags":[],"class_list":["post-51036","post","type-post","status-publish","format-standard","has-post-thumbnail","hentry","category-bibliotheque-mediatheque-mjc","category-cte-de-communes-c-c-e-l","category-genas","category-mode-spectacle","category-musique-danse-humour"],"yoast_head":"<!-- This site is optimized with the Yoast SEO plugin v27.2 - https:\/\/yoast.com\/product\/yoast-seo-wordpress\/ -->\n<title>GENAS : Pr\u00e9sentation jeudi soir de la saison culturelle 2018 - 2019<\/title>\n<meta name=\"description\" content=\"GENAS : Pr\u00e9sentation jeudi soir de la saison culturelle 2018 - 2019\" \/>\n<meta name=\"robots\" content=\"index, follow, max-snippet:-1, max-image-preview:large, max-video-preview:-1\" \/>\n<link rel=\"canonical\" href=\"https:\/\/newsestlyonnais.fr\/site\/2018\/06\/12\/genas-presentation-jeudi-de-la-saison-culturelle-2018-2019\/\" \/>\n<meta property=\"og:locale\" content=\"fr_FR\" \/>\n<meta property=\"og:type\" content=\"article\" \/>\n<meta property=\"og:title\" content=\"GENAS : Pr\u00e9sentation jeudi soir de la saison culturelle 2018 - 2019\" \/>\n<meta property=\"og:description\" content=\"GENAS : Pr\u00e9sentation jeudi soir de la saison culturelle 2018 - 2019\" \/>\n<meta property=\"og:url\" content=\"https:\/\/newsestlyonnais.fr\/site\/2018\/06\/12\/genas-presentation-jeudi-de-la-saison-culturelle-2018-2019\/\" \/>\n<meta property=\"og:site_name\" content=\"News Est Lyonnais\" \/>\n<meta property=\"article:author\" content=\"https:\/\/www.facebook.com\/pascal.oberson.1?fref=ts\" \/>\n<meta property=\"article:published_time\" content=\"2018-06-12T04:39:30+00:00\" \/>\n<meta property=\"article:modified_time\" content=\"2020-11-09T13:10:55+00:00\" \/>\n<meta property=\"og:image\" content=\"https:\/\/i2.wp.com\/newsestlyonnais.fr\/site\/wp-content\/uploads\/2018\/06\/NEWSESTLYONNAIS-HV-GENAS.jpg?fit=445%2C250&ssl=1\" \/>\n\t<meta property=\"og:image:width\" content=\"445\" \/>\n\t<meta property=\"og:image:height\" content=\"250\" \/>\n\t<meta property=\"og:image:type\" content=\"image\/jpeg\" \/>\n<meta name=\"author\" content=\"R\u00e9dac. NEWS\" \/>\n<meta name=\"twitter:card\" content=\"summary_large_image\" \/>\n<meta name=\"twitter:label1\" content=\"\u00c9crit par\" \/>\n\t<meta name=\"twitter:data1\" content=\"R\u00e9dac. NEWS\" \/>\n\t<meta name=\"twitter:label2\" content=\"Dur\u00e9e de lecture estim\u00e9e\" \/>\n\t<meta name=\"twitter:data2\" content=\"1 minute\" \/>\n<script type=\"application\/ld+json\" class=\"yoast-schema-graph\">{\"@context\":\"https:\/\/schema.org\",\"@graph\":[{\"@type\":\"Article\",\"@id\":\"https:\/\/newsestlyonnais.fr\/site\/2018\/06\/12\/genas-presentation-jeudi-de-la-saison-culturelle-2018-2019\/#article\",\"isPartOf\":{\"@id\":\"https:\/\/newsestlyonnais.fr\/site\/2018\/06\/12\/genas-presentation-jeudi-de-la-saison-culturelle-2018-2019\/\"},\"author\":{\"name\":\"R\u00e9dac. NEWS\",\"@id\":\"https:\/\/newsestlyonnais.fr\/site\/#\/schema\/person\/3230d5615f390bb808365d673001e887\"},\"headline\":\"GENAS | Pr\u00e9sentation jeudi de la saison culturelle 2018 &#8211; 2019\",\"datePublished\":\"2018-06-12T04:39:30+00:00\",\"dateModified\":\"2020-11-09T13:10:55+00:00\",\"mainEntityOfPage\":{\"@id\":\"https:\/\/newsestlyonnais.fr\/site\/2018\/06\/12\/genas-presentation-jeudi-de-la-saison-culturelle-2018-2019\/\"},\"wordCount\":282,\"commentCount\":0,\"publisher\":{\"@id\":\"https:\/\/newsestlyonnais.fr\/site\/#organization\"},\"image\":{\"@id\":\"https:\/\/newsestlyonnais.fr\/site\/2018\/06\/12\/genas-presentation-jeudi-de-la-saison-culturelle-2018-2019\/#primaryimage\"},\"thumbnailUrl\":\"https:\/\/newsestlyonnais.fr\/site\/wp-content\/uploads\/2018\/06\/NEWSESTLYONNAIS-HV-GENAS.jpg\",\"articleSection\":[\"Biblioth\u00e8que | M\u00e9diath\u00e8que | MJC\",\"CCEL | Communes\",\"Genas\",\"Mode | Spectacle\",\"Musique | Danse | Humour\"],\"inLanguage\":\"fr-FR\",\"potentialAction\":[{\"@type\":\"CommentAction\",\"name\":\"Comment\",\"target\":[\"https:\/\/newsestlyonnais.fr\/site\/2018\/06\/12\/genas-presentation-jeudi-de-la-saison-culturelle-2018-2019\/#respond\"]}]},{\"@type\":\"WebPage\",\"@id\":\"https:\/\/newsestlyonnais.fr\/site\/2018\/06\/12\/genas-presentation-jeudi-de-la-saison-culturelle-2018-2019\/\",\"url\":\"https:\/\/newsestlyonnais.fr\/site\/2018\/06\/12\/genas-presentation-jeudi-de-la-saison-culturelle-2018-2019\/\",\"name\":\"GENAS : Pr\u00e9sentation jeudi soir de la saison culturelle 2018 - 2019\",\"isPartOf\":{\"@id\":\"https:\/\/newsestlyonnais.fr\/site\/#website\"},\"primaryImageOfPage\":{\"@id\":\"https:\/\/newsestlyonnais.fr\/site\/2018\/06\/12\/genas-presentation-jeudi-de-la-saison-culturelle-2018-2019\/#primaryimage\"},\"image\":{\"@id\":\"https:\/\/newsestlyonnais.fr\/site\/2018\/06\/12\/genas-presentation-jeudi-de-la-saison-culturelle-2018-2019\/#primaryimage\"},\"thumbnailUrl\":\"https:\/\/newsestlyonnais.fr\/site\/wp-content\/uploads\/2018\/06\/NEWSESTLYONNAIS-HV-GENAS.jpg\",\"datePublished\":\"2018-06-12T04:39:30+00:00\",\"dateModified\":\"2020-11-09T13:10:55+00:00\",\"description\":\"GENAS : Pr\u00e9sentation jeudi soir de la saison culturelle 2018 - 2019\",\"breadcrumb\":{\"@id\":\"https:\/\/newsestlyonnais.fr\/site\/2018\/06\/12\/genas-presentation-jeudi-de-la-saison-culturelle-2018-2019\/#breadcrumb\"},\"inLanguage\":\"fr-FR\",\"potentialAction\":[{\"@type\":\"ReadAction\",\"target\":[\"https:\/\/newsestlyonnais.fr\/site\/2018\/06\/12\/genas-presentation-jeudi-de-la-saison-culturelle-2018-2019\/\"]}]},{\"@type\":\"ImageObject\",\"inLanguage\":\"fr-FR\",\"@id\":\"https:\/\/newsestlyonnais.fr\/site\/2018\/06\/12\/genas-presentation-jeudi-de-la-saison-culturelle-2018-2019\/#primaryimage\",\"url\":\"https:\/\/newsestlyonnais.fr\/site\/wp-content\/uploads\/2018\/06\/NEWSESTLYONNAIS-HV-GENAS.jpg\",\"contentUrl\":\"https:\/\/newsestlyonnais.fr\/site\/wp-content\/uploads\/2018\/06\/NEWSESTLYONNAIS-HV-GENAS.jpg\",\"width\":445,\"height\":250,\"caption\":\"NEWSESTLYONNAIS-HV-GENAS\"},{\"@type\":\"BreadcrumbList\",\"@id\":\"https:\/\/newsestlyonnais.fr\/site\/2018\/06\/12\/genas-presentation-jeudi-de-la-saison-culturelle-2018-2019\/#breadcrumb\",\"itemListElement\":[{\"@type\":\"ListItem\",\"position\":1,\"name\":\"Accueil\",\"item\":\"https:\/\/newsestlyonnais.fr\/site\/\"},{\"@type\":\"ListItem\",\"position\":2,\"name\":\"GENAS | Pr\u00e9sentation jeudi de la saison culturelle 2018 &#8211; 2019\"}]},{\"@type\":\"WebSite\",\"@id\":\"https:\/\/newsestlyonnais.fr\/site\/#website\",\"url\":\"https:\/\/newsestlyonnais.fr\/site\/\",\"name\":\"News Est Lyonnais\",\"description\":\"L&#039;actualit\u00e9 au plus pr\u00e8s\",\"publisher\":{\"@id\":\"https:\/\/newsestlyonnais.fr\/site\/#organization\"},\"potentialAction\":[{\"@type\":\"SearchAction\",\"target\":{\"@type\":\"EntryPoint\",\"urlTemplate\":\"https:\/\/newsestlyonnais.fr\/site\/?s={search_term_string}\"},\"query-input\":{\"@type\":\"PropertyValueSpecification\",\"valueRequired\":true,\"valueName\":\"search_term_string\"}}],\"inLanguage\":\"fr-FR\"},{\"@type\":\"Organization\",\"@id\":\"https:\/\/newsestlyonnais.fr\/site\/#organization\",\"name\":\"News EST LYONNAIS\",\"url\":\"https:\/\/newsestlyonnais.fr\/site\/\",\"logo\":{\"@type\":\"ImageObject\",\"inLanguage\":\"fr-FR\",\"@id\":\"https:\/\/newsestlyonnais.fr\/site\/#\/schema\/logo\/image\/\",\"url\":\"\",\"contentUrl\":\"\",\"caption\":\"News EST LYONNAIS\"},\"image\":{\"@id\":\"https:\/\/newsestlyonnais.fr\/site\/#\/schema\/logo\/image\/\"}},{\"@type\":\"Person\",\"@id\":\"https:\/\/newsestlyonnais.fr\/site\/#\/schema\/person\/3230d5615f390bb808365d673001e887\",\"name\":\"R\u00e9dac. NEWS\",\"sameAs\":[\"http:\/\/www.newsestlyonnais.fr\",\"https:\/\/www.facebook.com\/pascal.oberson.1?fref=ts\",\"https:\/\/fr.linkedin.com\/in\/pascal-oberson-b17045113\"],\"url\":\"https:\/\/newsestlyonnais.fr\/site\/author\/nel\/\"}]}<\/script>\n<!-- \/ Yoast SEO plugin. -->","yoast_head_json":{"title":"GENAS : Pr\u00e9sentation jeudi soir de la saison culturelle 2018 - 2019","description":"GENAS : Pr\u00e9sentation jeudi soir de la saison culturelle 2018 - 2019","robots":{"index":"index","follow":"follow","max-snippet":"max-snippet:-1","max-image-preview":"max-image-preview:large","max-video-preview":"max-video-preview:-1"},"canonical":"https:\/\/newsestlyonnais.fr\/site\/2018\/06\/12\/genas-presentation-jeudi-de-la-saison-culturelle-2018-2019\/","og_locale":"fr_FR","og_type":"article","og_title":"GENAS : Pr\u00e9sentation jeudi soir de la saison culturelle 2018 - 2019","og_description":"GENAS : Pr\u00e9sentation jeudi soir de la saison culturelle 2018 - 2019","og_url":"https:\/\/newsestlyonnais.fr\/site\/2018\/06\/12\/genas-presentation-jeudi-de-la-saison-culturelle-2018-2019\/","og_site_name":"News Est Lyonnais","article_author":"https:\/\/www.facebook.com\/pascal.oberson.1?fref=ts","article_published_time":"2018-06-12T04:39:30+00:00","article_modified_time":"2020-11-09T13:10:55+00:00","og_image":[{"width":445,"height":250,"url":"https:\/\/i2.wp.com\/newsestlyonnais.fr\/site\/wp-content\/uploads\/2018\/06\/NEWSESTLYONNAIS-HV-GENAS.jpg?fit=445%2C250&ssl=1","type":"image\/jpeg"}],"author":"R\u00e9dac. NEWS","twitter_card":"summary_large_image","twitter_misc":{"\u00c9crit par":"R\u00e9dac. NEWS","Dur\u00e9e de lecture estim\u00e9e":"1 minute"},"schema":{"@context":"https:\/\/schema.org","@graph":[{"@type":"Article","@id":"https:\/\/newsestlyonnais.fr\/site\/2018\/06\/12\/genas-presentation-jeudi-de-la-saison-culturelle-2018-2019\/#article","isPartOf":{"@id":"https:\/\/newsestlyonnais.fr\/site\/2018\/06\/12\/genas-presentation-jeudi-de-la-saison-culturelle-2018-2019\/"},"author":{"name":"R\u00e9dac. NEWS","@id":"https:\/\/newsestlyonnais.fr\/site\/#\/schema\/person\/3230d5615f390bb808365d673001e887"},"headline":"GENAS | Pr\u00e9sentation jeudi de la saison culturelle 2018 &#8211; 2019","datePublished":"2018-06-12T04:39:30+00:00","dateModified":"2020-11-09T13:10:55+00:00","mainEntityOfPage":{"@id":"https:\/\/newsestlyonnais.fr\/site\/2018\/06\/12\/genas-presentation-jeudi-de-la-saison-culturelle-2018-2019\/"},"wordCount":282,"commentCount":0,"publisher":{"@id":"https:\/\/newsestlyonnais.fr\/site\/#organization"},"image":{"@id":"https:\/\/newsestlyonnais.fr\/site\/2018\/06\/12\/genas-presentation-jeudi-de-la-saison-culturelle-2018-2019\/#primaryimage"},"thumbnailUrl":"https:\/\/newsestlyonnais.fr\/site\/wp-content\/uploads\/2018\/06\/NEWSESTLYONNAIS-HV-GENAS.jpg","articleSection":["Biblioth\u00e8que | M\u00e9diath\u00e8que | MJC","CCEL | Communes","Genas","Mode | Spectacle","Musique | Danse | Humour"],"inLanguage":"fr-FR","potentialAction":[{"@type":"CommentAction","name":"Comment","target":["https:\/\/newsestlyonnais.fr\/site\/2018\/06\/12\/genas-presentation-jeudi-de-la-saison-culturelle-2018-2019\/#respond"]}]},{"@type":"WebPage","@id":"https:\/\/newsestlyonnais.fr\/site\/2018\/06\/12\/genas-presentation-jeudi-de-la-saison-culturelle-2018-2019\/","url":"https:\/\/newsestlyonnais.fr\/site\/2018\/06\/12\/genas-presentation-jeudi-de-la-saison-culturelle-2018-2019\/","name":"GENAS : Pr\u00e9sentation jeudi soir de la saison culturelle 2018 - 2019","isPartOf":{"@id":"https:\/\/newsestlyonnais.fr\/site\/#website"},"primaryImageOfPage":{"@id":"https:\/\/newsestlyonnais.fr\/site\/2018\/06\/12\/genas-presentation-jeudi-de-la-saison-culturelle-2018-2019\/#primaryimage"},"image":{"@id":"https:\/\/newsestlyonnais.fr\/site\/2018\/06\/12\/genas-presentation-jeudi-de-la-saison-culturelle-2018-2019\/#primaryimage"},"thumbnailUrl":"https:\/\/newsestlyonnais.fr\/site\/wp-content\/uploads\/2018\/06\/NEWSESTLYONNAIS-HV-GENAS.jpg","datePublished":"2018-06-12T04:39:30+00:00","dateModified":"2020-11-09T13:10:55+00:00","description":"GENAS : Pr\u00e9sentation jeudi soir de la saison culturelle 2018 - 2019","breadcrumb":{"@id":"https:\/\/newsestlyonnais.fr\/site\/2018\/06\/12\/genas-presentation-jeudi-de-la-saison-culturelle-2018-2019\/#breadcrumb"},"inLanguage":"fr-FR","potentialAction":[{"@type":"ReadAction","target":["https:\/\/newsestlyonnais.fr\/site\/2018\/06\/12\/genas-presentation-jeudi-de-la-saison-culturelle-2018-2019\/"]}]},{"@type":"ImageObject","inLanguage":"fr-FR","@id":"https:\/\/newsestlyonnais.fr\/site\/2018\/06\/12\/genas-presentation-jeudi-de-la-saison-culturelle-2018-2019\/#primaryimage","url":"https:\/\/newsestlyonnais.fr\/site\/wp-content\/uploads\/2018\/06\/NEWSESTLYONNAIS-HV-GENAS.jpg","contentUrl":"https:\/\/newsestlyonnais.fr\/site\/wp-content\/uploads\/2018\/06\/NEWSESTLYONNAIS-HV-GENAS.jpg","width":445,"height":250,"caption":"NEWSESTLYONNAIS-HV-GENAS"},{"@type":"BreadcrumbList","@id":"https:\/\/newsestlyonnais.fr\/site\/2018\/06\/12\/genas-presentation-jeudi-de-la-saison-culturelle-2018-2019\/#breadcrumb","itemListElement":[{"@type":"ListItem","position":1,"name":"Accueil","item":"https:\/\/newsestlyonnais.fr\/site\/"},{"@type":"ListItem","position":2,"name":"GENAS | Pr\u00e9sentation jeudi de la saison culturelle 2018 &#8211; 2019"}]},{"@type":"WebSite","@id":"https:\/\/newsestlyonnais.fr\/site\/#website","url":"https:\/\/newsestlyonnais.fr\/site\/","name":"News Est Lyonnais","description":"L&#039;actualit\u00e9 au plus pr\u00e8s","publisher":{"@id":"https:\/\/newsestlyonnais.fr\/site\/#organization"},"potentialAction":[{"@type":"SearchAction","target":{"@type":"EntryPoint","urlTemplate":"https:\/\/newsestlyonnais.fr\/site\/?s={search_term_string}"},"query-input":{"@type":"PropertyValueSpecification","valueRequired":true,"valueName":"search_term_string"}}],"inLanguage":"fr-FR"},{"@type":"Organization","@id":"https:\/\/newsestlyonnais.fr\/site\/#organization","name":"News EST LYONNAIS","url":"https:\/\/newsestlyonnais.fr\/site\/","logo":{"@type":"ImageObject","inLanguage":"fr-FR","@id":"https:\/\/newsestlyonnais.fr\/site\/#\/schema\/logo\/image\/","url":"","contentUrl":"","caption":"News EST LYONNAIS"},"image":{"@id":"https:\/\/newsestlyonnais.fr\/site\/#\/schema\/logo\/image\/"}},{"@type":"Person","@id":"https:\/\/newsestlyonnais.fr\/site\/#\/schema\/person\/3230d5615f390bb808365d673001e887","name":"R\u00e9dac. NEWS","sameAs":["http:\/\/www.newsestlyonnais.fr","https:\/\/www.facebook.com\/pascal.oberson.1?fref=ts","https:\/\/fr.linkedin.com\/in\/pascal-oberson-b17045113"],"url":"https:\/\/newsestlyonnais.fr\/site\/author\/nel\/"}]}},"_links":{"self":[{"href":"https:\/\/newsestlyonnais.fr\/site\/wp-json\/wp\/v2\/posts\/51036","targetHints":{"allow":["GET"]}}],"collection":[{"href":"https:\/\/newsestlyonnais.fr\/site\/wp-json\/wp\/v2\/posts"}],"about":[{"href":"https:\/\/newsestlyonnais.fr\/site\/wp-json\/wp\/v2\/types\/post"}],"author":[{"embeddable":true,"href":"https:\/\/newsestlyonnais.fr\/site\/wp-json\/wp\/v2\/users\/4"}],"replies":[{"embeddable":true,"href":"https:\/\/newsestlyonnais.fr\/site\/wp-json\/wp\/v2\/comments?post=51036"}],"version-history":[{"count":0,"href":"https:\/\/newsestlyonnais.fr\/site\/wp-json\/wp\/v2\/posts\/51036\/revisions"}],"wp:featuredmedia":[{"embeddable":true,"href":"https:\/\/newsestlyonnais.fr\/site\/wp-json\/wp\/v2\/media\/51040"}],"wp:attachment":[{"href":"https:\/\/newsestlyonnais.fr\/site\/wp-json\/wp\/v2\/media?parent=51036"}],"wp:term":[{"taxonomy":"category","embeddable":true,"href":"https:\/\/newsestlyonnais.fr\/site\/wp-json\/wp\/v2\/categories?post=51036"},{"taxonomy":"post_tag","embeddable":true,"href":"https:\/\/newsestlyonnais.fr\/site\/wp-json\/wp\/v2\/tags?post=51036"}],"curies":[{"name":"wp","href":"https:\/\/api.w.org\/{rel}","templated":true}]}}