{"id":51061,"date":"2018-06-12T07:41:07","date_gmt":"2018-06-12T06:41:07","guid":{"rendered":"http:\/\/newsestlyonnais.fr\/site\/?p=51061"},"modified":"2020-10-29T20:55:21","modified_gmt":"2020-10-29T19:55:21","slug":"villeurbanne-les-restaurants-scolaires-fetent-le-ballon-rond","status":"publish","type":"post","link":"https:\/\/newsestlyonnais.fr\/site\/2018\/06\/12\/villeurbanne-les-restaurants-scolaires-fetent-le-ballon-rond\/","title":{"rendered":"VILLEURBANNE | Les restaurants scolaires f\u00eatent le ballon rond"},"content":{"rendered":"<div>\n<h4>Les restaurants scolaires vont f\u00eater, jeudi 14 juin, le lancement de la Coupe du monde de football.<\/h4>\n<div>Menu russe, drapeaux, perruques et d\u00e9coration aux couleurs de l\u2019\u00e9quipe de France pour entamer ce mois de comp\u00e9tition mondiale !<\/div>\n<\/div>\n<div><\/div>\n<div>\n<div>Si la balle orange a les faveurs des jeunes Villeurbannais, le ballon rond n\u2019est pas en reste. Aussi, pour c\u00e9l\u00e9brer le<\/div>\n<div>lancement de la Coupe du monde de football en Russie, <strong>la Ville a d\u00e9cid\u00e9 de mettre les restaurants scolaires aux <\/strong><strong>couleurs de l\u2019\u00e9v\u00e9nement sportif.<\/strong><\/div>\n<div><\/div>\n<div>Jeudi 14 juin, ballons gonflables, maillots de joueurs, guirlandes tricolores&#8230; les restaurants scolaires de<\/div>\n<div>Villeurbanne seront \u00e0 la f\u00eate. Un \u00abdresscode\u00bb sera propos\u00e9 aux enfants qui souhaitent arborer les tenues de leurs<\/div>\n<div>joueurs pr\u00e9f\u00e9r\u00e9s ou de simples supporters. Et pour se mettre totalement dans l\u2019ambiance, les \u00e9coliers villeurbannais ainsi que les agents municipaux pourront d\u00e9guster un menu \u00ab100% russe \u00bb \u00e9labor\u00e9 par la cuisine centrale : mac\u00e9doine \u00e0 la russe, du Plov (une recette traditionnelle ouzbek \u00e0 base d\u2019agneau et de riz aux \u00e9pices \u2013 une variante \u00e0 base de poisson ou de l\u00e9gumes sera propos\u00e9e \u00e0 ceux qui ne mangent pas de viande) et, cerise sur le g\u00e2teau, pour le dessert, une pavlova \u00abrevisit\u00e9e\u00bb (fromage blanc, meringue et fruits rouges).<\/div>\n<\/div>\n<div><\/div>\n<h4>&#8211;\u00a0 Retrouvez l&rsquo;ACTU de la commune sur :\u00a0<a href=\"http:\/\/www.villeurbanne.fr\" target=\"_blank\" rel=\"noopener noreferrer\">http:\/\/www.villeurbanne.fr<\/a><\/h4>\n<div>\n<div><\/div>\n<\/div>\n","protected":false},"excerpt":{"rendered":"<p>Les restaurants scolaires vont f\u00eater, jeudi 14 juin, le lancement de la Coupe du monde de football. Menu russe, drapeaux, perruques et d\u00e9coration aux couleurs de l\u2019\u00e9quipe de France pour entamer ce mois de comp\u00e9tition mondiale ! Si la balle orange a les faveurs des jeunes Villeurbannais, le ballon rond n\u2019est pas en reste. Aussi, [&hellip;]<\/p>\n","protected":false},"author":4,"featured_media":12277,"comment_status":"open","ping_status":"open","sticky":false,"template":"","format":"standard","meta":{"footnotes":""},"categories":[3424,1329,2996,173,29],"tags":[],"class_list":["post-51061","post","type-post","status-publish","format-standard","has-post-thumbnail","hentry","category-cuisine-gastronomie","category-foot","category-football-rugby","category-scolaire","category-villeurbanne"],"yoast_head":"<!-- This site is optimized with the Yoast SEO plugin v27.2 - https:\/\/yoast.com\/product\/yoast-seo-wordpress\/ -->\n<title>VILLEURBANNE | Les restaurants scolaires f\u00eatent le ballon rond - News Est Lyonnais<\/title>\n<meta name=\"robots\" content=\"index, follow, max-snippet:-1, max-image-preview:large, max-video-preview:-1\" \/>\n<link rel=\"canonical\" href=\"https:\/\/newsestlyonnais.fr\/site\/2018\/06\/12\/villeurbanne-les-restaurants-scolaires-fetent-le-ballon-rond\/\" \/>\n<meta property=\"og:locale\" content=\"fr_FR\" \/>\n<meta property=\"og:type\" content=\"article\" \/>\n<meta property=\"og:title\" content=\"VILLEURBANNE | Les restaurants scolaires f\u00eatent le ballon rond - News Est Lyonnais\" \/>\n<meta property=\"og:description\" content=\"Les restaurants scolaires vont f\u00eater, jeudi 14 juin, le lancement de la Coupe du monde de football. Menu russe, drapeaux, perruques et d\u00e9coration aux couleurs de l\u2019\u00e9quipe de France pour entamer ce mois de comp\u00e9tition mondiale ! Si la balle orange a les faveurs des jeunes Villeurbannais, le ballon rond n\u2019est pas en reste. Aussi, [&hellip;]\" \/>\n<meta property=\"og:url\" content=\"https:\/\/newsestlyonnais.fr\/site\/2018\/06\/12\/villeurbanne-les-restaurants-scolaires-fetent-le-ballon-rond\/\" \/>\n<meta property=\"og:site_name\" content=\"News Est Lyonnais\" \/>\n<meta property=\"article:author\" content=\"https:\/\/www.facebook.com\/pascal.oberson.1?fref=ts\" \/>\n<meta property=\"article:published_time\" content=\"2018-06-12T06:41:07+00:00\" \/>\n<meta property=\"article:modified_time\" content=\"2020-10-29T19:55:21+00:00\" \/>\n<meta property=\"og:image\" content=\"https:\/\/i0.wp.com\/newsestlyonnais.fr\/site\/wp-content\/uploads\/2016\/09\/NEWSESTLYONNAIS-PANNEAUVILLEURBANNE.jpg?fit=1000%2C750&ssl=1\" \/>\n\t<meta property=\"og:image:width\" content=\"1000\" \/>\n\t<meta property=\"og:image:height\" content=\"750\" \/>\n\t<meta property=\"og:image:type\" content=\"image\/jpeg\" \/>\n<meta name=\"author\" content=\"R\u00e9dac. NEWS\" \/>\n<meta name=\"twitter:card\" content=\"summary_large_image\" \/>\n<meta name=\"twitter:label1\" content=\"\u00c9crit par\" \/>\n\t<meta name=\"twitter:data1\" content=\"R\u00e9dac. NEWS\" \/>\n\t<meta name=\"twitter:label2\" content=\"Dur\u00e9e de lecture estim\u00e9e\" \/>\n\t<meta name=\"twitter:data2\" content=\"1 minute\" \/>\n<script type=\"application\/ld+json\" class=\"yoast-schema-graph\">{\"@context\":\"https:\/\/schema.org\",\"@graph\":[{\"@type\":\"Article\",\"@id\":\"https:\/\/newsestlyonnais.fr\/site\/2018\/06\/12\/villeurbanne-les-restaurants-scolaires-fetent-le-ballon-rond\/#article\",\"isPartOf\":{\"@id\":\"https:\/\/newsestlyonnais.fr\/site\/2018\/06\/12\/villeurbanne-les-restaurants-scolaires-fetent-le-ballon-rond\/\"},\"author\":{\"name\":\"R\u00e9dac. NEWS\",\"@id\":\"https:\/\/newsestlyonnais.fr\/site\/#\/schema\/person\/3230d5615f390bb808365d673001e887\"},\"headline\":\"VILLEURBANNE | Les restaurants scolaires f\u00eatent le ballon rond\",\"datePublished\":\"2018-06-12T06:41:07+00:00\",\"dateModified\":\"2020-10-29T19:55:21+00:00\",\"mainEntityOfPage\":{\"@id\":\"https:\/\/newsestlyonnais.fr\/site\/2018\/06\/12\/villeurbanne-les-restaurants-scolaires-fetent-le-ballon-rond\/\"},\"wordCount\":234,\"commentCount\":0,\"publisher\":{\"@id\":\"https:\/\/newsestlyonnais.fr\/site\/#organization\"},\"image\":{\"@id\":\"https:\/\/newsestlyonnais.fr\/site\/2018\/06\/12\/villeurbanne-les-restaurants-scolaires-fetent-le-ballon-rond\/#primaryimage\"},\"thumbnailUrl\":\"https:\/\/newsestlyonnais.fr\/site\/wp-content\/uploads\/2016\/09\/NEWSESTLYONNAIS-PANNEAUVILLEURBANNE.jpg\",\"articleSection\":[\"Cuisine | Gastronomie\",\"Foot | Futsal\",\"Foot | Rugby\",\"Scolaire\",\"Villeurbanne\"],\"inLanguage\":\"fr-FR\",\"potentialAction\":[{\"@type\":\"CommentAction\",\"name\":\"Comment\",\"target\":[\"https:\/\/newsestlyonnais.fr\/site\/2018\/06\/12\/villeurbanne-les-restaurants-scolaires-fetent-le-ballon-rond\/#respond\"]}]},{\"@type\":\"WebPage\",\"@id\":\"https:\/\/newsestlyonnais.fr\/site\/2018\/06\/12\/villeurbanne-les-restaurants-scolaires-fetent-le-ballon-rond\/\",\"url\":\"https:\/\/newsestlyonnais.fr\/site\/2018\/06\/12\/villeurbanne-les-restaurants-scolaires-fetent-le-ballon-rond\/\",\"name\":\"VILLEURBANNE | Les restaurants scolaires f\u00eatent le ballon rond - News Est Lyonnais\",\"isPartOf\":{\"@id\":\"https:\/\/newsestlyonnais.fr\/site\/#website\"},\"primaryImageOfPage\":{\"@id\":\"https:\/\/newsestlyonnais.fr\/site\/2018\/06\/12\/villeurbanne-les-restaurants-scolaires-fetent-le-ballon-rond\/#primaryimage\"},\"image\":{\"@id\":\"https:\/\/newsestlyonnais.fr\/site\/2018\/06\/12\/villeurbanne-les-restaurants-scolaires-fetent-le-ballon-rond\/#primaryimage\"},\"thumbnailUrl\":\"https:\/\/newsestlyonnais.fr\/site\/wp-content\/uploads\/2016\/09\/NEWSESTLYONNAIS-PANNEAUVILLEURBANNE.jpg\",\"datePublished\":\"2018-06-12T06:41:07+00:00\",\"dateModified\":\"2020-10-29T19:55:21+00:00\",\"breadcrumb\":{\"@id\":\"https:\/\/newsestlyonnais.fr\/site\/2018\/06\/12\/villeurbanne-les-restaurants-scolaires-fetent-le-ballon-rond\/#breadcrumb\"},\"inLanguage\":\"fr-FR\",\"potentialAction\":[{\"@type\":\"ReadAction\",\"target\":[\"https:\/\/newsestlyonnais.fr\/site\/2018\/06\/12\/villeurbanne-les-restaurants-scolaires-fetent-le-ballon-rond\/\"]}]},{\"@type\":\"ImageObject\",\"inLanguage\":\"fr-FR\",\"@id\":\"https:\/\/newsestlyonnais.fr\/site\/2018\/06\/12\/villeurbanne-les-restaurants-scolaires-fetent-le-ballon-rond\/#primaryimage\",\"url\":\"https:\/\/newsestlyonnais.fr\/site\/wp-content\/uploads\/2016\/09\/NEWSESTLYONNAIS-PANNEAUVILLEURBANNE.jpg\",\"contentUrl\":\"https:\/\/newsestlyonnais.fr\/site\/wp-content\/uploads\/2016\/09\/NEWSESTLYONNAIS-PANNEAUVILLEURBANNE.jpg\",\"width\":1000,\"height\":750,\"caption\":\"newsestlyonnais-panneauvilleurbanne\"},{\"@type\":\"BreadcrumbList\",\"@id\":\"https:\/\/newsestlyonnais.fr\/site\/2018\/06\/12\/villeurbanne-les-restaurants-scolaires-fetent-le-ballon-rond\/#breadcrumb\",\"itemListElement\":[{\"@type\":\"ListItem\",\"position\":1,\"name\":\"Accueil\",\"item\":\"https:\/\/newsestlyonnais.fr\/site\/\"},{\"@type\":\"ListItem\",\"position\":2,\"name\":\"VILLEURBANNE | Les restaurants scolaires f\u00eatent le ballon rond\"}]},{\"@type\":\"WebSite\",\"@id\":\"https:\/\/newsestlyonnais.fr\/site\/#website\",\"url\":\"https:\/\/newsestlyonnais.fr\/site\/\",\"name\":\"News Est Lyonnais\",\"description\":\"L&#039;actualit\u00e9 au plus pr\u00e8s\",\"publisher\":{\"@id\":\"https:\/\/newsestlyonnais.fr\/site\/#organization\"},\"potentialAction\":[{\"@type\":\"SearchAction\",\"target\":{\"@type\":\"EntryPoint\",\"urlTemplate\":\"https:\/\/newsestlyonnais.fr\/site\/?s={search_term_string}\"},\"query-input\":{\"@type\":\"PropertyValueSpecification\",\"valueRequired\":true,\"valueName\":\"search_term_string\"}}],\"inLanguage\":\"fr-FR\"},{\"@type\":\"Organization\",\"@id\":\"https:\/\/newsestlyonnais.fr\/site\/#organization\",\"name\":\"News EST LYONNAIS\",\"url\":\"https:\/\/newsestlyonnais.fr\/site\/\",\"logo\":{\"@type\":\"ImageObject\",\"inLanguage\":\"fr-FR\",\"@id\":\"https:\/\/newsestlyonnais.fr\/site\/#\/schema\/logo\/image\/\",\"url\":\"\",\"contentUrl\":\"\",\"caption\":\"News EST LYONNAIS\"},\"image\":{\"@id\":\"https:\/\/newsestlyonnais.fr\/site\/#\/schema\/logo\/image\/\"}},{\"@type\":\"Person\",\"@id\":\"https:\/\/newsestlyonnais.fr\/site\/#\/schema\/person\/3230d5615f390bb808365d673001e887\",\"name\":\"R\u00e9dac. NEWS\",\"sameAs\":[\"http:\/\/www.newsestlyonnais.fr\",\"https:\/\/www.facebook.com\/pascal.oberson.1?fref=ts\",\"https:\/\/fr.linkedin.com\/in\/pascal-oberson-b17045113\"],\"url\":\"https:\/\/newsestlyonnais.fr\/site\/author\/nel\/\"}]}<\/script>\n<!-- \/ Yoast SEO plugin. -->","yoast_head_json":{"title":"VILLEURBANNE | Les restaurants scolaires f\u00eatent le ballon rond - News Est Lyonnais","robots":{"index":"index","follow":"follow","max-snippet":"max-snippet:-1","max-image-preview":"max-image-preview:large","max-video-preview":"max-video-preview:-1"},"canonical":"https:\/\/newsestlyonnais.fr\/site\/2018\/06\/12\/villeurbanne-les-restaurants-scolaires-fetent-le-ballon-rond\/","og_locale":"fr_FR","og_type":"article","og_title":"VILLEURBANNE | Les restaurants scolaires f\u00eatent le ballon rond - News Est Lyonnais","og_description":"Les restaurants scolaires vont f\u00eater, jeudi 14 juin, le lancement de la Coupe du monde de football. Menu russe, drapeaux, perruques et d\u00e9coration aux couleurs de l\u2019\u00e9quipe de France pour entamer ce mois de comp\u00e9tition mondiale ! Si la balle orange a les faveurs des jeunes Villeurbannais, le ballon rond n\u2019est pas en reste. Aussi, [&hellip;]","og_url":"https:\/\/newsestlyonnais.fr\/site\/2018\/06\/12\/villeurbanne-les-restaurants-scolaires-fetent-le-ballon-rond\/","og_site_name":"News Est Lyonnais","article_author":"https:\/\/www.facebook.com\/pascal.oberson.1?fref=ts","article_published_time":"2018-06-12T06:41:07+00:00","article_modified_time":"2020-10-29T19:55:21+00:00","og_image":[{"width":1000,"height":750,"url":"https:\/\/i0.wp.com\/newsestlyonnais.fr\/site\/wp-content\/uploads\/2016\/09\/NEWSESTLYONNAIS-PANNEAUVILLEURBANNE.jpg?fit=1000%2C750&ssl=1","type":"image\/jpeg"}],"author":"R\u00e9dac. NEWS","twitter_card":"summary_large_image","twitter_misc":{"\u00c9crit par":"R\u00e9dac. NEWS","Dur\u00e9e de lecture estim\u00e9e":"1 minute"},"schema":{"@context":"https:\/\/schema.org","@graph":[{"@type":"Article","@id":"https:\/\/newsestlyonnais.fr\/site\/2018\/06\/12\/villeurbanne-les-restaurants-scolaires-fetent-le-ballon-rond\/#article","isPartOf":{"@id":"https:\/\/newsestlyonnais.fr\/site\/2018\/06\/12\/villeurbanne-les-restaurants-scolaires-fetent-le-ballon-rond\/"},"author":{"name":"R\u00e9dac. NEWS","@id":"https:\/\/newsestlyonnais.fr\/site\/#\/schema\/person\/3230d5615f390bb808365d673001e887"},"headline":"VILLEURBANNE | Les restaurants scolaires f\u00eatent le ballon rond","datePublished":"2018-06-12T06:41:07+00:00","dateModified":"2020-10-29T19:55:21+00:00","mainEntityOfPage":{"@id":"https:\/\/newsestlyonnais.fr\/site\/2018\/06\/12\/villeurbanne-les-restaurants-scolaires-fetent-le-ballon-rond\/"},"wordCount":234,"commentCount":0,"publisher":{"@id":"https:\/\/newsestlyonnais.fr\/site\/#organization"},"image":{"@id":"https:\/\/newsestlyonnais.fr\/site\/2018\/06\/12\/villeurbanne-les-restaurants-scolaires-fetent-le-ballon-rond\/#primaryimage"},"thumbnailUrl":"https:\/\/newsestlyonnais.fr\/site\/wp-content\/uploads\/2016\/09\/NEWSESTLYONNAIS-PANNEAUVILLEURBANNE.jpg","articleSection":["Cuisine | Gastronomie","Foot | Futsal","Foot | Rugby","Scolaire","Villeurbanne"],"inLanguage":"fr-FR","potentialAction":[{"@type":"CommentAction","name":"Comment","target":["https:\/\/newsestlyonnais.fr\/site\/2018\/06\/12\/villeurbanne-les-restaurants-scolaires-fetent-le-ballon-rond\/#respond"]}]},{"@type":"WebPage","@id":"https:\/\/newsestlyonnais.fr\/site\/2018\/06\/12\/villeurbanne-les-restaurants-scolaires-fetent-le-ballon-rond\/","url":"https:\/\/newsestlyonnais.fr\/site\/2018\/06\/12\/villeurbanne-les-restaurants-scolaires-fetent-le-ballon-rond\/","name":"VILLEURBANNE | Les restaurants scolaires f\u00eatent le ballon rond - News Est Lyonnais","isPartOf":{"@id":"https:\/\/newsestlyonnais.fr\/site\/#website"},"primaryImageOfPage":{"@id":"https:\/\/newsestlyonnais.fr\/site\/2018\/06\/12\/villeurbanne-les-restaurants-scolaires-fetent-le-ballon-rond\/#primaryimage"},"image":{"@id":"https:\/\/newsestlyonnais.fr\/site\/2018\/06\/12\/villeurbanne-les-restaurants-scolaires-fetent-le-ballon-rond\/#primaryimage"},"thumbnailUrl":"https:\/\/newsestlyonnais.fr\/site\/wp-content\/uploads\/2016\/09\/NEWSESTLYONNAIS-PANNEAUVILLEURBANNE.jpg","datePublished":"2018-06-12T06:41:07+00:00","dateModified":"2020-10-29T19:55:21+00:00","breadcrumb":{"@id":"https:\/\/newsestlyonnais.fr\/site\/2018\/06\/12\/villeurbanne-les-restaurants-scolaires-fetent-le-ballon-rond\/#breadcrumb"},"inLanguage":"fr-FR","potentialAction":[{"@type":"ReadAction","target":["https:\/\/newsestlyonnais.fr\/site\/2018\/06\/12\/villeurbanne-les-restaurants-scolaires-fetent-le-ballon-rond\/"]}]},{"@type":"ImageObject","inLanguage":"fr-FR","@id":"https:\/\/newsestlyonnais.fr\/site\/2018\/06\/12\/villeurbanne-les-restaurants-scolaires-fetent-le-ballon-rond\/#primaryimage","url":"https:\/\/newsestlyonnais.fr\/site\/wp-content\/uploads\/2016\/09\/NEWSESTLYONNAIS-PANNEAUVILLEURBANNE.jpg","contentUrl":"https:\/\/newsestlyonnais.fr\/site\/wp-content\/uploads\/2016\/09\/NEWSESTLYONNAIS-PANNEAUVILLEURBANNE.jpg","width":1000,"height":750,"caption":"newsestlyonnais-panneauvilleurbanne"},{"@type":"BreadcrumbList","@id":"https:\/\/newsestlyonnais.fr\/site\/2018\/06\/12\/villeurbanne-les-restaurants-scolaires-fetent-le-ballon-rond\/#breadcrumb","itemListElement":[{"@type":"ListItem","position":1,"name":"Accueil","item":"https:\/\/newsestlyonnais.fr\/site\/"},{"@type":"ListItem","position":2,"name":"VILLEURBANNE | Les restaurants scolaires f\u00eatent le ballon rond"}]},{"@type":"WebSite","@id":"https:\/\/newsestlyonnais.fr\/site\/#website","url":"https:\/\/newsestlyonnais.fr\/site\/","name":"News Est Lyonnais","description":"L&#039;actualit\u00e9 au plus pr\u00e8s","publisher":{"@id":"https:\/\/newsestlyonnais.fr\/site\/#organization"},"potentialAction":[{"@type":"SearchAction","target":{"@type":"EntryPoint","urlTemplate":"https:\/\/newsestlyonnais.fr\/site\/?s={search_term_string}"},"query-input":{"@type":"PropertyValueSpecification","valueRequired":true,"valueName":"search_term_string"}}],"inLanguage":"fr-FR"},{"@type":"Organization","@id":"https:\/\/newsestlyonnais.fr\/site\/#organization","name":"News EST LYONNAIS","url":"https:\/\/newsestlyonnais.fr\/site\/","logo":{"@type":"ImageObject","inLanguage":"fr-FR","@id":"https:\/\/newsestlyonnais.fr\/site\/#\/schema\/logo\/image\/","url":"","contentUrl":"","caption":"News EST LYONNAIS"},"image":{"@id":"https:\/\/newsestlyonnais.fr\/site\/#\/schema\/logo\/image\/"}},{"@type":"Person","@id":"https:\/\/newsestlyonnais.fr\/site\/#\/schema\/person\/3230d5615f390bb808365d673001e887","name":"R\u00e9dac. NEWS","sameAs":["http:\/\/www.newsestlyonnais.fr","https:\/\/www.facebook.com\/pascal.oberson.1?fref=ts","https:\/\/fr.linkedin.com\/in\/pascal-oberson-b17045113"],"url":"https:\/\/newsestlyonnais.fr\/site\/author\/nel\/"}]}},"_links":{"self":[{"href":"https:\/\/newsestlyonnais.fr\/site\/wp-json\/wp\/v2\/posts\/51061","targetHints":{"allow":["GET"]}}],"collection":[{"href":"https:\/\/newsestlyonnais.fr\/site\/wp-json\/wp\/v2\/posts"}],"about":[{"href":"https:\/\/newsestlyonnais.fr\/site\/wp-json\/wp\/v2\/types\/post"}],"author":[{"embeddable":true,"href":"https:\/\/newsestlyonnais.fr\/site\/wp-json\/wp\/v2\/users\/4"}],"replies":[{"embeddable":true,"href":"https:\/\/newsestlyonnais.fr\/site\/wp-json\/wp\/v2\/comments?post=51061"}],"version-history":[{"count":0,"href":"https:\/\/newsestlyonnais.fr\/site\/wp-json\/wp\/v2\/posts\/51061\/revisions"}],"wp:featuredmedia":[{"embeddable":true,"href":"https:\/\/newsestlyonnais.fr\/site\/wp-json\/wp\/v2\/media\/12277"}],"wp:attachment":[{"href":"https:\/\/newsestlyonnais.fr\/site\/wp-json\/wp\/v2\/media?parent=51061"}],"wp:term":[{"taxonomy":"category","embeddable":true,"href":"https:\/\/newsestlyonnais.fr\/site\/wp-json\/wp\/v2\/categories?post=51061"},{"taxonomy":"post_tag","embeddable":true,"href":"https:\/\/newsestlyonnais.fr\/site\/wp-json\/wp\/v2\/tags?post=51061"}],"curies":[{"name":"wp","href":"https:\/\/api.w.org\/{rel}","templated":true}]}}