{"id":51090,"date":"2018-06-11T19:27:40","date_gmt":"2018-06-11T18:27:40","guid":{"rendered":"http:\/\/newsestlyonnais.fr\/site\/?p=51090"},"modified":"2020-11-15T20:41:57","modified_gmt":"2020-11-15T19:41:57","slug":"saint-bonnet-de-mure-plusieurs-manifestations-prevues-sur-la-commune-en-juin","status":"publish","type":"post","link":"https:\/\/newsestlyonnais.fr\/site\/2018\/06\/11\/saint-bonnet-de-mure-plusieurs-manifestations-prevues-sur-la-commune-en-juin\/","title":{"rendered":"SAINT-BONNET-DE-MURE | Plusieurs manifestations pr\u00e9vues sur la commune en juin"},"content":{"rendered":"<h4>Durant la seconde quinzaine de juin, plusieurs \u00e9v\u00e8nements sont programm\u00e9s sur la commune, \u00e0 savoir :<\/h4>\n<ul>\n<li><strong>Vendredi 15 juin <\/strong>: <span style=\"text-decoration: underline\">Les concerts du Kiosque<\/span>. Harmonies de Gens &amp; de D\u00e9cines. Concerts gratuits, <strong>\u00e0 20 h<\/strong> (place Ferlet).<\/li>\n<li><strong>Samedi 16 juin<\/strong>: <span style=\"text-decoration: underline\">Concours officiel en doublettes<\/span> par la P\u00e9tanque Muroise. (<em>Terrain des loisirs). Apr\u00e8s midi.<\/em><\/li>\n<li><strong>Lundi 18 juin<\/strong> : <span style=\"text-decoration: underline\">C\u00e9r\u00e9monie Appel du G\u00e9n\u00e9ral de Gaull<\/span>e. (<em>Monument aux morts du parc du ch\u00e2teau),<\/em><strong><em> \u00e0 18 h.<\/em><\/strong><\/li>\n<li><strong>Jeudi 21 juin : <\/strong><span style=\"text-decoration: underline\">F\u00eate de la musique<\/span>. (<em>Place Johann\u00e8s Ferlet), <strong>d\u00e8s 20 h<\/strong>.<\/em><\/li>\n<li><strong>Vendredi 22 juin : <\/strong><span style=\"text-decoration: underline\">Maison Pour Tous Spectacle<\/span>. (<em>Charpenterie). <\/em><\/li>\n<li><strong>Samedi 23 juin : <\/strong><span style=\"text-decoration: underline\">Fever Cheerdance Murois Gala<\/span> (<em>Halle 1).<\/em><\/li>\n<li><strong>Samedi 30 juin : <\/strong>Sou Des \u00c9coles : Kermesse. (<em>Cour de la ferme). &amp; <\/em><span style=\"text-decoration: underline\">GRS: 30 Ans du club<\/span><em>. (Halle 1).<\/em><\/li>\n<\/ul>\n<div>\n<h4>\u00a0\u2013\u00a0 Retrouvez l\u2019ACTU de la commune sur : <a href=\"http:\/\/www.saintbonnetdemure.com\" target=\"_blank\" rel=\"noopener noreferrer\">http:\/\/www.saintbonnetdemure.com<\/a><\/h4>\n<div id='gallery-1' class='gallery galleryid-51090 gallery-columns-3 gallery-size-thumbnail'><figure class='gallery-item'>\n\t\t\t<div class='gallery-icon portrait'>\n\t\t\t\t<a href='https:\/\/newsestlyonnais.fr\/site\/newsestlyonnais-kiosque-2\/'><img loading=\"lazy\" decoding=\"async\" width=\"150\" height=\"150\" src=\"https:\/\/newsestlyonnais.fr\/site\/wp-content\/uploads\/2018\/04\/NEWSESTLYONNAIS-KIOSQUE-1-150x150.jpeg\" class=\"attachment-thumbnail size-thumbnail\" alt=\"NEWSESTLYONNAIS KIOSQUE\" aria-describedby=\"gallery-1-46964\" \/><\/a>\n\t\t\t<\/div>\n\t\t\t\t<figcaption class='wp-caption-text gallery-caption' id='gallery-1-46964'>\n\t\t\t\tLes concerts du kiosque\n\t\t\t\t<\/figcaption><\/figure><figure class='gallery-item'>\n\t\t\t<div class='gallery-icon portrait'>\n\t\t\t\t<a href='https:\/\/newsestlyonnais.fr\/site\/2018\/06\/11\/saint-bonnet-de-mure-plusieurs-manifestations-prevues-sur-la-commune-en-juin\/newsestlyonnais-fete-musique-st-bonnet-2\/'><img loading=\"lazy\" decoding=\"async\" width=\"150\" height=\"150\" src=\"https:\/\/newsestlyonnais.fr\/site\/wp-content\/uploads\/2018\/06\/NEWSESTLYONNAIS-FETE-MUSIQUE-ST-BONNET-150x150.jpg\" class=\"attachment-thumbnail size-thumbnail\" alt=\"NEWSESTLYONNAIS FETE MUSIQUE ST BONNET\" aria-describedby=\"gallery-1-51098\" \/><\/a>\n\t\t\t<\/div>\n\t\t\t\t<figcaption class='wp-caption-text gallery-caption' id='gallery-1-51098'>\n\t\t\t\tFETE DE LA MUSIQUE \n\t\t\t\t<\/figcaption><\/figure>\n\t\t<\/div>\n\n<p>&nbsp;<\/p>\n<\/div>\n","protected":false},"excerpt":{"rendered":"<p>Durant la seconde quinzaine de juin, plusieurs \u00e9v\u00e8nements sont programm\u00e9s sur la commune, \u00e0 savoir : Vendredi 15 juin : Les concerts du Kiosque. Harmonies de Gens &amp; de D\u00e9cines. Concerts gratuits, \u00e0 20 h (place Ferlet). Samedi 16 juin: Concours officiel en doublettes par la P\u00e9tanque Muroise. (Terrain des loisirs). Apr\u00e8s midi. Lundi 18 [&hellip;]<\/p>\n","protected":false},"author":4,"featured_media":25090,"comment_status":"open","ping_status":"open","sticky":false,"template":"","format":"standard","meta":{"footnotes":""},"categories":[270,1282],"tags":[],"class_list":["post-51090","post","type-post","status-publish","format-standard","has-post-thumbnail","hentry","category-cte-de-communes-c-c-e-l","category-st-bonnet-st-laurent-de-mure"],"yoast_head":"<!-- This site is optimized with the Yoast SEO plugin v27.2 - https:\/\/yoast.com\/product\/yoast-seo-wordpress\/ -->\n<title>SAINT BONNET DE MURE : Plusieurs manifestations pr\u00e9vues sur la commune en juin<\/title>\n<meta name=\"description\" content=\"SAINT BONNET DE MURE : Plusieurs manifestations pr\u00e9vues sur la commune en juin\" \/>\n<meta name=\"robots\" content=\"index, follow, max-snippet:-1, max-image-preview:large, max-video-preview:-1\" \/>\n<link rel=\"canonical\" href=\"https:\/\/newsestlyonnais.fr\/site\/2018\/06\/11\/saint-bonnet-de-mure-plusieurs-manifestations-prevues-sur-la-commune-en-juin\/\" \/>\n<meta property=\"og:locale\" content=\"fr_FR\" \/>\n<meta property=\"og:type\" content=\"article\" \/>\n<meta property=\"og:title\" content=\"SAINT BONNET DE MURE : Plusieurs manifestations pr\u00e9vues sur la commune en juin\" \/>\n<meta property=\"og:description\" content=\"SAINT BONNET DE MURE : Plusieurs manifestations pr\u00e9vues sur la commune en juin\" \/>\n<meta property=\"og:url\" content=\"https:\/\/newsestlyonnais.fr\/site\/2018\/06\/11\/saint-bonnet-de-mure-plusieurs-manifestations-prevues-sur-la-commune-en-juin\/\" \/>\n<meta property=\"og:site_name\" content=\"News Est Lyonnais\" \/>\n<meta property=\"article:author\" content=\"https:\/\/www.facebook.com\/pascal.oberson.1?fref=ts\" \/>\n<meta property=\"article:published_time\" content=\"2018-06-11T18:27:40+00:00\" \/>\n<meta property=\"article:modified_time\" content=\"2020-11-15T19:41:57+00:00\" \/>\n<meta property=\"og:image\" content=\"https:\/\/i2.wp.com\/newsestlyonnais.fr\/site\/wp-content\/uploads\/2017\/04\/NEWSESTLYONNAIS-BLASON-STBONNET-MURE.png?fit=1000%2C750&ssl=1\" \/>\n\t<meta property=\"og:image:width\" content=\"1000\" \/>\n\t<meta property=\"og:image:height\" content=\"750\" \/>\n\t<meta property=\"og:image:type\" content=\"image\/png\" \/>\n<meta name=\"author\" content=\"R\u00e9dac. NEWS\" \/>\n<meta name=\"twitter:card\" content=\"summary_large_image\" \/>\n<meta name=\"twitter:label1\" content=\"\u00c9crit par\" \/>\n\t<meta name=\"twitter:data1\" content=\"R\u00e9dac. NEWS\" \/>\n\t<meta name=\"twitter:label2\" content=\"Dur\u00e9e de lecture estim\u00e9e\" \/>\n\t<meta name=\"twitter:data2\" content=\"1 minute\" \/>\n<script type=\"application\/ld+json\" class=\"yoast-schema-graph\">{\"@context\":\"https:\/\/schema.org\",\"@graph\":[{\"@type\":\"Article\",\"@id\":\"https:\/\/newsestlyonnais.fr\/site\/2018\/06\/11\/saint-bonnet-de-mure-plusieurs-manifestations-prevues-sur-la-commune-en-juin\/#article\",\"isPartOf\":{\"@id\":\"https:\/\/newsestlyonnais.fr\/site\/2018\/06\/11\/saint-bonnet-de-mure-plusieurs-manifestations-prevues-sur-la-commune-en-juin\/\"},\"author\":{\"name\":\"R\u00e9dac. NEWS\",\"@id\":\"https:\/\/newsestlyonnais.fr\/site\/#\/schema\/person\/3230d5615f390bb808365d673001e887\"},\"headline\":\"SAINT-BONNET-DE-MURE | Plusieurs manifestations pr\u00e9vues sur la commune en juin\",\"datePublished\":\"2018-06-11T18:27:40+00:00\",\"dateModified\":\"2020-11-15T19:41:57+00:00\",\"mainEntityOfPage\":{\"@id\":\"https:\/\/newsestlyonnais.fr\/site\/2018\/06\/11\/saint-bonnet-de-mure-plusieurs-manifestations-prevues-sur-la-commune-en-juin\/\"},\"wordCount\":142,\"commentCount\":0,\"publisher\":{\"@id\":\"https:\/\/newsestlyonnais.fr\/site\/#organization\"},\"image\":{\"@id\":\"https:\/\/newsestlyonnais.fr\/site\/2018\/06\/11\/saint-bonnet-de-mure-plusieurs-manifestations-prevues-sur-la-commune-en-juin\/#primaryimage\"},\"thumbnailUrl\":\"https:\/\/newsestlyonnais.fr\/site\/wp-content\/uploads\/2017\/04\/NEWSESTLYONNAIS-BLASON-STBONNET-MURE.png\",\"articleSection\":[\"CCEL | Communes\",\"St Bonnet | St Laurent de Mure\"],\"inLanguage\":\"fr-FR\",\"potentialAction\":[{\"@type\":\"CommentAction\",\"name\":\"Comment\",\"target\":[\"https:\/\/newsestlyonnais.fr\/site\/2018\/06\/11\/saint-bonnet-de-mure-plusieurs-manifestations-prevues-sur-la-commune-en-juin\/#respond\"]}]},{\"@type\":\"WebPage\",\"@id\":\"https:\/\/newsestlyonnais.fr\/site\/2018\/06\/11\/saint-bonnet-de-mure-plusieurs-manifestations-prevues-sur-la-commune-en-juin\/\",\"url\":\"https:\/\/newsestlyonnais.fr\/site\/2018\/06\/11\/saint-bonnet-de-mure-plusieurs-manifestations-prevues-sur-la-commune-en-juin\/\",\"name\":\"SAINT BONNET DE MURE : Plusieurs manifestations pr\u00e9vues sur la commune en juin\",\"isPartOf\":{\"@id\":\"https:\/\/newsestlyonnais.fr\/site\/#website\"},\"primaryImageOfPage\":{\"@id\":\"https:\/\/newsestlyonnais.fr\/site\/2018\/06\/11\/saint-bonnet-de-mure-plusieurs-manifestations-prevues-sur-la-commune-en-juin\/#primaryimage\"},\"image\":{\"@id\":\"https:\/\/newsestlyonnais.fr\/site\/2018\/06\/11\/saint-bonnet-de-mure-plusieurs-manifestations-prevues-sur-la-commune-en-juin\/#primaryimage\"},\"thumbnailUrl\":\"https:\/\/newsestlyonnais.fr\/site\/wp-content\/uploads\/2017\/04\/NEWSESTLYONNAIS-BLASON-STBONNET-MURE.png\",\"datePublished\":\"2018-06-11T18:27:40+00:00\",\"dateModified\":\"2020-11-15T19:41:57+00:00\",\"description\":\"SAINT BONNET DE MURE : Plusieurs manifestations pr\u00e9vues sur la commune en juin\",\"breadcrumb\":{\"@id\":\"https:\/\/newsestlyonnais.fr\/site\/2018\/06\/11\/saint-bonnet-de-mure-plusieurs-manifestations-prevues-sur-la-commune-en-juin\/#breadcrumb\"},\"inLanguage\":\"fr-FR\",\"potentialAction\":[{\"@type\":\"ReadAction\",\"target\":[\"https:\/\/newsestlyonnais.fr\/site\/2018\/06\/11\/saint-bonnet-de-mure-plusieurs-manifestations-prevues-sur-la-commune-en-juin\/\"]}]},{\"@type\":\"ImageObject\",\"inLanguage\":\"fr-FR\",\"@id\":\"https:\/\/newsestlyonnais.fr\/site\/2018\/06\/11\/saint-bonnet-de-mure-plusieurs-manifestations-prevues-sur-la-commune-en-juin\/#primaryimage\",\"url\":\"https:\/\/newsestlyonnais.fr\/site\/wp-content\/uploads\/2017\/04\/NEWSESTLYONNAIS-BLASON-STBONNET-MURE.png\",\"contentUrl\":\"https:\/\/newsestlyonnais.fr\/site\/wp-content\/uploads\/2017\/04\/NEWSESTLYONNAIS-BLASON-STBONNET-MURE.png\",\"width\":1000,\"height\":750,\"caption\":\"NEWSESTLYONNAIS BLASON STBONNET MURE\"},{\"@type\":\"BreadcrumbList\",\"@id\":\"https:\/\/newsestlyonnais.fr\/site\/2018\/06\/11\/saint-bonnet-de-mure-plusieurs-manifestations-prevues-sur-la-commune-en-juin\/#breadcrumb\",\"itemListElement\":[{\"@type\":\"ListItem\",\"position\":1,\"name\":\"Accueil\",\"item\":\"https:\/\/newsestlyonnais.fr\/site\/\"},{\"@type\":\"ListItem\",\"position\":2,\"name\":\"SAINT-BONNET-DE-MURE | Plusieurs manifestations pr\u00e9vues sur la commune en juin\"}]},{\"@type\":\"WebSite\",\"@id\":\"https:\/\/newsestlyonnais.fr\/site\/#website\",\"url\":\"https:\/\/newsestlyonnais.fr\/site\/\",\"name\":\"News Est Lyonnais\",\"description\":\"L&#039;actualit\u00e9 au plus pr\u00e8s\",\"publisher\":{\"@id\":\"https:\/\/newsestlyonnais.fr\/site\/#organization\"},\"potentialAction\":[{\"@type\":\"SearchAction\",\"target\":{\"@type\":\"EntryPoint\",\"urlTemplate\":\"https:\/\/newsestlyonnais.fr\/site\/?s={search_term_string}\"},\"query-input\":{\"@type\":\"PropertyValueSpecification\",\"valueRequired\":true,\"valueName\":\"search_term_string\"}}],\"inLanguage\":\"fr-FR\"},{\"@type\":\"Organization\",\"@id\":\"https:\/\/newsestlyonnais.fr\/site\/#organization\",\"name\":\"News EST LYONNAIS\",\"url\":\"https:\/\/newsestlyonnais.fr\/site\/\",\"logo\":{\"@type\":\"ImageObject\",\"inLanguage\":\"fr-FR\",\"@id\":\"https:\/\/newsestlyonnais.fr\/site\/#\/schema\/logo\/image\/\",\"url\":\"\",\"contentUrl\":\"\",\"caption\":\"News EST LYONNAIS\"},\"image\":{\"@id\":\"https:\/\/newsestlyonnais.fr\/site\/#\/schema\/logo\/image\/\"}},{\"@type\":\"Person\",\"@id\":\"https:\/\/newsestlyonnais.fr\/site\/#\/schema\/person\/3230d5615f390bb808365d673001e887\",\"name\":\"R\u00e9dac. NEWS\",\"sameAs\":[\"http:\/\/www.newsestlyonnais.fr\",\"https:\/\/www.facebook.com\/pascal.oberson.1?fref=ts\",\"https:\/\/fr.linkedin.com\/in\/pascal-oberson-b17045113\"],\"url\":\"https:\/\/newsestlyonnais.fr\/site\/author\/nel\/\"}]}<\/script>\n<!-- \/ Yoast SEO plugin. -->","yoast_head_json":{"title":"SAINT BONNET DE MURE : Plusieurs manifestations pr\u00e9vues sur la commune en juin","description":"SAINT BONNET DE MURE : Plusieurs manifestations pr\u00e9vues sur la commune en juin","robots":{"index":"index","follow":"follow","max-snippet":"max-snippet:-1","max-image-preview":"max-image-preview:large","max-video-preview":"max-video-preview:-1"},"canonical":"https:\/\/newsestlyonnais.fr\/site\/2018\/06\/11\/saint-bonnet-de-mure-plusieurs-manifestations-prevues-sur-la-commune-en-juin\/","og_locale":"fr_FR","og_type":"article","og_title":"SAINT BONNET DE MURE : Plusieurs manifestations pr\u00e9vues sur la commune en juin","og_description":"SAINT BONNET DE MURE : Plusieurs manifestations pr\u00e9vues sur la commune en juin","og_url":"https:\/\/newsestlyonnais.fr\/site\/2018\/06\/11\/saint-bonnet-de-mure-plusieurs-manifestations-prevues-sur-la-commune-en-juin\/","og_site_name":"News Est Lyonnais","article_author":"https:\/\/www.facebook.com\/pascal.oberson.1?fref=ts","article_published_time":"2018-06-11T18:27:40+00:00","article_modified_time":"2020-11-15T19:41:57+00:00","og_image":[{"width":1000,"height":750,"url":"https:\/\/i2.wp.com\/newsestlyonnais.fr\/site\/wp-content\/uploads\/2017\/04\/NEWSESTLYONNAIS-BLASON-STBONNET-MURE.png?fit=1000%2C750&ssl=1","type":"image\/png"}],"author":"R\u00e9dac. NEWS","twitter_card":"summary_large_image","twitter_misc":{"\u00c9crit par":"R\u00e9dac. NEWS","Dur\u00e9e de lecture estim\u00e9e":"1 minute"},"schema":{"@context":"https:\/\/schema.org","@graph":[{"@type":"Article","@id":"https:\/\/newsestlyonnais.fr\/site\/2018\/06\/11\/saint-bonnet-de-mure-plusieurs-manifestations-prevues-sur-la-commune-en-juin\/#article","isPartOf":{"@id":"https:\/\/newsestlyonnais.fr\/site\/2018\/06\/11\/saint-bonnet-de-mure-plusieurs-manifestations-prevues-sur-la-commune-en-juin\/"},"author":{"name":"R\u00e9dac. NEWS","@id":"https:\/\/newsestlyonnais.fr\/site\/#\/schema\/person\/3230d5615f390bb808365d673001e887"},"headline":"SAINT-BONNET-DE-MURE | Plusieurs manifestations pr\u00e9vues sur la commune en juin","datePublished":"2018-06-11T18:27:40+00:00","dateModified":"2020-11-15T19:41:57+00:00","mainEntityOfPage":{"@id":"https:\/\/newsestlyonnais.fr\/site\/2018\/06\/11\/saint-bonnet-de-mure-plusieurs-manifestations-prevues-sur-la-commune-en-juin\/"},"wordCount":142,"commentCount":0,"publisher":{"@id":"https:\/\/newsestlyonnais.fr\/site\/#organization"},"image":{"@id":"https:\/\/newsestlyonnais.fr\/site\/2018\/06\/11\/saint-bonnet-de-mure-plusieurs-manifestations-prevues-sur-la-commune-en-juin\/#primaryimage"},"thumbnailUrl":"https:\/\/newsestlyonnais.fr\/site\/wp-content\/uploads\/2017\/04\/NEWSESTLYONNAIS-BLASON-STBONNET-MURE.png","articleSection":["CCEL | Communes","St Bonnet | St Laurent de Mure"],"inLanguage":"fr-FR","potentialAction":[{"@type":"CommentAction","name":"Comment","target":["https:\/\/newsestlyonnais.fr\/site\/2018\/06\/11\/saint-bonnet-de-mure-plusieurs-manifestations-prevues-sur-la-commune-en-juin\/#respond"]}]},{"@type":"WebPage","@id":"https:\/\/newsestlyonnais.fr\/site\/2018\/06\/11\/saint-bonnet-de-mure-plusieurs-manifestations-prevues-sur-la-commune-en-juin\/","url":"https:\/\/newsestlyonnais.fr\/site\/2018\/06\/11\/saint-bonnet-de-mure-plusieurs-manifestations-prevues-sur-la-commune-en-juin\/","name":"SAINT BONNET DE MURE : Plusieurs manifestations pr\u00e9vues sur la commune en juin","isPartOf":{"@id":"https:\/\/newsestlyonnais.fr\/site\/#website"},"primaryImageOfPage":{"@id":"https:\/\/newsestlyonnais.fr\/site\/2018\/06\/11\/saint-bonnet-de-mure-plusieurs-manifestations-prevues-sur-la-commune-en-juin\/#primaryimage"},"image":{"@id":"https:\/\/newsestlyonnais.fr\/site\/2018\/06\/11\/saint-bonnet-de-mure-plusieurs-manifestations-prevues-sur-la-commune-en-juin\/#primaryimage"},"thumbnailUrl":"https:\/\/newsestlyonnais.fr\/site\/wp-content\/uploads\/2017\/04\/NEWSESTLYONNAIS-BLASON-STBONNET-MURE.png","datePublished":"2018-06-11T18:27:40+00:00","dateModified":"2020-11-15T19:41:57+00:00","description":"SAINT BONNET DE MURE : Plusieurs manifestations pr\u00e9vues sur la commune en juin","breadcrumb":{"@id":"https:\/\/newsestlyonnais.fr\/site\/2018\/06\/11\/saint-bonnet-de-mure-plusieurs-manifestations-prevues-sur-la-commune-en-juin\/#breadcrumb"},"inLanguage":"fr-FR","potentialAction":[{"@type":"ReadAction","target":["https:\/\/newsestlyonnais.fr\/site\/2018\/06\/11\/saint-bonnet-de-mure-plusieurs-manifestations-prevues-sur-la-commune-en-juin\/"]}]},{"@type":"ImageObject","inLanguage":"fr-FR","@id":"https:\/\/newsestlyonnais.fr\/site\/2018\/06\/11\/saint-bonnet-de-mure-plusieurs-manifestations-prevues-sur-la-commune-en-juin\/#primaryimage","url":"https:\/\/newsestlyonnais.fr\/site\/wp-content\/uploads\/2017\/04\/NEWSESTLYONNAIS-BLASON-STBONNET-MURE.png","contentUrl":"https:\/\/newsestlyonnais.fr\/site\/wp-content\/uploads\/2017\/04\/NEWSESTLYONNAIS-BLASON-STBONNET-MURE.png","width":1000,"height":750,"caption":"NEWSESTLYONNAIS BLASON STBONNET MURE"},{"@type":"BreadcrumbList","@id":"https:\/\/newsestlyonnais.fr\/site\/2018\/06\/11\/saint-bonnet-de-mure-plusieurs-manifestations-prevues-sur-la-commune-en-juin\/#breadcrumb","itemListElement":[{"@type":"ListItem","position":1,"name":"Accueil","item":"https:\/\/newsestlyonnais.fr\/site\/"},{"@type":"ListItem","position":2,"name":"SAINT-BONNET-DE-MURE | Plusieurs manifestations pr\u00e9vues sur la commune en juin"}]},{"@type":"WebSite","@id":"https:\/\/newsestlyonnais.fr\/site\/#website","url":"https:\/\/newsestlyonnais.fr\/site\/","name":"News Est Lyonnais","description":"L&#039;actualit\u00e9 au plus pr\u00e8s","publisher":{"@id":"https:\/\/newsestlyonnais.fr\/site\/#organization"},"potentialAction":[{"@type":"SearchAction","target":{"@type":"EntryPoint","urlTemplate":"https:\/\/newsestlyonnais.fr\/site\/?s={search_term_string}"},"query-input":{"@type":"PropertyValueSpecification","valueRequired":true,"valueName":"search_term_string"}}],"inLanguage":"fr-FR"},{"@type":"Organization","@id":"https:\/\/newsestlyonnais.fr\/site\/#organization","name":"News EST LYONNAIS","url":"https:\/\/newsestlyonnais.fr\/site\/","logo":{"@type":"ImageObject","inLanguage":"fr-FR","@id":"https:\/\/newsestlyonnais.fr\/site\/#\/schema\/logo\/image\/","url":"","contentUrl":"","caption":"News EST LYONNAIS"},"image":{"@id":"https:\/\/newsestlyonnais.fr\/site\/#\/schema\/logo\/image\/"}},{"@type":"Person","@id":"https:\/\/newsestlyonnais.fr\/site\/#\/schema\/person\/3230d5615f390bb808365d673001e887","name":"R\u00e9dac. NEWS","sameAs":["http:\/\/www.newsestlyonnais.fr","https:\/\/www.facebook.com\/pascal.oberson.1?fref=ts","https:\/\/fr.linkedin.com\/in\/pascal-oberson-b17045113"],"url":"https:\/\/newsestlyonnais.fr\/site\/author\/nel\/"}]}},"_links":{"self":[{"href":"https:\/\/newsestlyonnais.fr\/site\/wp-json\/wp\/v2\/posts\/51090","targetHints":{"allow":["GET"]}}],"collection":[{"href":"https:\/\/newsestlyonnais.fr\/site\/wp-json\/wp\/v2\/posts"}],"about":[{"href":"https:\/\/newsestlyonnais.fr\/site\/wp-json\/wp\/v2\/types\/post"}],"author":[{"embeddable":true,"href":"https:\/\/newsestlyonnais.fr\/site\/wp-json\/wp\/v2\/users\/4"}],"replies":[{"embeddable":true,"href":"https:\/\/newsestlyonnais.fr\/site\/wp-json\/wp\/v2\/comments?post=51090"}],"version-history":[{"count":0,"href":"https:\/\/newsestlyonnais.fr\/site\/wp-json\/wp\/v2\/posts\/51090\/revisions"}],"wp:featuredmedia":[{"embeddable":true,"href":"https:\/\/newsestlyonnais.fr\/site\/wp-json\/wp\/v2\/media\/25090"}],"wp:attachment":[{"href":"https:\/\/newsestlyonnais.fr\/site\/wp-json\/wp\/v2\/media?parent=51090"}],"wp:term":[{"taxonomy":"category","embeddable":true,"href":"https:\/\/newsestlyonnais.fr\/site\/wp-json\/wp\/v2\/categories?post=51090"},{"taxonomy":"post_tag","embeddable":true,"href":"https:\/\/newsestlyonnais.fr\/site\/wp-json\/wp\/v2\/tags?post=51090"}],"curies":[{"name":"wp","href":"https:\/\/api.w.org\/{rel}","templated":true}]}}