{"id":51239,"date":"2018-06-14T14:55:48","date_gmt":"2018-06-14T13:55:48","guid":{"rendered":"http:\/\/newsestlyonnais.fr\/site\/?p=51239"},"modified":"2020-11-20T15:37:10","modified_gmt":"2020-11-20T14:37:10","slug":"meyzieu-les-prochains-evenements-sur-la-commune-3","status":"publish","type":"post","link":"https:\/\/newsestlyonnais.fr\/site\/2018\/06\/14\/meyzieu-les-prochains-evenements-sur-la-commune-3\/","title":{"rendered":"MEYZIEU | Les prochains \u00e9v\u00e8nements sur la commune"},"content":{"rendered":"<h4>Plusieurs \u00e9v\u00e8nements et manifestations se d\u00e9rouleront durant cette seconde quinzaine de juin sur la commune majolane, \u00e0 savoir :<\/h4>\n<ul>\n<li><strong>Samedi 17 juin :<\/strong> <span style=\"text-decoration: underline;\">F\u00eate du Nautisme<\/span> <strong>de 9 h 30 \u00e0 12 h puis de 14 h \u00e0 18 h 30<\/strong>. (Base nautique municipale Meyzieu Grand large, 121 avenue du Carreau). Seul ou en famille, initiez-vous aux activit\u00e9s nautiques accessibles \u00e0 2 pas de chez vous gr\u00e2ce au bassin du Grand large ! Catamaran, aviron, planche \u00e0 voile, paddle, monocoque, kayak, d\u00e9riveur et go\u00e9lette, embarquez \u00e0 l\u2019assaut du Grand large ! <strong>Animations gratuites, ouvertes \u00e0 tous<\/strong>. Inscriptions aux activit\u00e9s directement sur place le jour de l\u2019\u00e9v\u00e9nement. <span style=\"text-decoration: underline;\">En partenariat avec les associations<\/span> : Aviron Majolan, ASPTT Gliss Center, Cano\u00eb Kayak D\u00e9cines-Meyzieu, Lyon Sport M\u00e9tropole et le Cercle de Voile de Lyon-Meyzieu.<\/li>\n<li><strong>Lundi 18 juin \u00e0 10 h 30<\/strong> : <span style=\"text-decoration: underline;\">C\u00e9r\u00e9monie comm\u00e9morative de l\u2019appel du 18 juin<\/span>. (Monument aux morts). Elle se d\u00e9roulera en pr\u00e9sence de Christophe Quiniou, maire de Meyzieu &amp; de G\u00e9rard Revellin, adoint au maire d\u00e9l\u00e9gu\u00e9 aux anciens combattants. Discours protocolaires, d\u00e9p\u00f4t de gerbes et Marseillaise rythmeront ce temps solennel.<\/li>\n<li><strong>Abonnements \u00e0 partir du 20 juin<\/strong> : <span style=\"text-decoration: underline;\">Saison culturelle 2018\/19<\/span> : Le plein d\u2019\u00e9toiles ! Une nouvelle saison d\u2019exception est propos\u00e9e au public de l\u2019Espace Jean Poperen. Pour d\u00e9couvrir la plaquette de la saison : <a href=\"https:\/\/fr.calameo.com\/books\/0022834006818ce52004e\" target=\"_blank\" rel=\"noopener noreferrer\">https:\/\/fr.calameo.com\/books\/0022834006818ce52004e<\/a> L\u2019ouverture et la pr\u00e9sentation de la saison se feront le 15 Septembre \u00e0 19 heures avec le spectacle de Topick. Une soir\u00e9e gratuite dans la limite des places disponibles.<\/li>\n<li><strong> Jeudi 21 juin : <\/strong><span style=\"text-decoration: underline;\">La F\u00eate de la musique 2018 : <\/span>Oreilles grandes ouvertes<strong>, \u00e0 partir de 20 h <\/strong>(place Jean Monnet)<strong>.<br \/>\n<\/strong><\/li>\n<\/ul>\n<hr \/>\n<h4>Retrouvez l&rsquo;ACTU de la commune sur : <a href=\"http:\/\/www.meyzieu.fr\" target=\"_blank\" rel=\"noopener noreferrer\">http:\/\/www.meyzieu.fr<\/a><\/h4>\n<div id='gallery-1' class='gallery galleryid-51239 gallery-columns-3 gallery-size-thumbnail'><figure class='gallery-item'>\n\t\t\t<div class='gallery-icon landscape'>\n\t\t\t\t<a href='https:\/\/newsestlyonnais.fr\/site\/2018\/06\/14\/meyzieu-les-prochains-evenements-sur-la-commune-3\/newsestlyonnais-fete-nautisme\/'><img loading=\"lazy\" decoding=\"async\" width=\"150\" height=\"150\" src=\"https:\/\/newsestlyonnais.fr\/site\/wp-content\/uploads\/2018\/06\/NEWSESTLYONNAIS-FETE-NAUTISME-150x150.jpg\" class=\"attachment-thumbnail size-thumbnail\" alt=\"NEWSESTLYONNAIS FETE NAUTISME\" \/><\/a>\n\t\t\t<\/div><\/figure><figure class='gallery-item'>\n\t\t\t<div class='gallery-icon landscape'>\n\t\t\t\t<a href='https:\/\/newsestlyonnais.fr\/site\/newsestlyonnais-meyzieu-fete-musique\/'><img loading=\"lazy\" decoding=\"async\" width=\"150\" height=\"150\" src=\"https:\/\/newsestlyonnais.fr\/site\/wp-content\/uploads\/2018\/06\/NEWSESTLYONNAIS-MEYZIEU-FETE-MUSIQUE-150x150.jpg\" class=\"attachment-thumbnail size-thumbnail\" alt=\"NEWSESTLYONNAIS MEYZIEU FETE MUSIQUE\" \/><\/a>\n\t\t\t<\/div><\/figure>\n\t\t<\/div>\n\n<p>&nbsp;<\/p>\n","protected":false},"excerpt":{"rendered":"<p>Plusieurs \u00e9v\u00e8nements et manifestations se d\u00e9rouleront durant cette seconde quinzaine de juin sur la commune majolane, \u00e0 savoir : Samedi 17 juin : F\u00eate du Nautisme de 9 h 30 \u00e0 12 h puis de 14 h \u00e0 18 h 30. (Base nautique municipale Meyzieu Grand large, 121 avenue du Carreau). Seul ou en famille, [&hellip;]<\/p>\n","protected":false},"author":4,"featured_media":50594,"comment_status":"open","ping_status":"open","sticky":false,"template":"","format":"standard","meta":{"footnotes":""},"categories":[3443,24,1219],"tags":[],"class_list":["post-51239","post","type-post","status-publish","format-standard","has-post-thumbnail","hentry","category-aviation-nautisme","category-meyzieu","category-religion-seniors-souvenir"],"yoast_head":"<!-- This site is optimized with the Yoast SEO plugin v27.2 - https:\/\/yoast.com\/product\/yoast-seo-wordpress\/ -->\n<title>MEYZIEU : Les prochains \u00e9v\u00e8nements sur la commune<\/title>\n<meta name=\"description\" content=\"MEYZIEU : Les prochains \u00e9v\u00e8nements sur la commune\" \/>\n<meta name=\"robots\" content=\"index, follow, max-snippet:-1, max-image-preview:large, max-video-preview:-1\" \/>\n<link rel=\"canonical\" href=\"https:\/\/newsestlyonnais.fr\/site\/2018\/06\/14\/meyzieu-les-prochains-evenements-sur-la-commune-3\/\" \/>\n<meta property=\"og:locale\" content=\"fr_FR\" \/>\n<meta property=\"og:type\" content=\"article\" \/>\n<meta property=\"og:title\" content=\"MEYZIEU : Les prochains \u00e9v\u00e8nements sur la commune\" \/>\n<meta property=\"og:description\" content=\"MEYZIEU : Les prochains \u00e9v\u00e8nements sur la commune\" \/>\n<meta property=\"og:url\" content=\"https:\/\/newsestlyonnais.fr\/site\/2018\/06\/14\/meyzieu-les-prochains-evenements-sur-la-commune-3\/\" \/>\n<meta property=\"og:site_name\" content=\"News Est Lyonnais\" \/>\n<meta property=\"article:author\" content=\"https:\/\/www.facebook.com\/pascal.oberson.1?fref=ts\" \/>\n<meta property=\"article:published_time\" content=\"2018-06-14T13:55:48+00:00\" \/>\n<meta property=\"article:modified_time\" content=\"2020-11-20T14:37:10+00:00\" \/>\n<meta property=\"og:image\" content=\"https:\/\/i0.wp.com\/newsestlyonnais.fr\/site\/wp-content\/uploads\/2018\/05\/NEWSESTLYONNAIS-.png?fit=1280%2C960&ssl=1\" \/>\n\t<meta property=\"og:image:width\" content=\"1280\" \/>\n\t<meta property=\"og:image:height\" content=\"960\" \/>\n\t<meta property=\"og:image:type\" content=\"image\/png\" \/>\n<meta name=\"author\" content=\"R\u00e9dac. NEWS\" \/>\n<meta name=\"twitter:card\" content=\"summary_large_image\" \/>\n<meta name=\"twitter:label1\" content=\"\u00c9crit par\" \/>\n\t<meta name=\"twitter:data1\" content=\"R\u00e9dac. NEWS\" \/>\n\t<meta name=\"twitter:label2\" content=\"Dur\u00e9e de lecture estim\u00e9e\" \/>\n\t<meta name=\"twitter:data2\" content=\"1 minute\" \/>\n<script type=\"application\/ld+json\" class=\"yoast-schema-graph\">{\"@context\":\"https:\/\/schema.org\",\"@graph\":[{\"@type\":\"Article\",\"@id\":\"https:\/\/newsestlyonnais.fr\/site\/2018\/06\/14\/meyzieu-les-prochains-evenements-sur-la-commune-3\/#article\",\"isPartOf\":{\"@id\":\"https:\/\/newsestlyonnais.fr\/site\/2018\/06\/14\/meyzieu-les-prochains-evenements-sur-la-commune-3\/\"},\"author\":{\"name\":\"R\u00e9dac. NEWS\",\"@id\":\"https:\/\/newsestlyonnais.fr\/site\/#\/schema\/person\/3230d5615f390bb808365d673001e887\"},\"headline\":\"MEYZIEU | Les prochains \u00e9v\u00e8nements sur la commune\",\"datePublished\":\"2018-06-14T13:55:48+00:00\",\"dateModified\":\"2020-11-20T14:37:10+00:00\",\"mainEntityOfPage\":{\"@id\":\"https:\/\/newsestlyonnais.fr\/site\/2018\/06\/14\/meyzieu-les-prochains-evenements-sur-la-commune-3\/\"},\"wordCount\":288,\"commentCount\":0,\"publisher\":{\"@id\":\"https:\/\/newsestlyonnais.fr\/site\/#organization\"},\"image\":{\"@id\":\"https:\/\/newsestlyonnais.fr\/site\/2018\/06\/14\/meyzieu-les-prochains-evenements-sur-la-commune-3\/#primaryimage\"},\"thumbnailUrl\":\"https:\/\/newsestlyonnais.fr\/site\/wp-content\/uploads\/2018\/05\/NEWSESTLYONNAIS-.png\",\"articleSection\":[\"Aviation | Nautisme\",\"Meyzieu\",\"Religion | Seniors | Souvenir\"],\"inLanguage\":\"fr-FR\",\"potentialAction\":[{\"@type\":\"CommentAction\",\"name\":\"Comment\",\"target\":[\"https:\/\/newsestlyonnais.fr\/site\/2018\/06\/14\/meyzieu-les-prochains-evenements-sur-la-commune-3\/#respond\"]}]},{\"@type\":\"WebPage\",\"@id\":\"https:\/\/newsestlyonnais.fr\/site\/2018\/06\/14\/meyzieu-les-prochains-evenements-sur-la-commune-3\/\",\"url\":\"https:\/\/newsestlyonnais.fr\/site\/2018\/06\/14\/meyzieu-les-prochains-evenements-sur-la-commune-3\/\",\"name\":\"MEYZIEU : Les prochains \u00e9v\u00e8nements sur la commune\",\"isPartOf\":{\"@id\":\"https:\/\/newsestlyonnais.fr\/site\/#website\"},\"primaryImageOfPage\":{\"@id\":\"https:\/\/newsestlyonnais.fr\/site\/2018\/06\/14\/meyzieu-les-prochains-evenements-sur-la-commune-3\/#primaryimage\"},\"image\":{\"@id\":\"https:\/\/newsestlyonnais.fr\/site\/2018\/06\/14\/meyzieu-les-prochains-evenements-sur-la-commune-3\/#primaryimage\"},\"thumbnailUrl\":\"https:\/\/newsestlyonnais.fr\/site\/wp-content\/uploads\/2018\/05\/NEWSESTLYONNAIS-.png\",\"datePublished\":\"2018-06-14T13:55:48+00:00\",\"dateModified\":\"2020-11-20T14:37:10+00:00\",\"description\":\"MEYZIEU : Les prochains \u00e9v\u00e8nements sur la commune\",\"breadcrumb\":{\"@id\":\"https:\/\/newsestlyonnais.fr\/site\/2018\/06\/14\/meyzieu-les-prochains-evenements-sur-la-commune-3\/#breadcrumb\"},\"inLanguage\":\"fr-FR\",\"potentialAction\":[{\"@type\":\"ReadAction\",\"target\":[\"https:\/\/newsestlyonnais.fr\/site\/2018\/06\/14\/meyzieu-les-prochains-evenements-sur-la-commune-3\/\"]}]},{\"@type\":\"ImageObject\",\"inLanguage\":\"fr-FR\",\"@id\":\"https:\/\/newsestlyonnais.fr\/site\/2018\/06\/14\/meyzieu-les-prochains-evenements-sur-la-commune-3\/#primaryimage\",\"url\":\"https:\/\/newsestlyonnais.fr\/site\/wp-content\/uploads\/2018\/05\/NEWSESTLYONNAIS-.png\",\"contentUrl\":\"https:\/\/newsestlyonnais.fr\/site\/wp-content\/uploads\/2018\/05\/NEWSESTLYONNAIS-.png\",\"width\":1280,\"height\":960,\"caption\":\"NEWSESTLYONNAIS VISUEL MEYZIEU\"},{\"@type\":\"BreadcrumbList\",\"@id\":\"https:\/\/newsestlyonnais.fr\/site\/2018\/06\/14\/meyzieu-les-prochains-evenements-sur-la-commune-3\/#breadcrumb\",\"itemListElement\":[{\"@type\":\"ListItem\",\"position\":1,\"name\":\"Accueil\",\"item\":\"https:\/\/newsestlyonnais.fr\/site\/\"},{\"@type\":\"ListItem\",\"position\":2,\"name\":\"MEYZIEU | Les prochains \u00e9v\u00e8nements sur la commune\"}]},{\"@type\":\"WebSite\",\"@id\":\"https:\/\/newsestlyonnais.fr\/site\/#website\",\"url\":\"https:\/\/newsestlyonnais.fr\/site\/\",\"name\":\"News Est Lyonnais\",\"description\":\"L&#039;actualit\u00e9 au plus pr\u00e8s\",\"publisher\":{\"@id\":\"https:\/\/newsestlyonnais.fr\/site\/#organization\"},\"potentialAction\":[{\"@type\":\"SearchAction\",\"target\":{\"@type\":\"EntryPoint\",\"urlTemplate\":\"https:\/\/newsestlyonnais.fr\/site\/?s={search_term_string}\"},\"query-input\":{\"@type\":\"PropertyValueSpecification\",\"valueRequired\":true,\"valueName\":\"search_term_string\"}}],\"inLanguage\":\"fr-FR\"},{\"@type\":\"Organization\",\"@id\":\"https:\/\/newsestlyonnais.fr\/site\/#organization\",\"name\":\"News EST LYONNAIS\",\"url\":\"https:\/\/newsestlyonnais.fr\/site\/\",\"logo\":{\"@type\":\"ImageObject\",\"inLanguage\":\"fr-FR\",\"@id\":\"https:\/\/newsestlyonnais.fr\/site\/#\/schema\/logo\/image\/\",\"url\":\"\",\"contentUrl\":\"\",\"caption\":\"News EST LYONNAIS\"},\"image\":{\"@id\":\"https:\/\/newsestlyonnais.fr\/site\/#\/schema\/logo\/image\/\"}},{\"@type\":\"Person\",\"@id\":\"https:\/\/newsestlyonnais.fr\/site\/#\/schema\/person\/3230d5615f390bb808365d673001e887\",\"name\":\"R\u00e9dac. NEWS\",\"sameAs\":[\"http:\/\/www.newsestlyonnais.fr\",\"https:\/\/www.facebook.com\/pascal.oberson.1?fref=ts\",\"https:\/\/fr.linkedin.com\/in\/pascal-oberson-b17045113\"],\"url\":\"https:\/\/newsestlyonnais.fr\/site\/author\/nel\/\"}]}<\/script>\n<!-- \/ Yoast SEO plugin. -->","yoast_head_json":{"title":"MEYZIEU : Les prochains \u00e9v\u00e8nements sur la commune","description":"MEYZIEU : Les prochains \u00e9v\u00e8nements sur la commune","robots":{"index":"index","follow":"follow","max-snippet":"max-snippet:-1","max-image-preview":"max-image-preview:large","max-video-preview":"max-video-preview:-1"},"canonical":"https:\/\/newsestlyonnais.fr\/site\/2018\/06\/14\/meyzieu-les-prochains-evenements-sur-la-commune-3\/","og_locale":"fr_FR","og_type":"article","og_title":"MEYZIEU : Les prochains \u00e9v\u00e8nements sur la commune","og_description":"MEYZIEU : Les prochains \u00e9v\u00e8nements sur la commune","og_url":"https:\/\/newsestlyonnais.fr\/site\/2018\/06\/14\/meyzieu-les-prochains-evenements-sur-la-commune-3\/","og_site_name":"News Est Lyonnais","article_author":"https:\/\/www.facebook.com\/pascal.oberson.1?fref=ts","article_published_time":"2018-06-14T13:55:48+00:00","article_modified_time":"2020-11-20T14:37:10+00:00","og_image":[{"width":1280,"height":960,"url":"https:\/\/i0.wp.com\/newsestlyonnais.fr\/site\/wp-content\/uploads\/2018\/05\/NEWSESTLYONNAIS-.png?fit=1280%2C960&ssl=1","type":"image\/png"}],"author":"R\u00e9dac. NEWS","twitter_card":"summary_large_image","twitter_misc":{"\u00c9crit par":"R\u00e9dac. NEWS","Dur\u00e9e de lecture estim\u00e9e":"1 minute"},"schema":{"@context":"https:\/\/schema.org","@graph":[{"@type":"Article","@id":"https:\/\/newsestlyonnais.fr\/site\/2018\/06\/14\/meyzieu-les-prochains-evenements-sur-la-commune-3\/#article","isPartOf":{"@id":"https:\/\/newsestlyonnais.fr\/site\/2018\/06\/14\/meyzieu-les-prochains-evenements-sur-la-commune-3\/"},"author":{"name":"R\u00e9dac. NEWS","@id":"https:\/\/newsestlyonnais.fr\/site\/#\/schema\/person\/3230d5615f390bb808365d673001e887"},"headline":"MEYZIEU | Les prochains \u00e9v\u00e8nements sur la commune","datePublished":"2018-06-14T13:55:48+00:00","dateModified":"2020-11-20T14:37:10+00:00","mainEntityOfPage":{"@id":"https:\/\/newsestlyonnais.fr\/site\/2018\/06\/14\/meyzieu-les-prochains-evenements-sur-la-commune-3\/"},"wordCount":288,"commentCount":0,"publisher":{"@id":"https:\/\/newsestlyonnais.fr\/site\/#organization"},"image":{"@id":"https:\/\/newsestlyonnais.fr\/site\/2018\/06\/14\/meyzieu-les-prochains-evenements-sur-la-commune-3\/#primaryimage"},"thumbnailUrl":"https:\/\/newsestlyonnais.fr\/site\/wp-content\/uploads\/2018\/05\/NEWSESTLYONNAIS-.png","articleSection":["Aviation | Nautisme","Meyzieu","Religion | Seniors | Souvenir"],"inLanguage":"fr-FR","potentialAction":[{"@type":"CommentAction","name":"Comment","target":["https:\/\/newsestlyonnais.fr\/site\/2018\/06\/14\/meyzieu-les-prochains-evenements-sur-la-commune-3\/#respond"]}]},{"@type":"WebPage","@id":"https:\/\/newsestlyonnais.fr\/site\/2018\/06\/14\/meyzieu-les-prochains-evenements-sur-la-commune-3\/","url":"https:\/\/newsestlyonnais.fr\/site\/2018\/06\/14\/meyzieu-les-prochains-evenements-sur-la-commune-3\/","name":"MEYZIEU : Les prochains \u00e9v\u00e8nements sur la commune","isPartOf":{"@id":"https:\/\/newsestlyonnais.fr\/site\/#website"},"primaryImageOfPage":{"@id":"https:\/\/newsestlyonnais.fr\/site\/2018\/06\/14\/meyzieu-les-prochains-evenements-sur-la-commune-3\/#primaryimage"},"image":{"@id":"https:\/\/newsestlyonnais.fr\/site\/2018\/06\/14\/meyzieu-les-prochains-evenements-sur-la-commune-3\/#primaryimage"},"thumbnailUrl":"https:\/\/newsestlyonnais.fr\/site\/wp-content\/uploads\/2018\/05\/NEWSESTLYONNAIS-.png","datePublished":"2018-06-14T13:55:48+00:00","dateModified":"2020-11-20T14:37:10+00:00","description":"MEYZIEU : Les prochains \u00e9v\u00e8nements sur la commune","breadcrumb":{"@id":"https:\/\/newsestlyonnais.fr\/site\/2018\/06\/14\/meyzieu-les-prochains-evenements-sur-la-commune-3\/#breadcrumb"},"inLanguage":"fr-FR","potentialAction":[{"@type":"ReadAction","target":["https:\/\/newsestlyonnais.fr\/site\/2018\/06\/14\/meyzieu-les-prochains-evenements-sur-la-commune-3\/"]}]},{"@type":"ImageObject","inLanguage":"fr-FR","@id":"https:\/\/newsestlyonnais.fr\/site\/2018\/06\/14\/meyzieu-les-prochains-evenements-sur-la-commune-3\/#primaryimage","url":"https:\/\/newsestlyonnais.fr\/site\/wp-content\/uploads\/2018\/05\/NEWSESTLYONNAIS-.png","contentUrl":"https:\/\/newsestlyonnais.fr\/site\/wp-content\/uploads\/2018\/05\/NEWSESTLYONNAIS-.png","width":1280,"height":960,"caption":"NEWSESTLYONNAIS VISUEL MEYZIEU"},{"@type":"BreadcrumbList","@id":"https:\/\/newsestlyonnais.fr\/site\/2018\/06\/14\/meyzieu-les-prochains-evenements-sur-la-commune-3\/#breadcrumb","itemListElement":[{"@type":"ListItem","position":1,"name":"Accueil","item":"https:\/\/newsestlyonnais.fr\/site\/"},{"@type":"ListItem","position":2,"name":"MEYZIEU | Les prochains \u00e9v\u00e8nements sur la commune"}]},{"@type":"WebSite","@id":"https:\/\/newsestlyonnais.fr\/site\/#website","url":"https:\/\/newsestlyonnais.fr\/site\/","name":"News Est Lyonnais","description":"L&#039;actualit\u00e9 au plus pr\u00e8s","publisher":{"@id":"https:\/\/newsestlyonnais.fr\/site\/#organization"},"potentialAction":[{"@type":"SearchAction","target":{"@type":"EntryPoint","urlTemplate":"https:\/\/newsestlyonnais.fr\/site\/?s={search_term_string}"},"query-input":{"@type":"PropertyValueSpecification","valueRequired":true,"valueName":"search_term_string"}}],"inLanguage":"fr-FR"},{"@type":"Organization","@id":"https:\/\/newsestlyonnais.fr\/site\/#organization","name":"News EST LYONNAIS","url":"https:\/\/newsestlyonnais.fr\/site\/","logo":{"@type":"ImageObject","inLanguage":"fr-FR","@id":"https:\/\/newsestlyonnais.fr\/site\/#\/schema\/logo\/image\/","url":"","contentUrl":"","caption":"News EST LYONNAIS"},"image":{"@id":"https:\/\/newsestlyonnais.fr\/site\/#\/schema\/logo\/image\/"}},{"@type":"Person","@id":"https:\/\/newsestlyonnais.fr\/site\/#\/schema\/person\/3230d5615f390bb808365d673001e887","name":"R\u00e9dac. NEWS","sameAs":["http:\/\/www.newsestlyonnais.fr","https:\/\/www.facebook.com\/pascal.oberson.1?fref=ts","https:\/\/fr.linkedin.com\/in\/pascal-oberson-b17045113"],"url":"https:\/\/newsestlyonnais.fr\/site\/author\/nel\/"}]}},"_links":{"self":[{"href":"https:\/\/newsestlyonnais.fr\/site\/wp-json\/wp\/v2\/posts\/51239","targetHints":{"allow":["GET"]}}],"collection":[{"href":"https:\/\/newsestlyonnais.fr\/site\/wp-json\/wp\/v2\/posts"}],"about":[{"href":"https:\/\/newsestlyonnais.fr\/site\/wp-json\/wp\/v2\/types\/post"}],"author":[{"embeddable":true,"href":"https:\/\/newsestlyonnais.fr\/site\/wp-json\/wp\/v2\/users\/4"}],"replies":[{"embeddable":true,"href":"https:\/\/newsestlyonnais.fr\/site\/wp-json\/wp\/v2\/comments?post=51239"}],"version-history":[{"count":0,"href":"https:\/\/newsestlyonnais.fr\/site\/wp-json\/wp\/v2\/posts\/51239\/revisions"}],"wp:featuredmedia":[{"embeddable":true,"href":"https:\/\/newsestlyonnais.fr\/site\/wp-json\/wp\/v2\/media\/50594"}],"wp:attachment":[{"href":"https:\/\/newsestlyonnais.fr\/site\/wp-json\/wp\/v2\/media?parent=51239"}],"wp:term":[{"taxonomy":"category","embeddable":true,"href":"https:\/\/newsestlyonnais.fr\/site\/wp-json\/wp\/v2\/categories?post=51239"},{"taxonomy":"post_tag","embeddable":true,"href":"https:\/\/newsestlyonnais.fr\/site\/wp-json\/wp\/v2\/tags?post=51239"}],"curies":[{"name":"wp","href":"https:\/\/api.w.org\/{rel}","templated":true}]}}