{"id":51311,"date":"2018-06-15T08:55:09","date_gmt":"2018-06-15T07:55:09","guid":{"rendered":"http:\/\/newsestlyonnais.fr\/site\/?p=51311"},"modified":"2020-10-30T10:14:36","modified_gmt":"2020-10-30T09:14:36","slug":"villeurbanne-inventaire-danse-repetition-de-julie-desprairies-le-20-juin","status":"publish","type":"post","link":"https:\/\/newsestlyonnais.fr\/site\/2018\/06\/15\/villeurbanne-inventaire-danse-repetition-de-julie-desprairies-le-20-juin\/","title":{"rendered":"VILLEURBANNE | Inventaire dans\u00e9 > r\u00e9p\u00e9tition de Julie Desprairies le 20 juin"},"content":{"rendered":"<h4 class=\"ox-e05f4a7366-MsoNormal\">La Compagnie des prairies r\u00e9alise, dans le cadre d\u2019une r\u00e9sidence artistique d\u2019une ann\u00e9e au Rize, un Inventaire dans\u00e9 de Villeurbanne.<\/h4>\n<p class=\"ox-e05f4a7366-MsoNormal\">Il consiste en un relev\u00e9 m\u00e9thodique des mouvements de la ville pour en dresser le portrait dans\u00e9. M\u00e9thodologiquement, il s\u2019inspire de l\u2019\u00ab Inventaire du patrimoine \u00bb pour donner une lecture chor\u00e9graphique de l\u2019architecture et de l\u2019urbanisme si particuliers de Villeurbanne.<\/p>\n<p class=\"ox-e05f4a7366-MsoNormal\">Plusieurs lieux embl\u00e9matiques, reflets de la diversit\u00e9 de la ville et de ses usages, font ainsi l\u2019objet d\u2019une chor\u00e9graphie, pens\u00e9e avec ses diff\u00e9rents acteurs : les habitants, les travailleurs, les \u00e9l\u00e8ves. Il s\u2019agit de transmettre, par les corps en mouvements, les mouvements de la ville.<\/p>\n<p class=\"ox-e05f4a7366-MsoNormal\"><strong>La restitution sera pr\u00e9sent\u00e9e en septembre 2018, dans le cadre des Journ\u00e9es europ\u00e9ennes du patrimoine et en ouverture de la Biennale de la danse 2018.<\/strong><\/p>\n<p class=\"ox-e05f4a7366-MsoNormal\"><span style=\"text-decoration: underline\">La chor\u00e9graphe Julie Desprairies, vous invite \u00e0 assister \u00e0 une r\u00e9p\u00e9tition, mardi 20 juin \u00e0 14 h 30 sur la place Lazare-Goujon, du spectacle qu\u2019elle pr\u00e9sentera samedi 23 juin<\/span>, avec 12 \u00e9l\u00e8ves de l\u2019Ecole nationale de musique, \u00e0 l\u2019occasion de l\u2019\u00e9v\u00e9nement Charivari.<\/p>\n<p class=\"ox-e05f4a7366-MsoNormal\">A l\u2019issue de la r\u00e9p\u00e9tition, Julie Desprairies parlera de l\u2019Inventaire dans\u00e9 de Villeurbanne.<\/p>\n<ul>\n<li><strong>Retrouvez l&rsquo;ACTU de la commune sur : <a href=\"http:\/\/www.villeurbanne.fr\" target=\"_blank\" rel=\"noopener noreferrer\">http:\/\/www.villeurbanne.fr<\/a><\/strong><\/li>\n<\/ul>\n<p class=\"ox-e05f4a7366-MsoNormal\">\n","protected":false},"excerpt":{"rendered":"<p>La Compagnie des prairies r\u00e9alise, dans le cadre d\u2019une r\u00e9sidence artistique d\u2019une ann\u00e9e au Rize, un Inventaire dans\u00e9 de Villeurbanne. Il consiste en un relev\u00e9 m\u00e9thodique des mouvements de la ville pour en dresser le portrait dans\u00e9. M\u00e9thodologiquement, il s\u2019inspire de l\u2019\u00ab Inventaire du patrimoine \u00bb pour donner une lecture chor\u00e9graphique de l\u2019architecture et de [&hellip;]<\/p>\n","protected":false},"author":4,"featured_media":12277,"comment_status":"open","ping_status":"open","sticky":false,"template":"","format":"standard","meta":{"footnotes":""},"categories":[3006,29],"tags":[],"class_list":["post-51311","post","type-post","status-publish","format-standard","has-post-thumbnail","hentry","category-musique-danse-humour","category-villeurbanne"],"yoast_head":"<!-- This site is optimized with the Yoast SEO plugin v27.2 - https:\/\/yoast.com\/product\/yoast-seo-wordpress\/ -->\n<title>VILLEURBANNE : Inventaire dans\u00e9 : R\u00e9p\u00e9tition de Julie Desprairies le 20 juin prochain<\/title>\n<meta name=\"description\" content=\"VILLEURBANNE : Inventaire dans\u00e9 : R\u00e9p\u00e9tition de Julie Desprairies le 20 juin prochain\" \/>\n<meta name=\"robots\" content=\"index, follow, max-snippet:-1, max-image-preview:large, max-video-preview:-1\" \/>\n<link rel=\"canonical\" href=\"https:\/\/newsestlyonnais.fr\/site\/2018\/06\/15\/villeurbanne-inventaire-danse-repetition-de-julie-desprairies-le-20-juin\/\" \/>\n<meta property=\"og:locale\" content=\"fr_FR\" \/>\n<meta property=\"og:type\" content=\"article\" \/>\n<meta property=\"og:title\" content=\"VILLEURBANNE : Inventaire dans\u00e9 : R\u00e9p\u00e9tition de Julie Desprairies le 20 juin prochain\" \/>\n<meta property=\"og:description\" content=\"VILLEURBANNE : Inventaire dans\u00e9 : R\u00e9p\u00e9tition de Julie Desprairies le 20 juin prochain\" \/>\n<meta property=\"og:url\" content=\"https:\/\/newsestlyonnais.fr\/site\/2018\/06\/15\/villeurbanne-inventaire-danse-repetition-de-julie-desprairies-le-20-juin\/\" \/>\n<meta property=\"og:site_name\" content=\"News Est Lyonnais\" \/>\n<meta property=\"article:author\" content=\"https:\/\/www.facebook.com\/pascal.oberson.1?fref=ts\" \/>\n<meta property=\"article:published_time\" content=\"2018-06-15T07:55:09+00:00\" \/>\n<meta property=\"article:modified_time\" content=\"2020-10-30T09:14:36+00:00\" \/>\n<meta property=\"og:image\" content=\"https:\/\/i0.wp.com\/newsestlyonnais.fr\/site\/wp-content\/uploads\/2016\/09\/NEWSESTLYONNAIS-PANNEAUVILLEURBANNE.jpg?fit=1000%2C750&ssl=1\" \/>\n\t<meta property=\"og:image:width\" content=\"1000\" \/>\n\t<meta property=\"og:image:height\" content=\"750\" \/>\n\t<meta property=\"og:image:type\" content=\"image\/jpeg\" \/>\n<meta name=\"author\" content=\"R\u00e9dac. NEWS\" \/>\n<meta name=\"twitter:card\" content=\"summary_large_image\" \/>\n<meta name=\"twitter:label1\" content=\"\u00c9crit par\" \/>\n\t<meta name=\"twitter:data1\" content=\"R\u00e9dac. NEWS\" \/>\n\t<meta name=\"twitter:label2\" content=\"Dur\u00e9e de lecture estim\u00e9e\" \/>\n\t<meta name=\"twitter:data2\" content=\"1 minute\" \/>\n<script type=\"application\/ld+json\" class=\"yoast-schema-graph\">{\"@context\":\"https:\/\/schema.org\",\"@graph\":[{\"@type\":\"Article\",\"@id\":\"https:\/\/newsestlyonnais.fr\/site\/2018\/06\/15\/villeurbanne-inventaire-danse-repetition-de-julie-desprairies-le-20-juin\/#article\",\"isPartOf\":{\"@id\":\"https:\/\/newsestlyonnais.fr\/site\/2018\/06\/15\/villeurbanne-inventaire-danse-repetition-de-julie-desprairies-le-20-juin\/\"},\"author\":{\"name\":\"R\u00e9dac. NEWS\",\"@id\":\"https:\/\/newsestlyonnais.fr\/site\/#\/schema\/person\/3230d5615f390bb808365d673001e887\"},\"headline\":\"VILLEURBANNE | Inventaire dans\u00e9 > r\u00e9p\u00e9tition de Julie Desprairies le 20 juin\",\"datePublished\":\"2018-06-15T07:55:09+00:00\",\"dateModified\":\"2020-10-30T09:14:36+00:00\",\"mainEntityOfPage\":{\"@id\":\"https:\/\/newsestlyonnais.fr\/site\/2018\/06\/15\/villeurbanne-inventaire-danse-repetition-de-julie-desprairies-le-20-juin\/\"},\"wordCount\":231,\"commentCount\":0,\"publisher\":{\"@id\":\"https:\/\/newsestlyonnais.fr\/site\/#organization\"},\"image\":{\"@id\":\"https:\/\/newsestlyonnais.fr\/site\/2018\/06\/15\/villeurbanne-inventaire-danse-repetition-de-julie-desprairies-le-20-juin\/#primaryimage\"},\"thumbnailUrl\":\"https:\/\/newsestlyonnais.fr\/site\/wp-content\/uploads\/2016\/09\/NEWSESTLYONNAIS-PANNEAUVILLEURBANNE.jpg\",\"articleSection\":[\"Musique | Danse | Humour\",\"Villeurbanne\"],\"inLanguage\":\"fr-FR\",\"potentialAction\":[{\"@type\":\"CommentAction\",\"name\":\"Comment\",\"target\":[\"https:\/\/newsestlyonnais.fr\/site\/2018\/06\/15\/villeurbanne-inventaire-danse-repetition-de-julie-desprairies-le-20-juin\/#respond\"]}]},{\"@type\":\"WebPage\",\"@id\":\"https:\/\/newsestlyonnais.fr\/site\/2018\/06\/15\/villeurbanne-inventaire-danse-repetition-de-julie-desprairies-le-20-juin\/\",\"url\":\"https:\/\/newsestlyonnais.fr\/site\/2018\/06\/15\/villeurbanne-inventaire-danse-repetition-de-julie-desprairies-le-20-juin\/\",\"name\":\"VILLEURBANNE : Inventaire dans\u00e9 : R\u00e9p\u00e9tition de Julie Desprairies le 20 juin prochain\",\"isPartOf\":{\"@id\":\"https:\/\/newsestlyonnais.fr\/site\/#website\"},\"primaryImageOfPage\":{\"@id\":\"https:\/\/newsestlyonnais.fr\/site\/2018\/06\/15\/villeurbanne-inventaire-danse-repetition-de-julie-desprairies-le-20-juin\/#primaryimage\"},\"image\":{\"@id\":\"https:\/\/newsestlyonnais.fr\/site\/2018\/06\/15\/villeurbanne-inventaire-danse-repetition-de-julie-desprairies-le-20-juin\/#primaryimage\"},\"thumbnailUrl\":\"https:\/\/newsestlyonnais.fr\/site\/wp-content\/uploads\/2016\/09\/NEWSESTLYONNAIS-PANNEAUVILLEURBANNE.jpg\",\"datePublished\":\"2018-06-15T07:55:09+00:00\",\"dateModified\":\"2020-10-30T09:14:36+00:00\",\"description\":\"VILLEURBANNE : Inventaire dans\u00e9 : R\u00e9p\u00e9tition de Julie Desprairies le 20 juin prochain\",\"breadcrumb\":{\"@id\":\"https:\/\/newsestlyonnais.fr\/site\/2018\/06\/15\/villeurbanne-inventaire-danse-repetition-de-julie-desprairies-le-20-juin\/#breadcrumb\"},\"inLanguage\":\"fr-FR\",\"potentialAction\":[{\"@type\":\"ReadAction\",\"target\":[\"https:\/\/newsestlyonnais.fr\/site\/2018\/06\/15\/villeurbanne-inventaire-danse-repetition-de-julie-desprairies-le-20-juin\/\"]}]},{\"@type\":\"ImageObject\",\"inLanguage\":\"fr-FR\",\"@id\":\"https:\/\/newsestlyonnais.fr\/site\/2018\/06\/15\/villeurbanne-inventaire-danse-repetition-de-julie-desprairies-le-20-juin\/#primaryimage\",\"url\":\"https:\/\/newsestlyonnais.fr\/site\/wp-content\/uploads\/2016\/09\/NEWSESTLYONNAIS-PANNEAUVILLEURBANNE.jpg\",\"contentUrl\":\"https:\/\/newsestlyonnais.fr\/site\/wp-content\/uploads\/2016\/09\/NEWSESTLYONNAIS-PANNEAUVILLEURBANNE.jpg\",\"width\":1000,\"height\":750,\"caption\":\"newsestlyonnais-panneauvilleurbanne\"},{\"@type\":\"BreadcrumbList\",\"@id\":\"https:\/\/newsestlyonnais.fr\/site\/2018\/06\/15\/villeurbanne-inventaire-danse-repetition-de-julie-desprairies-le-20-juin\/#breadcrumb\",\"itemListElement\":[{\"@type\":\"ListItem\",\"position\":1,\"name\":\"Accueil\",\"item\":\"https:\/\/newsestlyonnais.fr\/site\/\"},{\"@type\":\"ListItem\",\"position\":2,\"name\":\"VILLEURBANNE | Inventaire dans\u00e9 > r\u00e9p\u00e9tition de Julie Desprairies le 20 juin\"}]},{\"@type\":\"WebSite\",\"@id\":\"https:\/\/newsestlyonnais.fr\/site\/#website\",\"url\":\"https:\/\/newsestlyonnais.fr\/site\/\",\"name\":\"News Est Lyonnais\",\"description\":\"L&#039;actualit\u00e9 au plus pr\u00e8s\",\"publisher\":{\"@id\":\"https:\/\/newsestlyonnais.fr\/site\/#organization\"},\"potentialAction\":[{\"@type\":\"SearchAction\",\"target\":{\"@type\":\"EntryPoint\",\"urlTemplate\":\"https:\/\/newsestlyonnais.fr\/site\/?s={search_term_string}\"},\"query-input\":{\"@type\":\"PropertyValueSpecification\",\"valueRequired\":true,\"valueName\":\"search_term_string\"}}],\"inLanguage\":\"fr-FR\"},{\"@type\":\"Organization\",\"@id\":\"https:\/\/newsestlyonnais.fr\/site\/#organization\",\"name\":\"News EST LYONNAIS\",\"url\":\"https:\/\/newsestlyonnais.fr\/site\/\",\"logo\":{\"@type\":\"ImageObject\",\"inLanguage\":\"fr-FR\",\"@id\":\"https:\/\/newsestlyonnais.fr\/site\/#\/schema\/logo\/image\/\",\"url\":\"\",\"contentUrl\":\"\",\"caption\":\"News EST LYONNAIS\"},\"image\":{\"@id\":\"https:\/\/newsestlyonnais.fr\/site\/#\/schema\/logo\/image\/\"}},{\"@type\":\"Person\",\"@id\":\"https:\/\/newsestlyonnais.fr\/site\/#\/schema\/person\/3230d5615f390bb808365d673001e887\",\"name\":\"R\u00e9dac. NEWS\",\"sameAs\":[\"http:\/\/www.newsestlyonnais.fr\",\"https:\/\/www.facebook.com\/pascal.oberson.1?fref=ts\",\"https:\/\/fr.linkedin.com\/in\/pascal-oberson-b17045113\"],\"url\":\"https:\/\/newsestlyonnais.fr\/site\/author\/nel\/\"}]}<\/script>\n<!-- \/ Yoast SEO plugin. -->","yoast_head_json":{"title":"VILLEURBANNE : Inventaire dans\u00e9 : R\u00e9p\u00e9tition de Julie Desprairies le 20 juin prochain","description":"VILLEURBANNE : Inventaire dans\u00e9 : R\u00e9p\u00e9tition de Julie Desprairies le 20 juin prochain","robots":{"index":"index","follow":"follow","max-snippet":"max-snippet:-1","max-image-preview":"max-image-preview:large","max-video-preview":"max-video-preview:-1"},"canonical":"https:\/\/newsestlyonnais.fr\/site\/2018\/06\/15\/villeurbanne-inventaire-danse-repetition-de-julie-desprairies-le-20-juin\/","og_locale":"fr_FR","og_type":"article","og_title":"VILLEURBANNE : Inventaire dans\u00e9 : R\u00e9p\u00e9tition de Julie Desprairies le 20 juin prochain","og_description":"VILLEURBANNE : Inventaire dans\u00e9 : R\u00e9p\u00e9tition de Julie Desprairies le 20 juin prochain","og_url":"https:\/\/newsestlyonnais.fr\/site\/2018\/06\/15\/villeurbanne-inventaire-danse-repetition-de-julie-desprairies-le-20-juin\/","og_site_name":"News Est Lyonnais","article_author":"https:\/\/www.facebook.com\/pascal.oberson.1?fref=ts","article_published_time":"2018-06-15T07:55:09+00:00","article_modified_time":"2020-10-30T09:14:36+00:00","og_image":[{"width":1000,"height":750,"url":"https:\/\/i0.wp.com\/newsestlyonnais.fr\/site\/wp-content\/uploads\/2016\/09\/NEWSESTLYONNAIS-PANNEAUVILLEURBANNE.jpg?fit=1000%2C750&ssl=1","type":"image\/jpeg"}],"author":"R\u00e9dac. NEWS","twitter_card":"summary_large_image","twitter_misc":{"\u00c9crit par":"R\u00e9dac. NEWS","Dur\u00e9e de lecture estim\u00e9e":"1 minute"},"schema":{"@context":"https:\/\/schema.org","@graph":[{"@type":"Article","@id":"https:\/\/newsestlyonnais.fr\/site\/2018\/06\/15\/villeurbanne-inventaire-danse-repetition-de-julie-desprairies-le-20-juin\/#article","isPartOf":{"@id":"https:\/\/newsestlyonnais.fr\/site\/2018\/06\/15\/villeurbanne-inventaire-danse-repetition-de-julie-desprairies-le-20-juin\/"},"author":{"name":"R\u00e9dac. NEWS","@id":"https:\/\/newsestlyonnais.fr\/site\/#\/schema\/person\/3230d5615f390bb808365d673001e887"},"headline":"VILLEURBANNE | Inventaire dans\u00e9 > r\u00e9p\u00e9tition de Julie Desprairies le 20 juin","datePublished":"2018-06-15T07:55:09+00:00","dateModified":"2020-10-30T09:14:36+00:00","mainEntityOfPage":{"@id":"https:\/\/newsestlyonnais.fr\/site\/2018\/06\/15\/villeurbanne-inventaire-danse-repetition-de-julie-desprairies-le-20-juin\/"},"wordCount":231,"commentCount":0,"publisher":{"@id":"https:\/\/newsestlyonnais.fr\/site\/#organization"},"image":{"@id":"https:\/\/newsestlyonnais.fr\/site\/2018\/06\/15\/villeurbanne-inventaire-danse-repetition-de-julie-desprairies-le-20-juin\/#primaryimage"},"thumbnailUrl":"https:\/\/newsestlyonnais.fr\/site\/wp-content\/uploads\/2016\/09\/NEWSESTLYONNAIS-PANNEAUVILLEURBANNE.jpg","articleSection":["Musique | Danse | Humour","Villeurbanne"],"inLanguage":"fr-FR","potentialAction":[{"@type":"CommentAction","name":"Comment","target":["https:\/\/newsestlyonnais.fr\/site\/2018\/06\/15\/villeurbanne-inventaire-danse-repetition-de-julie-desprairies-le-20-juin\/#respond"]}]},{"@type":"WebPage","@id":"https:\/\/newsestlyonnais.fr\/site\/2018\/06\/15\/villeurbanne-inventaire-danse-repetition-de-julie-desprairies-le-20-juin\/","url":"https:\/\/newsestlyonnais.fr\/site\/2018\/06\/15\/villeurbanne-inventaire-danse-repetition-de-julie-desprairies-le-20-juin\/","name":"VILLEURBANNE : Inventaire dans\u00e9 : R\u00e9p\u00e9tition de Julie Desprairies le 20 juin prochain","isPartOf":{"@id":"https:\/\/newsestlyonnais.fr\/site\/#website"},"primaryImageOfPage":{"@id":"https:\/\/newsestlyonnais.fr\/site\/2018\/06\/15\/villeurbanne-inventaire-danse-repetition-de-julie-desprairies-le-20-juin\/#primaryimage"},"image":{"@id":"https:\/\/newsestlyonnais.fr\/site\/2018\/06\/15\/villeurbanne-inventaire-danse-repetition-de-julie-desprairies-le-20-juin\/#primaryimage"},"thumbnailUrl":"https:\/\/newsestlyonnais.fr\/site\/wp-content\/uploads\/2016\/09\/NEWSESTLYONNAIS-PANNEAUVILLEURBANNE.jpg","datePublished":"2018-06-15T07:55:09+00:00","dateModified":"2020-10-30T09:14:36+00:00","description":"VILLEURBANNE : Inventaire dans\u00e9 : R\u00e9p\u00e9tition de Julie Desprairies le 20 juin prochain","breadcrumb":{"@id":"https:\/\/newsestlyonnais.fr\/site\/2018\/06\/15\/villeurbanne-inventaire-danse-repetition-de-julie-desprairies-le-20-juin\/#breadcrumb"},"inLanguage":"fr-FR","potentialAction":[{"@type":"ReadAction","target":["https:\/\/newsestlyonnais.fr\/site\/2018\/06\/15\/villeurbanne-inventaire-danse-repetition-de-julie-desprairies-le-20-juin\/"]}]},{"@type":"ImageObject","inLanguage":"fr-FR","@id":"https:\/\/newsestlyonnais.fr\/site\/2018\/06\/15\/villeurbanne-inventaire-danse-repetition-de-julie-desprairies-le-20-juin\/#primaryimage","url":"https:\/\/newsestlyonnais.fr\/site\/wp-content\/uploads\/2016\/09\/NEWSESTLYONNAIS-PANNEAUVILLEURBANNE.jpg","contentUrl":"https:\/\/newsestlyonnais.fr\/site\/wp-content\/uploads\/2016\/09\/NEWSESTLYONNAIS-PANNEAUVILLEURBANNE.jpg","width":1000,"height":750,"caption":"newsestlyonnais-panneauvilleurbanne"},{"@type":"BreadcrumbList","@id":"https:\/\/newsestlyonnais.fr\/site\/2018\/06\/15\/villeurbanne-inventaire-danse-repetition-de-julie-desprairies-le-20-juin\/#breadcrumb","itemListElement":[{"@type":"ListItem","position":1,"name":"Accueil","item":"https:\/\/newsestlyonnais.fr\/site\/"},{"@type":"ListItem","position":2,"name":"VILLEURBANNE | Inventaire dans\u00e9 > r\u00e9p\u00e9tition de Julie Desprairies le 20 juin"}]},{"@type":"WebSite","@id":"https:\/\/newsestlyonnais.fr\/site\/#website","url":"https:\/\/newsestlyonnais.fr\/site\/","name":"News Est Lyonnais","description":"L&#039;actualit\u00e9 au plus pr\u00e8s","publisher":{"@id":"https:\/\/newsestlyonnais.fr\/site\/#organization"},"potentialAction":[{"@type":"SearchAction","target":{"@type":"EntryPoint","urlTemplate":"https:\/\/newsestlyonnais.fr\/site\/?s={search_term_string}"},"query-input":{"@type":"PropertyValueSpecification","valueRequired":true,"valueName":"search_term_string"}}],"inLanguage":"fr-FR"},{"@type":"Organization","@id":"https:\/\/newsestlyonnais.fr\/site\/#organization","name":"News EST LYONNAIS","url":"https:\/\/newsestlyonnais.fr\/site\/","logo":{"@type":"ImageObject","inLanguage":"fr-FR","@id":"https:\/\/newsestlyonnais.fr\/site\/#\/schema\/logo\/image\/","url":"","contentUrl":"","caption":"News EST LYONNAIS"},"image":{"@id":"https:\/\/newsestlyonnais.fr\/site\/#\/schema\/logo\/image\/"}},{"@type":"Person","@id":"https:\/\/newsestlyonnais.fr\/site\/#\/schema\/person\/3230d5615f390bb808365d673001e887","name":"R\u00e9dac. NEWS","sameAs":["http:\/\/www.newsestlyonnais.fr","https:\/\/www.facebook.com\/pascal.oberson.1?fref=ts","https:\/\/fr.linkedin.com\/in\/pascal-oberson-b17045113"],"url":"https:\/\/newsestlyonnais.fr\/site\/author\/nel\/"}]}},"_links":{"self":[{"href":"https:\/\/newsestlyonnais.fr\/site\/wp-json\/wp\/v2\/posts\/51311","targetHints":{"allow":["GET"]}}],"collection":[{"href":"https:\/\/newsestlyonnais.fr\/site\/wp-json\/wp\/v2\/posts"}],"about":[{"href":"https:\/\/newsestlyonnais.fr\/site\/wp-json\/wp\/v2\/types\/post"}],"author":[{"embeddable":true,"href":"https:\/\/newsestlyonnais.fr\/site\/wp-json\/wp\/v2\/users\/4"}],"replies":[{"embeddable":true,"href":"https:\/\/newsestlyonnais.fr\/site\/wp-json\/wp\/v2\/comments?post=51311"}],"version-history":[{"count":0,"href":"https:\/\/newsestlyonnais.fr\/site\/wp-json\/wp\/v2\/posts\/51311\/revisions"}],"wp:featuredmedia":[{"embeddable":true,"href":"https:\/\/newsestlyonnais.fr\/site\/wp-json\/wp\/v2\/media\/12277"}],"wp:attachment":[{"href":"https:\/\/newsestlyonnais.fr\/site\/wp-json\/wp\/v2\/media?parent=51311"}],"wp:term":[{"taxonomy":"category","embeddable":true,"href":"https:\/\/newsestlyonnais.fr\/site\/wp-json\/wp\/v2\/categories?post=51311"},{"taxonomy":"post_tag","embeddable":true,"href":"https:\/\/newsestlyonnais.fr\/site\/wp-json\/wp\/v2\/tags?post=51311"}],"curies":[{"name":"wp","href":"https:\/\/api.w.org\/{rel}","templated":true}]}}