{"id":51357,"date":"2018-06-16T07:33:45","date_gmt":"2018-06-16T06:33:45","guid":{"rendered":"http:\/\/newsestlyonnais.fr\/site\/?p=51357"},"modified":"2020-11-05T06:22:49","modified_gmt":"2020-11-05T05:22:49","slug":"genas-le-tournoi-de-tennis-sacheve-ce-samedi","status":"publish","type":"post","link":"https:\/\/newsestlyonnais.fr\/site\/2018\/06\/16\/genas-le-tournoi-de-tennis-sacheve-ce-samedi\/","title":{"rendered":"GENAS | Le tournoi de tennis s&rsquo;ach\u00e8ve ce samedi"},"content":{"rendered":"<h4>Clap de fin ce samedi pour l&rsquo;\u00e9dition 2018 du tournoi de Tennis de Genas.<\/h4>\n<div dir=\"ltr\">\n<div>\n<div class=\"post_content\"><strong>Dans le cadre d\u2019un partenariat mis en place avec le Tennis Club de Genas, retrouvez AU QUOTIDIEN les r\u00e9sultats de cet OPEN qui s\u2019ach\u00e8ve samedi apr\u00e8s-midi.<\/strong> <strong>. 5 matchs \u00e9taient programm\u00e9s ce vendredi, dans les 3 tableaux, voici les r\u00e9sultats<\/strong> :<\/div>\n<div class=\"post_content\">\n<p><em><strong><span style=\"text-decoration: underline\">Tableau f\u00e9minin<\/span> : <\/strong><\/em>&#8211;<\/p>\n<ul>\n<li><a class=\"pl\"><b>Tatiana <\/b><\/a><strong>Mazzola<\/strong> (TC Pont d&rsquo;Ain, 1\/6) bat Manon Demunck (TC Dardilly-Champagne, 5\/6) \u00a0 \u00a0\u00a0 5\/7, 6\/2, 6\/2<\/li>\n<li><a class=\"pl\"><b>Ana Maria<\/b><\/a> <a class=\"pl\"><b>Becerra Vargas<\/b> (TC Fareins, 0) bat <\/a>Lucie Vichier (TC Genas, <a class=\"pl\">5\/6<\/a>)\u00a0\u00a0 \u00a0 6\/1, 5\/7, 6\/2<\/li>\n<\/ul>\n<p><strong><em><span style=\"text-decoration: underline\">Tableau masculin<\/span> :<\/em><\/strong><\/p>\n<ul>\n<li><a class=\"pl\"><b>Lucas<\/b><\/a> <strong>Grandouiller <\/strong>(Chassieu Tennis, 1\/6) bat Emeric Tardy (TC Rhodia Vaise, 0)\u00a0 6\/2 puis abandon<\/li>\n<\/ul>\n<p><strong><em><span style=\"text-decoration: underline\">Tableau masculin + 45 ans<\/span> :<\/em><\/strong><\/p>\n<ul>\n<li><strong>Matt\u00e9o Costa<\/strong> (TC Croix Rousse) bat Alain Wigishoff (AT Pusignan, 30\/1) \u00a0 \u00a0\u00a0 6\/3, 6\/1<\/li>\n<li><a class=\"pl\"><b>Bruno<\/b><\/a><b><a class=\"pl\"> Jurkiewiez\u00a0 <\/a><\/b><a class=\"pl\">(TC D\u00e9cines, 15\/5) bat Marc Michel-Durand (Chassieu Tennis, 15\/5)\u00a0\u00a0\u00a0 <\/a><a class=\"pl\">6\/3, 6\/0<\/a><strong><em><br \/>\n<\/em><\/strong><\/li>\n<\/ul>\n<div dir=\"ltr\">\n<div>\u00a0\u00bb C&rsquo;est la derni\u00e8re journ\u00e9e du tournoi et nous vous attendons nombreux pour suivre les rencontres et partager un verre \u00e0 l&rsquo;issue de la remise des r\u00e9compenses. \u00a0\u00bb confie le bureau organisateur de cet open.<\/div>\n<div>&#8211;\u00a0 <strong>Programme de cette journ\u00e9e de samedi<\/strong>.<\/div>\n<div>La seconde demi finale (Alexis Gerra\/Louis Picaud) se d\u00e9roule ce matin \u00e0 9 h et finales a partir de 14 heures. Remise des prix \u00e0 17 h.<\/div>\n<div><\/div>\n<div><\/div>\n<\/div>\n<\/div>\n<div class=\"post_content\">\n<div class=\"post_content\">\n<h4><\/h4>\n<\/div>\n<\/div>\n<\/div>\n<div><\/div>\n<\/div>\n","protected":false},"excerpt":{"rendered":"<p>Clap de fin ce samedi pour l&rsquo;\u00e9dition 2018 du tournoi de Tennis de Genas. Dans le cadre d\u2019un partenariat mis en place avec le Tennis Club de Genas, retrouvez AU QUOTIDIEN les r\u00e9sultats de cet OPEN qui s\u2019ach\u00e8ve samedi apr\u00e8s-midi. . 5 matchs \u00e9taient programm\u00e9s ce vendredi, dans les 3 tableaux, voici les r\u00e9sultats : [&hellip;]<\/p>\n","protected":false},"author":4,"featured_media":49894,"comment_status":"open","ping_status":"open","sticky":false,"template":"","format":"standard","meta":{"footnotes":""},"categories":[270,1598,2992,2991],"tags":[],"class_list":["post-51357","post","type-post","status-publish","format-standard","has-post-thumbnail","hentry","category-cte-de-communes-c-c-e-l","category-genas","category-tennis-padel","category-tennis-tennis-table-sports"],"yoast_head":"<!-- This site is optimized with the Yoast SEO plugin v27.2 - https:\/\/yoast.com\/product\/yoast-seo-wordpress\/ -->\n<title>GENAS : Le tournoi de tennis s&#039;ach\u00e8ve ce samedi<\/title>\n<meta name=\"description\" content=\"GENAS : Le tournoi de tennis s&#039;ach\u00e8ve ce samedi\" \/>\n<meta name=\"robots\" content=\"index, follow, max-snippet:-1, max-image-preview:large, max-video-preview:-1\" \/>\n<link rel=\"canonical\" href=\"https:\/\/newsestlyonnais.fr\/site\/2018\/06\/16\/genas-le-tournoi-de-tennis-sacheve-ce-samedi\/\" \/>\n<meta property=\"og:locale\" content=\"fr_FR\" \/>\n<meta property=\"og:type\" content=\"article\" \/>\n<meta property=\"og:title\" content=\"GENAS : Le tournoi de tennis s&#039;ach\u00e8ve ce samedi\" \/>\n<meta property=\"og:description\" content=\"GENAS : Le tournoi de tennis s&#039;ach\u00e8ve ce samedi\" \/>\n<meta property=\"og:url\" content=\"https:\/\/newsestlyonnais.fr\/site\/2018\/06\/16\/genas-le-tournoi-de-tennis-sacheve-ce-samedi\/\" \/>\n<meta property=\"og:site_name\" content=\"News Est Lyonnais\" \/>\n<meta property=\"article:author\" content=\"https:\/\/www.facebook.com\/pascal.oberson.1?fref=ts\" \/>\n<meta property=\"article:published_time\" content=\"2018-06-16T06:33:45+00:00\" \/>\n<meta property=\"article:modified_time\" content=\"2020-11-05T05:22:49+00:00\" \/>\n<meta property=\"og:image\" content=\"https:\/\/i1.wp.com\/newsestlyonnais.fr\/site\/wp-content\/uploads\/2018\/05\/P1270252.jpg?fit=2048%2C1536&ssl=1\" \/>\n\t<meta property=\"og:image:width\" content=\"2048\" \/>\n\t<meta property=\"og:image:height\" content=\"1536\" \/>\n\t<meta property=\"og:image:type\" content=\"image\/jpeg\" \/>\n<meta name=\"author\" content=\"R\u00e9dac. NEWS\" \/>\n<meta name=\"twitter:card\" content=\"summary_large_image\" \/>\n<meta name=\"twitter:label1\" content=\"\u00c9crit par\" \/>\n\t<meta name=\"twitter:data1\" content=\"R\u00e9dac. NEWS\" \/>\n\t<meta name=\"twitter:label2\" content=\"Dur\u00e9e de lecture estim\u00e9e\" \/>\n\t<meta name=\"twitter:data2\" content=\"1 minute\" \/>\n<script type=\"application\/ld+json\" class=\"yoast-schema-graph\">{\"@context\":\"https:\/\/schema.org\",\"@graph\":[{\"@type\":\"Article\",\"@id\":\"https:\/\/newsestlyonnais.fr\/site\/2018\/06\/16\/genas-le-tournoi-de-tennis-sacheve-ce-samedi\/#article\",\"isPartOf\":{\"@id\":\"https:\/\/newsestlyonnais.fr\/site\/2018\/06\/16\/genas-le-tournoi-de-tennis-sacheve-ce-samedi\/\"},\"author\":{\"name\":\"R\u00e9dac. NEWS\",\"@id\":\"https:\/\/newsestlyonnais.fr\/site\/#\/schema\/person\/3230d5615f390bb808365d673001e887\"},\"headline\":\"GENAS | Le tournoi de tennis s&rsquo;ach\u00e8ve ce samedi\",\"datePublished\":\"2018-06-16T06:33:45+00:00\",\"dateModified\":\"2020-11-05T05:22:49+00:00\",\"mainEntityOfPage\":{\"@id\":\"https:\/\/newsestlyonnais.fr\/site\/2018\/06\/16\/genas-le-tournoi-de-tennis-sacheve-ce-samedi\/\"},\"wordCount\":201,\"commentCount\":0,\"publisher\":{\"@id\":\"https:\/\/newsestlyonnais.fr\/site\/#organization\"},\"image\":{\"@id\":\"https:\/\/newsestlyonnais.fr\/site\/2018\/06\/16\/genas-le-tournoi-de-tennis-sacheve-ce-samedi\/#primaryimage\"},\"thumbnailUrl\":\"https:\/\/newsestlyonnais.fr\/site\/wp-content\/uploads\/2018\/05\/P1270252.jpg\",\"articleSection\":[\"CCEL | Communes\",\"Genas\",\"Tennis | Padel\",\"Tennis | Tennis de table\"],\"inLanguage\":\"fr-FR\",\"potentialAction\":[{\"@type\":\"CommentAction\",\"name\":\"Comment\",\"target\":[\"https:\/\/newsestlyonnais.fr\/site\/2018\/06\/16\/genas-le-tournoi-de-tennis-sacheve-ce-samedi\/#respond\"]}]},{\"@type\":\"WebPage\",\"@id\":\"https:\/\/newsestlyonnais.fr\/site\/2018\/06\/16\/genas-le-tournoi-de-tennis-sacheve-ce-samedi\/\",\"url\":\"https:\/\/newsestlyonnais.fr\/site\/2018\/06\/16\/genas-le-tournoi-de-tennis-sacheve-ce-samedi\/\",\"name\":\"GENAS : Le tournoi de tennis s'ach\u00e8ve ce samedi\",\"isPartOf\":{\"@id\":\"https:\/\/newsestlyonnais.fr\/site\/#website\"},\"primaryImageOfPage\":{\"@id\":\"https:\/\/newsestlyonnais.fr\/site\/2018\/06\/16\/genas-le-tournoi-de-tennis-sacheve-ce-samedi\/#primaryimage\"},\"image\":{\"@id\":\"https:\/\/newsestlyonnais.fr\/site\/2018\/06\/16\/genas-le-tournoi-de-tennis-sacheve-ce-samedi\/#primaryimage\"},\"thumbnailUrl\":\"https:\/\/newsestlyonnais.fr\/site\/wp-content\/uploads\/2018\/05\/P1270252.jpg\",\"datePublished\":\"2018-06-16T06:33:45+00:00\",\"dateModified\":\"2020-11-05T05:22:49+00:00\",\"description\":\"GENAS : Le tournoi de tennis s'ach\u00e8ve ce samedi\",\"breadcrumb\":{\"@id\":\"https:\/\/newsestlyonnais.fr\/site\/2018\/06\/16\/genas-le-tournoi-de-tennis-sacheve-ce-samedi\/#breadcrumb\"},\"inLanguage\":\"fr-FR\",\"potentialAction\":[{\"@type\":\"ReadAction\",\"target\":[\"https:\/\/newsestlyonnais.fr\/site\/2018\/06\/16\/genas-le-tournoi-de-tennis-sacheve-ce-samedi\/\"]}]},{\"@type\":\"ImageObject\",\"inLanguage\":\"fr-FR\",\"@id\":\"https:\/\/newsestlyonnais.fr\/site\/2018\/06\/16\/genas-le-tournoi-de-tennis-sacheve-ce-samedi\/#primaryimage\",\"url\":\"https:\/\/newsestlyonnais.fr\/site\/wp-content\/uploads\/2018\/05\/P1270252.jpg\",\"contentUrl\":\"https:\/\/newsestlyonnais.fr\/site\/wp-content\/uploads\/2018\/05\/P1270252.jpg\",\"width\":2048,\"height\":1536,\"caption\":\"NEWSESTLYONNAIS HALLE TENNIS\"},{\"@type\":\"BreadcrumbList\",\"@id\":\"https:\/\/newsestlyonnais.fr\/site\/2018\/06\/16\/genas-le-tournoi-de-tennis-sacheve-ce-samedi\/#breadcrumb\",\"itemListElement\":[{\"@type\":\"ListItem\",\"position\":1,\"name\":\"Accueil\",\"item\":\"https:\/\/newsestlyonnais.fr\/site\/\"},{\"@type\":\"ListItem\",\"position\":2,\"name\":\"GENAS | Le tournoi de tennis s&rsquo;ach\u00e8ve ce samedi\"}]},{\"@type\":\"WebSite\",\"@id\":\"https:\/\/newsestlyonnais.fr\/site\/#website\",\"url\":\"https:\/\/newsestlyonnais.fr\/site\/\",\"name\":\"News Est Lyonnais\",\"description\":\"L&#039;actualit\u00e9 au plus pr\u00e8s\",\"publisher\":{\"@id\":\"https:\/\/newsestlyonnais.fr\/site\/#organization\"},\"potentialAction\":[{\"@type\":\"SearchAction\",\"target\":{\"@type\":\"EntryPoint\",\"urlTemplate\":\"https:\/\/newsestlyonnais.fr\/site\/?s={search_term_string}\"},\"query-input\":{\"@type\":\"PropertyValueSpecification\",\"valueRequired\":true,\"valueName\":\"search_term_string\"}}],\"inLanguage\":\"fr-FR\"},{\"@type\":\"Organization\",\"@id\":\"https:\/\/newsestlyonnais.fr\/site\/#organization\",\"name\":\"News EST LYONNAIS\",\"url\":\"https:\/\/newsestlyonnais.fr\/site\/\",\"logo\":{\"@type\":\"ImageObject\",\"inLanguage\":\"fr-FR\",\"@id\":\"https:\/\/newsestlyonnais.fr\/site\/#\/schema\/logo\/image\/\",\"url\":\"\",\"contentUrl\":\"\",\"caption\":\"News EST LYONNAIS\"},\"image\":{\"@id\":\"https:\/\/newsestlyonnais.fr\/site\/#\/schema\/logo\/image\/\"}},{\"@type\":\"Person\",\"@id\":\"https:\/\/newsestlyonnais.fr\/site\/#\/schema\/person\/3230d5615f390bb808365d673001e887\",\"name\":\"R\u00e9dac. NEWS\",\"sameAs\":[\"http:\/\/www.newsestlyonnais.fr\",\"https:\/\/www.facebook.com\/pascal.oberson.1?fref=ts\",\"https:\/\/fr.linkedin.com\/in\/pascal-oberson-b17045113\"],\"url\":\"https:\/\/newsestlyonnais.fr\/site\/author\/nel\/\"}]}<\/script>\n<!-- \/ Yoast SEO plugin. -->","yoast_head_json":{"title":"GENAS : Le tournoi de tennis s'ach\u00e8ve ce samedi","description":"GENAS : Le tournoi de tennis s'ach\u00e8ve ce samedi","robots":{"index":"index","follow":"follow","max-snippet":"max-snippet:-1","max-image-preview":"max-image-preview:large","max-video-preview":"max-video-preview:-1"},"canonical":"https:\/\/newsestlyonnais.fr\/site\/2018\/06\/16\/genas-le-tournoi-de-tennis-sacheve-ce-samedi\/","og_locale":"fr_FR","og_type":"article","og_title":"GENAS : Le tournoi de tennis s'ach\u00e8ve ce samedi","og_description":"GENAS : Le tournoi de tennis s'ach\u00e8ve ce samedi","og_url":"https:\/\/newsestlyonnais.fr\/site\/2018\/06\/16\/genas-le-tournoi-de-tennis-sacheve-ce-samedi\/","og_site_name":"News Est Lyonnais","article_author":"https:\/\/www.facebook.com\/pascal.oberson.1?fref=ts","article_published_time":"2018-06-16T06:33:45+00:00","article_modified_time":"2020-11-05T05:22:49+00:00","og_image":[{"width":2048,"height":1536,"url":"https:\/\/i1.wp.com\/newsestlyonnais.fr\/site\/wp-content\/uploads\/2018\/05\/P1270252.jpg?fit=2048%2C1536&ssl=1","type":"image\/jpeg"}],"author":"R\u00e9dac. NEWS","twitter_card":"summary_large_image","twitter_misc":{"\u00c9crit par":"R\u00e9dac. NEWS","Dur\u00e9e de lecture estim\u00e9e":"1 minute"},"schema":{"@context":"https:\/\/schema.org","@graph":[{"@type":"Article","@id":"https:\/\/newsestlyonnais.fr\/site\/2018\/06\/16\/genas-le-tournoi-de-tennis-sacheve-ce-samedi\/#article","isPartOf":{"@id":"https:\/\/newsestlyonnais.fr\/site\/2018\/06\/16\/genas-le-tournoi-de-tennis-sacheve-ce-samedi\/"},"author":{"name":"R\u00e9dac. NEWS","@id":"https:\/\/newsestlyonnais.fr\/site\/#\/schema\/person\/3230d5615f390bb808365d673001e887"},"headline":"GENAS | Le tournoi de tennis s&rsquo;ach\u00e8ve ce samedi","datePublished":"2018-06-16T06:33:45+00:00","dateModified":"2020-11-05T05:22:49+00:00","mainEntityOfPage":{"@id":"https:\/\/newsestlyonnais.fr\/site\/2018\/06\/16\/genas-le-tournoi-de-tennis-sacheve-ce-samedi\/"},"wordCount":201,"commentCount":0,"publisher":{"@id":"https:\/\/newsestlyonnais.fr\/site\/#organization"},"image":{"@id":"https:\/\/newsestlyonnais.fr\/site\/2018\/06\/16\/genas-le-tournoi-de-tennis-sacheve-ce-samedi\/#primaryimage"},"thumbnailUrl":"https:\/\/newsestlyonnais.fr\/site\/wp-content\/uploads\/2018\/05\/P1270252.jpg","articleSection":["CCEL | Communes","Genas","Tennis | Padel","Tennis | Tennis de table"],"inLanguage":"fr-FR","potentialAction":[{"@type":"CommentAction","name":"Comment","target":["https:\/\/newsestlyonnais.fr\/site\/2018\/06\/16\/genas-le-tournoi-de-tennis-sacheve-ce-samedi\/#respond"]}]},{"@type":"WebPage","@id":"https:\/\/newsestlyonnais.fr\/site\/2018\/06\/16\/genas-le-tournoi-de-tennis-sacheve-ce-samedi\/","url":"https:\/\/newsestlyonnais.fr\/site\/2018\/06\/16\/genas-le-tournoi-de-tennis-sacheve-ce-samedi\/","name":"GENAS : Le tournoi de tennis s'ach\u00e8ve ce samedi","isPartOf":{"@id":"https:\/\/newsestlyonnais.fr\/site\/#website"},"primaryImageOfPage":{"@id":"https:\/\/newsestlyonnais.fr\/site\/2018\/06\/16\/genas-le-tournoi-de-tennis-sacheve-ce-samedi\/#primaryimage"},"image":{"@id":"https:\/\/newsestlyonnais.fr\/site\/2018\/06\/16\/genas-le-tournoi-de-tennis-sacheve-ce-samedi\/#primaryimage"},"thumbnailUrl":"https:\/\/newsestlyonnais.fr\/site\/wp-content\/uploads\/2018\/05\/P1270252.jpg","datePublished":"2018-06-16T06:33:45+00:00","dateModified":"2020-11-05T05:22:49+00:00","description":"GENAS : Le tournoi de tennis s'ach\u00e8ve ce samedi","breadcrumb":{"@id":"https:\/\/newsestlyonnais.fr\/site\/2018\/06\/16\/genas-le-tournoi-de-tennis-sacheve-ce-samedi\/#breadcrumb"},"inLanguage":"fr-FR","potentialAction":[{"@type":"ReadAction","target":["https:\/\/newsestlyonnais.fr\/site\/2018\/06\/16\/genas-le-tournoi-de-tennis-sacheve-ce-samedi\/"]}]},{"@type":"ImageObject","inLanguage":"fr-FR","@id":"https:\/\/newsestlyonnais.fr\/site\/2018\/06\/16\/genas-le-tournoi-de-tennis-sacheve-ce-samedi\/#primaryimage","url":"https:\/\/newsestlyonnais.fr\/site\/wp-content\/uploads\/2018\/05\/P1270252.jpg","contentUrl":"https:\/\/newsestlyonnais.fr\/site\/wp-content\/uploads\/2018\/05\/P1270252.jpg","width":2048,"height":1536,"caption":"NEWSESTLYONNAIS HALLE TENNIS"},{"@type":"BreadcrumbList","@id":"https:\/\/newsestlyonnais.fr\/site\/2018\/06\/16\/genas-le-tournoi-de-tennis-sacheve-ce-samedi\/#breadcrumb","itemListElement":[{"@type":"ListItem","position":1,"name":"Accueil","item":"https:\/\/newsestlyonnais.fr\/site\/"},{"@type":"ListItem","position":2,"name":"GENAS | Le tournoi de tennis s&rsquo;ach\u00e8ve ce samedi"}]},{"@type":"WebSite","@id":"https:\/\/newsestlyonnais.fr\/site\/#website","url":"https:\/\/newsestlyonnais.fr\/site\/","name":"News Est Lyonnais","description":"L&#039;actualit\u00e9 au plus pr\u00e8s","publisher":{"@id":"https:\/\/newsestlyonnais.fr\/site\/#organization"},"potentialAction":[{"@type":"SearchAction","target":{"@type":"EntryPoint","urlTemplate":"https:\/\/newsestlyonnais.fr\/site\/?s={search_term_string}"},"query-input":{"@type":"PropertyValueSpecification","valueRequired":true,"valueName":"search_term_string"}}],"inLanguage":"fr-FR"},{"@type":"Organization","@id":"https:\/\/newsestlyonnais.fr\/site\/#organization","name":"News EST LYONNAIS","url":"https:\/\/newsestlyonnais.fr\/site\/","logo":{"@type":"ImageObject","inLanguage":"fr-FR","@id":"https:\/\/newsestlyonnais.fr\/site\/#\/schema\/logo\/image\/","url":"","contentUrl":"","caption":"News EST LYONNAIS"},"image":{"@id":"https:\/\/newsestlyonnais.fr\/site\/#\/schema\/logo\/image\/"}},{"@type":"Person","@id":"https:\/\/newsestlyonnais.fr\/site\/#\/schema\/person\/3230d5615f390bb808365d673001e887","name":"R\u00e9dac. NEWS","sameAs":["http:\/\/www.newsestlyonnais.fr","https:\/\/www.facebook.com\/pascal.oberson.1?fref=ts","https:\/\/fr.linkedin.com\/in\/pascal-oberson-b17045113"],"url":"https:\/\/newsestlyonnais.fr\/site\/author\/nel\/"}]}},"_links":{"self":[{"href":"https:\/\/newsestlyonnais.fr\/site\/wp-json\/wp\/v2\/posts\/51357","targetHints":{"allow":["GET"]}}],"collection":[{"href":"https:\/\/newsestlyonnais.fr\/site\/wp-json\/wp\/v2\/posts"}],"about":[{"href":"https:\/\/newsestlyonnais.fr\/site\/wp-json\/wp\/v2\/types\/post"}],"author":[{"embeddable":true,"href":"https:\/\/newsestlyonnais.fr\/site\/wp-json\/wp\/v2\/users\/4"}],"replies":[{"embeddable":true,"href":"https:\/\/newsestlyonnais.fr\/site\/wp-json\/wp\/v2\/comments?post=51357"}],"version-history":[{"count":0,"href":"https:\/\/newsestlyonnais.fr\/site\/wp-json\/wp\/v2\/posts\/51357\/revisions"}],"wp:featuredmedia":[{"embeddable":true,"href":"https:\/\/newsestlyonnais.fr\/site\/wp-json\/wp\/v2\/media\/49894"}],"wp:attachment":[{"href":"https:\/\/newsestlyonnais.fr\/site\/wp-json\/wp\/v2\/media?parent=51357"}],"wp:term":[{"taxonomy":"category","embeddable":true,"href":"https:\/\/newsestlyonnais.fr\/site\/wp-json\/wp\/v2\/categories?post=51357"},{"taxonomy":"post_tag","embeddable":true,"href":"https:\/\/newsestlyonnais.fr\/site\/wp-json\/wp\/v2\/tags?post=51357"}],"curies":[{"name":"wp","href":"https:\/\/api.w.org\/{rel}","templated":true}]}}