{"id":51611,"date":"2018-06-15T17:30:13","date_gmt":"2018-06-15T16:30:13","guid":{"rendered":"http:\/\/newsestlyonnais.fr\/site\/?p=51611"},"modified":"2020-11-12T05:58:52","modified_gmt":"2020-11-12T04:58:52","slug":"fete-de-la-musique-jy-vais-avec-tcl-2","status":"publish","type":"post","link":"https:\/\/newsestlyonnais.fr\/site\/2018\/06\/15\/fete-de-la-musique-jy-vais-avec-tcl-2\/","title":{"rendered":"F\u00caTE DE LA MUSIQUE  | J\u2019y vais avec TCL !"},"content":{"rendered":"<h4>Comme chaque ann\u00e9e, le r\u00e9seau TCL facilite les d\u00e9placements \u00e0 l\u2019occasion de la F\u00eate de la Musique et propose le ticket \u00ab TCL en f\u00eate \u00bb pour aller et venir sur tout le r\u00e9seau !<\/h4>\n<p>Vendu 3 \u20ac en agences commerciales depuis le 15 juin, et le 21 juin dans les bus et distributeurs automatiques, le <strong>ticket \u00ab TCL en f\u00eate \u00bb<\/strong> permet de circuler sans mod\u00e9ration sur le r\u00e9seau de 16 h \u00e0 la fin de service.<\/p>\n<p>&#8211;\u00a0 <span style=\"text-decoration: underline\"><em><strong>LE R\u00c9SEAU TCL S\u2019ADAPTE AUX FESTIVIT\u00c9S<\/strong><\/em><\/span> :<\/p>\n<p>Pour profiter au maximum de la F\u00eate de la Musique,<strong><em> la fr\u00e9quence des 4 lignes de m\u00e9tro, de la ligne<\/em> de tramway T1 et d\u2019une vingtaine de lignes de bus est renforc\u00e9e de 19 h \u00e0 la fin de service<\/strong> :<\/p>\n<ul>\n<li>Exceptionnellement, le funiculaire de Fourvi\u00e8re est prolong\u00e9 jusqu\u2019\u00e0 minuit.<\/li>\n<li><strong>A partir de 17 h<\/strong>, les bus ne circulent plus dans la Presqu\u2019\u00eele pour laisser place aux pi\u00e9tons. <strong>Ainsi, les<\/strong><br \/>\n<strong>lignes ci-dessous ont leur parcours limit\u00e9 :<\/strong><br \/>\n<strong>C3<\/strong> : limit\u00e9e \u00e0 Cordeliers<br \/>\n<strong>C13 nord<\/strong> : limit\u00e9e \u00e0 Terreaux Tobie Robatel \u00e0 partir de 17 h et \u00e0 Croix Rousse \u00e0 partir de 20 h<br \/>\n<strong>C13 sud<\/strong> : limit\u00e9e \u00e0 Cordeliers<br \/>\n<strong>C14<\/strong> : limit\u00e9e \u00e0 Gare de Vaise<br \/>\n<strong>C18<\/strong> : limit\u00e9e \u00e0 Terreaux Tobie Robatel \u00e0 partir de 17 h et \u00e0 Croix Rousse \u00e0 partir de 20 h<br \/>\n<strong>C20<\/strong> : limit\u00e9e \u00e0 Perrache<br \/>\n<strong>19<\/strong> : limit\u00e9e \u00e0 Gorge de Loup<br \/>\n<strong>27<\/strong> : limit\u00e9e \u00e0 Bellecour Le Viste<br \/>\n<strong>31<\/strong> : limit\u00e9e \u00e0 Gare de Vaise<br \/>\n<strong>40<\/strong> : limit\u00e9e \u00e0 Gare de Vaise<br \/>\n<strong>S1<\/strong> : ne circule pas<br \/>\n<strong>S6<\/strong> : limit\u00e9e \u00e0 Terreaux Tobie Robatel<br \/>\n<strong>S12<\/strong> : ne circule pas<\/li>\n<li><strong>LES LIGNES \u00ab\u00a0PLEINE LUNE\u00a0\u00bb JOUENT LES PROLONGATIONS<\/strong><br \/>\nLes lignes de nuit du r\u00e9seau TCL, appel\u00e9es PLEINE LUNE, <strong>circuleront exceptionnellement la nuit du<\/strong><br \/>\n<strong>jeudi 21 au vendredi 22 juin 2018<\/strong> avant de reprendre leur service \u00e0 la rentr\u00e9e de septembre.<br \/>\n<strong>PL 1<\/strong> : Terreaux La Feuill\u00e9e &gt; Brotteaux &gt; La Doua : 3 trajets au d\u00e9part du centre-ville \u00e0 2 h, 3 h &amp; 4 h du matin.<br \/>\n<strong>PL 2<\/strong> : H\u00f4tel de Ville Louis Pradel &gt; Saxe Gambetta &gt; Grange Blanche : 3 trajets au d\u00e9part du centre-ville \u00e0 2 h, 3 h &amp; 4 h du matin.<br \/>\n<strong>PL 3<\/strong> : H\u00f4tel de Ville Louis Pradel &gt; Valmy &gt; Campus Lyon Ouest : 3 trajets au d\u00e9part du centre-ville \u00e0 2 h, 3 h &amp; 4 h du matin.<\/li>\n<\/ul>\n<h4>Plus d&rsquo;infos sur : <a href=\"http:\/\/www.tcl.fr\" target=\"_blank\" rel=\"noopener noreferrer\">http:\/\/www.tcl.fr<\/a><\/h4>\n","protected":false},"excerpt":{"rendered":"<p>Comme chaque ann\u00e9e, le r\u00e9seau TCL facilite les d\u00e9placements \u00e0 l\u2019occasion de la F\u00eate de la Musique et propose le ticket \u00ab TCL en f\u00eate \u00bb pour aller et venir sur tout le r\u00e9seau ! Vendu 3 \u20ac en agences commerciales depuis le 15 juin, et le 21 juin dans les bus et distributeurs automatiques, [&hellip;]<\/p>\n","protected":false},"author":4,"featured_media":25760,"comment_status":"open","ping_status":"open","sticky":false,"template":"","format":"standard","meta":{"footnotes":""},"categories":[1625,3006,309,13,29],"tags":[],"class_list":["post-51611","post","type-post","status-publish","format-standard","has-post-thumbnail","hentry","category-lyon","category-musique-danse-humour","category-pratique","category-transports-circulation","category-villeurbanne"],"yoast_head":"<!-- This site is optimized with the Yoast SEO plugin v27.2 - https:\/\/yoast.com\/product\/yoast-seo-wordpress\/ -->\n<title>F\u00caTE DE LA MUSIQUE : J\u2019Y VAIS AVEC TCL !<\/title>\n<meta name=\"description\" content=\"F\u00caTE DE LA MUSIQUE : J\u2019Y VAIS AVEC TCL !\" \/>\n<meta name=\"robots\" content=\"index, follow, max-snippet:-1, max-image-preview:large, max-video-preview:-1\" \/>\n<link rel=\"canonical\" href=\"https:\/\/newsestlyonnais.fr\/site\/2018\/06\/15\/fete-de-la-musique-jy-vais-avec-tcl-2\/\" \/>\n<meta property=\"og:locale\" content=\"fr_FR\" \/>\n<meta property=\"og:type\" content=\"article\" \/>\n<meta property=\"og:title\" content=\"F\u00caTE DE LA MUSIQUE : J\u2019Y VAIS AVEC TCL !\" \/>\n<meta property=\"og:description\" content=\"F\u00caTE DE LA MUSIQUE : J\u2019Y VAIS AVEC TCL !\" \/>\n<meta property=\"og:url\" content=\"https:\/\/newsestlyonnais.fr\/site\/2018\/06\/15\/fete-de-la-musique-jy-vais-avec-tcl-2\/\" \/>\n<meta property=\"og:site_name\" content=\"News Est Lyonnais\" \/>\n<meta property=\"article:author\" content=\"https:\/\/www.facebook.com\/pascal.oberson.1?fref=ts\" \/>\n<meta property=\"article:published_time\" content=\"2018-06-15T16:30:13+00:00\" \/>\n<meta property=\"article:modified_time\" content=\"2020-11-12T04:58:52+00:00\" \/>\n<meta property=\"og:image\" content=\"https:\/\/i2.wp.com\/newsestlyonnais.fr\/site\/wp-content\/uploads\/2017\/04\/NewsEstLyonnais-Flash-Info.png?fit=1000%2C750&ssl=1\" \/>\n\t<meta property=\"og:image:width\" content=\"1000\" \/>\n\t<meta property=\"og:image:height\" content=\"750\" \/>\n\t<meta property=\"og:image:type\" content=\"image\/png\" \/>\n<meta name=\"author\" content=\"R\u00e9dac. NEWS\" \/>\n<meta name=\"twitter:card\" content=\"summary_large_image\" \/>\n<meta name=\"twitter:label1\" content=\"\u00c9crit par\" \/>\n\t<meta name=\"twitter:data1\" content=\"R\u00e9dac. NEWS\" \/>\n\t<meta name=\"twitter:label2\" content=\"Dur\u00e9e de lecture estim\u00e9e\" \/>\n\t<meta name=\"twitter:data2\" content=\"2 minutes\" \/>\n<script type=\"application\/ld+json\" class=\"yoast-schema-graph\">{\"@context\":\"https:\/\/schema.org\",\"@graph\":[{\"@type\":\"Article\",\"@id\":\"https:\/\/newsestlyonnais.fr\/site\/2018\/06\/15\/fete-de-la-musique-jy-vais-avec-tcl-2\/#article\",\"isPartOf\":{\"@id\":\"https:\/\/newsestlyonnais.fr\/site\/2018\/06\/15\/fete-de-la-musique-jy-vais-avec-tcl-2\/\"},\"author\":{\"name\":\"R\u00e9dac. NEWS\",\"@id\":\"https:\/\/newsestlyonnais.fr\/site\/#\/schema\/person\/3230d5615f390bb808365d673001e887\"},\"headline\":\"F\u00caTE DE LA MUSIQUE | J\u2019y vais avec TCL !\",\"datePublished\":\"2018-06-15T16:30:13+00:00\",\"dateModified\":\"2020-11-12T04:58:52+00:00\",\"mainEntityOfPage\":{\"@id\":\"https:\/\/newsestlyonnais.fr\/site\/2018\/06\/15\/fete-de-la-musique-jy-vais-avec-tcl-2\/\"},\"wordCount\":377,\"commentCount\":0,\"publisher\":{\"@id\":\"https:\/\/newsestlyonnais.fr\/site\/#organization\"},\"image\":{\"@id\":\"https:\/\/newsestlyonnais.fr\/site\/2018\/06\/15\/fete-de-la-musique-jy-vais-avec-tcl-2\/#primaryimage\"},\"thumbnailUrl\":\"https:\/\/newsestlyonnais.fr\/site\/wp-content\/uploads\/2017\/04\/NewsEstLyonnais-Flash-Info.png\",\"articleSection\":[\"Lyon\",\"Musique | Danse | Humour\",\"Pratique\",\"Transports | Circulation\",\"Villeurbanne\"],\"inLanguage\":\"fr-FR\",\"potentialAction\":[{\"@type\":\"CommentAction\",\"name\":\"Comment\",\"target\":[\"https:\/\/newsestlyonnais.fr\/site\/2018\/06\/15\/fete-de-la-musique-jy-vais-avec-tcl-2\/#respond\"]}]},{\"@type\":\"WebPage\",\"@id\":\"https:\/\/newsestlyonnais.fr\/site\/2018\/06\/15\/fete-de-la-musique-jy-vais-avec-tcl-2\/\",\"url\":\"https:\/\/newsestlyonnais.fr\/site\/2018\/06\/15\/fete-de-la-musique-jy-vais-avec-tcl-2\/\",\"name\":\"F\u00caTE DE LA MUSIQUE : J\u2019Y VAIS AVEC TCL !\",\"isPartOf\":{\"@id\":\"https:\/\/newsestlyonnais.fr\/site\/#website\"},\"primaryImageOfPage\":{\"@id\":\"https:\/\/newsestlyonnais.fr\/site\/2018\/06\/15\/fete-de-la-musique-jy-vais-avec-tcl-2\/#primaryimage\"},\"image\":{\"@id\":\"https:\/\/newsestlyonnais.fr\/site\/2018\/06\/15\/fete-de-la-musique-jy-vais-avec-tcl-2\/#primaryimage\"},\"thumbnailUrl\":\"https:\/\/newsestlyonnais.fr\/site\/wp-content\/uploads\/2017\/04\/NewsEstLyonnais-Flash-Info.png\",\"datePublished\":\"2018-06-15T16:30:13+00:00\",\"dateModified\":\"2020-11-12T04:58:52+00:00\",\"description\":\"F\u00caTE DE LA MUSIQUE : J\u2019Y VAIS AVEC TCL !\",\"breadcrumb\":{\"@id\":\"https:\/\/newsestlyonnais.fr\/site\/2018\/06\/15\/fete-de-la-musique-jy-vais-avec-tcl-2\/#breadcrumb\"},\"inLanguage\":\"fr-FR\",\"potentialAction\":[{\"@type\":\"ReadAction\",\"target\":[\"https:\/\/newsestlyonnais.fr\/site\/2018\/06\/15\/fete-de-la-musique-jy-vais-avec-tcl-2\/\"]}]},{\"@type\":\"ImageObject\",\"inLanguage\":\"fr-FR\",\"@id\":\"https:\/\/newsestlyonnais.fr\/site\/2018\/06\/15\/fete-de-la-musique-jy-vais-avec-tcl-2\/#primaryimage\",\"url\":\"https:\/\/newsestlyonnais.fr\/site\/wp-content\/uploads\/2017\/04\/NewsEstLyonnais-Flash-Info.png\",\"contentUrl\":\"https:\/\/newsestlyonnais.fr\/site\/wp-content\/uploads\/2017\/04\/NewsEstLyonnais-Flash-Info.png\",\"width\":1000,\"height\":750,\"caption\":\"NewsEstLyonnais-Flash-Info\"},{\"@type\":\"BreadcrumbList\",\"@id\":\"https:\/\/newsestlyonnais.fr\/site\/2018\/06\/15\/fete-de-la-musique-jy-vais-avec-tcl-2\/#breadcrumb\",\"itemListElement\":[{\"@type\":\"ListItem\",\"position\":1,\"name\":\"Accueil\",\"item\":\"https:\/\/newsestlyonnais.fr\/site\/\"},{\"@type\":\"ListItem\",\"position\":2,\"name\":\"F\u00caTE DE LA MUSIQUE | J\u2019y vais avec TCL !\"}]},{\"@type\":\"WebSite\",\"@id\":\"https:\/\/newsestlyonnais.fr\/site\/#website\",\"url\":\"https:\/\/newsestlyonnais.fr\/site\/\",\"name\":\"News Est Lyonnais\",\"description\":\"L&#039;actualit\u00e9 au plus pr\u00e8s\",\"publisher\":{\"@id\":\"https:\/\/newsestlyonnais.fr\/site\/#organization\"},\"potentialAction\":[{\"@type\":\"SearchAction\",\"target\":{\"@type\":\"EntryPoint\",\"urlTemplate\":\"https:\/\/newsestlyonnais.fr\/site\/?s={search_term_string}\"},\"query-input\":{\"@type\":\"PropertyValueSpecification\",\"valueRequired\":true,\"valueName\":\"search_term_string\"}}],\"inLanguage\":\"fr-FR\"},{\"@type\":\"Organization\",\"@id\":\"https:\/\/newsestlyonnais.fr\/site\/#organization\",\"name\":\"News EST LYONNAIS\",\"url\":\"https:\/\/newsestlyonnais.fr\/site\/\",\"logo\":{\"@type\":\"ImageObject\",\"inLanguage\":\"fr-FR\",\"@id\":\"https:\/\/newsestlyonnais.fr\/site\/#\/schema\/logo\/image\/\",\"url\":\"\",\"contentUrl\":\"\",\"caption\":\"News EST LYONNAIS\"},\"image\":{\"@id\":\"https:\/\/newsestlyonnais.fr\/site\/#\/schema\/logo\/image\/\"}},{\"@type\":\"Person\",\"@id\":\"https:\/\/newsestlyonnais.fr\/site\/#\/schema\/person\/3230d5615f390bb808365d673001e887\",\"name\":\"R\u00e9dac. NEWS\",\"sameAs\":[\"http:\/\/www.newsestlyonnais.fr\",\"https:\/\/www.facebook.com\/pascal.oberson.1?fref=ts\",\"https:\/\/fr.linkedin.com\/in\/pascal-oberson-b17045113\"],\"url\":\"https:\/\/newsestlyonnais.fr\/site\/author\/nel\/\"}]}<\/script>\n<!-- \/ Yoast SEO plugin. -->","yoast_head_json":{"title":"F\u00caTE DE LA MUSIQUE : J\u2019Y VAIS AVEC TCL !","description":"F\u00caTE DE LA MUSIQUE : J\u2019Y VAIS AVEC TCL !","robots":{"index":"index","follow":"follow","max-snippet":"max-snippet:-1","max-image-preview":"max-image-preview:large","max-video-preview":"max-video-preview:-1"},"canonical":"https:\/\/newsestlyonnais.fr\/site\/2018\/06\/15\/fete-de-la-musique-jy-vais-avec-tcl-2\/","og_locale":"fr_FR","og_type":"article","og_title":"F\u00caTE DE LA MUSIQUE : J\u2019Y VAIS AVEC TCL !","og_description":"F\u00caTE DE LA MUSIQUE : J\u2019Y VAIS AVEC TCL !","og_url":"https:\/\/newsestlyonnais.fr\/site\/2018\/06\/15\/fete-de-la-musique-jy-vais-avec-tcl-2\/","og_site_name":"News Est Lyonnais","article_author":"https:\/\/www.facebook.com\/pascal.oberson.1?fref=ts","article_published_time":"2018-06-15T16:30:13+00:00","article_modified_time":"2020-11-12T04:58:52+00:00","og_image":[{"width":1000,"height":750,"url":"https:\/\/i2.wp.com\/newsestlyonnais.fr\/site\/wp-content\/uploads\/2017\/04\/NewsEstLyonnais-Flash-Info.png?fit=1000%2C750&ssl=1","type":"image\/png"}],"author":"R\u00e9dac. NEWS","twitter_card":"summary_large_image","twitter_misc":{"\u00c9crit par":"R\u00e9dac. NEWS","Dur\u00e9e de lecture estim\u00e9e":"2 minutes"},"schema":{"@context":"https:\/\/schema.org","@graph":[{"@type":"Article","@id":"https:\/\/newsestlyonnais.fr\/site\/2018\/06\/15\/fete-de-la-musique-jy-vais-avec-tcl-2\/#article","isPartOf":{"@id":"https:\/\/newsestlyonnais.fr\/site\/2018\/06\/15\/fete-de-la-musique-jy-vais-avec-tcl-2\/"},"author":{"name":"R\u00e9dac. NEWS","@id":"https:\/\/newsestlyonnais.fr\/site\/#\/schema\/person\/3230d5615f390bb808365d673001e887"},"headline":"F\u00caTE DE LA MUSIQUE | J\u2019y vais avec TCL !","datePublished":"2018-06-15T16:30:13+00:00","dateModified":"2020-11-12T04:58:52+00:00","mainEntityOfPage":{"@id":"https:\/\/newsestlyonnais.fr\/site\/2018\/06\/15\/fete-de-la-musique-jy-vais-avec-tcl-2\/"},"wordCount":377,"commentCount":0,"publisher":{"@id":"https:\/\/newsestlyonnais.fr\/site\/#organization"},"image":{"@id":"https:\/\/newsestlyonnais.fr\/site\/2018\/06\/15\/fete-de-la-musique-jy-vais-avec-tcl-2\/#primaryimage"},"thumbnailUrl":"https:\/\/newsestlyonnais.fr\/site\/wp-content\/uploads\/2017\/04\/NewsEstLyonnais-Flash-Info.png","articleSection":["Lyon","Musique | Danse | Humour","Pratique","Transports | Circulation","Villeurbanne"],"inLanguage":"fr-FR","potentialAction":[{"@type":"CommentAction","name":"Comment","target":["https:\/\/newsestlyonnais.fr\/site\/2018\/06\/15\/fete-de-la-musique-jy-vais-avec-tcl-2\/#respond"]}]},{"@type":"WebPage","@id":"https:\/\/newsestlyonnais.fr\/site\/2018\/06\/15\/fete-de-la-musique-jy-vais-avec-tcl-2\/","url":"https:\/\/newsestlyonnais.fr\/site\/2018\/06\/15\/fete-de-la-musique-jy-vais-avec-tcl-2\/","name":"F\u00caTE DE LA MUSIQUE : J\u2019Y VAIS AVEC TCL !","isPartOf":{"@id":"https:\/\/newsestlyonnais.fr\/site\/#website"},"primaryImageOfPage":{"@id":"https:\/\/newsestlyonnais.fr\/site\/2018\/06\/15\/fete-de-la-musique-jy-vais-avec-tcl-2\/#primaryimage"},"image":{"@id":"https:\/\/newsestlyonnais.fr\/site\/2018\/06\/15\/fete-de-la-musique-jy-vais-avec-tcl-2\/#primaryimage"},"thumbnailUrl":"https:\/\/newsestlyonnais.fr\/site\/wp-content\/uploads\/2017\/04\/NewsEstLyonnais-Flash-Info.png","datePublished":"2018-06-15T16:30:13+00:00","dateModified":"2020-11-12T04:58:52+00:00","description":"F\u00caTE DE LA MUSIQUE : J\u2019Y VAIS AVEC TCL !","breadcrumb":{"@id":"https:\/\/newsestlyonnais.fr\/site\/2018\/06\/15\/fete-de-la-musique-jy-vais-avec-tcl-2\/#breadcrumb"},"inLanguage":"fr-FR","potentialAction":[{"@type":"ReadAction","target":["https:\/\/newsestlyonnais.fr\/site\/2018\/06\/15\/fete-de-la-musique-jy-vais-avec-tcl-2\/"]}]},{"@type":"ImageObject","inLanguage":"fr-FR","@id":"https:\/\/newsestlyonnais.fr\/site\/2018\/06\/15\/fete-de-la-musique-jy-vais-avec-tcl-2\/#primaryimage","url":"https:\/\/newsestlyonnais.fr\/site\/wp-content\/uploads\/2017\/04\/NewsEstLyonnais-Flash-Info.png","contentUrl":"https:\/\/newsestlyonnais.fr\/site\/wp-content\/uploads\/2017\/04\/NewsEstLyonnais-Flash-Info.png","width":1000,"height":750,"caption":"NewsEstLyonnais-Flash-Info"},{"@type":"BreadcrumbList","@id":"https:\/\/newsestlyonnais.fr\/site\/2018\/06\/15\/fete-de-la-musique-jy-vais-avec-tcl-2\/#breadcrumb","itemListElement":[{"@type":"ListItem","position":1,"name":"Accueil","item":"https:\/\/newsestlyonnais.fr\/site\/"},{"@type":"ListItem","position":2,"name":"F\u00caTE DE LA MUSIQUE | J\u2019y vais avec TCL !"}]},{"@type":"WebSite","@id":"https:\/\/newsestlyonnais.fr\/site\/#website","url":"https:\/\/newsestlyonnais.fr\/site\/","name":"News Est Lyonnais","description":"L&#039;actualit\u00e9 au plus pr\u00e8s","publisher":{"@id":"https:\/\/newsestlyonnais.fr\/site\/#organization"},"potentialAction":[{"@type":"SearchAction","target":{"@type":"EntryPoint","urlTemplate":"https:\/\/newsestlyonnais.fr\/site\/?s={search_term_string}"},"query-input":{"@type":"PropertyValueSpecification","valueRequired":true,"valueName":"search_term_string"}}],"inLanguage":"fr-FR"},{"@type":"Organization","@id":"https:\/\/newsestlyonnais.fr\/site\/#organization","name":"News EST LYONNAIS","url":"https:\/\/newsestlyonnais.fr\/site\/","logo":{"@type":"ImageObject","inLanguage":"fr-FR","@id":"https:\/\/newsestlyonnais.fr\/site\/#\/schema\/logo\/image\/","url":"","contentUrl":"","caption":"News EST LYONNAIS"},"image":{"@id":"https:\/\/newsestlyonnais.fr\/site\/#\/schema\/logo\/image\/"}},{"@type":"Person","@id":"https:\/\/newsestlyonnais.fr\/site\/#\/schema\/person\/3230d5615f390bb808365d673001e887","name":"R\u00e9dac. NEWS","sameAs":["http:\/\/www.newsestlyonnais.fr","https:\/\/www.facebook.com\/pascal.oberson.1?fref=ts","https:\/\/fr.linkedin.com\/in\/pascal-oberson-b17045113"],"url":"https:\/\/newsestlyonnais.fr\/site\/author\/nel\/"}]}},"_links":{"self":[{"href":"https:\/\/newsestlyonnais.fr\/site\/wp-json\/wp\/v2\/posts\/51611","targetHints":{"allow":["GET"]}}],"collection":[{"href":"https:\/\/newsestlyonnais.fr\/site\/wp-json\/wp\/v2\/posts"}],"about":[{"href":"https:\/\/newsestlyonnais.fr\/site\/wp-json\/wp\/v2\/types\/post"}],"author":[{"embeddable":true,"href":"https:\/\/newsestlyonnais.fr\/site\/wp-json\/wp\/v2\/users\/4"}],"replies":[{"embeddable":true,"href":"https:\/\/newsestlyonnais.fr\/site\/wp-json\/wp\/v2\/comments?post=51611"}],"version-history":[{"count":0,"href":"https:\/\/newsestlyonnais.fr\/site\/wp-json\/wp\/v2\/posts\/51611\/revisions"}],"wp:featuredmedia":[{"embeddable":true,"href":"https:\/\/newsestlyonnais.fr\/site\/wp-json\/wp\/v2\/media\/25760"}],"wp:attachment":[{"href":"https:\/\/newsestlyonnais.fr\/site\/wp-json\/wp\/v2\/media?parent=51611"}],"wp:term":[{"taxonomy":"category","embeddable":true,"href":"https:\/\/newsestlyonnais.fr\/site\/wp-json\/wp\/v2\/categories?post=51611"},{"taxonomy":"post_tag","embeddable":true,"href":"https:\/\/newsestlyonnais.fr\/site\/wp-json\/wp\/v2\/tags?post=51611"}],"curies":[{"name":"wp","href":"https:\/\/api.w.org\/{rel}","templated":true}]}}