{"id":52054,"date":"2018-06-23T17:57:06","date_gmt":"2018-06-23T16:57:06","guid":{"rendered":"http:\/\/newsestlyonnais.fr\/site\/?p=52054"},"modified":"2020-11-01T14:58:12","modified_gmt":"2020-11-01T13:58:12","slug":"corbas-record-de-participation-pour-la-10-edition-des-10-kilometres-de-corbas","status":"publish","type":"post","link":"https:\/\/newsestlyonnais.fr\/site\/2018\/06\/23\/corbas-record-de-participation-pour-la-10-edition-des-10-kilometres-de-corbas\/","title":{"rendered":"CORBAS | Record de participation pour la 10\u00b0 \u00e9dition des 10 kilom\u00e8tres de Corbas"},"content":{"rendered":"<p>Une course p\u00e9destre organis\u00e9e par Corbas Running, partie sous une fraicheur matinale et achev\u00e9e sous le soleil et qui aura permis :<\/p>\n<ul>\n<li>\u00e0 <strong>Ali Fellague<\/strong> de l&#8217;emporter pour la 3\u00b0 fois (apr\u00e8s ses succ\u00e8s de 2015 &amp; 2017), ceci en 33&rsquo;12.<\/li>\n<li>\u00e0 <strong>Nelly Jepkoech Mutai<\/strong> (d\u00e9j\u00e0 vainqueur en 2017) de battre le record de l&rsquo;\u00e9preuve en 36&prime; 22.<\/li>\n<\/ul>\n<p>&#8212;&#8212;&#8212;&#8212;&#8212;&#8212;&#8212;&#8212;&#8212;&#8212;&#8212;&#8212;&#8212;&#8212;&#8212;&#8212;&#8212;&#8212;&#8212;&#8212;&#8212;&#8212;&#8212;&#8212;&#8212;&#8212;&#8212;&#8212;&#8212;&#8212;&#8212;&#8212;&#8212;&#8212;&#8212;&#8212;&#8212;&#8212;&#8212;&#8212;&#8212;&#8212;&#8212;&#8212;&#8212;-<\/p>\n<p><em><strong><span style=\"text-decoration: underline\">Classements sur : <\/span><\/strong><\/em><\/p>\n<p><em><strong><a href=\"http:\/\/docs.wixstatic.com\/ugd\/123a52_54b8a5643c644fc0836d93bb2273a92b.pdf\" target=\"_blank\" rel=\"noopener noreferrer\">http:\/\/docs.wixstatic.com\/ugd\/123a52_54b8a5643c644fc0836d93bb2273a92b.pdf<\/a><\/strong><\/em><\/p>\n<p>&#8212;&#8212;&#8212;&#8212;&#8212;&#8212;&#8212;&#8212;&#8212;&#8212;&#8212;&#8212;&#8212;&#8212;&#8212;&#8212;&#8212;&#8212;&#8212;&#8212;&#8212;&#8212;&#8212;&#8212;&#8212;&#8212;&#8212;&#8212;&#8212;&#8212;&#8212;&#8212;&#8212;&#8212;&#8212;&#8212;&#8212;&#8212;&#8212;&#8212;&#8212;&#8212;&#8212;&#8212;&#8212;-<\/p>\n<ul>\n<li>\u00a0<span style=\"text-decoration: underline\"><strong><em>PHOTO A LA UNE<\/em><\/strong><\/span> : Le podium f\u00e9minin &amp; masculin r\u00e9uni !<\/li>\n<\/ul>\n<div id='gallery-1' class='gallery galleryid-52054 gallery-columns-3 gallery-size-thumbnail'><figure class='gallery-item'>\n\t\t\t<div class='gallery-icon landscape'>\n\t\t\t\t<a href='https:\/\/newsestlyonnais.fr\/site\/newsestlyonnais-10-km-2018\/'><img loading=\"lazy\" decoding=\"async\" width=\"150\" height=\"150\" src=\"https:\/\/newsestlyonnais.fr\/site\/wp-content\/uploads\/2017\/12\/newsestlyonnais-10-KM-2018-150x150.jpg\" class=\"attachment-thumbnail size-thumbnail\" alt=\"newsestlyonnais - 10 KM 2018\" aria-describedby=\"gallery-1-44186\" \/><\/a>\n\t\t\t<\/div>\n\t\t\t\t<figcaption class='wp-caption-text gallery-caption' id='gallery-1-44186'>\n\t\t\t\t   L&rsquo;affiche de l&rsquo;\u00e9preuve\n\t\t\t\t<\/figcaption><\/figure><figure class='gallery-item'>\n\t\t\t<div class='gallery-icon landscape'>\n\t\t\t\t<a href='https:\/\/newsestlyonnais.fr\/site\/2018\/06\/23\/corbas-record-de-participation-pour-la-10-edition-des-10-kilometres-de-corbas\/newsestlyonnais-podium-corbas\/'><img loading=\"lazy\" decoding=\"async\" width=\"150\" height=\"150\" src=\"https:\/\/newsestlyonnais.fr\/site\/wp-content\/uploads\/2018\/06\/NEWSESTLYONNAIS-PODIUM-CORBAS-150x150.jpg\" class=\"attachment-thumbnail size-thumbnail\" alt=\"NEWSESTLYONNAIS PODIUM CORBAS\" aria-describedby=\"gallery-1-52076\" \/><\/a>\n\t\t\t<\/div>\n\t\t\t\t<figcaption class='wp-caption-text gallery-caption' id='gallery-1-52076'>\n\t\t\t\tLe podium f\u00e9minin et masculin r\u00e9uni !\n\t\t\t\t<\/figcaption><\/figure><figure class='gallery-item'>\n\t\t\t<div class='gallery-icon landscape'>\n\t\t\t\t<a href='https:\/\/newsestlyonnais.fr\/site\/2018\/06\/23\/corbas-record-de-participation-pour-la-10-edition-des-10-kilometres-de-corbas\/newsestlyonnais-podium-fem-corbas\/'><img loading=\"lazy\" decoding=\"async\" width=\"150\" height=\"150\" src=\"https:\/\/newsestlyonnais.fr\/site\/wp-content\/uploads\/2018\/06\/NEWSESTLYONNAIS-PODIUM-FEM-CORBAS-150x150.jpg\" class=\"attachment-thumbnail size-thumbnail\" alt=\"NEWSESTLYONNAIS PODIUM FEM CORBAS\" aria-describedby=\"gallery-1-52079\" \/><\/a>\n\t\t\t<\/div>\n\t\t\t\t<figcaption class='wp-caption-text gallery-caption' id='gallery-1-52079'>\n\t\t\t\tEt le podium f\u00e9minin ! \n\t\t\t\t<\/figcaption><\/figure>\n\t\t<\/div>\n\n","protected":false},"excerpt":{"rendered":"<p>Forte affluence ce dimanche matin \u00e0 l&rsquo;occasion de cette \u00ab\u00a0D\u00e9cima\u00a0\u00bb qui aura rassembl\u00e9 836 coureurs et coureuses.<\/p>\n","protected":false},"author":4,"featured_media":52078,"comment_status":"open","ping_status":"open","sticky":false,"template":"","format":"standard","meta":{"footnotes":""},"categories":[2968,1287],"tags":[],"class_list":["post-52054","post","type-post","status-publish","format-standard","has-post-thumbnail","hentry","category-athle-course-pied-marche","category-corbas-feyzin"],"yoast_head":"<!-- This site is optimized with the Yoast SEO plugin v27.2 - https:\/\/yoast.com\/product\/yoast-seo-wordpress\/ -->\n<title>CORBAS | Record de participation pour la 10\u00b0 \u00e9dition des 10 kilom\u00e8tres de Corbas - News Est Lyonnais<\/title>\n<meta name=\"description\" content=\"En juin 2018, record de participation pour la 10\u00b0 \u00e9dition des 10 kilom\u00e8tres de Corbas avec plus de 800 coureurs et coureuses !\" \/>\n<meta name=\"robots\" content=\"index, follow, max-snippet:-1, max-image-preview:large, max-video-preview:-1\" \/>\n<link rel=\"canonical\" href=\"https:\/\/newsestlyonnais.fr\/site\/2018\/06\/23\/corbas-record-de-participation-pour-la-10-edition-des-10-kilometres-de-corbas\/\" \/>\n<meta property=\"og:locale\" content=\"fr_FR\" \/>\n<meta property=\"og:type\" content=\"article\" \/>\n<meta property=\"og:title\" content=\"CORBAS | Record de participation pour la 10\u00b0 \u00e9dition des 10 kilom\u00e8tres de Corbas - News Est Lyonnais\" \/>\n<meta property=\"og:description\" content=\"En juin 2018, record de participation pour la 10\u00b0 \u00e9dition des 10 kilom\u00e8tres de Corbas avec plus de 800 coureurs et coureuses !\" \/>\n<meta property=\"og:url\" content=\"https:\/\/newsestlyonnais.fr\/site\/2018\/06\/23\/corbas-record-de-participation-pour-la-10-edition-des-10-kilometres-de-corbas\/\" \/>\n<meta property=\"og:site_name\" content=\"News Est Lyonnais\" \/>\n<meta property=\"article:author\" content=\"https:\/\/www.facebook.com\/pascal.oberson.1?fref=ts\" \/>\n<meta property=\"article:published_time\" content=\"2018-06-23T16:57:06+00:00\" \/>\n<meta property=\"article:modified_time\" content=\"2020-11-01T13:58:12+00:00\" \/>\n<meta property=\"og:image\" content=\"https:\/\/i2.wp.com\/newsestlyonnais.fr\/site\/wp-content\/uploads\/2018\/06\/NEWSESTLYONNAIS-POD-MASC-CORBAS.jpg?fit=2048%2C1536&ssl=1\" \/>\n\t<meta property=\"og:image:width\" content=\"2048\" \/>\n\t<meta property=\"og:image:height\" content=\"1536\" \/>\n\t<meta property=\"og:image:type\" content=\"image\/jpeg\" \/>\n<meta name=\"author\" content=\"R\u00e9dac. NEWS\" \/>\n<meta name=\"twitter:card\" content=\"summary_large_image\" \/>\n<meta name=\"twitter:label1\" content=\"\u00c9crit par\" \/>\n\t<meta name=\"twitter:data1\" content=\"R\u00e9dac. NEWS\" \/>\n<script type=\"application\/ld+json\" class=\"yoast-schema-graph\">{\"@context\":\"https:\/\/schema.org\",\"@graph\":[{\"@type\":\"Article\",\"@id\":\"https:\/\/newsestlyonnais.fr\/site\/2018\/06\/23\/corbas-record-de-participation-pour-la-10-edition-des-10-kilometres-de-corbas\/#article\",\"isPartOf\":{\"@id\":\"https:\/\/newsestlyonnais.fr\/site\/2018\/06\/23\/corbas-record-de-participation-pour-la-10-edition-des-10-kilometres-de-corbas\/\"},\"author\":{\"name\":\"R\u00e9dac. NEWS\",\"@id\":\"https:\/\/newsestlyonnais.fr\/site\/#\/schema\/person\/3230d5615f390bb808365d673001e887\"},\"headline\":\"CORBAS | Record de participation pour la 10\u00b0 \u00e9dition des 10 kilom\u00e8tres de Corbas\",\"datePublished\":\"2018-06-23T16:57:06+00:00\",\"dateModified\":\"2020-11-01T13:58:12+00:00\",\"mainEntityOfPage\":{\"@id\":\"https:\/\/newsestlyonnais.fr\/site\/2018\/06\/23\/corbas-record-de-participation-pour-la-10-edition-des-10-kilometres-de-corbas\/\"},\"wordCount\":103,\"commentCount\":0,\"publisher\":{\"@id\":\"https:\/\/newsestlyonnais.fr\/site\/#organization\"},\"image\":{\"@id\":\"https:\/\/newsestlyonnais.fr\/site\/2018\/06\/23\/corbas-record-de-participation-pour-la-10-edition-des-10-kilometres-de-corbas\/#primaryimage\"},\"thumbnailUrl\":\"https:\/\/newsestlyonnais.fr\/site\/wp-content\/uploads\/2018\/06\/NEWSESTLYONNAIS-POD-MASC-CORBAS.jpg\",\"articleSection\":[\"Athl\u00e9 | Course pied | Marche\",\"Corbas | Feyzin\"],\"inLanguage\":\"fr-FR\",\"potentialAction\":[{\"@type\":\"CommentAction\",\"name\":\"Comment\",\"target\":[\"https:\/\/newsestlyonnais.fr\/site\/2018\/06\/23\/corbas-record-de-participation-pour-la-10-edition-des-10-kilometres-de-corbas\/#respond\"]}]},{\"@type\":\"WebPage\",\"@id\":\"https:\/\/newsestlyonnais.fr\/site\/2018\/06\/23\/corbas-record-de-participation-pour-la-10-edition-des-10-kilometres-de-corbas\/\",\"url\":\"https:\/\/newsestlyonnais.fr\/site\/2018\/06\/23\/corbas-record-de-participation-pour-la-10-edition-des-10-kilometres-de-corbas\/\",\"name\":\"CORBAS | Record de participation pour la 10\u00b0 \u00e9dition des 10 kilom\u00e8tres de Corbas - News Est Lyonnais\",\"isPartOf\":{\"@id\":\"https:\/\/newsestlyonnais.fr\/site\/#website\"},\"primaryImageOfPage\":{\"@id\":\"https:\/\/newsestlyonnais.fr\/site\/2018\/06\/23\/corbas-record-de-participation-pour-la-10-edition-des-10-kilometres-de-corbas\/#primaryimage\"},\"image\":{\"@id\":\"https:\/\/newsestlyonnais.fr\/site\/2018\/06\/23\/corbas-record-de-participation-pour-la-10-edition-des-10-kilometres-de-corbas\/#primaryimage\"},\"thumbnailUrl\":\"https:\/\/newsestlyonnais.fr\/site\/wp-content\/uploads\/2018\/06\/NEWSESTLYONNAIS-POD-MASC-CORBAS.jpg\",\"datePublished\":\"2018-06-23T16:57:06+00:00\",\"dateModified\":\"2020-11-01T13:58:12+00:00\",\"description\":\"En juin 2018, record de participation pour la 10\u00b0 \u00e9dition des 10 kilom\u00e8tres de Corbas avec plus de 800 coureurs et coureuses !\",\"breadcrumb\":{\"@id\":\"https:\/\/newsestlyonnais.fr\/site\/2018\/06\/23\/corbas-record-de-participation-pour-la-10-edition-des-10-kilometres-de-corbas\/#breadcrumb\"},\"inLanguage\":\"fr-FR\",\"potentialAction\":[{\"@type\":\"ReadAction\",\"target\":[\"https:\/\/newsestlyonnais.fr\/site\/2018\/06\/23\/corbas-record-de-participation-pour-la-10-edition-des-10-kilometres-de-corbas\/\"]}]},{\"@type\":\"ImageObject\",\"inLanguage\":\"fr-FR\",\"@id\":\"https:\/\/newsestlyonnais.fr\/site\/2018\/06\/23\/corbas-record-de-participation-pour-la-10-edition-des-10-kilometres-de-corbas\/#primaryimage\",\"url\":\"https:\/\/newsestlyonnais.fr\/site\/wp-content\/uploads\/2018\/06\/NEWSESTLYONNAIS-POD-MASC-CORBAS.jpg\",\"contentUrl\":\"https:\/\/newsestlyonnais.fr\/site\/wp-content\/uploads\/2018\/06\/NEWSESTLYONNAIS-POD-MASC-CORBAS.jpg\",\"width\":2048,\"height\":1536,\"caption\":\"Le podium masculin\"},{\"@type\":\"BreadcrumbList\",\"@id\":\"https:\/\/newsestlyonnais.fr\/site\/2018\/06\/23\/corbas-record-de-participation-pour-la-10-edition-des-10-kilometres-de-corbas\/#breadcrumb\",\"itemListElement\":[{\"@type\":\"ListItem\",\"position\":1,\"name\":\"Accueil\",\"item\":\"https:\/\/newsestlyonnais.fr\/site\/\"},{\"@type\":\"ListItem\",\"position\":2,\"name\":\"CORBAS | Record de participation pour la 10\u00b0 \u00e9dition des 10 kilom\u00e8tres de Corbas\"}]},{\"@type\":\"WebSite\",\"@id\":\"https:\/\/newsestlyonnais.fr\/site\/#website\",\"url\":\"https:\/\/newsestlyonnais.fr\/site\/\",\"name\":\"News Est Lyonnais\",\"description\":\"L&#039;actualit\u00e9 au plus pr\u00e8s\",\"publisher\":{\"@id\":\"https:\/\/newsestlyonnais.fr\/site\/#organization\"},\"potentialAction\":[{\"@type\":\"SearchAction\",\"target\":{\"@type\":\"EntryPoint\",\"urlTemplate\":\"https:\/\/newsestlyonnais.fr\/site\/?s={search_term_string}\"},\"query-input\":{\"@type\":\"PropertyValueSpecification\",\"valueRequired\":true,\"valueName\":\"search_term_string\"}}],\"inLanguage\":\"fr-FR\"},{\"@type\":\"Organization\",\"@id\":\"https:\/\/newsestlyonnais.fr\/site\/#organization\",\"name\":\"News EST LYONNAIS\",\"url\":\"https:\/\/newsestlyonnais.fr\/site\/\",\"logo\":{\"@type\":\"ImageObject\",\"inLanguage\":\"fr-FR\",\"@id\":\"https:\/\/newsestlyonnais.fr\/site\/#\/schema\/logo\/image\/\",\"url\":\"\",\"contentUrl\":\"\",\"caption\":\"News EST LYONNAIS\"},\"image\":{\"@id\":\"https:\/\/newsestlyonnais.fr\/site\/#\/schema\/logo\/image\/\"}},{\"@type\":\"Person\",\"@id\":\"https:\/\/newsestlyonnais.fr\/site\/#\/schema\/person\/3230d5615f390bb808365d673001e887\",\"name\":\"R\u00e9dac. NEWS\",\"sameAs\":[\"http:\/\/www.newsestlyonnais.fr\",\"https:\/\/www.facebook.com\/pascal.oberson.1?fref=ts\",\"https:\/\/fr.linkedin.com\/in\/pascal-oberson-b17045113\"],\"url\":\"https:\/\/newsestlyonnais.fr\/site\/author\/nel\/\"}]}<\/script>\n<!-- \/ Yoast SEO plugin. -->","yoast_head_json":{"title":"CORBAS | Record de participation pour la 10\u00b0 \u00e9dition des 10 kilom\u00e8tres de Corbas - News Est Lyonnais","description":"En juin 2018, record de participation pour la 10\u00b0 \u00e9dition des 10 kilom\u00e8tres de Corbas avec plus de 800 coureurs et coureuses !","robots":{"index":"index","follow":"follow","max-snippet":"max-snippet:-1","max-image-preview":"max-image-preview:large","max-video-preview":"max-video-preview:-1"},"canonical":"https:\/\/newsestlyonnais.fr\/site\/2018\/06\/23\/corbas-record-de-participation-pour-la-10-edition-des-10-kilometres-de-corbas\/","og_locale":"fr_FR","og_type":"article","og_title":"CORBAS | Record de participation pour la 10\u00b0 \u00e9dition des 10 kilom\u00e8tres de Corbas - News Est Lyonnais","og_description":"En juin 2018, record de participation pour la 10\u00b0 \u00e9dition des 10 kilom\u00e8tres de Corbas avec plus de 800 coureurs et coureuses !","og_url":"https:\/\/newsestlyonnais.fr\/site\/2018\/06\/23\/corbas-record-de-participation-pour-la-10-edition-des-10-kilometres-de-corbas\/","og_site_name":"News Est Lyonnais","article_author":"https:\/\/www.facebook.com\/pascal.oberson.1?fref=ts","article_published_time":"2018-06-23T16:57:06+00:00","article_modified_time":"2020-11-01T13:58:12+00:00","og_image":[{"width":2048,"height":1536,"url":"https:\/\/i2.wp.com\/newsestlyonnais.fr\/site\/wp-content\/uploads\/2018\/06\/NEWSESTLYONNAIS-POD-MASC-CORBAS.jpg?fit=2048%2C1536&ssl=1","type":"image\/jpeg"}],"author":"R\u00e9dac. NEWS","twitter_card":"summary_large_image","twitter_misc":{"\u00c9crit par":"R\u00e9dac. NEWS"},"schema":{"@context":"https:\/\/schema.org","@graph":[{"@type":"Article","@id":"https:\/\/newsestlyonnais.fr\/site\/2018\/06\/23\/corbas-record-de-participation-pour-la-10-edition-des-10-kilometres-de-corbas\/#article","isPartOf":{"@id":"https:\/\/newsestlyonnais.fr\/site\/2018\/06\/23\/corbas-record-de-participation-pour-la-10-edition-des-10-kilometres-de-corbas\/"},"author":{"name":"R\u00e9dac. NEWS","@id":"https:\/\/newsestlyonnais.fr\/site\/#\/schema\/person\/3230d5615f390bb808365d673001e887"},"headline":"CORBAS | Record de participation pour la 10\u00b0 \u00e9dition des 10 kilom\u00e8tres de Corbas","datePublished":"2018-06-23T16:57:06+00:00","dateModified":"2020-11-01T13:58:12+00:00","mainEntityOfPage":{"@id":"https:\/\/newsestlyonnais.fr\/site\/2018\/06\/23\/corbas-record-de-participation-pour-la-10-edition-des-10-kilometres-de-corbas\/"},"wordCount":103,"commentCount":0,"publisher":{"@id":"https:\/\/newsestlyonnais.fr\/site\/#organization"},"image":{"@id":"https:\/\/newsestlyonnais.fr\/site\/2018\/06\/23\/corbas-record-de-participation-pour-la-10-edition-des-10-kilometres-de-corbas\/#primaryimage"},"thumbnailUrl":"https:\/\/newsestlyonnais.fr\/site\/wp-content\/uploads\/2018\/06\/NEWSESTLYONNAIS-POD-MASC-CORBAS.jpg","articleSection":["Athl\u00e9 | Course pied | Marche","Corbas | Feyzin"],"inLanguage":"fr-FR","potentialAction":[{"@type":"CommentAction","name":"Comment","target":["https:\/\/newsestlyonnais.fr\/site\/2018\/06\/23\/corbas-record-de-participation-pour-la-10-edition-des-10-kilometres-de-corbas\/#respond"]}]},{"@type":"WebPage","@id":"https:\/\/newsestlyonnais.fr\/site\/2018\/06\/23\/corbas-record-de-participation-pour-la-10-edition-des-10-kilometres-de-corbas\/","url":"https:\/\/newsestlyonnais.fr\/site\/2018\/06\/23\/corbas-record-de-participation-pour-la-10-edition-des-10-kilometres-de-corbas\/","name":"CORBAS | Record de participation pour la 10\u00b0 \u00e9dition des 10 kilom\u00e8tres de Corbas - News Est Lyonnais","isPartOf":{"@id":"https:\/\/newsestlyonnais.fr\/site\/#website"},"primaryImageOfPage":{"@id":"https:\/\/newsestlyonnais.fr\/site\/2018\/06\/23\/corbas-record-de-participation-pour-la-10-edition-des-10-kilometres-de-corbas\/#primaryimage"},"image":{"@id":"https:\/\/newsestlyonnais.fr\/site\/2018\/06\/23\/corbas-record-de-participation-pour-la-10-edition-des-10-kilometres-de-corbas\/#primaryimage"},"thumbnailUrl":"https:\/\/newsestlyonnais.fr\/site\/wp-content\/uploads\/2018\/06\/NEWSESTLYONNAIS-POD-MASC-CORBAS.jpg","datePublished":"2018-06-23T16:57:06+00:00","dateModified":"2020-11-01T13:58:12+00:00","description":"En juin 2018, record de participation pour la 10\u00b0 \u00e9dition des 10 kilom\u00e8tres de Corbas avec plus de 800 coureurs et coureuses !","breadcrumb":{"@id":"https:\/\/newsestlyonnais.fr\/site\/2018\/06\/23\/corbas-record-de-participation-pour-la-10-edition-des-10-kilometres-de-corbas\/#breadcrumb"},"inLanguage":"fr-FR","potentialAction":[{"@type":"ReadAction","target":["https:\/\/newsestlyonnais.fr\/site\/2018\/06\/23\/corbas-record-de-participation-pour-la-10-edition-des-10-kilometres-de-corbas\/"]}]},{"@type":"ImageObject","inLanguage":"fr-FR","@id":"https:\/\/newsestlyonnais.fr\/site\/2018\/06\/23\/corbas-record-de-participation-pour-la-10-edition-des-10-kilometres-de-corbas\/#primaryimage","url":"https:\/\/newsestlyonnais.fr\/site\/wp-content\/uploads\/2018\/06\/NEWSESTLYONNAIS-POD-MASC-CORBAS.jpg","contentUrl":"https:\/\/newsestlyonnais.fr\/site\/wp-content\/uploads\/2018\/06\/NEWSESTLYONNAIS-POD-MASC-CORBAS.jpg","width":2048,"height":1536,"caption":"Le podium masculin"},{"@type":"BreadcrumbList","@id":"https:\/\/newsestlyonnais.fr\/site\/2018\/06\/23\/corbas-record-de-participation-pour-la-10-edition-des-10-kilometres-de-corbas\/#breadcrumb","itemListElement":[{"@type":"ListItem","position":1,"name":"Accueil","item":"https:\/\/newsestlyonnais.fr\/site\/"},{"@type":"ListItem","position":2,"name":"CORBAS | Record de participation pour la 10\u00b0 \u00e9dition des 10 kilom\u00e8tres de Corbas"}]},{"@type":"WebSite","@id":"https:\/\/newsestlyonnais.fr\/site\/#website","url":"https:\/\/newsestlyonnais.fr\/site\/","name":"News Est Lyonnais","description":"L&#039;actualit\u00e9 au plus pr\u00e8s","publisher":{"@id":"https:\/\/newsestlyonnais.fr\/site\/#organization"},"potentialAction":[{"@type":"SearchAction","target":{"@type":"EntryPoint","urlTemplate":"https:\/\/newsestlyonnais.fr\/site\/?s={search_term_string}"},"query-input":{"@type":"PropertyValueSpecification","valueRequired":true,"valueName":"search_term_string"}}],"inLanguage":"fr-FR"},{"@type":"Organization","@id":"https:\/\/newsestlyonnais.fr\/site\/#organization","name":"News EST LYONNAIS","url":"https:\/\/newsestlyonnais.fr\/site\/","logo":{"@type":"ImageObject","inLanguage":"fr-FR","@id":"https:\/\/newsestlyonnais.fr\/site\/#\/schema\/logo\/image\/","url":"","contentUrl":"","caption":"News EST LYONNAIS"},"image":{"@id":"https:\/\/newsestlyonnais.fr\/site\/#\/schema\/logo\/image\/"}},{"@type":"Person","@id":"https:\/\/newsestlyonnais.fr\/site\/#\/schema\/person\/3230d5615f390bb808365d673001e887","name":"R\u00e9dac. NEWS","sameAs":["http:\/\/www.newsestlyonnais.fr","https:\/\/www.facebook.com\/pascal.oberson.1?fref=ts","https:\/\/fr.linkedin.com\/in\/pascal-oberson-b17045113"],"url":"https:\/\/newsestlyonnais.fr\/site\/author\/nel\/"}]}},"_links":{"self":[{"href":"https:\/\/newsestlyonnais.fr\/site\/wp-json\/wp\/v2\/posts\/52054","targetHints":{"allow":["GET"]}}],"collection":[{"href":"https:\/\/newsestlyonnais.fr\/site\/wp-json\/wp\/v2\/posts"}],"about":[{"href":"https:\/\/newsestlyonnais.fr\/site\/wp-json\/wp\/v2\/types\/post"}],"author":[{"embeddable":true,"href":"https:\/\/newsestlyonnais.fr\/site\/wp-json\/wp\/v2\/users\/4"}],"replies":[{"embeddable":true,"href":"https:\/\/newsestlyonnais.fr\/site\/wp-json\/wp\/v2\/comments?post=52054"}],"version-history":[{"count":0,"href":"https:\/\/newsestlyonnais.fr\/site\/wp-json\/wp\/v2\/posts\/52054\/revisions"}],"wp:featuredmedia":[{"embeddable":true,"href":"https:\/\/newsestlyonnais.fr\/site\/wp-json\/wp\/v2\/media\/52078"}],"wp:attachment":[{"href":"https:\/\/newsestlyonnais.fr\/site\/wp-json\/wp\/v2\/media?parent=52054"}],"wp:term":[{"taxonomy":"category","embeddable":true,"href":"https:\/\/newsestlyonnais.fr\/site\/wp-json\/wp\/v2\/categories?post=52054"},{"taxonomy":"post_tag","embeddable":true,"href":"https:\/\/newsestlyonnais.fr\/site\/wp-json\/wp\/v2\/tags?post=52054"}],"curies":[{"name":"wp","href":"https:\/\/api.w.org\/{rel}","templated":true}]}}