{"id":52266,"date":"2018-06-25T07:45:15","date_gmt":"2018-06-25T06:45:15","guid":{"rendered":"http:\/\/newsestlyonnais.fr\/site\/?p=52266"},"modified":"2020-11-09T08:03:46","modified_gmt":"2020-11-09T07:03:46","slug":"genas-la-grs-en-gala-pour-cloturer-sa-saison","status":"publish","type":"post","link":"https:\/\/newsestlyonnais.fr\/site\/2018\/06\/25\/genas-la-grs-en-gala-pour-cloturer-sa-saison\/","title":{"rendered":"GENAS | La GRS en gala pour cl\u00f4turer sa saison"},"content":{"rendered":"<h4>C&rsquo;est \u00e0 la salle Jacques Anquetil que se tenait vendredi 22 juin dernier, le traditionnel gala organis\u00e9 par la GRS Genas.<\/h4>\n<p>Plus de deux heures de spectacle d\u00e9roul\u00e9 en 2 parties devant un public familial venu en nombre comme \u00e0 l&rsquo;accoutum\u00e9e. Une trentaine de passages des diff\u00e9rents groupes et niveaux qui ont permis de voir \u00e9voluer celles qui ont fait briller les couleurs du club en comp\u00e9tition. M\u00eame si les podiums n&rsquo;oint pas \u00e9t\u00e9 atteints, de belles prestations ont \u00e9t\u00e9 r\u00e9alis\u00e9es en d\u00e9partementale, r\u00e9gionale et nationale.<\/p>\n<p><strong>Retour en images sur cette soir\u00e9e festive qui a cl\u00f4tur\u00e9 une belle saison :<\/strong><\/p>\n<div id='gallery-1' class='gallery galleryid-52266 gallery-columns-3 gallery-size-thumbnail'><figure class='gallery-item'>\n\t\t\t<div class='gallery-icon landscape'>\n\t\t\t\t<a href='https:\/\/newsestlyonnais.fr\/site\/events\/genas-championnat-ufolep-grs\/newsestlyonnais-gala-grs-genas-2018\/'><img loading=\"lazy\" decoding=\"async\" width=\"150\" height=\"150\" src=\"https:\/\/newsestlyonnais.fr\/site\/wp-content\/uploads\/2018\/06\/NEWSESTLYONNAIS-GALA-GRS-GENAS-2018-150x150.jpg\" class=\"attachment-thumbnail size-thumbnail\" alt=\"NEWSESTLYONNAIS GALA GRS GENAS 2018\" aria-describedby=\"gallery-1-51688\" \/><\/a>\n\t\t\t<\/div>\n\t\t\t\t<figcaption class='wp-caption-text gallery-caption' id='gallery-1-51688'>\n\t\t\t\t L&rsquo;affiche du gala !\n\t\t\t\t<\/figcaption><\/figure><figure class='gallery-item'>\n\t\t\t<div class='gallery-icon landscape'>\n\t\t\t\t<a href='https:\/\/newsestlyonnais.fr\/site\/2018\/06\/25\/genas-la-grs-en-gala-pour-cloturer-sa-saison\/newsestlyonnais-gala-grs-01\/'><img loading=\"lazy\" decoding=\"async\" width=\"150\" height=\"150\" src=\"https:\/\/newsestlyonnais.fr\/site\/wp-content\/uploads\/2018\/06\/NEWSESTLYONNAIS-GALA-GRS-01-150x150.jpg\" class=\"attachment-thumbnail size-thumbnail\" alt=\"NEWSESTLYONNAIS GALA GRS 01\" \/><\/a>\n\t\t\t<\/div><\/figure><figure class='gallery-item'>\n\t\t\t<div class='gallery-icon landscape'>\n\t\t\t\t<a href='https:\/\/newsestlyonnais.fr\/site\/2018\/06\/25\/genas-la-grs-en-gala-pour-cloturer-sa-saison\/newsestlyonnais-gala-grs-03\/'><img loading=\"lazy\" decoding=\"async\" width=\"150\" height=\"150\" src=\"https:\/\/newsestlyonnais.fr\/site\/wp-content\/uploads\/2018\/06\/NEWSESTLYONNAIS-GALA-GRS-03-150x150.jpg\" class=\"attachment-thumbnail size-thumbnail\" alt=\"NEWSESTLYONNAIS GALA GRS 03\" \/><\/a>\n\t\t\t<\/div><\/figure>\n\t\t<\/div>\n\n","protected":false},"excerpt":{"rendered":"<p>C&rsquo;est \u00e0 la salle Jacques Anquetil que se tenait vendredi 22 juin dernier, le traditionnel gala organis\u00e9 par la GRS Genas. Plus de deux heures de spectacle d\u00e9roul\u00e9 en 2 parties devant un public familial venu en nombre comme \u00e0 l&rsquo;accoutum\u00e9e. Une trentaine de passages des diff\u00e9rents groupes et niveaux qui ont permis de voir [&hellip;]<\/p>\n","protected":false},"author":4,"featured_media":52270,"comment_status":"open","ping_status":"open","sticky":false,"template":"","format":"standard","meta":{"footnotes":""},"categories":[270,166,1598,1319],"tags":[],"class_list":["post-52266","post","type-post","status-publish","format-standard","has-post-thumbnail","hentry","category-cte-de-communes-c-c-e-l","category-divers-sports","category-genas","category-gymnastique-grs-gv"],"yoast_head":"<!-- This site is optimized with the Yoast SEO plugin v27.2 - https:\/\/yoast.com\/product\/yoast-seo-wordpress\/ -->\n<title>GENAS : La GRS en gala pour cl\u00f4turer sa saison<\/title>\n<meta name=\"description\" content=\"GENAS : La GRS en gala pour cl\u00f4turer sa saison\" \/>\n<meta name=\"robots\" content=\"index, follow, max-snippet:-1, max-image-preview:large, max-video-preview:-1\" \/>\n<link rel=\"canonical\" href=\"https:\/\/newsestlyonnais.fr\/site\/2018\/06\/25\/genas-la-grs-en-gala-pour-cloturer-sa-saison\/\" \/>\n<meta property=\"og:locale\" content=\"fr_FR\" \/>\n<meta property=\"og:type\" content=\"article\" \/>\n<meta property=\"og:title\" content=\"GENAS : La GRS en gala pour cl\u00f4turer sa saison\" \/>\n<meta property=\"og:description\" content=\"GENAS : La GRS en gala pour cl\u00f4turer sa saison\" \/>\n<meta property=\"og:url\" content=\"https:\/\/newsestlyonnais.fr\/site\/2018\/06\/25\/genas-la-grs-en-gala-pour-cloturer-sa-saison\/\" \/>\n<meta property=\"og:site_name\" content=\"News Est Lyonnais\" \/>\n<meta property=\"article:author\" content=\"https:\/\/www.facebook.com\/pascal.oberson.1?fref=ts\" \/>\n<meta property=\"article:published_time\" content=\"2018-06-25T06:45:15+00:00\" \/>\n<meta property=\"article:modified_time\" content=\"2020-11-09T07:03:46+00:00\" \/>\n<meta property=\"og:image\" content=\"https:\/\/i1.wp.com\/newsestlyonnais.fr\/site\/wp-content\/uploads\/2018\/06\/NEWSESTLYONNAIS-GALA-GRS-2018.jpg?fit=2048%2C1536&ssl=1\" \/>\n\t<meta property=\"og:image:width\" content=\"2048\" \/>\n\t<meta property=\"og:image:height\" content=\"1536\" \/>\n\t<meta property=\"og:image:type\" content=\"image\/jpeg\" \/>\n<meta name=\"author\" content=\"R\u00e9dac. NEWS\" \/>\n<meta name=\"twitter:card\" content=\"summary_large_image\" \/>\n<meta name=\"twitter:label1\" content=\"\u00c9crit par\" \/>\n\t<meta name=\"twitter:data1\" content=\"R\u00e9dac. NEWS\" \/>\n\t<meta name=\"twitter:label2\" content=\"Dur\u00e9e de lecture estim\u00e9e\" \/>\n\t<meta name=\"twitter:data2\" content=\"1 minute\" \/>\n<script type=\"application\/ld+json\" class=\"yoast-schema-graph\">{\"@context\":\"https:\/\/schema.org\",\"@graph\":[{\"@type\":\"Article\",\"@id\":\"https:\/\/newsestlyonnais.fr\/site\/2018\/06\/25\/genas-la-grs-en-gala-pour-cloturer-sa-saison\/#article\",\"isPartOf\":{\"@id\":\"https:\/\/newsestlyonnais.fr\/site\/2018\/06\/25\/genas-la-grs-en-gala-pour-cloturer-sa-saison\/\"},\"author\":{\"name\":\"R\u00e9dac. NEWS\",\"@id\":\"https:\/\/newsestlyonnais.fr\/site\/#\/schema\/person\/3230d5615f390bb808365d673001e887\"},\"headline\":\"GENAS | La GRS en gala pour cl\u00f4turer sa saison\",\"datePublished\":\"2018-06-25T06:45:15+00:00\",\"dateModified\":\"2020-11-09T07:03:46+00:00\",\"mainEntityOfPage\":{\"@id\":\"https:\/\/newsestlyonnais.fr\/site\/2018\/06\/25\/genas-la-grs-en-gala-pour-cloturer-sa-saison\/\"},\"wordCount\":123,\"commentCount\":0,\"publisher\":{\"@id\":\"https:\/\/newsestlyonnais.fr\/site\/#organization\"},\"image\":{\"@id\":\"https:\/\/newsestlyonnais.fr\/site\/2018\/06\/25\/genas-la-grs-en-gala-pour-cloturer-sa-saison\/#primaryimage\"},\"thumbnailUrl\":\"https:\/\/newsestlyonnais.fr\/site\/wp-content\/uploads\/2018\/06\/NEWSESTLYONNAIS-GALA-GRS-2018.jpg\",\"articleSection\":[\"CCEL | Communes\",\"Divers Sports\",\"Genas\",\"Gymnastique | Grs | Gv\"],\"inLanguage\":\"fr-FR\",\"potentialAction\":[{\"@type\":\"CommentAction\",\"name\":\"Comment\",\"target\":[\"https:\/\/newsestlyonnais.fr\/site\/2018\/06\/25\/genas-la-grs-en-gala-pour-cloturer-sa-saison\/#respond\"]}]},{\"@type\":\"WebPage\",\"@id\":\"https:\/\/newsestlyonnais.fr\/site\/2018\/06\/25\/genas-la-grs-en-gala-pour-cloturer-sa-saison\/\",\"url\":\"https:\/\/newsestlyonnais.fr\/site\/2018\/06\/25\/genas-la-grs-en-gala-pour-cloturer-sa-saison\/\",\"name\":\"GENAS : La GRS en gala pour cl\u00f4turer sa saison\",\"isPartOf\":{\"@id\":\"https:\/\/newsestlyonnais.fr\/site\/#website\"},\"primaryImageOfPage\":{\"@id\":\"https:\/\/newsestlyonnais.fr\/site\/2018\/06\/25\/genas-la-grs-en-gala-pour-cloturer-sa-saison\/#primaryimage\"},\"image\":{\"@id\":\"https:\/\/newsestlyonnais.fr\/site\/2018\/06\/25\/genas-la-grs-en-gala-pour-cloturer-sa-saison\/#primaryimage\"},\"thumbnailUrl\":\"https:\/\/newsestlyonnais.fr\/site\/wp-content\/uploads\/2018\/06\/NEWSESTLYONNAIS-GALA-GRS-2018.jpg\",\"datePublished\":\"2018-06-25T06:45:15+00:00\",\"dateModified\":\"2020-11-09T07:03:46+00:00\",\"description\":\"GENAS : La GRS en gala pour cl\u00f4turer sa saison\",\"breadcrumb\":{\"@id\":\"https:\/\/newsestlyonnais.fr\/site\/2018\/06\/25\/genas-la-grs-en-gala-pour-cloturer-sa-saison\/#breadcrumb\"},\"inLanguage\":\"fr-FR\",\"potentialAction\":[{\"@type\":\"ReadAction\",\"target\":[\"https:\/\/newsestlyonnais.fr\/site\/2018\/06\/25\/genas-la-grs-en-gala-pour-cloturer-sa-saison\/\"]}]},{\"@type\":\"ImageObject\",\"inLanguage\":\"fr-FR\",\"@id\":\"https:\/\/newsestlyonnais.fr\/site\/2018\/06\/25\/genas-la-grs-en-gala-pour-cloturer-sa-saison\/#primaryimage\",\"url\":\"https:\/\/newsestlyonnais.fr\/site\/wp-content\/uploads\/2018\/06\/NEWSESTLYONNAIS-GALA-GRS-2018.jpg\",\"contentUrl\":\"https:\/\/newsestlyonnais.fr\/site\/wp-content\/uploads\/2018\/06\/NEWSESTLYONNAIS-GALA-GRS-2018.jpg\",\"width\":2048,\"height\":1536,\"caption\":\"NEWSESTLYONNAIS GALA GRS 2018\"},{\"@type\":\"BreadcrumbList\",\"@id\":\"https:\/\/newsestlyonnais.fr\/site\/2018\/06\/25\/genas-la-grs-en-gala-pour-cloturer-sa-saison\/#breadcrumb\",\"itemListElement\":[{\"@type\":\"ListItem\",\"position\":1,\"name\":\"Accueil\",\"item\":\"https:\/\/newsestlyonnais.fr\/site\/\"},{\"@type\":\"ListItem\",\"position\":2,\"name\":\"GENAS | La GRS en gala pour cl\u00f4turer sa saison\"}]},{\"@type\":\"WebSite\",\"@id\":\"https:\/\/newsestlyonnais.fr\/site\/#website\",\"url\":\"https:\/\/newsestlyonnais.fr\/site\/\",\"name\":\"News Est Lyonnais\",\"description\":\"L&#039;actualit\u00e9 au plus pr\u00e8s\",\"publisher\":{\"@id\":\"https:\/\/newsestlyonnais.fr\/site\/#organization\"},\"potentialAction\":[{\"@type\":\"SearchAction\",\"target\":{\"@type\":\"EntryPoint\",\"urlTemplate\":\"https:\/\/newsestlyonnais.fr\/site\/?s={search_term_string}\"},\"query-input\":{\"@type\":\"PropertyValueSpecification\",\"valueRequired\":true,\"valueName\":\"search_term_string\"}}],\"inLanguage\":\"fr-FR\"},{\"@type\":\"Organization\",\"@id\":\"https:\/\/newsestlyonnais.fr\/site\/#organization\",\"name\":\"News EST LYONNAIS\",\"url\":\"https:\/\/newsestlyonnais.fr\/site\/\",\"logo\":{\"@type\":\"ImageObject\",\"inLanguage\":\"fr-FR\",\"@id\":\"https:\/\/newsestlyonnais.fr\/site\/#\/schema\/logo\/image\/\",\"url\":\"\",\"contentUrl\":\"\",\"caption\":\"News EST LYONNAIS\"},\"image\":{\"@id\":\"https:\/\/newsestlyonnais.fr\/site\/#\/schema\/logo\/image\/\"}},{\"@type\":\"Person\",\"@id\":\"https:\/\/newsestlyonnais.fr\/site\/#\/schema\/person\/3230d5615f390bb808365d673001e887\",\"name\":\"R\u00e9dac. NEWS\",\"sameAs\":[\"http:\/\/www.newsestlyonnais.fr\",\"https:\/\/www.facebook.com\/pascal.oberson.1?fref=ts\",\"https:\/\/fr.linkedin.com\/in\/pascal-oberson-b17045113\"],\"url\":\"https:\/\/newsestlyonnais.fr\/site\/author\/nel\/\"}]}<\/script>\n<!-- \/ Yoast SEO plugin. -->","yoast_head_json":{"title":"GENAS : La GRS en gala pour cl\u00f4turer sa saison","description":"GENAS : La GRS en gala pour cl\u00f4turer sa saison","robots":{"index":"index","follow":"follow","max-snippet":"max-snippet:-1","max-image-preview":"max-image-preview:large","max-video-preview":"max-video-preview:-1"},"canonical":"https:\/\/newsestlyonnais.fr\/site\/2018\/06\/25\/genas-la-grs-en-gala-pour-cloturer-sa-saison\/","og_locale":"fr_FR","og_type":"article","og_title":"GENAS : La GRS en gala pour cl\u00f4turer sa saison","og_description":"GENAS : La GRS en gala pour cl\u00f4turer sa saison","og_url":"https:\/\/newsestlyonnais.fr\/site\/2018\/06\/25\/genas-la-grs-en-gala-pour-cloturer-sa-saison\/","og_site_name":"News Est Lyonnais","article_author":"https:\/\/www.facebook.com\/pascal.oberson.1?fref=ts","article_published_time":"2018-06-25T06:45:15+00:00","article_modified_time":"2020-11-09T07:03:46+00:00","og_image":[{"width":2048,"height":1536,"url":"https:\/\/i1.wp.com\/newsestlyonnais.fr\/site\/wp-content\/uploads\/2018\/06\/NEWSESTLYONNAIS-GALA-GRS-2018.jpg?fit=2048%2C1536&ssl=1","type":"image\/jpeg"}],"author":"R\u00e9dac. NEWS","twitter_card":"summary_large_image","twitter_misc":{"\u00c9crit par":"R\u00e9dac. NEWS","Dur\u00e9e de lecture estim\u00e9e":"1 minute"},"schema":{"@context":"https:\/\/schema.org","@graph":[{"@type":"Article","@id":"https:\/\/newsestlyonnais.fr\/site\/2018\/06\/25\/genas-la-grs-en-gala-pour-cloturer-sa-saison\/#article","isPartOf":{"@id":"https:\/\/newsestlyonnais.fr\/site\/2018\/06\/25\/genas-la-grs-en-gala-pour-cloturer-sa-saison\/"},"author":{"name":"R\u00e9dac. NEWS","@id":"https:\/\/newsestlyonnais.fr\/site\/#\/schema\/person\/3230d5615f390bb808365d673001e887"},"headline":"GENAS | La GRS en gala pour cl\u00f4turer sa saison","datePublished":"2018-06-25T06:45:15+00:00","dateModified":"2020-11-09T07:03:46+00:00","mainEntityOfPage":{"@id":"https:\/\/newsestlyonnais.fr\/site\/2018\/06\/25\/genas-la-grs-en-gala-pour-cloturer-sa-saison\/"},"wordCount":123,"commentCount":0,"publisher":{"@id":"https:\/\/newsestlyonnais.fr\/site\/#organization"},"image":{"@id":"https:\/\/newsestlyonnais.fr\/site\/2018\/06\/25\/genas-la-grs-en-gala-pour-cloturer-sa-saison\/#primaryimage"},"thumbnailUrl":"https:\/\/newsestlyonnais.fr\/site\/wp-content\/uploads\/2018\/06\/NEWSESTLYONNAIS-GALA-GRS-2018.jpg","articleSection":["CCEL | Communes","Divers Sports","Genas","Gymnastique | Grs | Gv"],"inLanguage":"fr-FR","potentialAction":[{"@type":"CommentAction","name":"Comment","target":["https:\/\/newsestlyonnais.fr\/site\/2018\/06\/25\/genas-la-grs-en-gala-pour-cloturer-sa-saison\/#respond"]}]},{"@type":"WebPage","@id":"https:\/\/newsestlyonnais.fr\/site\/2018\/06\/25\/genas-la-grs-en-gala-pour-cloturer-sa-saison\/","url":"https:\/\/newsestlyonnais.fr\/site\/2018\/06\/25\/genas-la-grs-en-gala-pour-cloturer-sa-saison\/","name":"GENAS : La GRS en gala pour cl\u00f4turer sa saison","isPartOf":{"@id":"https:\/\/newsestlyonnais.fr\/site\/#website"},"primaryImageOfPage":{"@id":"https:\/\/newsestlyonnais.fr\/site\/2018\/06\/25\/genas-la-grs-en-gala-pour-cloturer-sa-saison\/#primaryimage"},"image":{"@id":"https:\/\/newsestlyonnais.fr\/site\/2018\/06\/25\/genas-la-grs-en-gala-pour-cloturer-sa-saison\/#primaryimage"},"thumbnailUrl":"https:\/\/newsestlyonnais.fr\/site\/wp-content\/uploads\/2018\/06\/NEWSESTLYONNAIS-GALA-GRS-2018.jpg","datePublished":"2018-06-25T06:45:15+00:00","dateModified":"2020-11-09T07:03:46+00:00","description":"GENAS : La GRS en gala pour cl\u00f4turer sa saison","breadcrumb":{"@id":"https:\/\/newsestlyonnais.fr\/site\/2018\/06\/25\/genas-la-grs-en-gala-pour-cloturer-sa-saison\/#breadcrumb"},"inLanguage":"fr-FR","potentialAction":[{"@type":"ReadAction","target":["https:\/\/newsestlyonnais.fr\/site\/2018\/06\/25\/genas-la-grs-en-gala-pour-cloturer-sa-saison\/"]}]},{"@type":"ImageObject","inLanguage":"fr-FR","@id":"https:\/\/newsestlyonnais.fr\/site\/2018\/06\/25\/genas-la-grs-en-gala-pour-cloturer-sa-saison\/#primaryimage","url":"https:\/\/newsestlyonnais.fr\/site\/wp-content\/uploads\/2018\/06\/NEWSESTLYONNAIS-GALA-GRS-2018.jpg","contentUrl":"https:\/\/newsestlyonnais.fr\/site\/wp-content\/uploads\/2018\/06\/NEWSESTLYONNAIS-GALA-GRS-2018.jpg","width":2048,"height":1536,"caption":"NEWSESTLYONNAIS GALA GRS 2018"},{"@type":"BreadcrumbList","@id":"https:\/\/newsestlyonnais.fr\/site\/2018\/06\/25\/genas-la-grs-en-gala-pour-cloturer-sa-saison\/#breadcrumb","itemListElement":[{"@type":"ListItem","position":1,"name":"Accueil","item":"https:\/\/newsestlyonnais.fr\/site\/"},{"@type":"ListItem","position":2,"name":"GENAS | La GRS en gala pour cl\u00f4turer sa saison"}]},{"@type":"WebSite","@id":"https:\/\/newsestlyonnais.fr\/site\/#website","url":"https:\/\/newsestlyonnais.fr\/site\/","name":"News Est Lyonnais","description":"L&#039;actualit\u00e9 au plus pr\u00e8s","publisher":{"@id":"https:\/\/newsestlyonnais.fr\/site\/#organization"},"potentialAction":[{"@type":"SearchAction","target":{"@type":"EntryPoint","urlTemplate":"https:\/\/newsestlyonnais.fr\/site\/?s={search_term_string}"},"query-input":{"@type":"PropertyValueSpecification","valueRequired":true,"valueName":"search_term_string"}}],"inLanguage":"fr-FR"},{"@type":"Organization","@id":"https:\/\/newsestlyonnais.fr\/site\/#organization","name":"News EST LYONNAIS","url":"https:\/\/newsestlyonnais.fr\/site\/","logo":{"@type":"ImageObject","inLanguage":"fr-FR","@id":"https:\/\/newsestlyonnais.fr\/site\/#\/schema\/logo\/image\/","url":"","contentUrl":"","caption":"News EST LYONNAIS"},"image":{"@id":"https:\/\/newsestlyonnais.fr\/site\/#\/schema\/logo\/image\/"}},{"@type":"Person","@id":"https:\/\/newsestlyonnais.fr\/site\/#\/schema\/person\/3230d5615f390bb808365d673001e887","name":"R\u00e9dac. NEWS","sameAs":["http:\/\/www.newsestlyonnais.fr","https:\/\/www.facebook.com\/pascal.oberson.1?fref=ts","https:\/\/fr.linkedin.com\/in\/pascal-oberson-b17045113"],"url":"https:\/\/newsestlyonnais.fr\/site\/author\/nel\/"}]}},"_links":{"self":[{"href":"https:\/\/newsestlyonnais.fr\/site\/wp-json\/wp\/v2\/posts\/52266","targetHints":{"allow":["GET"]}}],"collection":[{"href":"https:\/\/newsestlyonnais.fr\/site\/wp-json\/wp\/v2\/posts"}],"about":[{"href":"https:\/\/newsestlyonnais.fr\/site\/wp-json\/wp\/v2\/types\/post"}],"author":[{"embeddable":true,"href":"https:\/\/newsestlyonnais.fr\/site\/wp-json\/wp\/v2\/users\/4"}],"replies":[{"embeddable":true,"href":"https:\/\/newsestlyonnais.fr\/site\/wp-json\/wp\/v2\/comments?post=52266"}],"version-history":[{"count":0,"href":"https:\/\/newsestlyonnais.fr\/site\/wp-json\/wp\/v2\/posts\/52266\/revisions"}],"wp:featuredmedia":[{"embeddable":true,"href":"https:\/\/newsestlyonnais.fr\/site\/wp-json\/wp\/v2\/media\/52270"}],"wp:attachment":[{"href":"https:\/\/newsestlyonnais.fr\/site\/wp-json\/wp\/v2\/media?parent=52266"}],"wp:term":[{"taxonomy":"category","embeddable":true,"href":"https:\/\/newsestlyonnais.fr\/site\/wp-json\/wp\/v2\/categories?post=52266"},{"taxonomy":"post_tag","embeddable":true,"href":"https:\/\/newsestlyonnais.fr\/site\/wp-json\/wp\/v2\/tags?post=52266"}],"curies":[{"name":"wp","href":"https:\/\/api.w.org\/{rel}","templated":true}]}}