{"id":52523,"date":"2018-06-27T12:34:25","date_gmt":"2018-06-27T11:34:25","guid":{"rendered":"http:\/\/newsestlyonnais.fr\/site\/?p=52523"},"modified":"2020-10-31T08:10:14","modified_gmt":"2020-10-31T07:10:14","slug":"miribel-jonage-roulez-jeunesse-du-4-au-6-juillet-2018","status":"publish","type":"post","link":"https:\/\/newsestlyonnais.fr\/site\/2018\/06\/27\/miribel-jonage-roulez-jeunesse-du-4-au-6-juillet-2018\/","title":{"rendered":"MIRIBEL-JONAGE | Roulez Jeunesse du 4 au 6 juillet 2018"},"content":{"rendered":"<h4>Du 4 au 6 juillet 2018, la Fondation AJD organise un parcours itin\u00e9rant \u00e0 v\u00e9lo pour 80 jeunes, afin de promouvoir et de soutenir la Pr\u00e9vention Sp\u00e9cialis\u00e9e.<\/h4>\n<p>Cette derni\u00e8re promeut l\u2019insertion et la citoyennet\u00e9 des jeunes dans le cadre de la protection de l\u2019enfance. \u00c0 travers ce d\u00e9fi sportif et convivial, la Fondation AJD, qui en sera le relais technique, aspire \u00e0 rassembler les jeunes autour d\u2019un projet extra-ordinaire, afin de les encourager \u00e0 se d\u00e9passer et \u00e0 s\u2019entre aider.<\/p>\n<p><strong>Le cort\u00e8ge fera son d\u00e9part le mercredi 4 juillet<\/strong>, en partant de l\u2019Esplanade du Fontanil au Grand Parc Miribel<br \/>\nJonage, <strong>pour arriver le vendredi 6 juillet<\/strong> \u00e0 Mont\u00e9limar en passant par St Pierre-de B\u0153uf et Valence. Il<br \/>\nempruntera les routes et les magnifiques paysages que propose la Viarh\u00f4na, une v\u00e9loroute voie verte de 815<br \/>\nkm qui relie le Lac L\u00e9man aux plages de la M\u00e9diterran\u00e9e. C\u2019est un itin\u00e9raire particuli\u00e8rement appr\u00e9ci\u00e9 des<br \/>\ncyclotouristes, une pratique qui s\u00e9duit petits et grands, car elle permet de faire du sport tout en traversant<br \/>\ndes paysages embl\u00e9matiques. Une activit\u00e9 parfaite pour se vider l\u2019esprit et partir \u00e0 l\u2019aventure !<\/p>\n<p><span style=\"text-decoration: underline\"><em><strong>NOTA<\/strong> <\/em><\/span>: <span class=\"s1\">La fondation AJD <\/span>aide et accompagne les personnes les plus fragiles pour qu\u2019elles\u00a0retrouvent leur place dans la soci\u00e9t\u00e9 et construisent leur avenir. <strong>Plus d&rsquo;infos sur : <a href=\"https:\/\/www.fondation-ajd.com\" target=\"_blank\" rel=\"noopener noreferrer\">https:\/\/www.fondation-ajd.com<\/a><\/strong><\/p>\n<p>&nbsp;<\/p>\n","protected":false},"excerpt":{"rendered":"<p>Du 4 au 6 juillet 2018, la Fondation AJD organise un parcours itin\u00e9rant \u00e0 v\u00e9lo pour 80 jeunes, afin de promouvoir et de soutenir la Pr\u00e9vention Sp\u00e9cialis\u00e9e. Cette derni\u00e8re promeut l\u2019insertion et la citoyennet\u00e9 des jeunes dans le cadre de la protection de l\u2019enfance. \u00c0 travers ce d\u00e9fi sportif et convivial, la Fondation AJD, qui [&hellip;]<\/p>\n","protected":false},"author":4,"featured_media":46950,"comment_status":"open","ping_status":"open","sticky":false,"template":"","format":"standard","meta":{"footnotes":""},"categories":[2969,171,28],"tags":[],"class_list":["post-52523","post","type-post","status-publish","format-standard","has-post-thumbnail","hentry","category-cyclisme-cyclo-vtt","category-enfance-jeunesse","category-vaulx-en-velin"],"yoast_head":"<!-- This site is optimized with the Yoast SEO plugin v27.2 - https:\/\/yoast.com\/product\/yoast-seo-wordpress\/ -->\n<title>MIRIBEL-JONAGE : Roulez Jeunesse du 4 au 6 juillet 2018<\/title>\n<meta name=\"description\" content=\"MIRIBEL-JONAGE : Roulez Jeunesse du 4 au 6 juillet 2018\" \/>\n<meta name=\"robots\" content=\"index, follow, max-snippet:-1, max-image-preview:large, max-video-preview:-1\" \/>\n<link rel=\"canonical\" href=\"https:\/\/newsestlyonnais.fr\/site\/2018\/06\/27\/miribel-jonage-roulez-jeunesse-du-4-au-6-juillet-2018\/\" \/>\n<meta property=\"og:locale\" content=\"fr_FR\" \/>\n<meta property=\"og:type\" content=\"article\" \/>\n<meta property=\"og:title\" content=\"MIRIBEL-JONAGE : Roulez Jeunesse du 4 au 6 juillet 2018\" \/>\n<meta property=\"og:description\" content=\"MIRIBEL-JONAGE : Roulez Jeunesse du 4 au 6 juillet 2018\" \/>\n<meta property=\"og:url\" content=\"https:\/\/newsestlyonnais.fr\/site\/2018\/06\/27\/miribel-jonage-roulez-jeunesse-du-4-au-6-juillet-2018\/\" \/>\n<meta property=\"og:site_name\" content=\"News Est Lyonnais\" \/>\n<meta property=\"article:author\" content=\"https:\/\/www.facebook.com\/pascal.oberson.1?fref=ts\" \/>\n<meta property=\"article:published_time\" content=\"2018-06-27T11:34:25+00:00\" \/>\n<meta property=\"article:modified_time\" content=\"2020-10-31T07:10:14+00:00\" \/>\n<meta property=\"og:image\" content=\"https:\/\/i0.wp.com\/newsestlyonnais.fr\/site\/wp-content\/uploads\/2018\/04\/P1120148-e1591338790306.jpg?fit=1200%2C900&ssl=1\" \/>\n\t<meta property=\"og:image:width\" content=\"1200\" \/>\n\t<meta property=\"og:image:height\" content=\"900\" \/>\n\t<meta property=\"og:image:type\" content=\"image\/jpeg\" \/>\n<meta name=\"author\" content=\"R\u00e9dac. NEWS\" \/>\n<meta name=\"twitter:card\" content=\"summary_large_image\" \/>\n<meta name=\"twitter:label1\" content=\"\u00c9crit par\" \/>\n\t<meta name=\"twitter:data1\" content=\"R\u00e9dac. NEWS\" \/>\n\t<meta name=\"twitter:label2\" content=\"Dur\u00e9e de lecture estim\u00e9e\" \/>\n\t<meta name=\"twitter:data2\" content=\"1 minute\" \/>\n<script type=\"application\/ld+json\" class=\"yoast-schema-graph\">{\"@context\":\"https:\/\/schema.org\",\"@graph\":[{\"@type\":\"Article\",\"@id\":\"https:\/\/newsestlyonnais.fr\/site\/2018\/06\/27\/miribel-jonage-roulez-jeunesse-du-4-au-6-juillet-2018\/#article\",\"isPartOf\":{\"@id\":\"https:\/\/newsestlyonnais.fr\/site\/2018\/06\/27\/miribel-jonage-roulez-jeunesse-du-4-au-6-juillet-2018\/\"},\"author\":{\"name\":\"R\u00e9dac. NEWS\",\"@id\":\"https:\/\/newsestlyonnais.fr\/site\/#\/schema\/person\/3230d5615f390bb808365d673001e887\"},\"headline\":\"MIRIBEL-JONAGE | Roulez Jeunesse du 4 au 6 juillet 2018\",\"datePublished\":\"2018-06-27T11:34:25+00:00\",\"dateModified\":\"2020-10-31T07:10:14+00:00\",\"mainEntityOfPage\":{\"@id\":\"https:\/\/newsestlyonnais.fr\/site\/2018\/06\/27\/miribel-jonage-roulez-jeunesse-du-4-au-6-juillet-2018\/\"},\"wordCount\":240,\"commentCount\":0,\"publisher\":{\"@id\":\"https:\/\/newsestlyonnais.fr\/site\/#organization\"},\"image\":{\"@id\":\"https:\/\/newsestlyonnais.fr\/site\/2018\/06\/27\/miribel-jonage-roulez-jeunesse-du-4-au-6-juillet-2018\/#primaryimage\"},\"thumbnailUrl\":\"https:\/\/newsestlyonnais.fr\/site\/wp-content\/uploads\/2018\/04\/P1120148-e1591338790306.jpg\",\"articleSection\":[\"Cyclisme | Cyclo | Vtt\",\"Enfance | Jeunesse\",\"Vaulx-en-Velin\"],\"inLanguage\":\"fr-FR\",\"potentialAction\":[{\"@type\":\"CommentAction\",\"name\":\"Comment\",\"target\":[\"https:\/\/newsestlyonnais.fr\/site\/2018\/06\/27\/miribel-jonage-roulez-jeunesse-du-4-au-6-juillet-2018\/#respond\"]}]},{\"@type\":\"WebPage\",\"@id\":\"https:\/\/newsestlyonnais.fr\/site\/2018\/06\/27\/miribel-jonage-roulez-jeunesse-du-4-au-6-juillet-2018\/\",\"url\":\"https:\/\/newsestlyonnais.fr\/site\/2018\/06\/27\/miribel-jonage-roulez-jeunesse-du-4-au-6-juillet-2018\/\",\"name\":\"MIRIBEL-JONAGE : Roulez Jeunesse du 4 au 6 juillet 2018\",\"isPartOf\":{\"@id\":\"https:\/\/newsestlyonnais.fr\/site\/#website\"},\"primaryImageOfPage\":{\"@id\":\"https:\/\/newsestlyonnais.fr\/site\/2018\/06\/27\/miribel-jonage-roulez-jeunesse-du-4-au-6-juillet-2018\/#primaryimage\"},\"image\":{\"@id\":\"https:\/\/newsestlyonnais.fr\/site\/2018\/06\/27\/miribel-jonage-roulez-jeunesse-du-4-au-6-juillet-2018\/#primaryimage\"},\"thumbnailUrl\":\"https:\/\/newsestlyonnais.fr\/site\/wp-content\/uploads\/2018\/04\/P1120148-e1591338790306.jpg\",\"datePublished\":\"2018-06-27T11:34:25+00:00\",\"dateModified\":\"2020-10-31T07:10:14+00:00\",\"description\":\"MIRIBEL-JONAGE : Roulez Jeunesse du 4 au 6 juillet 2018\",\"breadcrumb\":{\"@id\":\"https:\/\/newsestlyonnais.fr\/site\/2018\/06\/27\/miribel-jonage-roulez-jeunesse-du-4-au-6-juillet-2018\/#breadcrumb\"},\"inLanguage\":\"fr-FR\",\"potentialAction\":[{\"@type\":\"ReadAction\",\"target\":[\"https:\/\/newsestlyonnais.fr\/site\/2018\/06\/27\/miribel-jonage-roulez-jeunesse-du-4-au-6-juillet-2018\/\"]}]},{\"@type\":\"ImageObject\",\"inLanguage\":\"fr-FR\",\"@id\":\"https:\/\/newsestlyonnais.fr\/site\/2018\/06\/27\/miribel-jonage-roulez-jeunesse-du-4-au-6-juillet-2018\/#primaryimage\",\"url\":\"https:\/\/newsestlyonnais.fr\/site\/wp-content\/uploads\/2018\/04\/P1120148-e1591338790306.jpg\",\"contentUrl\":\"https:\/\/newsestlyonnais.fr\/site\/wp-content\/uploads\/2018\/04\/P1120148-e1591338790306.jpg\",\"width\":1200,\"height\":900,\"caption\":\"NEWSESTLYONNAIS GD PARC MIRIBEL\"},{\"@type\":\"BreadcrumbList\",\"@id\":\"https:\/\/newsestlyonnais.fr\/site\/2018\/06\/27\/miribel-jonage-roulez-jeunesse-du-4-au-6-juillet-2018\/#breadcrumb\",\"itemListElement\":[{\"@type\":\"ListItem\",\"position\":1,\"name\":\"Accueil\",\"item\":\"https:\/\/newsestlyonnais.fr\/site\/\"},{\"@type\":\"ListItem\",\"position\":2,\"name\":\"MIRIBEL-JONAGE | Roulez Jeunesse du 4 au 6 juillet 2018\"}]},{\"@type\":\"WebSite\",\"@id\":\"https:\/\/newsestlyonnais.fr\/site\/#website\",\"url\":\"https:\/\/newsestlyonnais.fr\/site\/\",\"name\":\"News Est Lyonnais\",\"description\":\"L&#039;actualit\u00e9 au plus pr\u00e8s\",\"publisher\":{\"@id\":\"https:\/\/newsestlyonnais.fr\/site\/#organization\"},\"potentialAction\":[{\"@type\":\"SearchAction\",\"target\":{\"@type\":\"EntryPoint\",\"urlTemplate\":\"https:\/\/newsestlyonnais.fr\/site\/?s={search_term_string}\"},\"query-input\":{\"@type\":\"PropertyValueSpecification\",\"valueRequired\":true,\"valueName\":\"search_term_string\"}}],\"inLanguage\":\"fr-FR\"},{\"@type\":\"Organization\",\"@id\":\"https:\/\/newsestlyonnais.fr\/site\/#organization\",\"name\":\"News EST LYONNAIS\",\"url\":\"https:\/\/newsestlyonnais.fr\/site\/\",\"logo\":{\"@type\":\"ImageObject\",\"inLanguage\":\"fr-FR\",\"@id\":\"https:\/\/newsestlyonnais.fr\/site\/#\/schema\/logo\/image\/\",\"url\":\"\",\"contentUrl\":\"\",\"caption\":\"News EST LYONNAIS\"},\"image\":{\"@id\":\"https:\/\/newsestlyonnais.fr\/site\/#\/schema\/logo\/image\/\"}},{\"@type\":\"Person\",\"@id\":\"https:\/\/newsestlyonnais.fr\/site\/#\/schema\/person\/3230d5615f390bb808365d673001e887\",\"name\":\"R\u00e9dac. NEWS\",\"sameAs\":[\"http:\/\/www.newsestlyonnais.fr\",\"https:\/\/www.facebook.com\/pascal.oberson.1?fref=ts\",\"https:\/\/fr.linkedin.com\/in\/pascal-oberson-b17045113\"],\"url\":\"https:\/\/newsestlyonnais.fr\/site\/author\/nel\/\"}]}<\/script>\n<!-- \/ Yoast SEO plugin. -->","yoast_head_json":{"title":"MIRIBEL-JONAGE : Roulez Jeunesse du 4 au 6 juillet 2018","description":"MIRIBEL-JONAGE : Roulez Jeunesse du 4 au 6 juillet 2018","robots":{"index":"index","follow":"follow","max-snippet":"max-snippet:-1","max-image-preview":"max-image-preview:large","max-video-preview":"max-video-preview:-1"},"canonical":"https:\/\/newsestlyonnais.fr\/site\/2018\/06\/27\/miribel-jonage-roulez-jeunesse-du-4-au-6-juillet-2018\/","og_locale":"fr_FR","og_type":"article","og_title":"MIRIBEL-JONAGE : Roulez Jeunesse du 4 au 6 juillet 2018","og_description":"MIRIBEL-JONAGE : Roulez Jeunesse du 4 au 6 juillet 2018","og_url":"https:\/\/newsestlyonnais.fr\/site\/2018\/06\/27\/miribel-jonage-roulez-jeunesse-du-4-au-6-juillet-2018\/","og_site_name":"News Est Lyonnais","article_author":"https:\/\/www.facebook.com\/pascal.oberson.1?fref=ts","article_published_time":"2018-06-27T11:34:25+00:00","article_modified_time":"2020-10-31T07:10:14+00:00","og_image":[{"width":1200,"height":900,"url":"https:\/\/i0.wp.com\/newsestlyonnais.fr\/site\/wp-content\/uploads\/2018\/04\/P1120148-e1591338790306.jpg?fit=1200%2C900&ssl=1","type":"image\/jpeg"}],"author":"R\u00e9dac. NEWS","twitter_card":"summary_large_image","twitter_misc":{"\u00c9crit par":"R\u00e9dac. NEWS","Dur\u00e9e de lecture estim\u00e9e":"1 minute"},"schema":{"@context":"https:\/\/schema.org","@graph":[{"@type":"Article","@id":"https:\/\/newsestlyonnais.fr\/site\/2018\/06\/27\/miribel-jonage-roulez-jeunesse-du-4-au-6-juillet-2018\/#article","isPartOf":{"@id":"https:\/\/newsestlyonnais.fr\/site\/2018\/06\/27\/miribel-jonage-roulez-jeunesse-du-4-au-6-juillet-2018\/"},"author":{"name":"R\u00e9dac. NEWS","@id":"https:\/\/newsestlyonnais.fr\/site\/#\/schema\/person\/3230d5615f390bb808365d673001e887"},"headline":"MIRIBEL-JONAGE | Roulez Jeunesse du 4 au 6 juillet 2018","datePublished":"2018-06-27T11:34:25+00:00","dateModified":"2020-10-31T07:10:14+00:00","mainEntityOfPage":{"@id":"https:\/\/newsestlyonnais.fr\/site\/2018\/06\/27\/miribel-jonage-roulez-jeunesse-du-4-au-6-juillet-2018\/"},"wordCount":240,"commentCount":0,"publisher":{"@id":"https:\/\/newsestlyonnais.fr\/site\/#organization"},"image":{"@id":"https:\/\/newsestlyonnais.fr\/site\/2018\/06\/27\/miribel-jonage-roulez-jeunesse-du-4-au-6-juillet-2018\/#primaryimage"},"thumbnailUrl":"https:\/\/newsestlyonnais.fr\/site\/wp-content\/uploads\/2018\/04\/P1120148-e1591338790306.jpg","articleSection":["Cyclisme | Cyclo | Vtt","Enfance | Jeunesse","Vaulx-en-Velin"],"inLanguage":"fr-FR","potentialAction":[{"@type":"CommentAction","name":"Comment","target":["https:\/\/newsestlyonnais.fr\/site\/2018\/06\/27\/miribel-jonage-roulez-jeunesse-du-4-au-6-juillet-2018\/#respond"]}]},{"@type":"WebPage","@id":"https:\/\/newsestlyonnais.fr\/site\/2018\/06\/27\/miribel-jonage-roulez-jeunesse-du-4-au-6-juillet-2018\/","url":"https:\/\/newsestlyonnais.fr\/site\/2018\/06\/27\/miribel-jonage-roulez-jeunesse-du-4-au-6-juillet-2018\/","name":"MIRIBEL-JONAGE : Roulez Jeunesse du 4 au 6 juillet 2018","isPartOf":{"@id":"https:\/\/newsestlyonnais.fr\/site\/#website"},"primaryImageOfPage":{"@id":"https:\/\/newsestlyonnais.fr\/site\/2018\/06\/27\/miribel-jonage-roulez-jeunesse-du-4-au-6-juillet-2018\/#primaryimage"},"image":{"@id":"https:\/\/newsestlyonnais.fr\/site\/2018\/06\/27\/miribel-jonage-roulez-jeunesse-du-4-au-6-juillet-2018\/#primaryimage"},"thumbnailUrl":"https:\/\/newsestlyonnais.fr\/site\/wp-content\/uploads\/2018\/04\/P1120148-e1591338790306.jpg","datePublished":"2018-06-27T11:34:25+00:00","dateModified":"2020-10-31T07:10:14+00:00","description":"MIRIBEL-JONAGE : Roulez Jeunesse du 4 au 6 juillet 2018","breadcrumb":{"@id":"https:\/\/newsestlyonnais.fr\/site\/2018\/06\/27\/miribel-jonage-roulez-jeunesse-du-4-au-6-juillet-2018\/#breadcrumb"},"inLanguage":"fr-FR","potentialAction":[{"@type":"ReadAction","target":["https:\/\/newsestlyonnais.fr\/site\/2018\/06\/27\/miribel-jonage-roulez-jeunesse-du-4-au-6-juillet-2018\/"]}]},{"@type":"ImageObject","inLanguage":"fr-FR","@id":"https:\/\/newsestlyonnais.fr\/site\/2018\/06\/27\/miribel-jonage-roulez-jeunesse-du-4-au-6-juillet-2018\/#primaryimage","url":"https:\/\/newsestlyonnais.fr\/site\/wp-content\/uploads\/2018\/04\/P1120148-e1591338790306.jpg","contentUrl":"https:\/\/newsestlyonnais.fr\/site\/wp-content\/uploads\/2018\/04\/P1120148-e1591338790306.jpg","width":1200,"height":900,"caption":"NEWSESTLYONNAIS GD PARC MIRIBEL"},{"@type":"BreadcrumbList","@id":"https:\/\/newsestlyonnais.fr\/site\/2018\/06\/27\/miribel-jonage-roulez-jeunesse-du-4-au-6-juillet-2018\/#breadcrumb","itemListElement":[{"@type":"ListItem","position":1,"name":"Accueil","item":"https:\/\/newsestlyonnais.fr\/site\/"},{"@type":"ListItem","position":2,"name":"MIRIBEL-JONAGE | Roulez Jeunesse du 4 au 6 juillet 2018"}]},{"@type":"WebSite","@id":"https:\/\/newsestlyonnais.fr\/site\/#website","url":"https:\/\/newsestlyonnais.fr\/site\/","name":"News Est Lyonnais","description":"L&#039;actualit\u00e9 au plus pr\u00e8s","publisher":{"@id":"https:\/\/newsestlyonnais.fr\/site\/#organization"},"potentialAction":[{"@type":"SearchAction","target":{"@type":"EntryPoint","urlTemplate":"https:\/\/newsestlyonnais.fr\/site\/?s={search_term_string}"},"query-input":{"@type":"PropertyValueSpecification","valueRequired":true,"valueName":"search_term_string"}}],"inLanguage":"fr-FR"},{"@type":"Organization","@id":"https:\/\/newsestlyonnais.fr\/site\/#organization","name":"News EST LYONNAIS","url":"https:\/\/newsestlyonnais.fr\/site\/","logo":{"@type":"ImageObject","inLanguage":"fr-FR","@id":"https:\/\/newsestlyonnais.fr\/site\/#\/schema\/logo\/image\/","url":"","contentUrl":"","caption":"News EST LYONNAIS"},"image":{"@id":"https:\/\/newsestlyonnais.fr\/site\/#\/schema\/logo\/image\/"}},{"@type":"Person","@id":"https:\/\/newsestlyonnais.fr\/site\/#\/schema\/person\/3230d5615f390bb808365d673001e887","name":"R\u00e9dac. NEWS","sameAs":["http:\/\/www.newsestlyonnais.fr","https:\/\/www.facebook.com\/pascal.oberson.1?fref=ts","https:\/\/fr.linkedin.com\/in\/pascal-oberson-b17045113"],"url":"https:\/\/newsestlyonnais.fr\/site\/author\/nel\/"}]}},"_links":{"self":[{"href":"https:\/\/newsestlyonnais.fr\/site\/wp-json\/wp\/v2\/posts\/52523","targetHints":{"allow":["GET"]}}],"collection":[{"href":"https:\/\/newsestlyonnais.fr\/site\/wp-json\/wp\/v2\/posts"}],"about":[{"href":"https:\/\/newsestlyonnais.fr\/site\/wp-json\/wp\/v2\/types\/post"}],"author":[{"embeddable":true,"href":"https:\/\/newsestlyonnais.fr\/site\/wp-json\/wp\/v2\/users\/4"}],"replies":[{"embeddable":true,"href":"https:\/\/newsestlyonnais.fr\/site\/wp-json\/wp\/v2\/comments?post=52523"}],"version-history":[{"count":0,"href":"https:\/\/newsestlyonnais.fr\/site\/wp-json\/wp\/v2\/posts\/52523\/revisions"}],"wp:featuredmedia":[{"embeddable":true,"href":"https:\/\/newsestlyonnais.fr\/site\/wp-json\/wp\/v2\/media\/46950"}],"wp:attachment":[{"href":"https:\/\/newsestlyonnais.fr\/site\/wp-json\/wp\/v2\/media?parent=52523"}],"wp:term":[{"taxonomy":"category","embeddable":true,"href":"https:\/\/newsestlyonnais.fr\/site\/wp-json\/wp\/v2\/categories?post=52523"},{"taxonomy":"post_tag","embeddable":true,"href":"https:\/\/newsestlyonnais.fr\/site\/wp-json\/wp\/v2\/tags?post=52523"}],"curies":[{"name":"wp","href":"https:\/\/api.w.org\/{rel}","templated":true}]}}