{"id":52670,"date":"2018-07-01T08:29:07","date_gmt":"2018-07-01T07:29:07","guid":{"rendered":"http:\/\/newsestlyonnais.fr\/site\/?p=52670"},"modified":"2020-11-11T14:22:26","modified_gmt":"2020-11-11T13:22:26","slug":"decines-lequipe-des-60-ans-du-tennis-club-vainqueur-de-la-coupe-du-rhone-pour-la-4-annee-de-suite","status":"publish","type":"post","link":"https:\/\/newsestlyonnais.fr\/site\/2018\/07\/01\/decines-lequipe-des-60-ans-du-tennis-club-vainqueur-de-la-coupe-du-rhone-pour-la-4-annee-de-suite\/","title":{"rendered":"DECINES | Les + 60 ans du Tennis Club vainqueurs de la Coupe du Rh\u00f4ne pour la 4\u00b0 ann\u00e9e de suite"},"content":{"rendered":"<div id=\"divtagdefaultwrapper\" dir=\"ltr\" style=\"font-family: Calibri, Helvetica, sans-serif, 'EmojiFont', 'Apple Color Emoji', 'Segoe UI Emoji', NotoColorEmoji, 'Segoe UI Symbol', 'Android Emoji', EmojiSymbols;color: #000000;font-size: 12pt\">\n<div>\n<div>\n<h4>Pas de rencontre en ce dernier samedi de juin au Tennis Club de D\u00e9cines dans le tournoi Open qui se poursuit jusqu&rsquo;au dimanche 21 juillet prochain.<\/h4>\n<div>Par contre l&rsquo;actualit\u00e9 du club concerne le nouveau titre d\u00e9croch\u00e9 par une formation d\u00e9cinoise puisque l&rsquo;\u00e9quipe des + 60 ans a remport\u00e9 vendredi \u00e0 Bron sur les terrains de la ligue Auvergne Rh\u00f4ne Alpes, la Coupe du Rh\u00f4ne des 60 + face \u00e0 l\u2019\u00e9quipe de Vernaison.<\/div>\n<div style=\"margin: 0px;font-family: sans-serif;direction: ltr;color: black;font-size: 11pt;padding: 0px\">\n<p><b>Bel exploit r\u00e9alis\u00e9 puisque c&rsquo;est la 4\u00b0 ann\u00e9e cons\u00e9cutive que l&rsquo;\u00e9quipe de Bernard Florenson remporte ce troph\u00e9e !<br \/>\n<\/b><\/p>\n<p><em><span style=\"text-decoration: underline\"><strong>Composition de l&rsquo;\u00e9quipe<\/strong><\/span><\/em> : (de gauche \u00e0 droite, sur la photo \u00e0 la une) : Maurice Belforte &#8211; G\u00e9rard Bline &#8211; Bernard Florenson (capitaine)- Michel Lago- Vincent R\u00e9al- Jean Louis Reynes &amp; Franck Senes.<\/p>\n<\/div>\n<ul>\n<li><strong>Retrouvez l&rsquo;ACTU du club sur : <a href=\"https:\/\/www.tcdecines.com\/accueil\" target=\"_blank\" rel=\"noopener noreferrer\">https:\/\/www.tcdecines.com\/accueil<\/a><\/strong><\/li>\n<\/ul>\n<p>&nbsp;<\/p>\n<p>&nbsp;<\/p>\n<\/div>\n<\/div>\n<\/div>\n","protected":false},"excerpt":{"rendered":"<p>Pas de rencontre en ce dernier samedi de juin au Tennis Club de D\u00e9cines dans le tournoi Open qui se poursuit jusqu&rsquo;au dimanche 21 juillet prochain. Par contre l&rsquo;actualit\u00e9 du club concerne le nouveau titre d\u00e9croch\u00e9 par une formation d\u00e9cinoise puisque l&rsquo;\u00e9quipe des + 60 ans a remport\u00e9 vendredi \u00e0 Bron sur les terrains de [&hellip;]<\/p>\n","protected":false},"author":4,"featured_media":52687,"comment_status":"open","ping_status":"open","sticky":false,"template":"","format":"standard","meta":{"footnotes":""},"categories":[21,2992,2991],"tags":[],"class_list":["post-52670","post","type-post","status-publish","format-standard","has-post-thumbnail","hentry","category-decines-charpieu","category-tennis-padel","category-tennis-tennis-table-sports"],"yoast_head":"<!-- This site is optimized with the Yoast SEO plugin v27.2 - https:\/\/yoast.com\/product\/yoast-seo-wordpress\/ -->\n<title>DECINES : L&#039;\u00e9quipe des + 60 ans du Tennis Club vainqueur de la Coupe du Rh\u00f4ne pour la 4\u00b0 ann\u00e9e de suite !<\/title>\n<meta name=\"description\" content=\"DECINES : L&#039;\u00e9quipe des + 60 ans du Tennis Club vainqueur de la Coupe du Rh\u00f4ne pour la 4\u00b0 ann\u00e9e de suite !\" \/>\n<meta name=\"robots\" content=\"index, follow, max-snippet:-1, max-image-preview:large, max-video-preview:-1\" \/>\n<link rel=\"canonical\" href=\"https:\/\/newsestlyonnais.fr\/site\/2018\/07\/01\/decines-lequipe-des-60-ans-du-tennis-club-vainqueur-de-la-coupe-du-rhone-pour-la-4-annee-de-suite\/\" \/>\n<meta property=\"og:locale\" content=\"fr_FR\" \/>\n<meta property=\"og:type\" content=\"article\" \/>\n<meta property=\"og:title\" content=\"DECINES : L&#039;\u00e9quipe des + 60 ans du Tennis Club vainqueur de la Coupe du Rh\u00f4ne pour la 4\u00b0 ann\u00e9e de suite !\" \/>\n<meta property=\"og:description\" content=\"DECINES : L&#039;\u00e9quipe des + 60 ans du Tennis Club vainqueur de la Coupe du Rh\u00f4ne pour la 4\u00b0 ann\u00e9e de suite !\" \/>\n<meta property=\"og:url\" content=\"https:\/\/newsestlyonnais.fr\/site\/2018\/07\/01\/decines-lequipe-des-60-ans-du-tennis-club-vainqueur-de-la-coupe-du-rhone-pour-la-4-annee-de-suite\/\" \/>\n<meta property=\"og:site_name\" content=\"News Est Lyonnais\" \/>\n<meta property=\"article:author\" content=\"https:\/\/www.facebook.com\/pascal.oberson.1?fref=ts\" \/>\n<meta property=\"article:published_time\" content=\"2018-07-01T07:29:07+00:00\" \/>\n<meta property=\"article:modified_time\" content=\"2020-11-11T13:22:26+00:00\" \/>\n<meta property=\"og:image\" content=\"https:\/\/i0.wp.com\/newsestlyonnais.fr\/site\/wp-content\/uploads\/2018\/07\/NEWSESTLYONNAIS-TC-DECINES-60-.jpg?fit=1728%2C2304&ssl=1\" \/>\n\t<meta property=\"og:image:width\" content=\"1728\" \/>\n\t<meta property=\"og:image:height\" content=\"2304\" \/>\n\t<meta property=\"og:image:type\" content=\"image\/jpeg\" \/>\n<meta name=\"author\" content=\"R\u00e9dac. NEWS\" \/>\n<meta name=\"twitter:card\" content=\"summary_large_image\" \/>\n<meta name=\"twitter:label1\" content=\"\u00c9crit par\" \/>\n\t<meta name=\"twitter:data1\" content=\"R\u00e9dac. NEWS\" \/>\n\t<meta name=\"twitter:label2\" content=\"Dur\u00e9e de lecture estim\u00e9e\" \/>\n\t<meta name=\"twitter:data2\" content=\"1 minute\" \/>\n<script type=\"application\/ld+json\" class=\"yoast-schema-graph\">{\"@context\":\"https:\/\/schema.org\",\"@graph\":[{\"@type\":\"Article\",\"@id\":\"https:\/\/newsestlyonnais.fr\/site\/2018\/07\/01\/decines-lequipe-des-60-ans-du-tennis-club-vainqueur-de-la-coupe-du-rhone-pour-la-4-annee-de-suite\/#article\",\"isPartOf\":{\"@id\":\"https:\/\/newsestlyonnais.fr\/site\/2018\/07\/01\/decines-lequipe-des-60-ans-du-tennis-club-vainqueur-de-la-coupe-du-rhone-pour-la-4-annee-de-suite\/\"},\"author\":{\"name\":\"R\u00e9dac. NEWS\",\"@id\":\"https:\/\/newsestlyonnais.fr\/site\/#\/schema\/person\/3230d5615f390bb808365d673001e887\"},\"headline\":\"DECINES | Les + 60 ans du Tennis Club vainqueurs de la Coupe du Rh\u00f4ne pour la 4\u00b0 ann\u00e9e de suite\",\"datePublished\":\"2018-07-01T07:29:07+00:00\",\"dateModified\":\"2020-11-11T13:22:26+00:00\",\"mainEntityOfPage\":{\"@id\":\"https:\/\/newsestlyonnais.fr\/site\/2018\/07\/01\/decines-lequipe-des-60-ans-du-tennis-club-vainqueur-de-la-coupe-du-rhone-pour-la-4-annee-de-suite\/\"},\"wordCount\":162,\"commentCount\":0,\"publisher\":{\"@id\":\"https:\/\/newsestlyonnais.fr\/site\/#organization\"},\"image\":{\"@id\":\"https:\/\/newsestlyonnais.fr\/site\/2018\/07\/01\/decines-lequipe-des-60-ans-du-tennis-club-vainqueur-de-la-coupe-du-rhone-pour-la-4-annee-de-suite\/#primaryimage\"},\"thumbnailUrl\":\"https:\/\/newsestlyonnais.fr\/site\/wp-content\/uploads\/2018\/07\/NEWSESTLYONNAIS-TC-DECINES-60-.jpg\",\"articleSection\":[\"D\u00e9cines-Charpieu\",\"Tennis | Padel\",\"Tennis | Tennis de table\"],\"inLanguage\":\"fr-FR\",\"potentialAction\":[{\"@type\":\"CommentAction\",\"name\":\"Comment\",\"target\":[\"https:\/\/newsestlyonnais.fr\/site\/2018\/07\/01\/decines-lequipe-des-60-ans-du-tennis-club-vainqueur-de-la-coupe-du-rhone-pour-la-4-annee-de-suite\/#respond\"]}]},{\"@type\":\"WebPage\",\"@id\":\"https:\/\/newsestlyonnais.fr\/site\/2018\/07\/01\/decines-lequipe-des-60-ans-du-tennis-club-vainqueur-de-la-coupe-du-rhone-pour-la-4-annee-de-suite\/\",\"url\":\"https:\/\/newsestlyonnais.fr\/site\/2018\/07\/01\/decines-lequipe-des-60-ans-du-tennis-club-vainqueur-de-la-coupe-du-rhone-pour-la-4-annee-de-suite\/\",\"name\":\"DECINES : L'\u00e9quipe des + 60 ans du Tennis Club vainqueur de la Coupe du Rh\u00f4ne pour la 4\u00b0 ann\u00e9e de suite !\",\"isPartOf\":{\"@id\":\"https:\/\/newsestlyonnais.fr\/site\/#website\"},\"primaryImageOfPage\":{\"@id\":\"https:\/\/newsestlyonnais.fr\/site\/2018\/07\/01\/decines-lequipe-des-60-ans-du-tennis-club-vainqueur-de-la-coupe-du-rhone-pour-la-4-annee-de-suite\/#primaryimage\"},\"image\":{\"@id\":\"https:\/\/newsestlyonnais.fr\/site\/2018\/07\/01\/decines-lequipe-des-60-ans-du-tennis-club-vainqueur-de-la-coupe-du-rhone-pour-la-4-annee-de-suite\/#primaryimage\"},\"thumbnailUrl\":\"https:\/\/newsestlyonnais.fr\/site\/wp-content\/uploads\/2018\/07\/NEWSESTLYONNAIS-TC-DECINES-60-.jpg\",\"datePublished\":\"2018-07-01T07:29:07+00:00\",\"dateModified\":\"2020-11-11T13:22:26+00:00\",\"description\":\"DECINES : L'\u00e9quipe des + 60 ans du Tennis Club vainqueur de la Coupe du Rh\u00f4ne pour la 4\u00b0 ann\u00e9e de suite !\",\"breadcrumb\":{\"@id\":\"https:\/\/newsestlyonnais.fr\/site\/2018\/07\/01\/decines-lequipe-des-60-ans-du-tennis-club-vainqueur-de-la-coupe-du-rhone-pour-la-4-annee-de-suite\/#breadcrumb\"},\"inLanguage\":\"fr-FR\",\"potentialAction\":[{\"@type\":\"ReadAction\",\"target\":[\"https:\/\/newsestlyonnais.fr\/site\/2018\/07\/01\/decines-lequipe-des-60-ans-du-tennis-club-vainqueur-de-la-coupe-du-rhone-pour-la-4-annee-de-suite\/\"]}]},{\"@type\":\"ImageObject\",\"inLanguage\":\"fr-FR\",\"@id\":\"https:\/\/newsestlyonnais.fr\/site\/2018\/07\/01\/decines-lequipe-des-60-ans-du-tennis-club-vainqueur-de-la-coupe-du-rhone-pour-la-4-annee-de-suite\/#primaryimage\",\"url\":\"https:\/\/newsestlyonnais.fr\/site\/wp-content\/uploads\/2018\/07\/NEWSESTLYONNAIS-TC-DECINES-60-.jpg\",\"contentUrl\":\"https:\/\/newsestlyonnais.fr\/site\/wp-content\/uploads\/2018\/07\/NEWSESTLYONNAIS-TC-DECINES-60-.jpg\",\"width\":1728,\"height\":2304,\"caption\":\"NEWSESTLYONNAIS TC DECINES 60 +\"},{\"@type\":\"BreadcrumbList\",\"@id\":\"https:\/\/newsestlyonnais.fr\/site\/2018\/07\/01\/decines-lequipe-des-60-ans-du-tennis-club-vainqueur-de-la-coupe-du-rhone-pour-la-4-annee-de-suite\/#breadcrumb\",\"itemListElement\":[{\"@type\":\"ListItem\",\"position\":1,\"name\":\"Accueil\",\"item\":\"https:\/\/newsestlyonnais.fr\/site\/\"},{\"@type\":\"ListItem\",\"position\":2,\"name\":\"DECINES | Les + 60 ans du Tennis Club vainqueurs de la Coupe du Rh\u00f4ne pour la 4\u00b0 ann\u00e9e de suite\"}]},{\"@type\":\"WebSite\",\"@id\":\"https:\/\/newsestlyonnais.fr\/site\/#website\",\"url\":\"https:\/\/newsestlyonnais.fr\/site\/\",\"name\":\"News Est Lyonnais\",\"description\":\"L&#039;actualit\u00e9 au plus pr\u00e8s\",\"publisher\":{\"@id\":\"https:\/\/newsestlyonnais.fr\/site\/#organization\"},\"potentialAction\":[{\"@type\":\"SearchAction\",\"target\":{\"@type\":\"EntryPoint\",\"urlTemplate\":\"https:\/\/newsestlyonnais.fr\/site\/?s={search_term_string}\"},\"query-input\":{\"@type\":\"PropertyValueSpecification\",\"valueRequired\":true,\"valueName\":\"search_term_string\"}}],\"inLanguage\":\"fr-FR\"},{\"@type\":\"Organization\",\"@id\":\"https:\/\/newsestlyonnais.fr\/site\/#organization\",\"name\":\"News EST LYONNAIS\",\"url\":\"https:\/\/newsestlyonnais.fr\/site\/\",\"logo\":{\"@type\":\"ImageObject\",\"inLanguage\":\"fr-FR\",\"@id\":\"https:\/\/newsestlyonnais.fr\/site\/#\/schema\/logo\/image\/\",\"url\":\"\",\"contentUrl\":\"\",\"caption\":\"News EST LYONNAIS\"},\"image\":{\"@id\":\"https:\/\/newsestlyonnais.fr\/site\/#\/schema\/logo\/image\/\"}},{\"@type\":\"Person\",\"@id\":\"https:\/\/newsestlyonnais.fr\/site\/#\/schema\/person\/3230d5615f390bb808365d673001e887\",\"name\":\"R\u00e9dac. NEWS\",\"sameAs\":[\"http:\/\/www.newsestlyonnais.fr\",\"https:\/\/www.facebook.com\/pascal.oberson.1?fref=ts\",\"https:\/\/fr.linkedin.com\/in\/pascal-oberson-b17045113\"],\"url\":\"https:\/\/newsestlyonnais.fr\/site\/author\/nel\/\"}]}<\/script>\n<!-- \/ Yoast SEO plugin. -->","yoast_head_json":{"title":"DECINES : L'\u00e9quipe des + 60 ans du Tennis Club vainqueur de la Coupe du Rh\u00f4ne pour la 4\u00b0 ann\u00e9e de suite !","description":"DECINES : L'\u00e9quipe des + 60 ans du Tennis Club vainqueur de la Coupe du Rh\u00f4ne pour la 4\u00b0 ann\u00e9e de suite !","robots":{"index":"index","follow":"follow","max-snippet":"max-snippet:-1","max-image-preview":"max-image-preview:large","max-video-preview":"max-video-preview:-1"},"canonical":"https:\/\/newsestlyonnais.fr\/site\/2018\/07\/01\/decines-lequipe-des-60-ans-du-tennis-club-vainqueur-de-la-coupe-du-rhone-pour-la-4-annee-de-suite\/","og_locale":"fr_FR","og_type":"article","og_title":"DECINES : L'\u00e9quipe des + 60 ans du Tennis Club vainqueur de la Coupe du Rh\u00f4ne pour la 4\u00b0 ann\u00e9e de suite !","og_description":"DECINES : L'\u00e9quipe des + 60 ans du Tennis Club vainqueur de la Coupe du Rh\u00f4ne pour la 4\u00b0 ann\u00e9e de suite !","og_url":"https:\/\/newsestlyonnais.fr\/site\/2018\/07\/01\/decines-lequipe-des-60-ans-du-tennis-club-vainqueur-de-la-coupe-du-rhone-pour-la-4-annee-de-suite\/","og_site_name":"News Est Lyonnais","article_author":"https:\/\/www.facebook.com\/pascal.oberson.1?fref=ts","article_published_time":"2018-07-01T07:29:07+00:00","article_modified_time":"2020-11-11T13:22:26+00:00","og_image":[{"width":1728,"height":2304,"url":"https:\/\/i0.wp.com\/newsestlyonnais.fr\/site\/wp-content\/uploads\/2018\/07\/NEWSESTLYONNAIS-TC-DECINES-60-.jpg?fit=1728%2C2304&ssl=1","type":"image\/jpeg"}],"author":"R\u00e9dac. NEWS","twitter_card":"summary_large_image","twitter_misc":{"\u00c9crit par":"R\u00e9dac. NEWS","Dur\u00e9e de lecture estim\u00e9e":"1 minute"},"schema":{"@context":"https:\/\/schema.org","@graph":[{"@type":"Article","@id":"https:\/\/newsestlyonnais.fr\/site\/2018\/07\/01\/decines-lequipe-des-60-ans-du-tennis-club-vainqueur-de-la-coupe-du-rhone-pour-la-4-annee-de-suite\/#article","isPartOf":{"@id":"https:\/\/newsestlyonnais.fr\/site\/2018\/07\/01\/decines-lequipe-des-60-ans-du-tennis-club-vainqueur-de-la-coupe-du-rhone-pour-la-4-annee-de-suite\/"},"author":{"name":"R\u00e9dac. NEWS","@id":"https:\/\/newsestlyonnais.fr\/site\/#\/schema\/person\/3230d5615f390bb808365d673001e887"},"headline":"DECINES | Les + 60 ans du Tennis Club vainqueurs de la Coupe du Rh\u00f4ne pour la 4\u00b0 ann\u00e9e de suite","datePublished":"2018-07-01T07:29:07+00:00","dateModified":"2020-11-11T13:22:26+00:00","mainEntityOfPage":{"@id":"https:\/\/newsestlyonnais.fr\/site\/2018\/07\/01\/decines-lequipe-des-60-ans-du-tennis-club-vainqueur-de-la-coupe-du-rhone-pour-la-4-annee-de-suite\/"},"wordCount":162,"commentCount":0,"publisher":{"@id":"https:\/\/newsestlyonnais.fr\/site\/#organization"},"image":{"@id":"https:\/\/newsestlyonnais.fr\/site\/2018\/07\/01\/decines-lequipe-des-60-ans-du-tennis-club-vainqueur-de-la-coupe-du-rhone-pour-la-4-annee-de-suite\/#primaryimage"},"thumbnailUrl":"https:\/\/newsestlyonnais.fr\/site\/wp-content\/uploads\/2018\/07\/NEWSESTLYONNAIS-TC-DECINES-60-.jpg","articleSection":["D\u00e9cines-Charpieu","Tennis | Padel","Tennis | Tennis de table"],"inLanguage":"fr-FR","potentialAction":[{"@type":"CommentAction","name":"Comment","target":["https:\/\/newsestlyonnais.fr\/site\/2018\/07\/01\/decines-lequipe-des-60-ans-du-tennis-club-vainqueur-de-la-coupe-du-rhone-pour-la-4-annee-de-suite\/#respond"]}]},{"@type":"WebPage","@id":"https:\/\/newsestlyonnais.fr\/site\/2018\/07\/01\/decines-lequipe-des-60-ans-du-tennis-club-vainqueur-de-la-coupe-du-rhone-pour-la-4-annee-de-suite\/","url":"https:\/\/newsestlyonnais.fr\/site\/2018\/07\/01\/decines-lequipe-des-60-ans-du-tennis-club-vainqueur-de-la-coupe-du-rhone-pour-la-4-annee-de-suite\/","name":"DECINES : L'\u00e9quipe des + 60 ans du Tennis Club vainqueur de la Coupe du Rh\u00f4ne pour la 4\u00b0 ann\u00e9e de suite !","isPartOf":{"@id":"https:\/\/newsestlyonnais.fr\/site\/#website"},"primaryImageOfPage":{"@id":"https:\/\/newsestlyonnais.fr\/site\/2018\/07\/01\/decines-lequipe-des-60-ans-du-tennis-club-vainqueur-de-la-coupe-du-rhone-pour-la-4-annee-de-suite\/#primaryimage"},"image":{"@id":"https:\/\/newsestlyonnais.fr\/site\/2018\/07\/01\/decines-lequipe-des-60-ans-du-tennis-club-vainqueur-de-la-coupe-du-rhone-pour-la-4-annee-de-suite\/#primaryimage"},"thumbnailUrl":"https:\/\/newsestlyonnais.fr\/site\/wp-content\/uploads\/2018\/07\/NEWSESTLYONNAIS-TC-DECINES-60-.jpg","datePublished":"2018-07-01T07:29:07+00:00","dateModified":"2020-11-11T13:22:26+00:00","description":"DECINES : L'\u00e9quipe des + 60 ans du Tennis Club vainqueur de la Coupe du Rh\u00f4ne pour la 4\u00b0 ann\u00e9e de suite !","breadcrumb":{"@id":"https:\/\/newsestlyonnais.fr\/site\/2018\/07\/01\/decines-lequipe-des-60-ans-du-tennis-club-vainqueur-de-la-coupe-du-rhone-pour-la-4-annee-de-suite\/#breadcrumb"},"inLanguage":"fr-FR","potentialAction":[{"@type":"ReadAction","target":["https:\/\/newsestlyonnais.fr\/site\/2018\/07\/01\/decines-lequipe-des-60-ans-du-tennis-club-vainqueur-de-la-coupe-du-rhone-pour-la-4-annee-de-suite\/"]}]},{"@type":"ImageObject","inLanguage":"fr-FR","@id":"https:\/\/newsestlyonnais.fr\/site\/2018\/07\/01\/decines-lequipe-des-60-ans-du-tennis-club-vainqueur-de-la-coupe-du-rhone-pour-la-4-annee-de-suite\/#primaryimage","url":"https:\/\/newsestlyonnais.fr\/site\/wp-content\/uploads\/2018\/07\/NEWSESTLYONNAIS-TC-DECINES-60-.jpg","contentUrl":"https:\/\/newsestlyonnais.fr\/site\/wp-content\/uploads\/2018\/07\/NEWSESTLYONNAIS-TC-DECINES-60-.jpg","width":1728,"height":2304,"caption":"NEWSESTLYONNAIS TC DECINES 60 +"},{"@type":"BreadcrumbList","@id":"https:\/\/newsestlyonnais.fr\/site\/2018\/07\/01\/decines-lequipe-des-60-ans-du-tennis-club-vainqueur-de-la-coupe-du-rhone-pour-la-4-annee-de-suite\/#breadcrumb","itemListElement":[{"@type":"ListItem","position":1,"name":"Accueil","item":"https:\/\/newsestlyonnais.fr\/site\/"},{"@type":"ListItem","position":2,"name":"DECINES | Les + 60 ans du Tennis Club vainqueurs de la Coupe du Rh\u00f4ne pour la 4\u00b0 ann\u00e9e de suite"}]},{"@type":"WebSite","@id":"https:\/\/newsestlyonnais.fr\/site\/#website","url":"https:\/\/newsestlyonnais.fr\/site\/","name":"News Est Lyonnais","description":"L&#039;actualit\u00e9 au plus pr\u00e8s","publisher":{"@id":"https:\/\/newsestlyonnais.fr\/site\/#organization"},"potentialAction":[{"@type":"SearchAction","target":{"@type":"EntryPoint","urlTemplate":"https:\/\/newsestlyonnais.fr\/site\/?s={search_term_string}"},"query-input":{"@type":"PropertyValueSpecification","valueRequired":true,"valueName":"search_term_string"}}],"inLanguage":"fr-FR"},{"@type":"Organization","@id":"https:\/\/newsestlyonnais.fr\/site\/#organization","name":"News EST LYONNAIS","url":"https:\/\/newsestlyonnais.fr\/site\/","logo":{"@type":"ImageObject","inLanguage":"fr-FR","@id":"https:\/\/newsestlyonnais.fr\/site\/#\/schema\/logo\/image\/","url":"","contentUrl":"","caption":"News EST LYONNAIS"},"image":{"@id":"https:\/\/newsestlyonnais.fr\/site\/#\/schema\/logo\/image\/"}},{"@type":"Person","@id":"https:\/\/newsestlyonnais.fr\/site\/#\/schema\/person\/3230d5615f390bb808365d673001e887","name":"R\u00e9dac. NEWS","sameAs":["http:\/\/www.newsestlyonnais.fr","https:\/\/www.facebook.com\/pascal.oberson.1?fref=ts","https:\/\/fr.linkedin.com\/in\/pascal-oberson-b17045113"],"url":"https:\/\/newsestlyonnais.fr\/site\/author\/nel\/"}]}},"_links":{"self":[{"href":"https:\/\/newsestlyonnais.fr\/site\/wp-json\/wp\/v2\/posts\/52670","targetHints":{"allow":["GET"]}}],"collection":[{"href":"https:\/\/newsestlyonnais.fr\/site\/wp-json\/wp\/v2\/posts"}],"about":[{"href":"https:\/\/newsestlyonnais.fr\/site\/wp-json\/wp\/v2\/types\/post"}],"author":[{"embeddable":true,"href":"https:\/\/newsestlyonnais.fr\/site\/wp-json\/wp\/v2\/users\/4"}],"replies":[{"embeddable":true,"href":"https:\/\/newsestlyonnais.fr\/site\/wp-json\/wp\/v2\/comments?post=52670"}],"version-history":[{"count":0,"href":"https:\/\/newsestlyonnais.fr\/site\/wp-json\/wp\/v2\/posts\/52670\/revisions"}],"wp:featuredmedia":[{"embeddable":true,"href":"https:\/\/newsestlyonnais.fr\/site\/wp-json\/wp\/v2\/media\/52687"}],"wp:attachment":[{"href":"https:\/\/newsestlyonnais.fr\/site\/wp-json\/wp\/v2\/media?parent=52670"}],"wp:term":[{"taxonomy":"category","embeddable":true,"href":"https:\/\/newsestlyonnais.fr\/site\/wp-json\/wp\/v2\/categories?post=52670"},{"taxonomy":"post_tag","embeddable":true,"href":"https:\/\/newsestlyonnais.fr\/site\/wp-json\/wp\/v2\/tags?post=52670"}],"curies":[{"name":"wp","href":"https:\/\/api.w.org\/{rel}","templated":true}]}}