{"id":52691,"date":"2018-07-01T14:51:46","date_gmt":"2018-07-01T13:51:46","guid":{"rendered":"http:\/\/newsestlyonnais.fr\/site\/?p=52691"},"modified":"2020-11-04T08:26:48","modified_gmt":"2020-11-04T07:26:48","slug":"genas-23-doublettes-samedi-au-concours-de-la-petanque-genassienne","status":"publish","type":"post","link":"https:\/\/newsestlyonnais.fr\/site\/2018\/07\/01\/genas-23-doublettes-samedi-au-concours-de-la-petanque-genassienne\/","title":{"rendered":"GENAS | 23 doublettes samedi au concours de la P\u00e9tanque Genassienne"},"content":{"rendered":"<h4>Ce dernier concours officiel de l&rsquo;intersaison, un doublettes promotion s&rsquo;est d\u00e9roul\u00e9 samedi apr\u00e8s-midi sous une forte chaleur \u00e0 l&rsquo;espace Marius Berliet.<\/h4>\n<p>Le pr\u00e9sident Jean-Philippe Glaudios et son \u00e9quipe ont accueilli des formations issues des divers clubs voisins et amis comme La Muroise, Bron-Terraillon &amp; Chassieu. Voici les r\u00e9sultats de ce concours:<\/p>\n<p><span style=\"text-decoration: underline\"><strong>Finale <\/strong><\/span>: <em><strong>Pascal Garcia\/Samir Degui<\/strong><\/em> ( Brosses P\u00e9tanque) battent Mickael Piegay\/Robin Racz (Club P\u00e9tanque Champenois)<\/p>\n<p><span style=\"text-decoration: underline\">Demi-finalistes<\/span> : Lucas Brugnon (Pusignan)\/Jacques Brugnon (Bron-Terraillon) &amp; Mansor Mbodj\/Alain Guinot (Brosses P\u00e9tanque).<\/p>\n<p><span style=\"text-decoration: underline\"><em><strong>NOTA<\/strong><\/em><\/span> : <span style=\"text-decoration: underline\">Prochains concours du club<\/span> : Un enfant\/Un adulte &amp; challenge Ren\u00e9 Trichard et concours officiels : <strong><em>Samedis 25 Ao\u00fbt (doublettes seniors ) &amp; 1\u00b0 septembre (triplettes).<\/em><\/strong><\/p>\n<p><img loading=\"lazy\" decoding=\"async\" class=\"size-medium wp-image-52698 aligncenter\" src=\"https:\/\/newsestlyonnais.fr\/site\/medias\/2018\/07\/NEWSESTLYONNAIS-GENAS-CONC-400x300.jpg\" alt=\"NEWSESTLYONNAIS GENAS CONC\" width=\"400\" height=\"300\" srcset=\"https:\/\/newsestlyonnais.fr\/site\/wp-content\/uploads\/2018\/07\/NEWSESTLYONNAIS-GENAS-CONC-400x300.jpg 400w, https:\/\/newsestlyonnais.fr\/site\/wp-content\/uploads\/2018\/07\/NEWSESTLYONNAIS-GENAS-CONC-768x576.jpg 768w, https:\/\/newsestlyonnais.fr\/site\/wp-content\/uploads\/2018\/07\/NEWSESTLYONNAIS-GENAS-CONC-1000x750.jpg 1000w, https:\/\/newsestlyonnais.fr\/site\/wp-content\/uploads\/2018\/07\/NEWSESTLYONNAIS-GENAS-CONC-600x450.jpg 600w, https:\/\/newsestlyonnais.fr\/site\/wp-content\/uploads\/2018\/07\/NEWSESTLYONNAIS-GENAS-CONC-100x75.jpg 100w, https:\/\/newsestlyonnais.fr\/site\/wp-content\/uploads\/2018\/07\/NEWSESTLYONNAIS-GENAS-CONC.jpg 2048w\" sizes=\"auto, (max-width: 400px) 100vw, 400px\" \/><\/p>\n","protected":false},"excerpt":{"rendered":"<p>Ce dernier concours officiel de l&rsquo;intersaison, un doublettes promotion s&rsquo;est d\u00e9roul\u00e9 samedi apr\u00e8s-midi sous une forte chaleur \u00e0 l&rsquo;espace Marius Berliet. Le pr\u00e9sident Jean-Philippe Glaudios et son \u00e9quipe ont accueilli des formations issues des divers clubs voisins et amis comme La Muroise, Bron-Terraillon &amp; Chassieu. Voici les r\u00e9sultats de ce concours: Finale : Pascal Garcia\/Samir [&hellip;]<\/p>\n","protected":false},"author":4,"featured_media":52693,"comment_status":"open","ping_status":"open","sticky":false,"template":"","format":"standard","meta":{"footnotes":""},"categories":[2977,270,1598,2978],"tags":[],"class_list":["post-52691","post","type-post","status-publish","format-standard","has-post-thumbnail","hentry","category-boules-petanque-sports","category-cte-de-communes-c-c-e-l","category-genas","category-petanque-sports"],"yoast_head":"<!-- This site is optimized with the Yoast SEO plugin v27.2 - https:\/\/yoast.com\/product\/yoast-seo-wordpress\/ -->\n<title>GENAS : 23 doublettes au concours officiel de P\u00e9tanque Genassienne<\/title>\n<meta name=\"description\" content=\"GENAS : 23 doublettes au concours officiel de P\u00e9tanque Genassienne\" \/>\n<meta name=\"robots\" content=\"index, follow, max-snippet:-1, max-image-preview:large, max-video-preview:-1\" \/>\n<link rel=\"canonical\" href=\"https:\/\/newsestlyonnais.fr\/site\/2018\/07\/01\/genas-23-doublettes-samedi-au-concours-de-la-petanque-genassienne\/\" \/>\n<meta property=\"og:locale\" content=\"fr_FR\" \/>\n<meta property=\"og:type\" content=\"article\" \/>\n<meta property=\"og:title\" content=\"GENAS : 23 doublettes au concours officiel de P\u00e9tanque Genassienne\" \/>\n<meta property=\"og:description\" content=\"GENAS : 23 doublettes au concours officiel de P\u00e9tanque Genassienne\" \/>\n<meta property=\"og:url\" content=\"https:\/\/newsestlyonnais.fr\/site\/2018\/07\/01\/genas-23-doublettes-samedi-au-concours-de-la-petanque-genassienne\/\" \/>\n<meta property=\"og:site_name\" content=\"News Est Lyonnais\" \/>\n<meta property=\"article:author\" content=\"https:\/\/www.facebook.com\/pascal.oberson.1?fref=ts\" \/>\n<meta property=\"article:published_time\" content=\"2018-07-01T13:51:46+00:00\" \/>\n<meta property=\"article:modified_time\" content=\"2020-11-04T07:26:48+00:00\" \/>\n<meta property=\"og:image\" content=\"https:\/\/i2.wp.com\/newsestlyonnais.fr\/site\/wp-content\/uploads\/2018\/07\/NEWSESTLYONNAIS-CONC-DOUB-GENAS.jpg?fit=2048%2C1536&ssl=1\" \/>\n\t<meta property=\"og:image:width\" content=\"2048\" \/>\n\t<meta property=\"og:image:height\" content=\"1536\" \/>\n\t<meta property=\"og:image:type\" content=\"image\/jpeg\" \/>\n<meta name=\"author\" content=\"R\u00e9dac. NEWS\" \/>\n<meta name=\"twitter:card\" content=\"summary_large_image\" \/>\n<meta name=\"twitter:label1\" content=\"\u00c9crit par\" \/>\n\t<meta name=\"twitter:data1\" content=\"R\u00e9dac. NEWS\" \/>\n\t<meta name=\"twitter:label2\" content=\"Dur\u00e9e de lecture estim\u00e9e\" \/>\n\t<meta name=\"twitter:data2\" content=\"1 minute\" \/>\n<script type=\"application\/ld+json\" class=\"yoast-schema-graph\">{\"@context\":\"https:\/\/schema.org\",\"@graph\":[{\"@type\":\"Article\",\"@id\":\"https:\/\/newsestlyonnais.fr\/site\/2018\/07\/01\/genas-23-doublettes-samedi-au-concours-de-la-petanque-genassienne\/#article\",\"isPartOf\":{\"@id\":\"https:\/\/newsestlyonnais.fr\/site\/2018\/07\/01\/genas-23-doublettes-samedi-au-concours-de-la-petanque-genassienne\/\"},\"author\":{\"name\":\"R\u00e9dac. NEWS\",\"@id\":\"https:\/\/newsestlyonnais.fr\/site\/#\/schema\/person\/3230d5615f390bb808365d673001e887\"},\"headline\":\"GENAS | 23 doublettes samedi au concours de la P\u00e9tanque Genassienne\",\"datePublished\":\"2018-07-01T13:51:46+00:00\",\"dateModified\":\"2020-11-04T07:26:48+00:00\",\"mainEntityOfPage\":{\"@id\":\"https:\/\/newsestlyonnais.fr\/site\/2018\/07\/01\/genas-23-doublettes-samedi-au-concours-de-la-petanque-genassienne\/\"},\"wordCount\":123,\"commentCount\":0,\"publisher\":{\"@id\":\"https:\/\/newsestlyonnais.fr\/site\/#organization\"},\"image\":{\"@id\":\"https:\/\/newsestlyonnais.fr\/site\/2018\/07\/01\/genas-23-doublettes-samedi-au-concours-de-la-petanque-genassienne\/#primaryimage\"},\"thumbnailUrl\":\"https:\/\/newsestlyonnais.fr\/site\/wp-content\/uploads\/2018\/07\/NEWSESTLYONNAIS-CONC-DOUB-GENAS.jpg\",\"articleSection\":[\"Boules | P\u00e9tanque\",\"CCEL | Communes\",\"Genas\",\"P\u00e9tanque\"],\"inLanguage\":\"fr-FR\",\"potentialAction\":[{\"@type\":\"CommentAction\",\"name\":\"Comment\",\"target\":[\"https:\/\/newsestlyonnais.fr\/site\/2018\/07\/01\/genas-23-doublettes-samedi-au-concours-de-la-petanque-genassienne\/#respond\"]}]},{\"@type\":\"WebPage\",\"@id\":\"https:\/\/newsestlyonnais.fr\/site\/2018\/07\/01\/genas-23-doublettes-samedi-au-concours-de-la-petanque-genassienne\/\",\"url\":\"https:\/\/newsestlyonnais.fr\/site\/2018\/07\/01\/genas-23-doublettes-samedi-au-concours-de-la-petanque-genassienne\/\",\"name\":\"GENAS : 23 doublettes au concours officiel de P\u00e9tanque Genassienne\",\"isPartOf\":{\"@id\":\"https:\/\/newsestlyonnais.fr\/site\/#website\"},\"primaryImageOfPage\":{\"@id\":\"https:\/\/newsestlyonnais.fr\/site\/2018\/07\/01\/genas-23-doublettes-samedi-au-concours-de-la-petanque-genassienne\/#primaryimage\"},\"image\":{\"@id\":\"https:\/\/newsestlyonnais.fr\/site\/2018\/07\/01\/genas-23-doublettes-samedi-au-concours-de-la-petanque-genassienne\/#primaryimage\"},\"thumbnailUrl\":\"https:\/\/newsestlyonnais.fr\/site\/wp-content\/uploads\/2018\/07\/NEWSESTLYONNAIS-CONC-DOUB-GENAS.jpg\",\"datePublished\":\"2018-07-01T13:51:46+00:00\",\"dateModified\":\"2020-11-04T07:26:48+00:00\",\"description\":\"GENAS : 23 doublettes au concours officiel de P\u00e9tanque Genassienne\",\"breadcrumb\":{\"@id\":\"https:\/\/newsestlyonnais.fr\/site\/2018\/07\/01\/genas-23-doublettes-samedi-au-concours-de-la-petanque-genassienne\/#breadcrumb\"},\"inLanguage\":\"fr-FR\",\"potentialAction\":[{\"@type\":\"ReadAction\",\"target\":[\"https:\/\/newsestlyonnais.fr\/site\/2018\/07\/01\/genas-23-doublettes-samedi-au-concours-de-la-petanque-genassienne\/\"]}]},{\"@type\":\"ImageObject\",\"inLanguage\":\"fr-FR\",\"@id\":\"https:\/\/newsestlyonnais.fr\/site\/2018\/07\/01\/genas-23-doublettes-samedi-au-concours-de-la-petanque-genassienne\/#primaryimage\",\"url\":\"https:\/\/newsestlyonnais.fr\/site\/wp-content\/uploads\/2018\/07\/NEWSESTLYONNAIS-CONC-DOUB-GENAS.jpg\",\"contentUrl\":\"https:\/\/newsestlyonnais.fr\/site\/wp-content\/uploads\/2018\/07\/NEWSESTLYONNAIS-CONC-DOUB-GENAS.jpg\",\"width\":2048,\"height\":1536,\"caption\":\"NEWSESTLYONNAIS CONC DOUB GENAS\"},{\"@type\":\"BreadcrumbList\",\"@id\":\"https:\/\/newsestlyonnais.fr\/site\/2018\/07\/01\/genas-23-doublettes-samedi-au-concours-de-la-petanque-genassienne\/#breadcrumb\",\"itemListElement\":[{\"@type\":\"ListItem\",\"position\":1,\"name\":\"Accueil\",\"item\":\"https:\/\/newsestlyonnais.fr\/site\/\"},{\"@type\":\"ListItem\",\"position\":2,\"name\":\"GENAS | 23 doublettes samedi au concours de la P\u00e9tanque Genassienne\"}]},{\"@type\":\"WebSite\",\"@id\":\"https:\/\/newsestlyonnais.fr\/site\/#website\",\"url\":\"https:\/\/newsestlyonnais.fr\/site\/\",\"name\":\"News Est Lyonnais\",\"description\":\"L&#039;actualit\u00e9 au plus pr\u00e8s\",\"publisher\":{\"@id\":\"https:\/\/newsestlyonnais.fr\/site\/#organization\"},\"potentialAction\":[{\"@type\":\"SearchAction\",\"target\":{\"@type\":\"EntryPoint\",\"urlTemplate\":\"https:\/\/newsestlyonnais.fr\/site\/?s={search_term_string}\"},\"query-input\":{\"@type\":\"PropertyValueSpecification\",\"valueRequired\":true,\"valueName\":\"search_term_string\"}}],\"inLanguage\":\"fr-FR\"},{\"@type\":\"Organization\",\"@id\":\"https:\/\/newsestlyonnais.fr\/site\/#organization\",\"name\":\"News EST LYONNAIS\",\"url\":\"https:\/\/newsestlyonnais.fr\/site\/\",\"logo\":{\"@type\":\"ImageObject\",\"inLanguage\":\"fr-FR\",\"@id\":\"https:\/\/newsestlyonnais.fr\/site\/#\/schema\/logo\/image\/\",\"url\":\"\",\"contentUrl\":\"\",\"caption\":\"News EST LYONNAIS\"},\"image\":{\"@id\":\"https:\/\/newsestlyonnais.fr\/site\/#\/schema\/logo\/image\/\"}},{\"@type\":\"Person\",\"@id\":\"https:\/\/newsestlyonnais.fr\/site\/#\/schema\/person\/3230d5615f390bb808365d673001e887\",\"name\":\"R\u00e9dac. NEWS\",\"sameAs\":[\"http:\/\/www.newsestlyonnais.fr\",\"https:\/\/www.facebook.com\/pascal.oberson.1?fref=ts\",\"https:\/\/fr.linkedin.com\/in\/pascal-oberson-b17045113\"],\"url\":\"https:\/\/newsestlyonnais.fr\/site\/author\/nel\/\"}]}<\/script>\n<!-- \/ Yoast SEO plugin. -->","yoast_head_json":{"title":"GENAS : 23 doublettes au concours officiel de P\u00e9tanque Genassienne","description":"GENAS : 23 doublettes au concours officiel de P\u00e9tanque Genassienne","robots":{"index":"index","follow":"follow","max-snippet":"max-snippet:-1","max-image-preview":"max-image-preview:large","max-video-preview":"max-video-preview:-1"},"canonical":"https:\/\/newsestlyonnais.fr\/site\/2018\/07\/01\/genas-23-doublettes-samedi-au-concours-de-la-petanque-genassienne\/","og_locale":"fr_FR","og_type":"article","og_title":"GENAS : 23 doublettes au concours officiel de P\u00e9tanque Genassienne","og_description":"GENAS : 23 doublettes au concours officiel de P\u00e9tanque Genassienne","og_url":"https:\/\/newsestlyonnais.fr\/site\/2018\/07\/01\/genas-23-doublettes-samedi-au-concours-de-la-petanque-genassienne\/","og_site_name":"News Est Lyonnais","article_author":"https:\/\/www.facebook.com\/pascal.oberson.1?fref=ts","article_published_time":"2018-07-01T13:51:46+00:00","article_modified_time":"2020-11-04T07:26:48+00:00","og_image":[{"width":2048,"height":1536,"url":"https:\/\/i2.wp.com\/newsestlyonnais.fr\/site\/wp-content\/uploads\/2018\/07\/NEWSESTLYONNAIS-CONC-DOUB-GENAS.jpg?fit=2048%2C1536&ssl=1","type":"image\/jpeg"}],"author":"R\u00e9dac. NEWS","twitter_card":"summary_large_image","twitter_misc":{"\u00c9crit par":"R\u00e9dac. NEWS","Dur\u00e9e de lecture estim\u00e9e":"1 minute"},"schema":{"@context":"https:\/\/schema.org","@graph":[{"@type":"Article","@id":"https:\/\/newsestlyonnais.fr\/site\/2018\/07\/01\/genas-23-doublettes-samedi-au-concours-de-la-petanque-genassienne\/#article","isPartOf":{"@id":"https:\/\/newsestlyonnais.fr\/site\/2018\/07\/01\/genas-23-doublettes-samedi-au-concours-de-la-petanque-genassienne\/"},"author":{"name":"R\u00e9dac. NEWS","@id":"https:\/\/newsestlyonnais.fr\/site\/#\/schema\/person\/3230d5615f390bb808365d673001e887"},"headline":"GENAS | 23 doublettes samedi au concours de la P\u00e9tanque Genassienne","datePublished":"2018-07-01T13:51:46+00:00","dateModified":"2020-11-04T07:26:48+00:00","mainEntityOfPage":{"@id":"https:\/\/newsestlyonnais.fr\/site\/2018\/07\/01\/genas-23-doublettes-samedi-au-concours-de-la-petanque-genassienne\/"},"wordCount":123,"commentCount":0,"publisher":{"@id":"https:\/\/newsestlyonnais.fr\/site\/#organization"},"image":{"@id":"https:\/\/newsestlyonnais.fr\/site\/2018\/07\/01\/genas-23-doublettes-samedi-au-concours-de-la-petanque-genassienne\/#primaryimage"},"thumbnailUrl":"https:\/\/newsestlyonnais.fr\/site\/wp-content\/uploads\/2018\/07\/NEWSESTLYONNAIS-CONC-DOUB-GENAS.jpg","articleSection":["Boules | P\u00e9tanque","CCEL | Communes","Genas","P\u00e9tanque"],"inLanguage":"fr-FR","potentialAction":[{"@type":"CommentAction","name":"Comment","target":["https:\/\/newsestlyonnais.fr\/site\/2018\/07\/01\/genas-23-doublettes-samedi-au-concours-de-la-petanque-genassienne\/#respond"]}]},{"@type":"WebPage","@id":"https:\/\/newsestlyonnais.fr\/site\/2018\/07\/01\/genas-23-doublettes-samedi-au-concours-de-la-petanque-genassienne\/","url":"https:\/\/newsestlyonnais.fr\/site\/2018\/07\/01\/genas-23-doublettes-samedi-au-concours-de-la-petanque-genassienne\/","name":"GENAS : 23 doublettes au concours officiel de P\u00e9tanque Genassienne","isPartOf":{"@id":"https:\/\/newsestlyonnais.fr\/site\/#website"},"primaryImageOfPage":{"@id":"https:\/\/newsestlyonnais.fr\/site\/2018\/07\/01\/genas-23-doublettes-samedi-au-concours-de-la-petanque-genassienne\/#primaryimage"},"image":{"@id":"https:\/\/newsestlyonnais.fr\/site\/2018\/07\/01\/genas-23-doublettes-samedi-au-concours-de-la-petanque-genassienne\/#primaryimage"},"thumbnailUrl":"https:\/\/newsestlyonnais.fr\/site\/wp-content\/uploads\/2018\/07\/NEWSESTLYONNAIS-CONC-DOUB-GENAS.jpg","datePublished":"2018-07-01T13:51:46+00:00","dateModified":"2020-11-04T07:26:48+00:00","description":"GENAS : 23 doublettes au concours officiel de P\u00e9tanque Genassienne","breadcrumb":{"@id":"https:\/\/newsestlyonnais.fr\/site\/2018\/07\/01\/genas-23-doublettes-samedi-au-concours-de-la-petanque-genassienne\/#breadcrumb"},"inLanguage":"fr-FR","potentialAction":[{"@type":"ReadAction","target":["https:\/\/newsestlyonnais.fr\/site\/2018\/07\/01\/genas-23-doublettes-samedi-au-concours-de-la-petanque-genassienne\/"]}]},{"@type":"ImageObject","inLanguage":"fr-FR","@id":"https:\/\/newsestlyonnais.fr\/site\/2018\/07\/01\/genas-23-doublettes-samedi-au-concours-de-la-petanque-genassienne\/#primaryimage","url":"https:\/\/newsestlyonnais.fr\/site\/wp-content\/uploads\/2018\/07\/NEWSESTLYONNAIS-CONC-DOUB-GENAS.jpg","contentUrl":"https:\/\/newsestlyonnais.fr\/site\/wp-content\/uploads\/2018\/07\/NEWSESTLYONNAIS-CONC-DOUB-GENAS.jpg","width":2048,"height":1536,"caption":"NEWSESTLYONNAIS CONC DOUB GENAS"},{"@type":"BreadcrumbList","@id":"https:\/\/newsestlyonnais.fr\/site\/2018\/07\/01\/genas-23-doublettes-samedi-au-concours-de-la-petanque-genassienne\/#breadcrumb","itemListElement":[{"@type":"ListItem","position":1,"name":"Accueil","item":"https:\/\/newsestlyonnais.fr\/site\/"},{"@type":"ListItem","position":2,"name":"GENAS | 23 doublettes samedi au concours de la P\u00e9tanque Genassienne"}]},{"@type":"WebSite","@id":"https:\/\/newsestlyonnais.fr\/site\/#website","url":"https:\/\/newsestlyonnais.fr\/site\/","name":"News Est Lyonnais","description":"L&#039;actualit\u00e9 au plus pr\u00e8s","publisher":{"@id":"https:\/\/newsestlyonnais.fr\/site\/#organization"},"potentialAction":[{"@type":"SearchAction","target":{"@type":"EntryPoint","urlTemplate":"https:\/\/newsestlyonnais.fr\/site\/?s={search_term_string}"},"query-input":{"@type":"PropertyValueSpecification","valueRequired":true,"valueName":"search_term_string"}}],"inLanguage":"fr-FR"},{"@type":"Organization","@id":"https:\/\/newsestlyonnais.fr\/site\/#organization","name":"News EST LYONNAIS","url":"https:\/\/newsestlyonnais.fr\/site\/","logo":{"@type":"ImageObject","inLanguage":"fr-FR","@id":"https:\/\/newsestlyonnais.fr\/site\/#\/schema\/logo\/image\/","url":"","contentUrl":"","caption":"News EST LYONNAIS"},"image":{"@id":"https:\/\/newsestlyonnais.fr\/site\/#\/schema\/logo\/image\/"}},{"@type":"Person","@id":"https:\/\/newsestlyonnais.fr\/site\/#\/schema\/person\/3230d5615f390bb808365d673001e887","name":"R\u00e9dac. NEWS","sameAs":["http:\/\/www.newsestlyonnais.fr","https:\/\/www.facebook.com\/pascal.oberson.1?fref=ts","https:\/\/fr.linkedin.com\/in\/pascal-oberson-b17045113"],"url":"https:\/\/newsestlyonnais.fr\/site\/author\/nel\/"}]}},"_links":{"self":[{"href":"https:\/\/newsestlyonnais.fr\/site\/wp-json\/wp\/v2\/posts\/52691","targetHints":{"allow":["GET"]}}],"collection":[{"href":"https:\/\/newsestlyonnais.fr\/site\/wp-json\/wp\/v2\/posts"}],"about":[{"href":"https:\/\/newsestlyonnais.fr\/site\/wp-json\/wp\/v2\/types\/post"}],"author":[{"embeddable":true,"href":"https:\/\/newsestlyonnais.fr\/site\/wp-json\/wp\/v2\/users\/4"}],"replies":[{"embeddable":true,"href":"https:\/\/newsestlyonnais.fr\/site\/wp-json\/wp\/v2\/comments?post=52691"}],"version-history":[{"count":0,"href":"https:\/\/newsestlyonnais.fr\/site\/wp-json\/wp\/v2\/posts\/52691\/revisions"}],"wp:featuredmedia":[{"embeddable":true,"href":"https:\/\/newsestlyonnais.fr\/site\/wp-json\/wp\/v2\/media\/52693"}],"wp:attachment":[{"href":"https:\/\/newsestlyonnais.fr\/site\/wp-json\/wp\/v2\/media?parent=52691"}],"wp:term":[{"taxonomy":"category","embeddable":true,"href":"https:\/\/newsestlyonnais.fr\/site\/wp-json\/wp\/v2\/categories?post=52691"},{"taxonomy":"post_tag","embeddable":true,"href":"https:\/\/newsestlyonnais.fr\/site\/wp-json\/wp\/v2\/tags?post=52691"}],"curies":[{"name":"wp","href":"https:\/\/api.w.org\/{rel}","templated":true}]}}