{"id":52734,"date":"2018-07-01T18:37:48","date_gmt":"2018-07-01T17:37:48","guid":{"rendered":"http:\/\/newsestlyonnais.fr\/site\/?p=52734"},"modified":"2021-09-17T09:54:36","modified_gmt":"2021-09-17T08:54:36","slug":"tony-bertrand-disparition-dune-figure-incontournable-du-sport-lyonnais","status":"publish","type":"post","link":"https:\/\/newsestlyonnais.fr\/site\/2018\/07\/01\/tony-bertrand-disparition-dune-figure-incontournable-du-sport-lyonnais\/","title":{"rendered":"TONY BERTRAND | Disparition d&rsquo;une figure incontournable du sport lyonnais"},"content":{"rendered":"<h4>D\u00e9c\u00e9d\u00e9 vendredi dernier, Tony Bertrand qui aurait c\u00e9l\u00e9br\u00e9 ses 106 ans le 31 Ao\u00fbt laissera \u00e0 jamais une trace inoubliable dans le monde sportif rhodanien.<\/h4>\n<p>Un parcours exceptionnel \u00e0 l&rsquo;issue d&rsquo;une vie des plus remplies qui l&rsquo;aura vu oeuvrer professionnellement comme inspecteur r\u00e9gional Jeunesse et Sports et pratiquer en comp\u00e9tition de tr\u00e8s nombreux sports (gym, basket, hand, ski, alpinisme, cyclisme, poids et halt\u00e8res).<\/p>\n<p>Mais c&rsquo;est surtout en tant que dirigeant sportif : fondateur de sections du LOU (hand &amp; ski), pr\u00e9sident d&rsquo;honneur de divers comit\u00e9s mais aussi d&rsquo;\u00e9lu : adjoint au maire de Lyon (18 ans), maire d\u00e9l\u00e9gu\u00e9 de Lyon 8\u00b0 (12 ans) et pr\u00e9sident de l&rsquo;OMS de Lyon (18 ans). Il a m\u00eame \u00e9t\u00e9 reconnu grand acteur du sport fran\u00e7ais en 2009 par le CNOSF !<\/p>\n<p>Les distinctions honorifiques ne manquent pas \u00e0 la lecture de son long CV (trois pages), ce qui repr\u00e9sente bien le destin extraordinaire de cet humaniste qui sera longtemps regrett\u00e9 mais en tous cas jamais \u00e9gal\u00e9 !<\/p>\n<p><strong>PHOTO A LA UNE<\/strong> : <strong>Tony Bertrand (au centre<\/strong>, \u00e0 l&rsquo;occasion des 75 ans du LOU Omnisports) avec Yann Roubert (pr\u00e9sident LOU rugby) et son ami Gilbert Lamothe (vice-pr\u00e9sident du CDOS).<\/p>\n<ul>\n<li><strong>NOTA<\/strong> : <span style=\"text-decoration: underline\">La s\u00e9pulture de Tony Bertrand aura lieu le Jeudi 5 juillet 14 heures \u00e0 la cath\u00e9drale Saint-Jean. <\/span><\/li>\n<\/ul>\n","protected":false},"excerpt":{"rendered":"<p>D\u00e9c\u00e9d\u00e9 vendredi dernier, Tony Bertrand qui aurait c\u00e9l\u00e9br\u00e9 ses 106 ans le 31 Ao\u00fbt laissera \u00e0 jamais une trace inoubliable dans le monde sportif rhodanien.<\/p>\n","protected":false},"author":4,"featured_media":52736,"comment_status":"open","ping_status":"open","sticky":false,"template":"","format":"standard","meta":{"footnotes":""},"categories":[574,166,3454,1625,1328],"tags":[2909,2068,2908,2910],"class_list":["post-52734","post","type-post","status-publish","format-standard","has-post-thumbnail","hentry","category-autres-sports","category-divers-sports","category-ils-nous-ont-quittes","category-lyon","category-sports-divers","tag-gilbert-lamothe","tag-hommage","tag-tony-bertrand","tag-yann-roubert"],"yoast_head":"<!-- This site is optimized with the Yoast SEO plugin v27.2 - https:\/\/yoast.com\/product\/yoast-seo-wordpress\/ -->\n<title>TONY BERTRAND : Disparition d&#039;une figure incontournable du sport lyonnais<\/title>\n<meta name=\"description\" content=\"TONY BERTRAND : Disparition d&#039;une figure incontournable du sport lyonnais\" \/>\n<meta name=\"robots\" content=\"index, follow, max-snippet:-1, max-image-preview:large, max-video-preview:-1\" \/>\n<link rel=\"canonical\" href=\"https:\/\/newsestlyonnais.fr\/site\/2018\/07\/01\/tony-bertrand-disparition-dune-figure-incontournable-du-sport-lyonnais\/\" \/>\n<meta property=\"og:locale\" content=\"fr_FR\" \/>\n<meta property=\"og:type\" content=\"article\" \/>\n<meta property=\"og:title\" content=\"TONY BERTRAND : Disparition d&#039;une figure incontournable du sport lyonnais\" \/>\n<meta property=\"og:description\" content=\"TONY BERTRAND : Disparition d&#039;une figure incontournable du sport lyonnais\" \/>\n<meta property=\"og:url\" content=\"https:\/\/newsestlyonnais.fr\/site\/2018\/07\/01\/tony-bertrand-disparition-dune-figure-incontournable-du-sport-lyonnais\/\" \/>\n<meta property=\"og:site_name\" content=\"News Est Lyonnais\" \/>\n<meta property=\"article:author\" content=\"https:\/\/www.facebook.com\/pascal.oberson.1?fref=ts\" \/>\n<meta property=\"article:published_time\" content=\"2018-07-01T17:37:48+00:00\" \/>\n<meta property=\"article:modified_time\" content=\"2021-09-17T08:54:36+00:00\" \/>\n<meta property=\"og:image\" content=\"https:\/\/i0.wp.com\/newsestlyonnais.fr\/site\/wp-content\/uploads\/2018\/07\/NEWSESTLYONNAIS-TONY-BERTRAND.jpg?fit=640%2C480&ssl=1\" \/>\n\t<meta property=\"og:image:width\" content=\"640\" \/>\n\t<meta property=\"og:image:height\" content=\"480\" \/>\n\t<meta property=\"og:image:type\" content=\"image\/jpeg\" \/>\n<meta name=\"author\" content=\"R\u00e9dac. NEWS\" \/>\n<meta name=\"twitter:card\" content=\"summary_large_image\" \/>\n<meta name=\"twitter:label1\" content=\"\u00c9crit par\" \/>\n\t<meta name=\"twitter:data1\" content=\"R\u00e9dac. NEWS\" \/>\n\t<meta name=\"twitter:label2\" content=\"Dur\u00e9e de lecture estim\u00e9e\" \/>\n\t<meta name=\"twitter:data2\" content=\"1 minute\" \/>\n<script type=\"application\/ld+json\" class=\"yoast-schema-graph\">{\"@context\":\"https:\/\/schema.org\",\"@graph\":[{\"@type\":\"Article\",\"@id\":\"https:\/\/newsestlyonnais.fr\/site\/2018\/07\/01\/tony-bertrand-disparition-dune-figure-incontournable-du-sport-lyonnais\/#article\",\"isPartOf\":{\"@id\":\"https:\/\/newsestlyonnais.fr\/site\/2018\/07\/01\/tony-bertrand-disparition-dune-figure-incontournable-du-sport-lyonnais\/\"},\"author\":{\"name\":\"R\u00e9dac. NEWS\",\"@id\":\"https:\/\/newsestlyonnais.fr\/site\/#\/schema\/person\/3230d5615f390bb808365d673001e887\"},\"headline\":\"TONY BERTRAND | Disparition d&rsquo;une figure incontournable du sport lyonnais\",\"datePublished\":\"2018-07-01T17:37:48+00:00\",\"dateModified\":\"2021-09-17T08:54:36+00:00\",\"mainEntityOfPage\":{\"@id\":\"https:\/\/newsestlyonnais.fr\/site\/2018\/07\/01\/tony-bertrand-disparition-dune-figure-incontournable-du-sport-lyonnais\/\"},\"wordCount\":231,\"commentCount\":0,\"publisher\":{\"@id\":\"https:\/\/newsestlyonnais.fr\/site\/#organization\"},\"image\":{\"@id\":\"https:\/\/newsestlyonnais.fr\/site\/2018\/07\/01\/tony-bertrand-disparition-dune-figure-incontournable-du-sport-lyonnais\/#primaryimage\"},\"thumbnailUrl\":\"https:\/\/newsestlyonnais.fr\/site\/wp-content\/uploads\/2018\/07\/NEWSESTLYONNAIS-TONY-BERTRAND.jpg\",\"keywords\":[\"Gilbert Lamothe\",\"HOMMAGE\",\"Tony Bertrand\",\"Yann Roubert\"],\"articleSection\":[\"Autres sports\",\"Divers Sports\",\"Ils nous ont quitt\u00e9s !\",\"Lyon\",\"Sports divers\"],\"inLanguage\":\"fr-FR\",\"potentialAction\":[{\"@type\":\"CommentAction\",\"name\":\"Comment\",\"target\":[\"https:\/\/newsestlyonnais.fr\/site\/2018\/07\/01\/tony-bertrand-disparition-dune-figure-incontournable-du-sport-lyonnais\/#respond\"]}]},{\"@type\":\"WebPage\",\"@id\":\"https:\/\/newsestlyonnais.fr\/site\/2018\/07\/01\/tony-bertrand-disparition-dune-figure-incontournable-du-sport-lyonnais\/\",\"url\":\"https:\/\/newsestlyonnais.fr\/site\/2018\/07\/01\/tony-bertrand-disparition-dune-figure-incontournable-du-sport-lyonnais\/\",\"name\":\"TONY BERTRAND : Disparition d'une figure incontournable du sport lyonnais\",\"isPartOf\":{\"@id\":\"https:\/\/newsestlyonnais.fr\/site\/#website\"},\"primaryImageOfPage\":{\"@id\":\"https:\/\/newsestlyonnais.fr\/site\/2018\/07\/01\/tony-bertrand-disparition-dune-figure-incontournable-du-sport-lyonnais\/#primaryimage\"},\"image\":{\"@id\":\"https:\/\/newsestlyonnais.fr\/site\/2018\/07\/01\/tony-bertrand-disparition-dune-figure-incontournable-du-sport-lyonnais\/#primaryimage\"},\"thumbnailUrl\":\"https:\/\/newsestlyonnais.fr\/site\/wp-content\/uploads\/2018\/07\/NEWSESTLYONNAIS-TONY-BERTRAND.jpg\",\"datePublished\":\"2018-07-01T17:37:48+00:00\",\"dateModified\":\"2021-09-17T08:54:36+00:00\",\"description\":\"TONY BERTRAND : Disparition d'une figure incontournable du sport lyonnais\",\"breadcrumb\":{\"@id\":\"https:\/\/newsestlyonnais.fr\/site\/2018\/07\/01\/tony-bertrand-disparition-dune-figure-incontournable-du-sport-lyonnais\/#breadcrumb\"},\"inLanguage\":\"fr-FR\",\"potentialAction\":[{\"@type\":\"ReadAction\",\"target\":[\"https:\/\/newsestlyonnais.fr\/site\/2018\/07\/01\/tony-bertrand-disparition-dune-figure-incontournable-du-sport-lyonnais\/\"]}]},{\"@type\":\"ImageObject\",\"inLanguage\":\"fr-FR\",\"@id\":\"https:\/\/newsestlyonnais.fr\/site\/2018\/07\/01\/tony-bertrand-disparition-dune-figure-incontournable-du-sport-lyonnais\/#primaryimage\",\"url\":\"https:\/\/newsestlyonnais.fr\/site\/wp-content\/uploads\/2018\/07\/NEWSESTLYONNAIS-TONY-BERTRAND.jpg\",\"contentUrl\":\"https:\/\/newsestlyonnais.fr\/site\/wp-content\/uploads\/2018\/07\/NEWSESTLYONNAIS-TONY-BERTRAND.jpg\",\"width\":640,\"height\":480,\"caption\":\"NEWSESTLYONNAIS TONY BERTRAND\"},{\"@type\":\"BreadcrumbList\",\"@id\":\"https:\/\/newsestlyonnais.fr\/site\/2018\/07\/01\/tony-bertrand-disparition-dune-figure-incontournable-du-sport-lyonnais\/#breadcrumb\",\"itemListElement\":[{\"@type\":\"ListItem\",\"position\":1,\"name\":\"Accueil\",\"item\":\"https:\/\/newsestlyonnais.fr\/site\/\"},{\"@type\":\"ListItem\",\"position\":2,\"name\":\"TONY BERTRAND | Disparition d&rsquo;une figure incontournable du sport lyonnais\"}]},{\"@type\":\"WebSite\",\"@id\":\"https:\/\/newsestlyonnais.fr\/site\/#website\",\"url\":\"https:\/\/newsestlyonnais.fr\/site\/\",\"name\":\"News Est Lyonnais\",\"description\":\"L&#039;actualit\u00e9 au plus pr\u00e8s\",\"publisher\":{\"@id\":\"https:\/\/newsestlyonnais.fr\/site\/#organization\"},\"potentialAction\":[{\"@type\":\"SearchAction\",\"target\":{\"@type\":\"EntryPoint\",\"urlTemplate\":\"https:\/\/newsestlyonnais.fr\/site\/?s={search_term_string}\"},\"query-input\":{\"@type\":\"PropertyValueSpecification\",\"valueRequired\":true,\"valueName\":\"search_term_string\"}}],\"inLanguage\":\"fr-FR\"},{\"@type\":\"Organization\",\"@id\":\"https:\/\/newsestlyonnais.fr\/site\/#organization\",\"name\":\"News EST LYONNAIS\",\"url\":\"https:\/\/newsestlyonnais.fr\/site\/\",\"logo\":{\"@type\":\"ImageObject\",\"inLanguage\":\"fr-FR\",\"@id\":\"https:\/\/newsestlyonnais.fr\/site\/#\/schema\/logo\/image\/\",\"url\":\"\",\"contentUrl\":\"\",\"caption\":\"News EST LYONNAIS\"},\"image\":{\"@id\":\"https:\/\/newsestlyonnais.fr\/site\/#\/schema\/logo\/image\/\"}},{\"@type\":\"Person\",\"@id\":\"https:\/\/newsestlyonnais.fr\/site\/#\/schema\/person\/3230d5615f390bb808365d673001e887\",\"name\":\"R\u00e9dac. NEWS\",\"sameAs\":[\"http:\/\/www.newsestlyonnais.fr\",\"https:\/\/www.facebook.com\/pascal.oberson.1?fref=ts\",\"https:\/\/fr.linkedin.com\/in\/pascal-oberson-b17045113\"],\"url\":\"https:\/\/newsestlyonnais.fr\/site\/author\/nel\/\"}]}<\/script>\n<!-- \/ Yoast SEO plugin. -->","yoast_head_json":{"title":"TONY BERTRAND : Disparition d'une figure incontournable du sport lyonnais","description":"TONY BERTRAND : Disparition d'une figure incontournable du sport lyonnais","robots":{"index":"index","follow":"follow","max-snippet":"max-snippet:-1","max-image-preview":"max-image-preview:large","max-video-preview":"max-video-preview:-1"},"canonical":"https:\/\/newsestlyonnais.fr\/site\/2018\/07\/01\/tony-bertrand-disparition-dune-figure-incontournable-du-sport-lyonnais\/","og_locale":"fr_FR","og_type":"article","og_title":"TONY BERTRAND : Disparition d'une figure incontournable du sport lyonnais","og_description":"TONY BERTRAND : Disparition d'une figure incontournable du sport lyonnais","og_url":"https:\/\/newsestlyonnais.fr\/site\/2018\/07\/01\/tony-bertrand-disparition-dune-figure-incontournable-du-sport-lyonnais\/","og_site_name":"News Est Lyonnais","article_author":"https:\/\/www.facebook.com\/pascal.oberson.1?fref=ts","article_published_time":"2018-07-01T17:37:48+00:00","article_modified_time":"2021-09-17T08:54:36+00:00","og_image":[{"width":640,"height":480,"url":"https:\/\/i0.wp.com\/newsestlyonnais.fr\/site\/wp-content\/uploads\/2018\/07\/NEWSESTLYONNAIS-TONY-BERTRAND.jpg?fit=640%2C480&ssl=1","type":"image\/jpeg"}],"author":"R\u00e9dac. NEWS","twitter_card":"summary_large_image","twitter_misc":{"\u00c9crit par":"R\u00e9dac. NEWS","Dur\u00e9e de lecture estim\u00e9e":"1 minute"},"schema":{"@context":"https:\/\/schema.org","@graph":[{"@type":"Article","@id":"https:\/\/newsestlyonnais.fr\/site\/2018\/07\/01\/tony-bertrand-disparition-dune-figure-incontournable-du-sport-lyonnais\/#article","isPartOf":{"@id":"https:\/\/newsestlyonnais.fr\/site\/2018\/07\/01\/tony-bertrand-disparition-dune-figure-incontournable-du-sport-lyonnais\/"},"author":{"name":"R\u00e9dac. NEWS","@id":"https:\/\/newsestlyonnais.fr\/site\/#\/schema\/person\/3230d5615f390bb808365d673001e887"},"headline":"TONY BERTRAND | Disparition d&rsquo;une figure incontournable du sport lyonnais","datePublished":"2018-07-01T17:37:48+00:00","dateModified":"2021-09-17T08:54:36+00:00","mainEntityOfPage":{"@id":"https:\/\/newsestlyonnais.fr\/site\/2018\/07\/01\/tony-bertrand-disparition-dune-figure-incontournable-du-sport-lyonnais\/"},"wordCount":231,"commentCount":0,"publisher":{"@id":"https:\/\/newsestlyonnais.fr\/site\/#organization"},"image":{"@id":"https:\/\/newsestlyonnais.fr\/site\/2018\/07\/01\/tony-bertrand-disparition-dune-figure-incontournable-du-sport-lyonnais\/#primaryimage"},"thumbnailUrl":"https:\/\/newsestlyonnais.fr\/site\/wp-content\/uploads\/2018\/07\/NEWSESTLYONNAIS-TONY-BERTRAND.jpg","keywords":["Gilbert Lamothe","HOMMAGE","Tony Bertrand","Yann Roubert"],"articleSection":["Autres sports","Divers Sports","Ils nous ont quitt\u00e9s !","Lyon","Sports divers"],"inLanguage":"fr-FR","potentialAction":[{"@type":"CommentAction","name":"Comment","target":["https:\/\/newsestlyonnais.fr\/site\/2018\/07\/01\/tony-bertrand-disparition-dune-figure-incontournable-du-sport-lyonnais\/#respond"]}]},{"@type":"WebPage","@id":"https:\/\/newsestlyonnais.fr\/site\/2018\/07\/01\/tony-bertrand-disparition-dune-figure-incontournable-du-sport-lyonnais\/","url":"https:\/\/newsestlyonnais.fr\/site\/2018\/07\/01\/tony-bertrand-disparition-dune-figure-incontournable-du-sport-lyonnais\/","name":"TONY BERTRAND : Disparition d'une figure incontournable du sport lyonnais","isPartOf":{"@id":"https:\/\/newsestlyonnais.fr\/site\/#website"},"primaryImageOfPage":{"@id":"https:\/\/newsestlyonnais.fr\/site\/2018\/07\/01\/tony-bertrand-disparition-dune-figure-incontournable-du-sport-lyonnais\/#primaryimage"},"image":{"@id":"https:\/\/newsestlyonnais.fr\/site\/2018\/07\/01\/tony-bertrand-disparition-dune-figure-incontournable-du-sport-lyonnais\/#primaryimage"},"thumbnailUrl":"https:\/\/newsestlyonnais.fr\/site\/wp-content\/uploads\/2018\/07\/NEWSESTLYONNAIS-TONY-BERTRAND.jpg","datePublished":"2018-07-01T17:37:48+00:00","dateModified":"2021-09-17T08:54:36+00:00","description":"TONY BERTRAND : Disparition d'une figure incontournable du sport lyonnais","breadcrumb":{"@id":"https:\/\/newsestlyonnais.fr\/site\/2018\/07\/01\/tony-bertrand-disparition-dune-figure-incontournable-du-sport-lyonnais\/#breadcrumb"},"inLanguage":"fr-FR","potentialAction":[{"@type":"ReadAction","target":["https:\/\/newsestlyonnais.fr\/site\/2018\/07\/01\/tony-bertrand-disparition-dune-figure-incontournable-du-sport-lyonnais\/"]}]},{"@type":"ImageObject","inLanguage":"fr-FR","@id":"https:\/\/newsestlyonnais.fr\/site\/2018\/07\/01\/tony-bertrand-disparition-dune-figure-incontournable-du-sport-lyonnais\/#primaryimage","url":"https:\/\/newsestlyonnais.fr\/site\/wp-content\/uploads\/2018\/07\/NEWSESTLYONNAIS-TONY-BERTRAND.jpg","contentUrl":"https:\/\/newsestlyonnais.fr\/site\/wp-content\/uploads\/2018\/07\/NEWSESTLYONNAIS-TONY-BERTRAND.jpg","width":640,"height":480,"caption":"NEWSESTLYONNAIS TONY BERTRAND"},{"@type":"BreadcrumbList","@id":"https:\/\/newsestlyonnais.fr\/site\/2018\/07\/01\/tony-bertrand-disparition-dune-figure-incontournable-du-sport-lyonnais\/#breadcrumb","itemListElement":[{"@type":"ListItem","position":1,"name":"Accueil","item":"https:\/\/newsestlyonnais.fr\/site\/"},{"@type":"ListItem","position":2,"name":"TONY BERTRAND | Disparition d&rsquo;une figure incontournable du sport lyonnais"}]},{"@type":"WebSite","@id":"https:\/\/newsestlyonnais.fr\/site\/#website","url":"https:\/\/newsestlyonnais.fr\/site\/","name":"News Est Lyonnais","description":"L&#039;actualit\u00e9 au plus pr\u00e8s","publisher":{"@id":"https:\/\/newsestlyonnais.fr\/site\/#organization"},"potentialAction":[{"@type":"SearchAction","target":{"@type":"EntryPoint","urlTemplate":"https:\/\/newsestlyonnais.fr\/site\/?s={search_term_string}"},"query-input":{"@type":"PropertyValueSpecification","valueRequired":true,"valueName":"search_term_string"}}],"inLanguage":"fr-FR"},{"@type":"Organization","@id":"https:\/\/newsestlyonnais.fr\/site\/#organization","name":"News EST LYONNAIS","url":"https:\/\/newsestlyonnais.fr\/site\/","logo":{"@type":"ImageObject","inLanguage":"fr-FR","@id":"https:\/\/newsestlyonnais.fr\/site\/#\/schema\/logo\/image\/","url":"","contentUrl":"","caption":"News EST LYONNAIS"},"image":{"@id":"https:\/\/newsestlyonnais.fr\/site\/#\/schema\/logo\/image\/"}},{"@type":"Person","@id":"https:\/\/newsestlyonnais.fr\/site\/#\/schema\/person\/3230d5615f390bb808365d673001e887","name":"R\u00e9dac. NEWS","sameAs":["http:\/\/www.newsestlyonnais.fr","https:\/\/www.facebook.com\/pascal.oberson.1?fref=ts","https:\/\/fr.linkedin.com\/in\/pascal-oberson-b17045113"],"url":"https:\/\/newsestlyonnais.fr\/site\/author\/nel\/"}]}},"_links":{"self":[{"href":"https:\/\/newsestlyonnais.fr\/site\/wp-json\/wp\/v2\/posts\/52734","targetHints":{"allow":["GET"]}}],"collection":[{"href":"https:\/\/newsestlyonnais.fr\/site\/wp-json\/wp\/v2\/posts"}],"about":[{"href":"https:\/\/newsestlyonnais.fr\/site\/wp-json\/wp\/v2\/types\/post"}],"author":[{"embeddable":true,"href":"https:\/\/newsestlyonnais.fr\/site\/wp-json\/wp\/v2\/users\/4"}],"replies":[{"embeddable":true,"href":"https:\/\/newsestlyonnais.fr\/site\/wp-json\/wp\/v2\/comments?post=52734"}],"version-history":[{"count":0,"href":"https:\/\/newsestlyonnais.fr\/site\/wp-json\/wp\/v2\/posts\/52734\/revisions"}],"wp:featuredmedia":[{"embeddable":true,"href":"https:\/\/newsestlyonnais.fr\/site\/wp-json\/wp\/v2\/media\/52736"}],"wp:attachment":[{"href":"https:\/\/newsestlyonnais.fr\/site\/wp-json\/wp\/v2\/media?parent=52734"}],"wp:term":[{"taxonomy":"category","embeddable":true,"href":"https:\/\/newsestlyonnais.fr\/site\/wp-json\/wp\/v2\/categories?post=52734"},{"taxonomy":"post_tag","embeddable":true,"href":"https:\/\/newsestlyonnais.fr\/site\/wp-json\/wp\/v2\/tags?post=52734"}],"curies":[{"name":"wp","href":"https:\/\/api.w.org\/{rel}","templated":true}]}}