{"id":52841,"date":"2018-07-02T16:08:02","date_gmt":"2018-07-02T15:08:02","guid":{"rendered":"http:\/\/newsestlyonnais.fr\/site\/?p=52841"},"modified":"2018-07-02T16:08:02","modified_gmt":"2018-07-02T15:08:02","slug":"transports-le-plan-daction-des-tcl-en-cas-de-fortes-chaleurs","status":"publish","type":"post","link":"https:\/\/newsestlyonnais.fr\/site\/2018\/07\/02\/transports-le-plan-daction-des-tcl-en-cas-de-fortes-chaleurs\/","title":{"rendered":"TRANSPORTS : Le plan d&rsquo;action des TCL en cas de fortes chaleurs"},"content":{"rendered":"<h4>En vue des vagues de chaleur intenses annonc\u00e9es, TCL d\u00e9ploie un plan d\u2019action pour permettre \u00e0 ses clients de se d\u00e9placer dans les meilleures conditions possibles.<\/h4>\n<p>La variation des temp\u00e9ratures ressenties d\u2019une ligne de m\u00e9tro \u00e0 l\u2019autre est directement li\u00e9e au niveau de profondeur des tunnels souterrains. \u00c0 la conception du m\u00e9tro lyonnais dans les ann\u00e9es 70 \u00e0 80, aucun syst\u00e8me de refroidissement en tant que tel n\u2019avait \u00e9t\u00e9 pr\u00e9vu. La technologie de l\u2019\u00e9poque a tout de m\u00eame permis la mise en place de groupes moto-ventilateurs permettant une ventilation avec prise d\u2019air \u00e0 l\u2019ext\u00e9rieur et rejet en bout et bas de caisse des rames. Les contr\u00f4les pr\u00e9ventifs de ces syst\u00e8mes de ventilation sont effectu\u00e9s chaque ann\u00e9e avant l\u2019\u00e9t\u00e9. M\u00eame en bon \u00e9tat de fonctionnement, ils peuvent \u00eatre per\u00e7us comme insuffisamment performants par les passagers du m\u00e9tro, <strong>c\u2019est pourquoi des mesures sont prises par les \u00e9quipes de maintenance et d\u2019exploitation<\/strong> :<\/p>\n<p>&#8211; Une partie des rames des lignes A et B est stationn\u00e9e en arri\u00e8re gare, o\u00f9 des ventilateurs ont \u00e9t\u00e9 install\u00e9s pour faire circuler l\u2019air ext\u00e9rieur pendant la nuit.<\/p>\n<p>&#8211; Les rames de la ligne D stationnent dans les ateliers du Thioley, \u00e0 une temp\u00e9rature mod\u00e9r\u00e9e.<\/p>\n<p><span style=\"text-decoration: underline\">AM\u00c9NAGEMENT DE FEN\u00caTRES \u00c0 BATTANT<\/span>:\u00a0 Dans l\u2019attente de la mise en service des premi\u00e8res rames de m\u00e9tro nouvelle g\u00e9n\u00e9ration enti\u00e8rement climatis\u00e9es d\u00e9but 2020, TCL d\u00e9ploie actuellement un projet d\u2019am\u00e9lioration de l\u2019ambiance climatique dans le r\u00e9seau m\u00e9tro. Des fen\u00eatres \u00e0 battant sont progressivement install\u00e9es dans les rames des lignes A et B, afin de diminuer la temp\u00e9rature ressentie dans le r\u00e9seau m\u00e9tro.<\/p>\n<p><span style=\"text-decoration: underline\"> CLIMATISATION DES TRAMWAYS ET BUS<\/span>: L\u2019int\u00e9gralit\u00e9 des rames de tramway est \u00e9quip\u00e9e de climatisation. 96% des bus et trolleybus sont climatis\u00e9s. En cas d\u2019extr\u00eames chaleurs, des passages suppl\u00e9mentaires au lavage sont programm\u00e9s pour \u00ab rafra\u00eechir \u00bb certains v\u00e9hicules.<\/p>\n<ul>\n<li><strong>Plus d&rsquo;infos sur : <a href=\"http:\/\/www.tcl.fr\" target=\"_blank\" rel=\"noopener\">http:\/\/www.tcl.fr<\/a><\/strong><\/li>\n<\/ul>\n","protected":false},"excerpt":{"rendered":"<p>En vue des vagues de chaleur intenses annonc\u00e9es, TCL d\u00e9ploie un plan d\u2019action pour permettre \u00e0 ses clients de se d\u00e9placer dans les meilleures conditions possibles. La variation des temp\u00e9ratures ressenties d\u2019une ligne de m\u00e9tro \u00e0 l\u2019autre est directement li\u00e9e au niveau de profondeur des tunnels souterrains. \u00c0 la conception du m\u00e9tro lyonnais dans les [&hellip;]<\/p>\n","protected":false},"author":4,"featured_media":25760,"comment_status":"open","ping_status":"open","sticky":false,"template":"","format":"standard","meta":{"footnotes":""},"categories":[30,309,13],"tags":[],"class_list":["post-52841","post","type-post","status-publish","format-standard","has-post-thumbnail","hentry","category-a-la-une","category-pratique","category-transports-circulation"],"yoast_head":"<!-- This site is optimized with the Yoast SEO plugin v27.2 - https:\/\/yoast.com\/product\/yoast-seo-wordpress\/ -->\n<title>TRANSPORTS : Le plan d&#039;action des TCL en cas de fortes chaleurs<\/title>\n<meta name=\"description\" content=\"TRANSPORTS : Le plan d&#039;action des TCL en cas de fortes chaleurs\" \/>\n<meta name=\"robots\" content=\"index, follow, max-snippet:-1, max-image-preview:large, max-video-preview:-1\" \/>\n<link rel=\"canonical\" href=\"https:\/\/newsestlyonnais.fr\/site\/2018\/07\/02\/transports-le-plan-daction-des-tcl-en-cas-de-fortes-chaleurs\/\" \/>\n<meta property=\"og:locale\" content=\"fr_FR\" \/>\n<meta property=\"og:type\" content=\"article\" \/>\n<meta property=\"og:title\" content=\"TRANSPORTS : Le plan d&#039;action des TCL en cas de fortes chaleurs\" \/>\n<meta property=\"og:description\" content=\"TRANSPORTS : Le plan d&#039;action des TCL en cas de fortes chaleurs\" \/>\n<meta property=\"og:url\" content=\"https:\/\/newsestlyonnais.fr\/site\/2018\/07\/02\/transports-le-plan-daction-des-tcl-en-cas-de-fortes-chaleurs\/\" \/>\n<meta property=\"og:site_name\" content=\"News Est Lyonnais\" \/>\n<meta property=\"article:author\" content=\"https:\/\/www.facebook.com\/pascal.oberson.1?fref=ts\" \/>\n<meta property=\"article:published_time\" content=\"2018-07-02T15:08:02+00:00\" \/>\n<meta property=\"og:image\" content=\"https:\/\/i2.wp.com\/newsestlyonnais.fr\/site\/wp-content\/uploads\/2017\/04\/NewsEstLyonnais-Flash-Info.png?fit=1000%2C750&ssl=1\" \/>\n\t<meta property=\"og:image:width\" content=\"1000\" \/>\n\t<meta property=\"og:image:height\" content=\"750\" \/>\n\t<meta property=\"og:image:type\" content=\"image\/png\" \/>\n<meta name=\"author\" content=\"R\u00e9dac. NEWS\" \/>\n<meta name=\"twitter:card\" content=\"summary_large_image\" \/>\n<meta name=\"twitter:label1\" content=\"\u00c9crit par\" \/>\n\t<meta name=\"twitter:data1\" content=\"R\u00e9dac. NEWS\" \/>\n\t<meta name=\"twitter:label2\" content=\"Dur\u00e9e de lecture estim\u00e9e\" \/>\n\t<meta name=\"twitter:data2\" content=\"2 minutes\" \/>\n<script type=\"application\/ld+json\" class=\"yoast-schema-graph\">{\"@context\":\"https:\/\/schema.org\",\"@graph\":[{\"@type\":\"Article\",\"@id\":\"https:\/\/newsestlyonnais.fr\/site\/2018\/07\/02\/transports-le-plan-daction-des-tcl-en-cas-de-fortes-chaleurs\/#article\",\"isPartOf\":{\"@id\":\"https:\/\/newsestlyonnais.fr\/site\/2018\/07\/02\/transports-le-plan-daction-des-tcl-en-cas-de-fortes-chaleurs\/\"},\"author\":{\"name\":\"R\u00e9dac. NEWS\",\"@id\":\"https:\/\/newsestlyonnais.fr\/site\/#\/schema\/person\/3230d5615f390bb808365d673001e887\"},\"headline\":\"TRANSPORTS : Le plan d&rsquo;action des TCL en cas de fortes chaleurs\",\"datePublished\":\"2018-07-02T15:08:02+00:00\",\"mainEntityOfPage\":{\"@id\":\"https:\/\/newsestlyonnais.fr\/site\/2018\/07\/02\/transports-le-plan-daction-des-tcl-en-cas-de-fortes-chaleurs\/\"},\"wordCount\":369,\"commentCount\":0,\"publisher\":{\"@id\":\"https:\/\/newsestlyonnais.fr\/site\/#organization\"},\"image\":{\"@id\":\"https:\/\/newsestlyonnais.fr\/site\/2018\/07\/02\/transports-le-plan-daction-des-tcl-en-cas-de-fortes-chaleurs\/#primaryimage\"},\"thumbnailUrl\":\"https:\/\/newsestlyonnais.fr\/site\/wp-content\/uploads\/2017\/04\/NewsEstLyonnais-Flash-Info.png\",\"articleSection\":[\"\u00e0 la une\",\"Pratique\",\"Transports | Circulation\"],\"inLanguage\":\"fr-FR\",\"potentialAction\":[{\"@type\":\"CommentAction\",\"name\":\"Comment\",\"target\":[\"https:\/\/newsestlyonnais.fr\/site\/2018\/07\/02\/transports-le-plan-daction-des-tcl-en-cas-de-fortes-chaleurs\/#respond\"]}]},{\"@type\":\"WebPage\",\"@id\":\"https:\/\/newsestlyonnais.fr\/site\/2018\/07\/02\/transports-le-plan-daction-des-tcl-en-cas-de-fortes-chaleurs\/\",\"url\":\"https:\/\/newsestlyonnais.fr\/site\/2018\/07\/02\/transports-le-plan-daction-des-tcl-en-cas-de-fortes-chaleurs\/\",\"name\":\"TRANSPORTS : Le plan d'action des TCL en cas de fortes chaleurs\",\"isPartOf\":{\"@id\":\"https:\/\/newsestlyonnais.fr\/site\/#website\"},\"primaryImageOfPage\":{\"@id\":\"https:\/\/newsestlyonnais.fr\/site\/2018\/07\/02\/transports-le-plan-daction-des-tcl-en-cas-de-fortes-chaleurs\/#primaryimage\"},\"image\":{\"@id\":\"https:\/\/newsestlyonnais.fr\/site\/2018\/07\/02\/transports-le-plan-daction-des-tcl-en-cas-de-fortes-chaleurs\/#primaryimage\"},\"thumbnailUrl\":\"https:\/\/newsestlyonnais.fr\/site\/wp-content\/uploads\/2017\/04\/NewsEstLyonnais-Flash-Info.png\",\"datePublished\":\"2018-07-02T15:08:02+00:00\",\"description\":\"TRANSPORTS : Le plan d'action des TCL en cas de fortes chaleurs\",\"breadcrumb\":{\"@id\":\"https:\/\/newsestlyonnais.fr\/site\/2018\/07\/02\/transports-le-plan-daction-des-tcl-en-cas-de-fortes-chaleurs\/#breadcrumb\"},\"inLanguage\":\"fr-FR\",\"potentialAction\":[{\"@type\":\"ReadAction\",\"target\":[\"https:\/\/newsestlyonnais.fr\/site\/2018\/07\/02\/transports-le-plan-daction-des-tcl-en-cas-de-fortes-chaleurs\/\"]}]},{\"@type\":\"ImageObject\",\"inLanguage\":\"fr-FR\",\"@id\":\"https:\/\/newsestlyonnais.fr\/site\/2018\/07\/02\/transports-le-plan-daction-des-tcl-en-cas-de-fortes-chaleurs\/#primaryimage\",\"url\":\"https:\/\/newsestlyonnais.fr\/site\/wp-content\/uploads\/2017\/04\/NewsEstLyonnais-Flash-Info.png\",\"contentUrl\":\"https:\/\/newsestlyonnais.fr\/site\/wp-content\/uploads\/2017\/04\/NewsEstLyonnais-Flash-Info.png\",\"width\":1000,\"height\":750,\"caption\":\"NewsEstLyonnais-Flash-Info\"},{\"@type\":\"BreadcrumbList\",\"@id\":\"https:\/\/newsestlyonnais.fr\/site\/2018\/07\/02\/transports-le-plan-daction-des-tcl-en-cas-de-fortes-chaleurs\/#breadcrumb\",\"itemListElement\":[{\"@type\":\"ListItem\",\"position\":1,\"name\":\"Accueil\",\"item\":\"https:\/\/newsestlyonnais.fr\/site\/\"},{\"@type\":\"ListItem\",\"position\":2,\"name\":\"TRANSPORTS : Le plan d&rsquo;action des TCL en cas de fortes chaleurs\"}]},{\"@type\":\"WebSite\",\"@id\":\"https:\/\/newsestlyonnais.fr\/site\/#website\",\"url\":\"https:\/\/newsestlyonnais.fr\/site\/\",\"name\":\"News Est Lyonnais\",\"description\":\"L&#039;actualit\u00e9 au plus pr\u00e8s\",\"publisher\":{\"@id\":\"https:\/\/newsestlyonnais.fr\/site\/#organization\"},\"potentialAction\":[{\"@type\":\"SearchAction\",\"target\":{\"@type\":\"EntryPoint\",\"urlTemplate\":\"https:\/\/newsestlyonnais.fr\/site\/?s={search_term_string}\"},\"query-input\":{\"@type\":\"PropertyValueSpecification\",\"valueRequired\":true,\"valueName\":\"search_term_string\"}}],\"inLanguage\":\"fr-FR\"},{\"@type\":\"Organization\",\"@id\":\"https:\/\/newsestlyonnais.fr\/site\/#organization\",\"name\":\"News EST LYONNAIS\",\"url\":\"https:\/\/newsestlyonnais.fr\/site\/\",\"logo\":{\"@type\":\"ImageObject\",\"inLanguage\":\"fr-FR\",\"@id\":\"https:\/\/newsestlyonnais.fr\/site\/#\/schema\/logo\/image\/\",\"url\":\"\",\"contentUrl\":\"\",\"caption\":\"News EST LYONNAIS\"},\"image\":{\"@id\":\"https:\/\/newsestlyonnais.fr\/site\/#\/schema\/logo\/image\/\"}},{\"@type\":\"Person\",\"@id\":\"https:\/\/newsestlyonnais.fr\/site\/#\/schema\/person\/3230d5615f390bb808365d673001e887\",\"name\":\"R\u00e9dac. NEWS\",\"sameAs\":[\"http:\/\/www.newsestlyonnais.fr\",\"https:\/\/www.facebook.com\/pascal.oberson.1?fref=ts\",\"https:\/\/fr.linkedin.com\/in\/pascal-oberson-b17045113\"],\"url\":\"https:\/\/newsestlyonnais.fr\/site\/author\/nel\/\"}]}<\/script>\n<!-- \/ Yoast SEO plugin. -->","yoast_head_json":{"title":"TRANSPORTS : Le plan d'action des TCL en cas de fortes chaleurs","description":"TRANSPORTS : Le plan d'action des TCL en cas de fortes chaleurs","robots":{"index":"index","follow":"follow","max-snippet":"max-snippet:-1","max-image-preview":"max-image-preview:large","max-video-preview":"max-video-preview:-1"},"canonical":"https:\/\/newsestlyonnais.fr\/site\/2018\/07\/02\/transports-le-plan-daction-des-tcl-en-cas-de-fortes-chaleurs\/","og_locale":"fr_FR","og_type":"article","og_title":"TRANSPORTS : Le plan d'action des TCL en cas de fortes chaleurs","og_description":"TRANSPORTS : Le plan d'action des TCL en cas de fortes chaleurs","og_url":"https:\/\/newsestlyonnais.fr\/site\/2018\/07\/02\/transports-le-plan-daction-des-tcl-en-cas-de-fortes-chaleurs\/","og_site_name":"News Est Lyonnais","article_author":"https:\/\/www.facebook.com\/pascal.oberson.1?fref=ts","article_published_time":"2018-07-02T15:08:02+00:00","og_image":[{"width":1000,"height":750,"url":"https:\/\/i2.wp.com\/newsestlyonnais.fr\/site\/wp-content\/uploads\/2017\/04\/NewsEstLyonnais-Flash-Info.png?fit=1000%2C750&ssl=1","type":"image\/png"}],"author":"R\u00e9dac. NEWS","twitter_card":"summary_large_image","twitter_misc":{"\u00c9crit par":"R\u00e9dac. NEWS","Dur\u00e9e de lecture estim\u00e9e":"2 minutes"},"schema":{"@context":"https:\/\/schema.org","@graph":[{"@type":"Article","@id":"https:\/\/newsestlyonnais.fr\/site\/2018\/07\/02\/transports-le-plan-daction-des-tcl-en-cas-de-fortes-chaleurs\/#article","isPartOf":{"@id":"https:\/\/newsestlyonnais.fr\/site\/2018\/07\/02\/transports-le-plan-daction-des-tcl-en-cas-de-fortes-chaleurs\/"},"author":{"name":"R\u00e9dac. NEWS","@id":"https:\/\/newsestlyonnais.fr\/site\/#\/schema\/person\/3230d5615f390bb808365d673001e887"},"headline":"TRANSPORTS : Le plan d&rsquo;action des TCL en cas de fortes chaleurs","datePublished":"2018-07-02T15:08:02+00:00","mainEntityOfPage":{"@id":"https:\/\/newsestlyonnais.fr\/site\/2018\/07\/02\/transports-le-plan-daction-des-tcl-en-cas-de-fortes-chaleurs\/"},"wordCount":369,"commentCount":0,"publisher":{"@id":"https:\/\/newsestlyonnais.fr\/site\/#organization"},"image":{"@id":"https:\/\/newsestlyonnais.fr\/site\/2018\/07\/02\/transports-le-plan-daction-des-tcl-en-cas-de-fortes-chaleurs\/#primaryimage"},"thumbnailUrl":"https:\/\/newsestlyonnais.fr\/site\/wp-content\/uploads\/2017\/04\/NewsEstLyonnais-Flash-Info.png","articleSection":["\u00e0 la une","Pratique","Transports | Circulation"],"inLanguage":"fr-FR","potentialAction":[{"@type":"CommentAction","name":"Comment","target":["https:\/\/newsestlyonnais.fr\/site\/2018\/07\/02\/transports-le-plan-daction-des-tcl-en-cas-de-fortes-chaleurs\/#respond"]}]},{"@type":"WebPage","@id":"https:\/\/newsestlyonnais.fr\/site\/2018\/07\/02\/transports-le-plan-daction-des-tcl-en-cas-de-fortes-chaleurs\/","url":"https:\/\/newsestlyonnais.fr\/site\/2018\/07\/02\/transports-le-plan-daction-des-tcl-en-cas-de-fortes-chaleurs\/","name":"TRANSPORTS : Le plan d'action des TCL en cas de fortes chaleurs","isPartOf":{"@id":"https:\/\/newsestlyonnais.fr\/site\/#website"},"primaryImageOfPage":{"@id":"https:\/\/newsestlyonnais.fr\/site\/2018\/07\/02\/transports-le-plan-daction-des-tcl-en-cas-de-fortes-chaleurs\/#primaryimage"},"image":{"@id":"https:\/\/newsestlyonnais.fr\/site\/2018\/07\/02\/transports-le-plan-daction-des-tcl-en-cas-de-fortes-chaleurs\/#primaryimage"},"thumbnailUrl":"https:\/\/newsestlyonnais.fr\/site\/wp-content\/uploads\/2017\/04\/NewsEstLyonnais-Flash-Info.png","datePublished":"2018-07-02T15:08:02+00:00","description":"TRANSPORTS : Le plan d'action des TCL en cas de fortes chaleurs","breadcrumb":{"@id":"https:\/\/newsestlyonnais.fr\/site\/2018\/07\/02\/transports-le-plan-daction-des-tcl-en-cas-de-fortes-chaleurs\/#breadcrumb"},"inLanguage":"fr-FR","potentialAction":[{"@type":"ReadAction","target":["https:\/\/newsestlyonnais.fr\/site\/2018\/07\/02\/transports-le-plan-daction-des-tcl-en-cas-de-fortes-chaleurs\/"]}]},{"@type":"ImageObject","inLanguage":"fr-FR","@id":"https:\/\/newsestlyonnais.fr\/site\/2018\/07\/02\/transports-le-plan-daction-des-tcl-en-cas-de-fortes-chaleurs\/#primaryimage","url":"https:\/\/newsestlyonnais.fr\/site\/wp-content\/uploads\/2017\/04\/NewsEstLyonnais-Flash-Info.png","contentUrl":"https:\/\/newsestlyonnais.fr\/site\/wp-content\/uploads\/2017\/04\/NewsEstLyonnais-Flash-Info.png","width":1000,"height":750,"caption":"NewsEstLyonnais-Flash-Info"},{"@type":"BreadcrumbList","@id":"https:\/\/newsestlyonnais.fr\/site\/2018\/07\/02\/transports-le-plan-daction-des-tcl-en-cas-de-fortes-chaleurs\/#breadcrumb","itemListElement":[{"@type":"ListItem","position":1,"name":"Accueil","item":"https:\/\/newsestlyonnais.fr\/site\/"},{"@type":"ListItem","position":2,"name":"TRANSPORTS : Le plan d&rsquo;action des TCL en cas de fortes chaleurs"}]},{"@type":"WebSite","@id":"https:\/\/newsestlyonnais.fr\/site\/#website","url":"https:\/\/newsestlyonnais.fr\/site\/","name":"News Est Lyonnais","description":"L&#039;actualit\u00e9 au plus pr\u00e8s","publisher":{"@id":"https:\/\/newsestlyonnais.fr\/site\/#organization"},"potentialAction":[{"@type":"SearchAction","target":{"@type":"EntryPoint","urlTemplate":"https:\/\/newsestlyonnais.fr\/site\/?s={search_term_string}"},"query-input":{"@type":"PropertyValueSpecification","valueRequired":true,"valueName":"search_term_string"}}],"inLanguage":"fr-FR"},{"@type":"Organization","@id":"https:\/\/newsestlyonnais.fr\/site\/#organization","name":"News EST LYONNAIS","url":"https:\/\/newsestlyonnais.fr\/site\/","logo":{"@type":"ImageObject","inLanguage":"fr-FR","@id":"https:\/\/newsestlyonnais.fr\/site\/#\/schema\/logo\/image\/","url":"","contentUrl":"","caption":"News EST LYONNAIS"},"image":{"@id":"https:\/\/newsestlyonnais.fr\/site\/#\/schema\/logo\/image\/"}},{"@type":"Person","@id":"https:\/\/newsestlyonnais.fr\/site\/#\/schema\/person\/3230d5615f390bb808365d673001e887","name":"R\u00e9dac. NEWS","sameAs":["http:\/\/www.newsestlyonnais.fr","https:\/\/www.facebook.com\/pascal.oberson.1?fref=ts","https:\/\/fr.linkedin.com\/in\/pascal-oberson-b17045113"],"url":"https:\/\/newsestlyonnais.fr\/site\/author\/nel\/"}]}},"_links":{"self":[{"href":"https:\/\/newsestlyonnais.fr\/site\/wp-json\/wp\/v2\/posts\/52841","targetHints":{"allow":["GET"]}}],"collection":[{"href":"https:\/\/newsestlyonnais.fr\/site\/wp-json\/wp\/v2\/posts"}],"about":[{"href":"https:\/\/newsestlyonnais.fr\/site\/wp-json\/wp\/v2\/types\/post"}],"author":[{"embeddable":true,"href":"https:\/\/newsestlyonnais.fr\/site\/wp-json\/wp\/v2\/users\/4"}],"replies":[{"embeddable":true,"href":"https:\/\/newsestlyonnais.fr\/site\/wp-json\/wp\/v2\/comments?post=52841"}],"version-history":[{"count":0,"href":"https:\/\/newsestlyonnais.fr\/site\/wp-json\/wp\/v2\/posts\/52841\/revisions"}],"wp:featuredmedia":[{"embeddable":true,"href":"https:\/\/newsestlyonnais.fr\/site\/wp-json\/wp\/v2\/media\/25760"}],"wp:attachment":[{"href":"https:\/\/newsestlyonnais.fr\/site\/wp-json\/wp\/v2\/media?parent=52841"}],"wp:term":[{"taxonomy":"category","embeddable":true,"href":"https:\/\/newsestlyonnais.fr\/site\/wp-json\/wp\/v2\/categories?post=52841"},{"taxonomy":"post_tag","embeddable":true,"href":"https:\/\/newsestlyonnais.fr\/site\/wp-json\/wp\/v2\/tags?post=52841"}],"curies":[{"name":"wp","href":"https:\/\/api.w.org\/{rel}","templated":true}]}}