{"id":53213,"date":"2018-07-06T07:23:42","date_gmt":"2018-07-06T06:23:42","guid":{"rendered":"http:\/\/newsestlyonnais.fr\/site\/?p=53213"},"modified":"2020-11-05T08:29:26","modified_gmt":"2020-11-05T07:29:26","slug":"meyzieu-lopen-de-tennis-touche-a-sa-fin","status":"publish","type":"post","link":"https:\/\/newsestlyonnais.fr\/site\/2018\/07\/06\/meyzieu-lopen-de-tennis-touche-a-sa-fin\/","title":{"rendered":"MEYZIEU | L\u2019Open de Tennis touche \u00e0 sa fin"},"content":{"rendered":"<div class=\"post_content\">\n<div class=\"post_content\">\n<div class=\"post_content\">\n<h4>Tournoi d\u00e9marr\u00e9 le samedi 9 juin dernier, l&rsquo; Open de Meyzieu Tennis entame le tableau final avant les ultimes parties pr\u00e9vues pour dimanche matin du c\u00f4t\u00e9 des courts des Servizi\u00e8res.<\/h4>\n<p>Une \u00e9dition 2018 qui aura d&rsquo;ores et d\u00e9j\u00e0 connu un fort succ\u00e8s de participation avec des fid\u00e8les de l&rsquo;\u00e9preuve pr\u00e9sents malgr\u00e9 la forte concurrence r\u00e9gionale. Marie-Isabelle Ponsson (juge-arbitre) et la quinzaine de b\u00e9n\u00e9voles du club qui ont \u00e9t\u00e9 mobilis\u00e9s ont en effet accueillis <strong>181 personnes<\/strong> : <strong>39 f\u00e9minines<\/strong> (12 en + 35 ans &amp; 27 en seniors) <strong>&amp; 142 masculins<\/strong> (53 en + 35 ans &amp; 89 en seniors). Une fin de comp\u00e9tition qui voit l&rsquo;apparition des t\u00eates d&rsquo;affiche du tournoi, notamment 2 joueurs alsaciens :<strong> Teri Groll<\/strong> (- 4\/6) &amp; <strong>Quentin Ochsenbein<\/strong> (1\/6) ainsi que le tenant du titre : Maxime Piout (TC Lyon, &#8211; 2\/6). Deux rencontres seulement \u00e9taient programm\u00e9es vendredi soir, voici les r\u00e9sultats : <span style=\"text-decoration: underline\"><strong>Tableau masculin <\/strong><\/span>:<\/p>\n<ul>\n<li><strong>Quentin Ochsenbein<\/strong> (Tennis Club Brunstatt, 1\/6) bat <a class=\"pl\">S\u00e9bastien<\/a> Gauvignon (TC St Priest, 3\/6)\u00a0 7\/5, 6\/4<\/li>\n<\/ul>\n<p><span style=\"text-decoration: underline\"><strong>Tableau masculin + 35 ans <\/strong>:<\/span><\/p>\n<ul>\n<li><strong><strong><a class=\"pl\"><b>J\u00e9r\u00f4me Dodane <\/b><\/a><\/strong><\/strong><a class=\"pl\">(AT Pusignan, 15\/1) bat S\u00e9bastien Monchamp (TC Jonage, 15\/3) \u00a0 <\/a><a class=\"pl\">6\/3, 6\/0<\/a><\/li>\n<\/ul>\n<p>Les demi-finales sont programm\u00e9es ce samedi matin \u00e0 partir de 9 h 30 : (Mazzola\/Tillier &amp; Boulay\/Bekmetova chez les dames) &amp; (Gerra\/Groll &amp; Piout\/Ochsenbein chez les messieurs). <strong>NOTA<\/strong> : toutes les finales sont pr\u00e9vues ce dimanche d\u00e8s 9 heures 30. <img loading=\"lazy\" decoding=\"async\" class=\"size-medium wp-image-48772 aligncenter\" src=\"https:\/\/newsestlyonnais.fr\/site\/medias\/2018\/05\/NEWSESTLYONNAIS-Affiche-Open-2018-212x300.jpg\" alt=\"NEWSESTLYONNAIS -Affiche Open 2018\" width=\"212\" height=\"300\" srcset=\"https:\/\/newsestlyonnais.fr\/site\/wp-content\/uploads\/2018\/05\/NEWSESTLYONNAIS-Affiche-Open-2018-212x300.jpg 212w, https:\/\/newsestlyonnais.fr\/site\/wp-content\/uploads\/2018\/05\/NEWSESTLYONNAIS-Affiche-Open-2018.jpg 424w\" sizes=\"auto, (max-width: 212px) 100vw, 212px\" \/><\/p>\n<\/div>\n<\/div>\n<\/div>\n","protected":false},"excerpt":{"rendered":"<p>Tournoi d\u00e9marr\u00e9 le samedi 9 juin dernier, l&rsquo; Open de Meyzieu Tennis entame le tableau final avant les ultimes parties pr\u00e9vues pour dimanche matin du c\u00f4t\u00e9 des courts des Servizi\u00e8res. Une \u00e9dition 2018 qui aura d&rsquo;ores et d\u00e9j\u00e0 connu un fort succ\u00e8s de participation avec des fid\u00e8les de l&rsquo;\u00e9preuve pr\u00e9sents malgr\u00e9 la forte concurrence r\u00e9gionale. [&hellip;]<\/p>\n","protected":false},"author":4,"featured_media":10856,"comment_status":"open","ping_status":"open","sticky":false,"template":"","format":"standard","meta":{"footnotes":""},"categories":[24,2992,2991],"tags":[],"class_list":["post-53213","post","type-post","status-publish","format-standard","has-post-thumbnail","hentry","category-meyzieu","category-tennis-padel","category-tennis-tennis-table-sports"],"yoast_head":"<!-- This site is optimized with the Yoast SEO plugin v27.2 - https:\/\/yoast.com\/product\/yoast-seo-wordpress\/ -->\n<title>MEYZIEU : L\u2019Open de Tennis touche \u00e0 sa fin<\/title>\n<meta name=\"description\" content=\"MEYZIEU : L\u2019Open de Tennis touche \u00e0 sa fin\" \/>\n<meta name=\"robots\" content=\"index, follow, max-snippet:-1, max-image-preview:large, max-video-preview:-1\" \/>\n<link rel=\"canonical\" href=\"https:\/\/newsestlyonnais.fr\/site\/2018\/07\/06\/meyzieu-lopen-de-tennis-touche-a-sa-fin\/\" \/>\n<meta property=\"og:locale\" content=\"fr_FR\" \/>\n<meta property=\"og:type\" content=\"article\" \/>\n<meta property=\"og:title\" content=\"MEYZIEU : L\u2019Open de Tennis touche \u00e0 sa fin\" \/>\n<meta property=\"og:description\" content=\"MEYZIEU : L\u2019Open de Tennis touche \u00e0 sa fin\" \/>\n<meta property=\"og:url\" content=\"https:\/\/newsestlyonnais.fr\/site\/2018\/07\/06\/meyzieu-lopen-de-tennis-touche-a-sa-fin\/\" \/>\n<meta property=\"og:site_name\" content=\"News Est Lyonnais\" \/>\n<meta property=\"article:author\" content=\"https:\/\/www.facebook.com\/pascal.oberson.1?fref=ts\" \/>\n<meta property=\"article:published_time\" content=\"2018-07-06T06:23:42+00:00\" \/>\n<meta property=\"article:modified_time\" content=\"2020-11-05T07:29:26+00:00\" \/>\n<meta property=\"og:image\" content=\"https:\/\/i1.wp.com\/newsestlyonnais.fr\/site\/wp-content\/uploads\/2016\/07\/NEWSESTLYONNAIS-LOGO-TENNIS.png?fit=1000%2C750&ssl=1\" \/>\n\t<meta property=\"og:image:width\" content=\"1000\" \/>\n\t<meta property=\"og:image:height\" content=\"750\" \/>\n\t<meta property=\"og:image:type\" content=\"image\/png\" \/>\n<meta name=\"author\" content=\"R\u00e9dac. NEWS\" \/>\n<meta name=\"twitter:card\" content=\"summary_large_image\" \/>\n<meta name=\"twitter:label1\" content=\"\u00c9crit par\" \/>\n\t<meta name=\"twitter:data1\" content=\"R\u00e9dac. NEWS\" \/>\n\t<meta name=\"twitter:label2\" content=\"Dur\u00e9e de lecture estim\u00e9e\" \/>\n\t<meta name=\"twitter:data2\" content=\"1 minute\" \/>\n<script type=\"application\/ld+json\" class=\"yoast-schema-graph\">{\"@context\":\"https:\/\/schema.org\",\"@graph\":[{\"@type\":\"Article\",\"@id\":\"https:\/\/newsestlyonnais.fr\/site\/2018\/07\/06\/meyzieu-lopen-de-tennis-touche-a-sa-fin\/#article\",\"isPartOf\":{\"@id\":\"https:\/\/newsestlyonnais.fr\/site\/2018\/07\/06\/meyzieu-lopen-de-tennis-touche-a-sa-fin\/\"},\"author\":{\"name\":\"R\u00e9dac. NEWS\",\"@id\":\"https:\/\/newsestlyonnais.fr\/site\/#\/schema\/person\/3230d5615f390bb808365d673001e887\"},\"headline\":\"MEYZIEU | L\u2019Open de Tennis touche \u00e0 sa fin\",\"datePublished\":\"2018-07-06T06:23:42+00:00\",\"dateModified\":\"2020-11-05T07:29:26+00:00\",\"mainEntityOfPage\":{\"@id\":\"https:\/\/newsestlyonnais.fr\/site\/2018\/07\/06\/meyzieu-lopen-de-tennis-touche-a-sa-fin\/\"},\"wordCount\":225,\"commentCount\":0,\"publisher\":{\"@id\":\"https:\/\/newsestlyonnais.fr\/site\/#organization\"},\"image\":{\"@id\":\"https:\/\/newsestlyonnais.fr\/site\/2018\/07\/06\/meyzieu-lopen-de-tennis-touche-a-sa-fin\/#primaryimage\"},\"thumbnailUrl\":\"https:\/\/newsestlyonnais.fr\/site\/wp-content\/uploads\/2016\/07\/NEWSESTLYONNAIS-LOGO-TENNIS.png\",\"articleSection\":[\"Meyzieu\",\"Tennis | Padel\",\"Tennis | Tennis de table\"],\"inLanguage\":\"fr-FR\",\"potentialAction\":[{\"@type\":\"CommentAction\",\"name\":\"Comment\",\"target\":[\"https:\/\/newsestlyonnais.fr\/site\/2018\/07\/06\/meyzieu-lopen-de-tennis-touche-a-sa-fin\/#respond\"]}]},{\"@type\":\"WebPage\",\"@id\":\"https:\/\/newsestlyonnais.fr\/site\/2018\/07\/06\/meyzieu-lopen-de-tennis-touche-a-sa-fin\/\",\"url\":\"https:\/\/newsestlyonnais.fr\/site\/2018\/07\/06\/meyzieu-lopen-de-tennis-touche-a-sa-fin\/\",\"name\":\"MEYZIEU : L\u2019Open de Tennis touche \u00e0 sa fin\",\"isPartOf\":{\"@id\":\"https:\/\/newsestlyonnais.fr\/site\/#website\"},\"primaryImageOfPage\":{\"@id\":\"https:\/\/newsestlyonnais.fr\/site\/2018\/07\/06\/meyzieu-lopen-de-tennis-touche-a-sa-fin\/#primaryimage\"},\"image\":{\"@id\":\"https:\/\/newsestlyonnais.fr\/site\/2018\/07\/06\/meyzieu-lopen-de-tennis-touche-a-sa-fin\/#primaryimage\"},\"thumbnailUrl\":\"https:\/\/newsestlyonnais.fr\/site\/wp-content\/uploads\/2016\/07\/NEWSESTLYONNAIS-LOGO-TENNIS.png\",\"datePublished\":\"2018-07-06T06:23:42+00:00\",\"dateModified\":\"2020-11-05T07:29:26+00:00\",\"description\":\"MEYZIEU : L\u2019Open de Tennis touche \u00e0 sa fin\",\"breadcrumb\":{\"@id\":\"https:\/\/newsestlyonnais.fr\/site\/2018\/07\/06\/meyzieu-lopen-de-tennis-touche-a-sa-fin\/#breadcrumb\"},\"inLanguage\":\"fr-FR\",\"potentialAction\":[{\"@type\":\"ReadAction\",\"target\":[\"https:\/\/newsestlyonnais.fr\/site\/2018\/07\/06\/meyzieu-lopen-de-tennis-touche-a-sa-fin\/\"]}]},{\"@type\":\"ImageObject\",\"inLanguage\":\"fr-FR\",\"@id\":\"https:\/\/newsestlyonnais.fr\/site\/2018\/07\/06\/meyzieu-lopen-de-tennis-touche-a-sa-fin\/#primaryimage\",\"url\":\"https:\/\/newsestlyonnais.fr\/site\/wp-content\/uploads\/2016\/07\/NEWSESTLYONNAIS-LOGO-TENNIS.png\",\"contentUrl\":\"https:\/\/newsestlyonnais.fr\/site\/wp-content\/uploads\/2016\/07\/NEWSESTLYONNAIS-LOGO-TENNIS.png\",\"width\":1000,\"height\":750,\"caption\":\"NEWSESTLYONNAIS - LOGO TENNIS\"},{\"@type\":\"BreadcrumbList\",\"@id\":\"https:\/\/newsestlyonnais.fr\/site\/2018\/07\/06\/meyzieu-lopen-de-tennis-touche-a-sa-fin\/#breadcrumb\",\"itemListElement\":[{\"@type\":\"ListItem\",\"position\":1,\"name\":\"Accueil\",\"item\":\"https:\/\/newsestlyonnais.fr\/site\/\"},{\"@type\":\"ListItem\",\"position\":2,\"name\":\"MEYZIEU | L\u2019Open de Tennis touche \u00e0 sa fin\"}]},{\"@type\":\"WebSite\",\"@id\":\"https:\/\/newsestlyonnais.fr\/site\/#website\",\"url\":\"https:\/\/newsestlyonnais.fr\/site\/\",\"name\":\"News Est Lyonnais\",\"description\":\"L&#039;actualit\u00e9 au plus pr\u00e8s\",\"publisher\":{\"@id\":\"https:\/\/newsestlyonnais.fr\/site\/#organization\"},\"potentialAction\":[{\"@type\":\"SearchAction\",\"target\":{\"@type\":\"EntryPoint\",\"urlTemplate\":\"https:\/\/newsestlyonnais.fr\/site\/?s={search_term_string}\"},\"query-input\":{\"@type\":\"PropertyValueSpecification\",\"valueRequired\":true,\"valueName\":\"search_term_string\"}}],\"inLanguage\":\"fr-FR\"},{\"@type\":\"Organization\",\"@id\":\"https:\/\/newsestlyonnais.fr\/site\/#organization\",\"name\":\"News EST LYONNAIS\",\"url\":\"https:\/\/newsestlyonnais.fr\/site\/\",\"logo\":{\"@type\":\"ImageObject\",\"inLanguage\":\"fr-FR\",\"@id\":\"https:\/\/newsestlyonnais.fr\/site\/#\/schema\/logo\/image\/\",\"url\":\"\",\"contentUrl\":\"\",\"caption\":\"News EST LYONNAIS\"},\"image\":{\"@id\":\"https:\/\/newsestlyonnais.fr\/site\/#\/schema\/logo\/image\/\"}},{\"@type\":\"Person\",\"@id\":\"https:\/\/newsestlyonnais.fr\/site\/#\/schema\/person\/3230d5615f390bb808365d673001e887\",\"name\":\"R\u00e9dac. NEWS\",\"sameAs\":[\"http:\/\/www.newsestlyonnais.fr\",\"https:\/\/www.facebook.com\/pascal.oberson.1?fref=ts\",\"https:\/\/fr.linkedin.com\/in\/pascal-oberson-b17045113\"],\"url\":\"https:\/\/newsestlyonnais.fr\/site\/author\/nel\/\"}]}<\/script>\n<!-- \/ Yoast SEO plugin. -->","yoast_head_json":{"title":"MEYZIEU : L\u2019Open de Tennis touche \u00e0 sa fin","description":"MEYZIEU : L\u2019Open de Tennis touche \u00e0 sa fin","robots":{"index":"index","follow":"follow","max-snippet":"max-snippet:-1","max-image-preview":"max-image-preview:large","max-video-preview":"max-video-preview:-1"},"canonical":"https:\/\/newsestlyonnais.fr\/site\/2018\/07\/06\/meyzieu-lopen-de-tennis-touche-a-sa-fin\/","og_locale":"fr_FR","og_type":"article","og_title":"MEYZIEU : L\u2019Open de Tennis touche \u00e0 sa fin","og_description":"MEYZIEU : L\u2019Open de Tennis touche \u00e0 sa fin","og_url":"https:\/\/newsestlyonnais.fr\/site\/2018\/07\/06\/meyzieu-lopen-de-tennis-touche-a-sa-fin\/","og_site_name":"News Est Lyonnais","article_author":"https:\/\/www.facebook.com\/pascal.oberson.1?fref=ts","article_published_time":"2018-07-06T06:23:42+00:00","article_modified_time":"2020-11-05T07:29:26+00:00","og_image":[{"width":1000,"height":750,"url":"https:\/\/i1.wp.com\/newsestlyonnais.fr\/site\/wp-content\/uploads\/2016\/07\/NEWSESTLYONNAIS-LOGO-TENNIS.png?fit=1000%2C750&ssl=1","type":"image\/png"}],"author":"R\u00e9dac. NEWS","twitter_card":"summary_large_image","twitter_misc":{"\u00c9crit par":"R\u00e9dac. NEWS","Dur\u00e9e de lecture estim\u00e9e":"1 minute"},"schema":{"@context":"https:\/\/schema.org","@graph":[{"@type":"Article","@id":"https:\/\/newsestlyonnais.fr\/site\/2018\/07\/06\/meyzieu-lopen-de-tennis-touche-a-sa-fin\/#article","isPartOf":{"@id":"https:\/\/newsestlyonnais.fr\/site\/2018\/07\/06\/meyzieu-lopen-de-tennis-touche-a-sa-fin\/"},"author":{"name":"R\u00e9dac. NEWS","@id":"https:\/\/newsestlyonnais.fr\/site\/#\/schema\/person\/3230d5615f390bb808365d673001e887"},"headline":"MEYZIEU | L\u2019Open de Tennis touche \u00e0 sa fin","datePublished":"2018-07-06T06:23:42+00:00","dateModified":"2020-11-05T07:29:26+00:00","mainEntityOfPage":{"@id":"https:\/\/newsestlyonnais.fr\/site\/2018\/07\/06\/meyzieu-lopen-de-tennis-touche-a-sa-fin\/"},"wordCount":225,"commentCount":0,"publisher":{"@id":"https:\/\/newsestlyonnais.fr\/site\/#organization"},"image":{"@id":"https:\/\/newsestlyonnais.fr\/site\/2018\/07\/06\/meyzieu-lopen-de-tennis-touche-a-sa-fin\/#primaryimage"},"thumbnailUrl":"https:\/\/newsestlyonnais.fr\/site\/wp-content\/uploads\/2016\/07\/NEWSESTLYONNAIS-LOGO-TENNIS.png","articleSection":["Meyzieu","Tennis | Padel","Tennis | Tennis de table"],"inLanguage":"fr-FR","potentialAction":[{"@type":"CommentAction","name":"Comment","target":["https:\/\/newsestlyonnais.fr\/site\/2018\/07\/06\/meyzieu-lopen-de-tennis-touche-a-sa-fin\/#respond"]}]},{"@type":"WebPage","@id":"https:\/\/newsestlyonnais.fr\/site\/2018\/07\/06\/meyzieu-lopen-de-tennis-touche-a-sa-fin\/","url":"https:\/\/newsestlyonnais.fr\/site\/2018\/07\/06\/meyzieu-lopen-de-tennis-touche-a-sa-fin\/","name":"MEYZIEU : L\u2019Open de Tennis touche \u00e0 sa fin","isPartOf":{"@id":"https:\/\/newsestlyonnais.fr\/site\/#website"},"primaryImageOfPage":{"@id":"https:\/\/newsestlyonnais.fr\/site\/2018\/07\/06\/meyzieu-lopen-de-tennis-touche-a-sa-fin\/#primaryimage"},"image":{"@id":"https:\/\/newsestlyonnais.fr\/site\/2018\/07\/06\/meyzieu-lopen-de-tennis-touche-a-sa-fin\/#primaryimage"},"thumbnailUrl":"https:\/\/newsestlyonnais.fr\/site\/wp-content\/uploads\/2016\/07\/NEWSESTLYONNAIS-LOGO-TENNIS.png","datePublished":"2018-07-06T06:23:42+00:00","dateModified":"2020-11-05T07:29:26+00:00","description":"MEYZIEU : L\u2019Open de Tennis touche \u00e0 sa fin","breadcrumb":{"@id":"https:\/\/newsestlyonnais.fr\/site\/2018\/07\/06\/meyzieu-lopen-de-tennis-touche-a-sa-fin\/#breadcrumb"},"inLanguage":"fr-FR","potentialAction":[{"@type":"ReadAction","target":["https:\/\/newsestlyonnais.fr\/site\/2018\/07\/06\/meyzieu-lopen-de-tennis-touche-a-sa-fin\/"]}]},{"@type":"ImageObject","inLanguage":"fr-FR","@id":"https:\/\/newsestlyonnais.fr\/site\/2018\/07\/06\/meyzieu-lopen-de-tennis-touche-a-sa-fin\/#primaryimage","url":"https:\/\/newsestlyonnais.fr\/site\/wp-content\/uploads\/2016\/07\/NEWSESTLYONNAIS-LOGO-TENNIS.png","contentUrl":"https:\/\/newsestlyonnais.fr\/site\/wp-content\/uploads\/2016\/07\/NEWSESTLYONNAIS-LOGO-TENNIS.png","width":1000,"height":750,"caption":"NEWSESTLYONNAIS - LOGO TENNIS"},{"@type":"BreadcrumbList","@id":"https:\/\/newsestlyonnais.fr\/site\/2018\/07\/06\/meyzieu-lopen-de-tennis-touche-a-sa-fin\/#breadcrumb","itemListElement":[{"@type":"ListItem","position":1,"name":"Accueil","item":"https:\/\/newsestlyonnais.fr\/site\/"},{"@type":"ListItem","position":2,"name":"MEYZIEU | L\u2019Open de Tennis touche \u00e0 sa fin"}]},{"@type":"WebSite","@id":"https:\/\/newsestlyonnais.fr\/site\/#website","url":"https:\/\/newsestlyonnais.fr\/site\/","name":"News Est Lyonnais","description":"L&#039;actualit\u00e9 au plus pr\u00e8s","publisher":{"@id":"https:\/\/newsestlyonnais.fr\/site\/#organization"},"potentialAction":[{"@type":"SearchAction","target":{"@type":"EntryPoint","urlTemplate":"https:\/\/newsestlyonnais.fr\/site\/?s={search_term_string}"},"query-input":{"@type":"PropertyValueSpecification","valueRequired":true,"valueName":"search_term_string"}}],"inLanguage":"fr-FR"},{"@type":"Organization","@id":"https:\/\/newsestlyonnais.fr\/site\/#organization","name":"News EST LYONNAIS","url":"https:\/\/newsestlyonnais.fr\/site\/","logo":{"@type":"ImageObject","inLanguage":"fr-FR","@id":"https:\/\/newsestlyonnais.fr\/site\/#\/schema\/logo\/image\/","url":"","contentUrl":"","caption":"News EST LYONNAIS"},"image":{"@id":"https:\/\/newsestlyonnais.fr\/site\/#\/schema\/logo\/image\/"}},{"@type":"Person","@id":"https:\/\/newsestlyonnais.fr\/site\/#\/schema\/person\/3230d5615f390bb808365d673001e887","name":"R\u00e9dac. NEWS","sameAs":["http:\/\/www.newsestlyonnais.fr","https:\/\/www.facebook.com\/pascal.oberson.1?fref=ts","https:\/\/fr.linkedin.com\/in\/pascal-oberson-b17045113"],"url":"https:\/\/newsestlyonnais.fr\/site\/author\/nel\/"}]}},"_links":{"self":[{"href":"https:\/\/newsestlyonnais.fr\/site\/wp-json\/wp\/v2\/posts\/53213","targetHints":{"allow":["GET"]}}],"collection":[{"href":"https:\/\/newsestlyonnais.fr\/site\/wp-json\/wp\/v2\/posts"}],"about":[{"href":"https:\/\/newsestlyonnais.fr\/site\/wp-json\/wp\/v2\/types\/post"}],"author":[{"embeddable":true,"href":"https:\/\/newsestlyonnais.fr\/site\/wp-json\/wp\/v2\/users\/4"}],"replies":[{"embeddable":true,"href":"https:\/\/newsestlyonnais.fr\/site\/wp-json\/wp\/v2\/comments?post=53213"}],"version-history":[{"count":0,"href":"https:\/\/newsestlyonnais.fr\/site\/wp-json\/wp\/v2\/posts\/53213\/revisions"}],"wp:featuredmedia":[{"embeddable":true,"href":"https:\/\/newsestlyonnais.fr\/site\/wp-json\/wp\/v2\/media\/10856"}],"wp:attachment":[{"href":"https:\/\/newsestlyonnais.fr\/site\/wp-json\/wp\/v2\/media?parent=53213"}],"wp:term":[{"taxonomy":"category","embeddable":true,"href":"https:\/\/newsestlyonnais.fr\/site\/wp-json\/wp\/v2\/categories?post=53213"},{"taxonomy":"post_tag","embeddable":true,"href":"https:\/\/newsestlyonnais.fr\/site\/wp-json\/wp\/v2\/tags?post=53213"}],"curies":[{"name":"wp","href":"https:\/\/api.w.org\/{rel}","templated":true}]}}