{"id":53453,"date":"2018-07-09T06:34:12","date_gmt":"2018-07-09T05:34:12","guid":{"rendered":"http:\/\/newsestlyonnais.fr\/site\/?p=53453"},"modified":"2020-11-12T06:11:57","modified_gmt":"2020-11-12T05:11:57","slug":"lyon-7-lagenda-des-manifestations-du-9-juillet-au-1-aout-2018","status":"publish","type":"post","link":"https:\/\/newsestlyonnais.fr\/site\/2018\/07\/09\/lyon-7-lagenda-des-manifestations-du-9-juillet-au-1-aout-2018\/","title":{"rendered":"LYON 7 | Les manifestations du 9 juillet au 1\u00b0 ao\u00fbt 2018"},"content":{"rendered":"<h4>Nombreux sont les \u00e9v\u00e8nements et manifestations qui se d\u00e9rouleront durant cette p\u00e9riode, sur le 7 \u00b0 arrondissement, \u00e0 savoir :<\/h4>\n<ul>\n<li><i><strong>Jusqu\u2019au 31 juillet<\/strong>\u00a0: <span style=\"text-decoration: underline\">Exposition \u00ab\u00a0Cartes postales sur le quartier de la Guilloti\u00e8re et son \u00e9volution\u00a0\u00bb<\/span>. <\/i><i>L&rsquo;exposition, \u00e0 partir de t\u00e9moignages, principalement des cartes postales anciennes, met en parall\u00e8le les photos des b\u00e2timents existants. <\/i><i>Propos\u00e9e par le Conseil de Quartier Guilloti\u00e8re. (<\/i><i>Biblioth\u00e8que de la Guilloti\u00e8re, 25 rue B\u00e9chevelin).<\/i><\/li>\n<li><i><strong>Jusqu\u2019au 2 septembre : <\/strong><span style=\"text-decoration: underline\">F\u00eatons l\u2019\u00e9t\u00e9\u00a0!<\/span> P<\/i><i>rogramme complet sur : <a href=\"https:\/\/www.lyon.fr\/sites\/lyonfr\/files\/content\/documents\/2018-06\/fetons_ete_programme2018_web_0.pdf\" target=\"_blank\" rel=\"noopener noreferrer\">https:\/\/www.lyon.fr\/sites\/lyonfr\/files\/content\/documents\/2018-06\/fetons_ete_programme2018_web_0.pdf<\/a><br \/>\n<\/i><\/li>\n<li><b>Mardi 10 juillet \u00e0 <\/b><b>18 h 30: <\/b><span style=\"text-decoration: underline\">Inauguration des lofts du 52<\/span>, par R2I. (52 rue Jaboulay).<\/li>\n<li><strong>Mercredi 11 juillet \u00e0 partir de 19 h<\/strong> : <span style=\"text-decoration: underline\">Soir\u00e9e \u00e9cran<\/span>, organis\u00e9e par l\u2019association \u00ab D\u00eetes 33 \u00bb. Repas de quartier et projection de film. (Du 31 au 35 rue Pasteur).<\/li>\n<li><strong>Vendredi 13 et samedi 14 juillet : \u00e0 partir de 21 h<\/strong> : <span style=\"text-decoration: underline\">Bal des Pompiers de la Madeleine<\/span>. (Caserne Rochat, rue de la Madeleine), <strong>\u00e0 partir de 21 h<\/strong>: <span style=\"text-decoration: underline\">Bal des Pompiers de Gerland<\/span>. (Caserne de Gerland, avenue Debourg).<\/li>\n<li><strong>Samedi 14 juillet, \u00e0 partir de 14 h<\/strong>:\u00a0<span style=\"text-decoration: underline\"> Solibarit\u00e9s fait son 14 juillet<\/span>, organis\u00e9 par l\u2019association Solibarit\u00e9s<br \/>\nConcerts et animations. (Rues Pasteur, Cavenne, et rues environnantes).<\/li>\n<li><strong>Dimanche 22 juillet de 15 h \u00e0 21 h 30<\/strong> :\u00a0 <span style=\"text-decoration: underline\">\u00ab Art Feast f\u00eate ses 10 ans \u00bb,<\/span> organis\u00e9 par l\u2019association Art Feast.<br \/>\nAnimations musicales pr\u00e9vues avec des artistes locaux. (Parc Blandan).<\/li>\n<li><strong>Mercredi 1\u00b0 ao\u00fbt de 13 h \u00e0 21 h<\/strong>: <span style=\"text-decoration: underline\">Don du sang<\/span>, organis\u00e9 par l\u2019Etablissement Fran\u00e7ais du Sang (EFS) et la Mairie du 7\u00b0. (Salle des mariages et du Conseil, Salle Villon, 1\u00b0 \u00e9tage).<\/li>\n<\/ul>\n<h4>Toute l\u2019ACTU de l\u2019arrondissement est sur : <a href=\"https:\/\/mairie7.lyon.fr\" target=\"_blank\" rel=\"noopener noreferrer\">https:\/\/mairie7.lyon.fr<\/a><\/h4>\n<p>&nbsp;<\/p>\n","protected":false},"excerpt":{"rendered":"<p>Nombreux sont les \u00e9v\u00e8nements et manifestations qui se d\u00e9rouleront durant cette p\u00e9riode, sur le 7 \u00b0 arrondissement, \u00e0 savoir : Jusqu\u2019au 31 juillet\u00a0: Exposition \u00ab\u00a0Cartes postales sur le quartier de la Guilloti\u00e8re et son \u00e9volution\u00a0\u00bb. L&rsquo;exposition, \u00e0 partir de t\u00e9moignages, principalement des cartes postales anciennes, met en parall\u00e8le les photos des b\u00e2timents existants. Propos\u00e9e par [&hellip;]<\/p>\n","protected":false},"author":4,"featured_media":8840,"comment_status":"open","ping_status":"open","sticky":false,"template":"","format":"standard","meta":{"footnotes":""},"categories":[1625],"tags":[],"class_list":["post-53453","post","type-post","status-publish","format-standard","has-post-thumbnail","hentry","category-lyon"],"yoast_head":"<!-- This site is optimized with the Yoast SEO plugin v27.2 - https:\/\/yoast.com\/product\/yoast-seo-wordpress\/ -->\n<title>LYON 7\u00b0 : L\u2019agenda des manifestations du 9 juillet au 1\u00b0 ao\u00fbt 2018<\/title>\n<meta name=\"description\" content=\"LYON 7\u00b0 : L\u2019agenda des manifestations du 9 juillet au 1\u00b0 ao\u00fbt 2018\" \/>\n<meta name=\"robots\" content=\"index, follow, max-snippet:-1, max-image-preview:large, max-video-preview:-1\" \/>\n<link rel=\"canonical\" href=\"https:\/\/newsestlyonnais.fr\/site\/2018\/07\/09\/lyon-7-lagenda-des-manifestations-du-9-juillet-au-1-aout-2018\/\" \/>\n<meta property=\"og:locale\" content=\"fr_FR\" \/>\n<meta property=\"og:type\" content=\"article\" \/>\n<meta property=\"og:title\" content=\"LYON 7\u00b0 : L\u2019agenda des manifestations du 9 juillet au 1\u00b0 ao\u00fbt 2018\" \/>\n<meta property=\"og:description\" content=\"LYON 7\u00b0 : L\u2019agenda des manifestations du 9 juillet au 1\u00b0 ao\u00fbt 2018\" \/>\n<meta property=\"og:url\" content=\"https:\/\/newsestlyonnais.fr\/site\/2018\/07\/09\/lyon-7-lagenda-des-manifestations-du-9-juillet-au-1-aout-2018\/\" \/>\n<meta property=\"og:site_name\" content=\"News Est Lyonnais\" \/>\n<meta property=\"article:author\" content=\"https:\/\/www.facebook.com\/pascal.oberson.1?fref=ts\" \/>\n<meta property=\"article:published_time\" content=\"2018-07-09T05:34:12+00:00\" \/>\n<meta property=\"article:modified_time\" content=\"2020-11-12T05:11:57+00:00\" \/>\n<meta property=\"og:image\" content=\"https:\/\/i1.wp.com\/newsestlyonnais.fr\/site\/wp-content\/uploads\/2016\/06\/NEWSESTLYONNAIS-LYON-PANNEAUP1100180.jpg?fit=1000%2C750&ssl=1\" \/>\n\t<meta property=\"og:image:width\" content=\"1000\" \/>\n\t<meta property=\"og:image:height\" content=\"750\" \/>\n\t<meta property=\"og:image:type\" content=\"image\/jpeg\" \/>\n<meta name=\"author\" content=\"R\u00e9dac. NEWS\" \/>\n<meta name=\"twitter:card\" content=\"summary_large_image\" \/>\n<meta name=\"twitter:label1\" content=\"\u00c9crit par\" \/>\n\t<meta name=\"twitter:data1\" content=\"R\u00e9dac. NEWS\" \/>\n\t<meta name=\"twitter:label2\" content=\"Dur\u00e9e de lecture estim\u00e9e\" \/>\n\t<meta name=\"twitter:data2\" content=\"1 minute\" \/>\n<script type=\"application\/ld+json\" class=\"yoast-schema-graph\">{\"@context\":\"https:\/\/schema.org\",\"@graph\":[{\"@type\":\"Article\",\"@id\":\"https:\/\/newsestlyonnais.fr\/site\/2018\/07\/09\/lyon-7-lagenda-des-manifestations-du-9-juillet-au-1-aout-2018\/#article\",\"isPartOf\":{\"@id\":\"https:\/\/newsestlyonnais.fr\/site\/2018\/07\/09\/lyon-7-lagenda-des-manifestations-du-9-juillet-au-1-aout-2018\/\"},\"author\":{\"name\":\"R\u00e9dac. NEWS\",\"@id\":\"https:\/\/newsestlyonnais.fr\/site\/#\/schema\/person\/3230d5615f390bb808365d673001e887\"},\"headline\":\"LYON 7 | Les manifestations du 9 juillet au 1\u00b0 ao\u00fbt 2018\",\"datePublished\":\"2018-07-09T05:34:12+00:00\",\"dateModified\":\"2020-11-12T05:11:57+00:00\",\"mainEntityOfPage\":{\"@id\":\"https:\/\/newsestlyonnais.fr\/site\/2018\/07\/09\/lyon-7-lagenda-des-manifestations-du-9-juillet-au-1-aout-2018\/\"},\"wordCount\":274,\"commentCount\":0,\"publisher\":{\"@id\":\"https:\/\/newsestlyonnais.fr\/site\/#organization\"},\"image\":{\"@id\":\"https:\/\/newsestlyonnais.fr\/site\/2018\/07\/09\/lyon-7-lagenda-des-manifestations-du-9-juillet-au-1-aout-2018\/#primaryimage\"},\"thumbnailUrl\":\"https:\/\/newsestlyonnais.fr\/site\/wp-content\/uploads\/2016\/06\/NEWSESTLYONNAIS-LYON-PANNEAUP1100180.jpg\",\"articleSection\":[\"Lyon\"],\"inLanguage\":\"fr-FR\",\"potentialAction\":[{\"@type\":\"CommentAction\",\"name\":\"Comment\",\"target\":[\"https:\/\/newsestlyonnais.fr\/site\/2018\/07\/09\/lyon-7-lagenda-des-manifestations-du-9-juillet-au-1-aout-2018\/#respond\"]}]},{\"@type\":\"WebPage\",\"@id\":\"https:\/\/newsestlyonnais.fr\/site\/2018\/07\/09\/lyon-7-lagenda-des-manifestations-du-9-juillet-au-1-aout-2018\/\",\"url\":\"https:\/\/newsestlyonnais.fr\/site\/2018\/07\/09\/lyon-7-lagenda-des-manifestations-du-9-juillet-au-1-aout-2018\/\",\"name\":\"LYON 7\u00b0 : L\u2019agenda des manifestations du 9 juillet au 1\u00b0 ao\u00fbt 2018\",\"isPartOf\":{\"@id\":\"https:\/\/newsestlyonnais.fr\/site\/#website\"},\"primaryImageOfPage\":{\"@id\":\"https:\/\/newsestlyonnais.fr\/site\/2018\/07\/09\/lyon-7-lagenda-des-manifestations-du-9-juillet-au-1-aout-2018\/#primaryimage\"},\"image\":{\"@id\":\"https:\/\/newsestlyonnais.fr\/site\/2018\/07\/09\/lyon-7-lagenda-des-manifestations-du-9-juillet-au-1-aout-2018\/#primaryimage\"},\"thumbnailUrl\":\"https:\/\/newsestlyonnais.fr\/site\/wp-content\/uploads\/2016\/06\/NEWSESTLYONNAIS-LYON-PANNEAUP1100180.jpg\",\"datePublished\":\"2018-07-09T05:34:12+00:00\",\"dateModified\":\"2020-11-12T05:11:57+00:00\",\"description\":\"LYON 7\u00b0 : L\u2019agenda des manifestations du 9 juillet au 1\u00b0 ao\u00fbt 2018\",\"breadcrumb\":{\"@id\":\"https:\/\/newsestlyonnais.fr\/site\/2018\/07\/09\/lyon-7-lagenda-des-manifestations-du-9-juillet-au-1-aout-2018\/#breadcrumb\"},\"inLanguage\":\"fr-FR\",\"potentialAction\":[{\"@type\":\"ReadAction\",\"target\":[\"https:\/\/newsestlyonnais.fr\/site\/2018\/07\/09\/lyon-7-lagenda-des-manifestations-du-9-juillet-au-1-aout-2018\/\"]}]},{\"@type\":\"ImageObject\",\"inLanguage\":\"fr-FR\",\"@id\":\"https:\/\/newsestlyonnais.fr\/site\/2018\/07\/09\/lyon-7-lagenda-des-manifestations-du-9-juillet-au-1-aout-2018\/#primaryimage\",\"url\":\"https:\/\/newsestlyonnais.fr\/site\/wp-content\/uploads\/2016\/06\/NEWSESTLYONNAIS-LYON-PANNEAUP1100180.jpg\",\"contentUrl\":\"https:\/\/newsestlyonnais.fr\/site\/wp-content\/uploads\/2016\/06\/NEWSESTLYONNAIS-LYON-PANNEAUP1100180.jpg\",\"width\":1000,\"height\":750,\"caption\":\"NEWSESTLYONNAIS - LYON PANNEAU\"},{\"@type\":\"BreadcrumbList\",\"@id\":\"https:\/\/newsestlyonnais.fr\/site\/2018\/07\/09\/lyon-7-lagenda-des-manifestations-du-9-juillet-au-1-aout-2018\/#breadcrumb\",\"itemListElement\":[{\"@type\":\"ListItem\",\"position\":1,\"name\":\"Accueil\",\"item\":\"https:\/\/newsestlyonnais.fr\/site\/\"},{\"@type\":\"ListItem\",\"position\":2,\"name\":\"LYON 7 | Les manifestations du 9 juillet au 1\u00b0 ao\u00fbt 2018\"}]},{\"@type\":\"WebSite\",\"@id\":\"https:\/\/newsestlyonnais.fr\/site\/#website\",\"url\":\"https:\/\/newsestlyonnais.fr\/site\/\",\"name\":\"News Est Lyonnais\",\"description\":\"L&#039;actualit\u00e9 au plus pr\u00e8s\",\"publisher\":{\"@id\":\"https:\/\/newsestlyonnais.fr\/site\/#organization\"},\"potentialAction\":[{\"@type\":\"SearchAction\",\"target\":{\"@type\":\"EntryPoint\",\"urlTemplate\":\"https:\/\/newsestlyonnais.fr\/site\/?s={search_term_string}\"},\"query-input\":{\"@type\":\"PropertyValueSpecification\",\"valueRequired\":true,\"valueName\":\"search_term_string\"}}],\"inLanguage\":\"fr-FR\"},{\"@type\":\"Organization\",\"@id\":\"https:\/\/newsestlyonnais.fr\/site\/#organization\",\"name\":\"News EST LYONNAIS\",\"url\":\"https:\/\/newsestlyonnais.fr\/site\/\",\"logo\":{\"@type\":\"ImageObject\",\"inLanguage\":\"fr-FR\",\"@id\":\"https:\/\/newsestlyonnais.fr\/site\/#\/schema\/logo\/image\/\",\"url\":\"\",\"contentUrl\":\"\",\"caption\":\"News EST LYONNAIS\"},\"image\":{\"@id\":\"https:\/\/newsestlyonnais.fr\/site\/#\/schema\/logo\/image\/\"}},{\"@type\":\"Person\",\"@id\":\"https:\/\/newsestlyonnais.fr\/site\/#\/schema\/person\/3230d5615f390bb808365d673001e887\",\"name\":\"R\u00e9dac. NEWS\",\"sameAs\":[\"http:\/\/www.newsestlyonnais.fr\",\"https:\/\/www.facebook.com\/pascal.oberson.1?fref=ts\",\"https:\/\/fr.linkedin.com\/in\/pascal-oberson-b17045113\"],\"url\":\"https:\/\/newsestlyonnais.fr\/site\/author\/nel\/\"}]}<\/script>\n<!-- \/ Yoast SEO plugin. -->","yoast_head_json":{"title":"LYON 7\u00b0 : L\u2019agenda des manifestations du 9 juillet au 1\u00b0 ao\u00fbt 2018","description":"LYON 7\u00b0 : L\u2019agenda des manifestations du 9 juillet au 1\u00b0 ao\u00fbt 2018","robots":{"index":"index","follow":"follow","max-snippet":"max-snippet:-1","max-image-preview":"max-image-preview:large","max-video-preview":"max-video-preview:-1"},"canonical":"https:\/\/newsestlyonnais.fr\/site\/2018\/07\/09\/lyon-7-lagenda-des-manifestations-du-9-juillet-au-1-aout-2018\/","og_locale":"fr_FR","og_type":"article","og_title":"LYON 7\u00b0 : L\u2019agenda des manifestations du 9 juillet au 1\u00b0 ao\u00fbt 2018","og_description":"LYON 7\u00b0 : L\u2019agenda des manifestations du 9 juillet au 1\u00b0 ao\u00fbt 2018","og_url":"https:\/\/newsestlyonnais.fr\/site\/2018\/07\/09\/lyon-7-lagenda-des-manifestations-du-9-juillet-au-1-aout-2018\/","og_site_name":"News Est Lyonnais","article_author":"https:\/\/www.facebook.com\/pascal.oberson.1?fref=ts","article_published_time":"2018-07-09T05:34:12+00:00","article_modified_time":"2020-11-12T05:11:57+00:00","og_image":[{"width":1000,"height":750,"url":"https:\/\/i1.wp.com\/newsestlyonnais.fr\/site\/wp-content\/uploads\/2016\/06\/NEWSESTLYONNAIS-LYON-PANNEAUP1100180.jpg?fit=1000%2C750&ssl=1","type":"image\/jpeg"}],"author":"R\u00e9dac. NEWS","twitter_card":"summary_large_image","twitter_misc":{"\u00c9crit par":"R\u00e9dac. NEWS","Dur\u00e9e de lecture estim\u00e9e":"1 minute"},"schema":{"@context":"https:\/\/schema.org","@graph":[{"@type":"Article","@id":"https:\/\/newsestlyonnais.fr\/site\/2018\/07\/09\/lyon-7-lagenda-des-manifestations-du-9-juillet-au-1-aout-2018\/#article","isPartOf":{"@id":"https:\/\/newsestlyonnais.fr\/site\/2018\/07\/09\/lyon-7-lagenda-des-manifestations-du-9-juillet-au-1-aout-2018\/"},"author":{"name":"R\u00e9dac. NEWS","@id":"https:\/\/newsestlyonnais.fr\/site\/#\/schema\/person\/3230d5615f390bb808365d673001e887"},"headline":"LYON 7 | Les manifestations du 9 juillet au 1\u00b0 ao\u00fbt 2018","datePublished":"2018-07-09T05:34:12+00:00","dateModified":"2020-11-12T05:11:57+00:00","mainEntityOfPage":{"@id":"https:\/\/newsestlyonnais.fr\/site\/2018\/07\/09\/lyon-7-lagenda-des-manifestations-du-9-juillet-au-1-aout-2018\/"},"wordCount":274,"commentCount":0,"publisher":{"@id":"https:\/\/newsestlyonnais.fr\/site\/#organization"},"image":{"@id":"https:\/\/newsestlyonnais.fr\/site\/2018\/07\/09\/lyon-7-lagenda-des-manifestations-du-9-juillet-au-1-aout-2018\/#primaryimage"},"thumbnailUrl":"https:\/\/newsestlyonnais.fr\/site\/wp-content\/uploads\/2016\/06\/NEWSESTLYONNAIS-LYON-PANNEAUP1100180.jpg","articleSection":["Lyon"],"inLanguage":"fr-FR","potentialAction":[{"@type":"CommentAction","name":"Comment","target":["https:\/\/newsestlyonnais.fr\/site\/2018\/07\/09\/lyon-7-lagenda-des-manifestations-du-9-juillet-au-1-aout-2018\/#respond"]}]},{"@type":"WebPage","@id":"https:\/\/newsestlyonnais.fr\/site\/2018\/07\/09\/lyon-7-lagenda-des-manifestations-du-9-juillet-au-1-aout-2018\/","url":"https:\/\/newsestlyonnais.fr\/site\/2018\/07\/09\/lyon-7-lagenda-des-manifestations-du-9-juillet-au-1-aout-2018\/","name":"LYON 7\u00b0 : L\u2019agenda des manifestations du 9 juillet au 1\u00b0 ao\u00fbt 2018","isPartOf":{"@id":"https:\/\/newsestlyonnais.fr\/site\/#website"},"primaryImageOfPage":{"@id":"https:\/\/newsestlyonnais.fr\/site\/2018\/07\/09\/lyon-7-lagenda-des-manifestations-du-9-juillet-au-1-aout-2018\/#primaryimage"},"image":{"@id":"https:\/\/newsestlyonnais.fr\/site\/2018\/07\/09\/lyon-7-lagenda-des-manifestations-du-9-juillet-au-1-aout-2018\/#primaryimage"},"thumbnailUrl":"https:\/\/newsestlyonnais.fr\/site\/wp-content\/uploads\/2016\/06\/NEWSESTLYONNAIS-LYON-PANNEAUP1100180.jpg","datePublished":"2018-07-09T05:34:12+00:00","dateModified":"2020-11-12T05:11:57+00:00","description":"LYON 7\u00b0 : L\u2019agenda des manifestations du 9 juillet au 1\u00b0 ao\u00fbt 2018","breadcrumb":{"@id":"https:\/\/newsestlyonnais.fr\/site\/2018\/07\/09\/lyon-7-lagenda-des-manifestations-du-9-juillet-au-1-aout-2018\/#breadcrumb"},"inLanguage":"fr-FR","potentialAction":[{"@type":"ReadAction","target":["https:\/\/newsestlyonnais.fr\/site\/2018\/07\/09\/lyon-7-lagenda-des-manifestations-du-9-juillet-au-1-aout-2018\/"]}]},{"@type":"ImageObject","inLanguage":"fr-FR","@id":"https:\/\/newsestlyonnais.fr\/site\/2018\/07\/09\/lyon-7-lagenda-des-manifestations-du-9-juillet-au-1-aout-2018\/#primaryimage","url":"https:\/\/newsestlyonnais.fr\/site\/wp-content\/uploads\/2016\/06\/NEWSESTLYONNAIS-LYON-PANNEAUP1100180.jpg","contentUrl":"https:\/\/newsestlyonnais.fr\/site\/wp-content\/uploads\/2016\/06\/NEWSESTLYONNAIS-LYON-PANNEAUP1100180.jpg","width":1000,"height":750,"caption":"NEWSESTLYONNAIS - LYON PANNEAU"},{"@type":"BreadcrumbList","@id":"https:\/\/newsestlyonnais.fr\/site\/2018\/07\/09\/lyon-7-lagenda-des-manifestations-du-9-juillet-au-1-aout-2018\/#breadcrumb","itemListElement":[{"@type":"ListItem","position":1,"name":"Accueil","item":"https:\/\/newsestlyonnais.fr\/site\/"},{"@type":"ListItem","position":2,"name":"LYON 7 | Les manifestations du 9 juillet au 1\u00b0 ao\u00fbt 2018"}]},{"@type":"WebSite","@id":"https:\/\/newsestlyonnais.fr\/site\/#website","url":"https:\/\/newsestlyonnais.fr\/site\/","name":"News Est Lyonnais","description":"L&#039;actualit\u00e9 au plus pr\u00e8s","publisher":{"@id":"https:\/\/newsestlyonnais.fr\/site\/#organization"},"potentialAction":[{"@type":"SearchAction","target":{"@type":"EntryPoint","urlTemplate":"https:\/\/newsestlyonnais.fr\/site\/?s={search_term_string}"},"query-input":{"@type":"PropertyValueSpecification","valueRequired":true,"valueName":"search_term_string"}}],"inLanguage":"fr-FR"},{"@type":"Organization","@id":"https:\/\/newsestlyonnais.fr\/site\/#organization","name":"News EST LYONNAIS","url":"https:\/\/newsestlyonnais.fr\/site\/","logo":{"@type":"ImageObject","inLanguage":"fr-FR","@id":"https:\/\/newsestlyonnais.fr\/site\/#\/schema\/logo\/image\/","url":"","contentUrl":"","caption":"News EST LYONNAIS"},"image":{"@id":"https:\/\/newsestlyonnais.fr\/site\/#\/schema\/logo\/image\/"}},{"@type":"Person","@id":"https:\/\/newsestlyonnais.fr\/site\/#\/schema\/person\/3230d5615f390bb808365d673001e887","name":"R\u00e9dac. NEWS","sameAs":["http:\/\/www.newsestlyonnais.fr","https:\/\/www.facebook.com\/pascal.oberson.1?fref=ts","https:\/\/fr.linkedin.com\/in\/pascal-oberson-b17045113"],"url":"https:\/\/newsestlyonnais.fr\/site\/author\/nel\/"}]}},"_links":{"self":[{"href":"https:\/\/newsestlyonnais.fr\/site\/wp-json\/wp\/v2\/posts\/53453","targetHints":{"allow":["GET"]}}],"collection":[{"href":"https:\/\/newsestlyonnais.fr\/site\/wp-json\/wp\/v2\/posts"}],"about":[{"href":"https:\/\/newsestlyonnais.fr\/site\/wp-json\/wp\/v2\/types\/post"}],"author":[{"embeddable":true,"href":"https:\/\/newsestlyonnais.fr\/site\/wp-json\/wp\/v2\/users\/4"}],"replies":[{"embeddable":true,"href":"https:\/\/newsestlyonnais.fr\/site\/wp-json\/wp\/v2\/comments?post=53453"}],"version-history":[{"count":0,"href":"https:\/\/newsestlyonnais.fr\/site\/wp-json\/wp\/v2\/posts\/53453\/revisions"}],"wp:featuredmedia":[{"embeddable":true,"href":"https:\/\/newsestlyonnais.fr\/site\/wp-json\/wp\/v2\/media\/8840"}],"wp:attachment":[{"href":"https:\/\/newsestlyonnais.fr\/site\/wp-json\/wp\/v2\/media?parent=53453"}],"wp:term":[{"taxonomy":"category","embeddable":true,"href":"https:\/\/newsestlyonnais.fr\/site\/wp-json\/wp\/v2\/categories?post=53453"},{"taxonomy":"post_tag","embeddable":true,"href":"https:\/\/newsestlyonnais.fr\/site\/wp-json\/wp\/v2\/tags?post=53453"}],"curies":[{"name":"wp","href":"https:\/\/api.w.org\/{rel}","templated":true}]}}