{"id":53660,"date":"2018-07-09T10:54:33","date_gmt":"2018-07-09T09:54:33","guid":{"rendered":"http:\/\/newsestlyonnais.fr\/site\/?p=53660"},"modified":"2020-11-09T08:00:39","modified_gmt":"2020-11-09T07:00:39","slug":"genas-modification-dhoraire-au-centre-communal-daction-sociale","status":"publish","type":"post","link":"https:\/\/newsestlyonnais.fr\/site\/2018\/07\/09\/genas-modification-dhoraire-au-centre-communal-daction-sociale\/","title":{"rendered":"GENAS | Modification d&rsquo;horaire au Centre Communal d\u2019Action Sociale"},"content":{"rendered":"<h3>Comme les autres services ouverts \u00e0 la population, le Centre Communal d\u2019Action Sociale est d\u00e9sormais ouvert chaque jeudi jusqu\u2019\u00e0 19 heures.<\/h3>\n<div><\/div>\n<div>Le Conseil municipal du 25 juin dernier ayant en effet\u00a0 approuv\u00e9 l\u2019\u00e9volution des horaires du CCAS. Cette<\/div>\n<div>ouverture dite \u00aben nocturne\u00bb le jeudi compl\u00e8te celle du Guichet Unique, du service Urbanisme, de l\u2019accueil des services techniques, et du D\u00f4me des associations, qui eux aussi re\u00e7oivent la population jusqu\u2019\u00e0 19 h ce jour-l\u00e0.<\/div>\n<div><\/div>\n<div><strong>Le CCAS accueille les Genassiens dans ses locaux du 19 rue de la R\u00e9publique :<\/strong><\/div>\n<div>&#8211; Lundi : de 8 h 45 \u00e0 12 h<\/div>\n<div>&#8211; Mardi : de 8 h 45 \u00e0 12 h et de 13 h 30 \u00e0 17 h<\/div>\n<div>&#8211; Mercredi : de 8 h 45 \u00e0 12 h 30 et de 13 h 30 \u00e0 16 h<\/div>\n<div>&#8211; Jeudi : de 8 h 45 \u00e0 12 h et de 13 h 30 \u00e0 19 h<\/div>\n<div>&#8211; Vendredi : de 8 h 45 \u00e0 12 h et de 14 h \u00e0 17 h<\/div>\n<div><\/div>\n<div><strong><span style=\"text-decoration: underline\">NOTA<\/span> : Durant toute la p\u00e9riode des travaux de la rue de la R\u00e9publique, le Centre communal d\u2019action sociale restera ouvert.<\/strong><\/div>\n<div><\/div>\n<div>&#8211; Retrouvez l&rsquo; ACTU de la commune sur :<a href=\"http:\/\/genas.fr\">http:\/\/genas.fr<\/a><\/div>\n<div><\/div>\n","protected":false},"excerpt":{"rendered":"<p>Comme les autres services ouverts \u00e0 la population, le Centre Communal d\u2019Action Sociale est d\u00e9sormais ouvert chaque jeudi jusqu\u2019\u00e0 19 heures. Le Conseil municipal du 25 juin dernier ayant en effet\u00a0 approuv\u00e9 l\u2019\u00e9volution des horaires du CCAS. Cette ouverture dite \u00aben nocturne\u00bb le jeudi compl\u00e8te celle du Guichet Unique, du service Urbanisme, de l\u2019accueil des [&hellip;]<\/p>\n","protected":false},"author":4,"featured_media":8137,"comment_status":"open","ping_status":"open","sticky":false,"template":"","format":"standard","meta":{"footnotes":""},"categories":[270,1598,309],"tags":[],"class_list":["post-53660","post","type-post","status-publish","format-standard","has-post-thumbnail","hentry","category-cte-de-communes-c-c-e-l","category-genas","category-pratique"],"yoast_head":"<!-- This site is optimized with the Yoast SEO plugin v27.2 - https:\/\/yoast.com\/product\/yoast-seo-wordpress\/ -->\n<title>GENAS : Modification d&#039;horaire au Centre Communal d\u2019Action Sociale<\/title>\n<meta name=\"description\" content=\"GENAS : Modification d&#039;horaire au Centre Communal d\u2019Action Sociale\" \/>\n<meta name=\"robots\" content=\"index, follow, max-snippet:-1, max-image-preview:large, max-video-preview:-1\" \/>\n<link rel=\"canonical\" href=\"https:\/\/newsestlyonnais.fr\/site\/2018\/07\/09\/genas-modification-dhoraire-au-centre-communal-daction-sociale\/\" \/>\n<meta property=\"og:locale\" content=\"fr_FR\" \/>\n<meta property=\"og:type\" content=\"article\" \/>\n<meta property=\"og:title\" content=\"GENAS : Modification d&#039;horaire au Centre Communal d\u2019Action Sociale\" \/>\n<meta property=\"og:description\" content=\"GENAS : Modification d&#039;horaire au Centre Communal d\u2019Action Sociale\" \/>\n<meta property=\"og:url\" content=\"https:\/\/newsestlyonnais.fr\/site\/2018\/07\/09\/genas-modification-dhoraire-au-centre-communal-daction-sociale\/\" \/>\n<meta property=\"og:site_name\" content=\"News Est Lyonnais\" \/>\n<meta property=\"article:author\" content=\"https:\/\/www.facebook.com\/pascal.oberson.1?fref=ts\" \/>\n<meta property=\"article:published_time\" content=\"2018-07-09T09:54:33+00:00\" \/>\n<meta property=\"article:modified_time\" content=\"2020-11-09T07:00:39+00:00\" \/>\n<meta property=\"og:image\" content=\"https:\/\/i0.wp.com\/newsestlyonnais.fr\/site\/wp-content\/uploads\/2016\/05\/NEWSESTLYONNAISPANNEAUGENAS-1.jpg?fit=1000%2C750&ssl=1\" \/>\n\t<meta property=\"og:image:width\" content=\"1000\" \/>\n\t<meta property=\"og:image:height\" content=\"750\" \/>\n\t<meta property=\"og:image:type\" content=\"image\/jpeg\" \/>\n<meta name=\"author\" content=\"R\u00e9dac. NEWS\" \/>\n<meta name=\"twitter:card\" content=\"summary_large_image\" \/>\n<meta name=\"twitter:label1\" content=\"\u00c9crit par\" \/>\n\t<meta name=\"twitter:data1\" content=\"R\u00e9dac. NEWS\" \/>\n\t<meta name=\"twitter:label2\" content=\"Dur\u00e9e de lecture estim\u00e9e\" \/>\n\t<meta name=\"twitter:data2\" content=\"1 minute\" \/>\n<script type=\"application\/ld+json\" class=\"yoast-schema-graph\">{\"@context\":\"https:\/\/schema.org\",\"@graph\":[{\"@type\":\"Article\",\"@id\":\"https:\/\/newsestlyonnais.fr\/site\/2018\/07\/09\/genas-modification-dhoraire-au-centre-communal-daction-sociale\/#article\",\"isPartOf\":{\"@id\":\"https:\/\/newsestlyonnais.fr\/site\/2018\/07\/09\/genas-modification-dhoraire-au-centre-communal-daction-sociale\/\"},\"author\":{\"name\":\"R\u00e9dac. NEWS\",\"@id\":\"https:\/\/newsestlyonnais.fr\/site\/#\/schema\/person\/3230d5615f390bb808365d673001e887\"},\"headline\":\"GENAS | Modification d&rsquo;horaire au Centre Communal d\u2019Action Sociale\",\"datePublished\":\"2018-07-09T09:54:33+00:00\",\"dateModified\":\"2020-11-09T07:00:39+00:00\",\"mainEntityOfPage\":{\"@id\":\"https:\/\/newsestlyonnais.fr\/site\/2018\/07\/09\/genas-modification-dhoraire-au-centre-communal-daction-sociale\/\"},\"wordCount\":175,\"commentCount\":0,\"publisher\":{\"@id\":\"https:\/\/newsestlyonnais.fr\/site\/#organization\"},\"image\":{\"@id\":\"https:\/\/newsestlyonnais.fr\/site\/2018\/07\/09\/genas-modification-dhoraire-au-centre-communal-daction-sociale\/#primaryimage\"},\"thumbnailUrl\":\"https:\/\/newsestlyonnais.fr\/site\/wp-content\/uploads\/2016\/05\/NEWSESTLYONNAISPANNEAUGENAS-1.jpg\",\"articleSection\":[\"CCEL | Communes\",\"Genas\",\"Pratique\"],\"inLanguage\":\"fr-FR\",\"potentialAction\":[{\"@type\":\"CommentAction\",\"name\":\"Comment\",\"target\":[\"https:\/\/newsestlyonnais.fr\/site\/2018\/07\/09\/genas-modification-dhoraire-au-centre-communal-daction-sociale\/#respond\"]}]},{\"@type\":\"WebPage\",\"@id\":\"https:\/\/newsestlyonnais.fr\/site\/2018\/07\/09\/genas-modification-dhoraire-au-centre-communal-daction-sociale\/\",\"url\":\"https:\/\/newsestlyonnais.fr\/site\/2018\/07\/09\/genas-modification-dhoraire-au-centre-communal-daction-sociale\/\",\"name\":\"GENAS : Modification d'horaire au Centre Communal d\u2019Action Sociale\",\"isPartOf\":{\"@id\":\"https:\/\/newsestlyonnais.fr\/site\/#website\"},\"primaryImageOfPage\":{\"@id\":\"https:\/\/newsestlyonnais.fr\/site\/2018\/07\/09\/genas-modification-dhoraire-au-centre-communal-daction-sociale\/#primaryimage\"},\"image\":{\"@id\":\"https:\/\/newsestlyonnais.fr\/site\/2018\/07\/09\/genas-modification-dhoraire-au-centre-communal-daction-sociale\/#primaryimage\"},\"thumbnailUrl\":\"https:\/\/newsestlyonnais.fr\/site\/wp-content\/uploads\/2016\/05\/NEWSESTLYONNAISPANNEAUGENAS-1.jpg\",\"datePublished\":\"2018-07-09T09:54:33+00:00\",\"dateModified\":\"2020-11-09T07:00:39+00:00\",\"description\":\"GENAS : Modification d'horaire au Centre Communal d\u2019Action Sociale\",\"breadcrumb\":{\"@id\":\"https:\/\/newsestlyonnais.fr\/site\/2018\/07\/09\/genas-modification-dhoraire-au-centre-communal-daction-sociale\/#breadcrumb\"},\"inLanguage\":\"fr-FR\",\"potentialAction\":[{\"@type\":\"ReadAction\",\"target\":[\"https:\/\/newsestlyonnais.fr\/site\/2018\/07\/09\/genas-modification-dhoraire-au-centre-communal-daction-sociale\/\"]}]},{\"@type\":\"ImageObject\",\"inLanguage\":\"fr-FR\",\"@id\":\"https:\/\/newsestlyonnais.fr\/site\/2018\/07\/09\/genas-modification-dhoraire-au-centre-communal-daction-sociale\/#primaryimage\",\"url\":\"https:\/\/newsestlyonnais.fr\/site\/wp-content\/uploads\/2016\/05\/NEWSESTLYONNAISPANNEAUGENAS-1.jpg\",\"contentUrl\":\"https:\/\/newsestlyonnais.fr\/site\/wp-content\/uploads\/2016\/05\/NEWSESTLYONNAISPANNEAUGENAS-1.jpg\",\"width\":1000,\"height\":750,\"caption\":\"NEWSESTLYONNAISPANNEAUGENAS\"},{\"@type\":\"BreadcrumbList\",\"@id\":\"https:\/\/newsestlyonnais.fr\/site\/2018\/07\/09\/genas-modification-dhoraire-au-centre-communal-daction-sociale\/#breadcrumb\",\"itemListElement\":[{\"@type\":\"ListItem\",\"position\":1,\"name\":\"Accueil\",\"item\":\"https:\/\/newsestlyonnais.fr\/site\/\"},{\"@type\":\"ListItem\",\"position\":2,\"name\":\"GENAS | Modification d&rsquo;horaire au Centre Communal d\u2019Action Sociale\"}]},{\"@type\":\"WebSite\",\"@id\":\"https:\/\/newsestlyonnais.fr\/site\/#website\",\"url\":\"https:\/\/newsestlyonnais.fr\/site\/\",\"name\":\"News Est Lyonnais\",\"description\":\"L&#039;actualit\u00e9 au plus pr\u00e8s\",\"publisher\":{\"@id\":\"https:\/\/newsestlyonnais.fr\/site\/#organization\"},\"potentialAction\":[{\"@type\":\"SearchAction\",\"target\":{\"@type\":\"EntryPoint\",\"urlTemplate\":\"https:\/\/newsestlyonnais.fr\/site\/?s={search_term_string}\"},\"query-input\":{\"@type\":\"PropertyValueSpecification\",\"valueRequired\":true,\"valueName\":\"search_term_string\"}}],\"inLanguage\":\"fr-FR\"},{\"@type\":\"Organization\",\"@id\":\"https:\/\/newsestlyonnais.fr\/site\/#organization\",\"name\":\"News EST LYONNAIS\",\"url\":\"https:\/\/newsestlyonnais.fr\/site\/\",\"logo\":{\"@type\":\"ImageObject\",\"inLanguage\":\"fr-FR\",\"@id\":\"https:\/\/newsestlyonnais.fr\/site\/#\/schema\/logo\/image\/\",\"url\":\"\",\"contentUrl\":\"\",\"caption\":\"News EST LYONNAIS\"},\"image\":{\"@id\":\"https:\/\/newsestlyonnais.fr\/site\/#\/schema\/logo\/image\/\"}},{\"@type\":\"Person\",\"@id\":\"https:\/\/newsestlyonnais.fr\/site\/#\/schema\/person\/3230d5615f390bb808365d673001e887\",\"name\":\"R\u00e9dac. NEWS\",\"sameAs\":[\"http:\/\/www.newsestlyonnais.fr\",\"https:\/\/www.facebook.com\/pascal.oberson.1?fref=ts\",\"https:\/\/fr.linkedin.com\/in\/pascal-oberson-b17045113\"],\"url\":\"https:\/\/newsestlyonnais.fr\/site\/author\/nel\/\"}]}<\/script>\n<!-- \/ Yoast SEO plugin. -->","yoast_head_json":{"title":"GENAS : Modification d'horaire au Centre Communal d\u2019Action Sociale","description":"GENAS : Modification d'horaire au Centre Communal d\u2019Action Sociale","robots":{"index":"index","follow":"follow","max-snippet":"max-snippet:-1","max-image-preview":"max-image-preview:large","max-video-preview":"max-video-preview:-1"},"canonical":"https:\/\/newsestlyonnais.fr\/site\/2018\/07\/09\/genas-modification-dhoraire-au-centre-communal-daction-sociale\/","og_locale":"fr_FR","og_type":"article","og_title":"GENAS : Modification d'horaire au Centre Communal d\u2019Action Sociale","og_description":"GENAS : Modification d'horaire au Centre Communal d\u2019Action Sociale","og_url":"https:\/\/newsestlyonnais.fr\/site\/2018\/07\/09\/genas-modification-dhoraire-au-centre-communal-daction-sociale\/","og_site_name":"News Est Lyonnais","article_author":"https:\/\/www.facebook.com\/pascal.oberson.1?fref=ts","article_published_time":"2018-07-09T09:54:33+00:00","article_modified_time":"2020-11-09T07:00:39+00:00","og_image":[{"width":1000,"height":750,"url":"https:\/\/i0.wp.com\/newsestlyonnais.fr\/site\/wp-content\/uploads\/2016\/05\/NEWSESTLYONNAISPANNEAUGENAS-1.jpg?fit=1000%2C750&ssl=1","type":"image\/jpeg"}],"author":"R\u00e9dac. NEWS","twitter_card":"summary_large_image","twitter_misc":{"\u00c9crit par":"R\u00e9dac. NEWS","Dur\u00e9e de lecture estim\u00e9e":"1 minute"},"schema":{"@context":"https:\/\/schema.org","@graph":[{"@type":"Article","@id":"https:\/\/newsestlyonnais.fr\/site\/2018\/07\/09\/genas-modification-dhoraire-au-centre-communal-daction-sociale\/#article","isPartOf":{"@id":"https:\/\/newsestlyonnais.fr\/site\/2018\/07\/09\/genas-modification-dhoraire-au-centre-communal-daction-sociale\/"},"author":{"name":"R\u00e9dac. NEWS","@id":"https:\/\/newsestlyonnais.fr\/site\/#\/schema\/person\/3230d5615f390bb808365d673001e887"},"headline":"GENAS | Modification d&rsquo;horaire au Centre Communal d\u2019Action Sociale","datePublished":"2018-07-09T09:54:33+00:00","dateModified":"2020-11-09T07:00:39+00:00","mainEntityOfPage":{"@id":"https:\/\/newsestlyonnais.fr\/site\/2018\/07\/09\/genas-modification-dhoraire-au-centre-communal-daction-sociale\/"},"wordCount":175,"commentCount":0,"publisher":{"@id":"https:\/\/newsestlyonnais.fr\/site\/#organization"},"image":{"@id":"https:\/\/newsestlyonnais.fr\/site\/2018\/07\/09\/genas-modification-dhoraire-au-centre-communal-daction-sociale\/#primaryimage"},"thumbnailUrl":"https:\/\/newsestlyonnais.fr\/site\/wp-content\/uploads\/2016\/05\/NEWSESTLYONNAISPANNEAUGENAS-1.jpg","articleSection":["CCEL | Communes","Genas","Pratique"],"inLanguage":"fr-FR","potentialAction":[{"@type":"CommentAction","name":"Comment","target":["https:\/\/newsestlyonnais.fr\/site\/2018\/07\/09\/genas-modification-dhoraire-au-centre-communal-daction-sociale\/#respond"]}]},{"@type":"WebPage","@id":"https:\/\/newsestlyonnais.fr\/site\/2018\/07\/09\/genas-modification-dhoraire-au-centre-communal-daction-sociale\/","url":"https:\/\/newsestlyonnais.fr\/site\/2018\/07\/09\/genas-modification-dhoraire-au-centre-communal-daction-sociale\/","name":"GENAS : Modification d'horaire au Centre Communal d\u2019Action Sociale","isPartOf":{"@id":"https:\/\/newsestlyonnais.fr\/site\/#website"},"primaryImageOfPage":{"@id":"https:\/\/newsestlyonnais.fr\/site\/2018\/07\/09\/genas-modification-dhoraire-au-centre-communal-daction-sociale\/#primaryimage"},"image":{"@id":"https:\/\/newsestlyonnais.fr\/site\/2018\/07\/09\/genas-modification-dhoraire-au-centre-communal-daction-sociale\/#primaryimage"},"thumbnailUrl":"https:\/\/newsestlyonnais.fr\/site\/wp-content\/uploads\/2016\/05\/NEWSESTLYONNAISPANNEAUGENAS-1.jpg","datePublished":"2018-07-09T09:54:33+00:00","dateModified":"2020-11-09T07:00:39+00:00","description":"GENAS : Modification d'horaire au Centre Communal d\u2019Action Sociale","breadcrumb":{"@id":"https:\/\/newsestlyonnais.fr\/site\/2018\/07\/09\/genas-modification-dhoraire-au-centre-communal-daction-sociale\/#breadcrumb"},"inLanguage":"fr-FR","potentialAction":[{"@type":"ReadAction","target":["https:\/\/newsestlyonnais.fr\/site\/2018\/07\/09\/genas-modification-dhoraire-au-centre-communal-daction-sociale\/"]}]},{"@type":"ImageObject","inLanguage":"fr-FR","@id":"https:\/\/newsestlyonnais.fr\/site\/2018\/07\/09\/genas-modification-dhoraire-au-centre-communal-daction-sociale\/#primaryimage","url":"https:\/\/newsestlyonnais.fr\/site\/wp-content\/uploads\/2016\/05\/NEWSESTLYONNAISPANNEAUGENAS-1.jpg","contentUrl":"https:\/\/newsestlyonnais.fr\/site\/wp-content\/uploads\/2016\/05\/NEWSESTLYONNAISPANNEAUGENAS-1.jpg","width":1000,"height":750,"caption":"NEWSESTLYONNAISPANNEAUGENAS"},{"@type":"BreadcrumbList","@id":"https:\/\/newsestlyonnais.fr\/site\/2018\/07\/09\/genas-modification-dhoraire-au-centre-communal-daction-sociale\/#breadcrumb","itemListElement":[{"@type":"ListItem","position":1,"name":"Accueil","item":"https:\/\/newsestlyonnais.fr\/site\/"},{"@type":"ListItem","position":2,"name":"GENAS | Modification d&rsquo;horaire au Centre Communal d\u2019Action Sociale"}]},{"@type":"WebSite","@id":"https:\/\/newsestlyonnais.fr\/site\/#website","url":"https:\/\/newsestlyonnais.fr\/site\/","name":"News Est Lyonnais","description":"L&#039;actualit\u00e9 au plus pr\u00e8s","publisher":{"@id":"https:\/\/newsestlyonnais.fr\/site\/#organization"},"potentialAction":[{"@type":"SearchAction","target":{"@type":"EntryPoint","urlTemplate":"https:\/\/newsestlyonnais.fr\/site\/?s={search_term_string}"},"query-input":{"@type":"PropertyValueSpecification","valueRequired":true,"valueName":"search_term_string"}}],"inLanguage":"fr-FR"},{"@type":"Organization","@id":"https:\/\/newsestlyonnais.fr\/site\/#organization","name":"News EST LYONNAIS","url":"https:\/\/newsestlyonnais.fr\/site\/","logo":{"@type":"ImageObject","inLanguage":"fr-FR","@id":"https:\/\/newsestlyonnais.fr\/site\/#\/schema\/logo\/image\/","url":"","contentUrl":"","caption":"News EST LYONNAIS"},"image":{"@id":"https:\/\/newsestlyonnais.fr\/site\/#\/schema\/logo\/image\/"}},{"@type":"Person","@id":"https:\/\/newsestlyonnais.fr\/site\/#\/schema\/person\/3230d5615f390bb808365d673001e887","name":"R\u00e9dac. NEWS","sameAs":["http:\/\/www.newsestlyonnais.fr","https:\/\/www.facebook.com\/pascal.oberson.1?fref=ts","https:\/\/fr.linkedin.com\/in\/pascal-oberson-b17045113"],"url":"https:\/\/newsestlyonnais.fr\/site\/author\/nel\/"}]}},"_links":{"self":[{"href":"https:\/\/newsestlyonnais.fr\/site\/wp-json\/wp\/v2\/posts\/53660","targetHints":{"allow":["GET"]}}],"collection":[{"href":"https:\/\/newsestlyonnais.fr\/site\/wp-json\/wp\/v2\/posts"}],"about":[{"href":"https:\/\/newsestlyonnais.fr\/site\/wp-json\/wp\/v2\/types\/post"}],"author":[{"embeddable":true,"href":"https:\/\/newsestlyonnais.fr\/site\/wp-json\/wp\/v2\/users\/4"}],"replies":[{"embeddable":true,"href":"https:\/\/newsestlyonnais.fr\/site\/wp-json\/wp\/v2\/comments?post=53660"}],"version-history":[{"count":0,"href":"https:\/\/newsestlyonnais.fr\/site\/wp-json\/wp\/v2\/posts\/53660\/revisions"}],"wp:featuredmedia":[{"embeddable":true,"href":"https:\/\/newsestlyonnais.fr\/site\/wp-json\/wp\/v2\/media\/8137"}],"wp:attachment":[{"href":"https:\/\/newsestlyonnais.fr\/site\/wp-json\/wp\/v2\/media?parent=53660"}],"wp:term":[{"taxonomy":"category","embeddable":true,"href":"https:\/\/newsestlyonnais.fr\/site\/wp-json\/wp\/v2\/categories?post=53660"},{"taxonomy":"post_tag","embeddable":true,"href":"https:\/\/newsestlyonnais.fr\/site\/wp-json\/wp\/v2\/tags?post=53660"}],"curies":[{"name":"wp","href":"https:\/\/api.w.org\/{rel}","templated":true}]}}