{"id":53688,"date":"2018-07-12T10:08:01","date_gmt":"2018-07-12T09:08:01","guid":{"rendered":"http:\/\/newsestlyonnais.fr\/site\/?p=53688"},"modified":"2020-11-17T10:55:49","modified_gmt":"2020-11-17T09:55:49","slug":"lyon-villeurbanne-sortie-du-guide-2018-2019-de-lasul","status":"publish","type":"post","link":"https:\/\/newsestlyonnais.fr\/site\/2018\/07\/12\/lyon-villeurbanne-sortie-du-guide-2018-2019-de-lasul\/","title":{"rendered":"LYON-VILLEURBANNE | Sortie du guide 2018\/2019 de l&rsquo;ASUL"},"content":{"rendered":"<h4>Tr\u00e8s attendu apr\u00e8s le beau succ\u00e8s rencontr\u00e9 lors du lancement de son tout premier num\u00e9ro, le guide 2018\/2019 de l&rsquo;Association Sportive Universitaire Lyonnaise (ASUL) vient de sortir !<\/h4>\n<p>Une belle mise en avant des nombreuses actions de cette association avec notamment cet encart pr\u00e9sentant les 15 clubs sportifs affili\u00e9s qui proposent pas moins de 25 disciplines, mais aussi les loisirs sportifs et l&rsquo;ASUL Vacances.<\/p>\n<p><strong>32 pages hautes en couleurs et \u00e0<\/strong> <strong>d\u00e9couvrir sans mod\u00e9ration sur<\/strong> : <a href=\"https:\/\/admin.sportsregions.fr\/media\/uploaded\/sites\/1455\/kcupload\/files\/Guide%20annuel%202018-2019.pdf\" target=\"_blank\" rel=\"noopener noreferrer\">https:\/\/admin.sportsregions.fr\/media\/uploaded\/sites\/1455\/kcupload\/files\/Guide%20annuel%202018-2019.pdf<\/a><\/p>\n<p>Disponible \u00e9galement au si\u00e8ge administratif (51 rue Pierre Baratin), dans divers lieux publics sur Villeurbanne et lors des vacances scolaires, sur les 2 sites d&rsquo;activit\u00e9s (Campus de la Doua &amp; Ecole Anatole France).<\/p>\n<ul>\n<li>\n<h4>Retrouvez toute l&rsquo;ACTU de l&rsquo;ASUL sur : <a href=\"https:\/\/www.asul.org\" target=\"_blank\" rel=\"noopener noreferrer\">https:\/\/www.asul.org<\/a><\/h4>\n<\/li>\n<\/ul>\n<p><img loading=\"lazy\" decoding=\"async\" class=\"size-medium wp-image-53696 aligncenter\" src=\"https:\/\/newsestlyonnais.fr\/site\/medias\/2018\/07\/NEWSESTLYONNAIS-GUIDE-ASUL-212x300.jpg\" alt=\"NEWSESTLYONNAIS GUIDE ASUL\" width=\"212\" height=\"300\" srcset=\"https:\/\/newsestlyonnais.fr\/site\/wp-content\/uploads\/2018\/07\/NEWSESTLYONNAIS-GUIDE-ASUL-212x300.jpg 212w, https:\/\/newsestlyonnais.fr\/site\/wp-content\/uploads\/2018\/07\/NEWSESTLYONNAIS-GUIDE-ASUL-768x1086.jpg 768w, https:\/\/newsestlyonnais.fr\/site\/wp-content\/uploads\/2018\/07\/NEWSESTLYONNAIS-GUIDE-ASUL-531x750.jpg 531w, https:\/\/newsestlyonnais.fr\/site\/wp-content\/uploads\/2018\/07\/NEWSESTLYONNAIS-GUIDE-ASUL-600x848.jpg 600w, https:\/\/newsestlyonnais.fr\/site\/wp-content\/uploads\/2018\/07\/NEWSESTLYONNAIS-GUIDE-ASUL.jpg 1654w\" sizes=\"auto, (max-width: 212px) 100vw, 212px\" \/><\/p>\n","protected":false},"excerpt":{"rendered":"<p>Tr\u00e8s attendu apr\u00e8s le beau succ\u00e8s rencontr\u00e9 lors du lancement de son tout premier num\u00e9ro, le guide 2018\/2019 de l&rsquo;Association Sportive Universitaire Lyonnaise (ASUL) vient de sortir ! Une belle mise en avant des nombreuses actions de cette association avec notamment cet encart pr\u00e9sentant les 15 clubs sportifs affili\u00e9s qui proposent pas moins de 25 [&hellip;]<\/p>\n","protected":false},"author":4,"featured_media":53696,"comment_status":"open","ping_status":"open","sticky":false,"template":"","format":"standard","meta":{"footnotes":""},"categories":[574,166,2983,1625,309,2,29],"tags":[],"class_list":["post-53688","post","type-post","status-publish","format-standard","has-post-thumbnail","hentry","category-autres-sports","category-divers-sports","category-litterature-bd-mags-2","category-lyon","category-pratique","category-sports","category-villeurbanne"],"yoast_head":"<!-- This site is optimized with the Yoast SEO plugin v27.2 - https:\/\/yoast.com\/product\/yoast-seo-wordpress\/ -->\n<title>LYON \/ VILLEURBANNE : Sortie du guide 2018\/2019 de l&#039;ASUL<\/title>\n<meta name=\"description\" content=\"LYON \/ VILLEURBANNE : Sortie du guide 2018\/2019 de l&#039;ASUL\" \/>\n<meta name=\"robots\" content=\"index, follow, max-snippet:-1, max-image-preview:large, max-video-preview:-1\" \/>\n<link rel=\"canonical\" href=\"https:\/\/newsestlyonnais.fr\/site\/2018\/07\/12\/lyon-villeurbanne-sortie-du-guide-2018-2019-de-lasul\/\" \/>\n<meta property=\"og:locale\" content=\"fr_FR\" \/>\n<meta property=\"og:type\" content=\"article\" \/>\n<meta property=\"og:title\" content=\"LYON \/ VILLEURBANNE : Sortie du guide 2018\/2019 de l&#039;ASUL\" \/>\n<meta property=\"og:description\" content=\"LYON \/ VILLEURBANNE : Sortie du guide 2018\/2019 de l&#039;ASUL\" \/>\n<meta property=\"og:url\" content=\"https:\/\/newsestlyonnais.fr\/site\/2018\/07\/12\/lyon-villeurbanne-sortie-du-guide-2018-2019-de-lasul\/\" \/>\n<meta property=\"og:site_name\" content=\"News Est Lyonnais\" \/>\n<meta property=\"article:author\" content=\"https:\/\/www.facebook.com\/pascal.oberson.1?fref=ts\" \/>\n<meta property=\"article:published_time\" content=\"2018-07-12T09:08:01+00:00\" \/>\n<meta property=\"article:modified_time\" content=\"2020-11-17T09:55:49+00:00\" \/>\n<meta property=\"og:image\" content=\"https:\/\/i0.wp.com\/newsestlyonnais.fr\/site\/wp-content\/uploads\/2018\/07\/NEWSESTLYONNAIS-GUIDE-ASUL.jpg?fit=1654%2C2338&ssl=1\" \/>\n\t<meta property=\"og:image:width\" content=\"1654\" \/>\n\t<meta property=\"og:image:height\" content=\"2338\" \/>\n\t<meta property=\"og:image:type\" content=\"image\/jpeg\" \/>\n<meta name=\"author\" content=\"R\u00e9dac. NEWS\" \/>\n<meta name=\"twitter:card\" content=\"summary_large_image\" \/>\n<meta name=\"twitter:label1\" content=\"\u00c9crit par\" \/>\n\t<meta name=\"twitter:data1\" content=\"R\u00e9dac. NEWS\" \/>\n\t<meta name=\"twitter:label2\" content=\"Dur\u00e9e de lecture estim\u00e9e\" \/>\n\t<meta name=\"twitter:data2\" content=\"1 minute\" \/>\n<script type=\"application\/ld+json\" class=\"yoast-schema-graph\">{\"@context\":\"https:\/\/schema.org\",\"@graph\":[{\"@type\":\"Article\",\"@id\":\"https:\/\/newsestlyonnais.fr\/site\/2018\/07\/12\/lyon-villeurbanne-sortie-du-guide-2018-2019-de-lasul\/#article\",\"isPartOf\":{\"@id\":\"https:\/\/newsestlyonnais.fr\/site\/2018\/07\/12\/lyon-villeurbanne-sortie-du-guide-2018-2019-de-lasul\/\"},\"author\":{\"name\":\"R\u00e9dac. NEWS\",\"@id\":\"https:\/\/newsestlyonnais.fr\/site\/#\/schema\/person\/3230d5615f390bb808365d673001e887\"},\"headline\":\"LYON-VILLEURBANNE | Sortie du guide 2018\/2019 de l&rsquo;ASUL\",\"datePublished\":\"2018-07-12T09:08:01+00:00\",\"dateModified\":\"2020-11-17T09:55:49+00:00\",\"mainEntityOfPage\":{\"@id\":\"https:\/\/newsestlyonnais.fr\/site\/2018\/07\/12\/lyon-villeurbanne-sortie-du-guide-2018-2019-de-lasul\/\"},\"wordCount\":145,\"commentCount\":0,\"publisher\":{\"@id\":\"https:\/\/newsestlyonnais.fr\/site\/#organization\"},\"image\":{\"@id\":\"https:\/\/newsestlyonnais.fr\/site\/2018\/07\/12\/lyon-villeurbanne-sortie-du-guide-2018-2019-de-lasul\/#primaryimage\"},\"thumbnailUrl\":\"https:\/\/newsestlyonnais.fr\/site\/wp-content\/uploads\/2018\/07\/NEWSESTLYONNAIS-GUIDE-ASUL.jpg\",\"articleSection\":[\"Autres sports\",\"Divers Sports\",\"Litt\u00e9rature | Bd | Mags\",\"Lyon\",\"Pratique\",\"Sports\",\"Villeurbanne\"],\"inLanguage\":\"fr-FR\",\"potentialAction\":[{\"@type\":\"CommentAction\",\"name\":\"Comment\",\"target\":[\"https:\/\/newsestlyonnais.fr\/site\/2018\/07\/12\/lyon-villeurbanne-sortie-du-guide-2018-2019-de-lasul\/#respond\"]}]},{\"@type\":\"WebPage\",\"@id\":\"https:\/\/newsestlyonnais.fr\/site\/2018\/07\/12\/lyon-villeurbanne-sortie-du-guide-2018-2019-de-lasul\/\",\"url\":\"https:\/\/newsestlyonnais.fr\/site\/2018\/07\/12\/lyon-villeurbanne-sortie-du-guide-2018-2019-de-lasul\/\",\"name\":\"LYON \/ VILLEURBANNE : Sortie du guide 2018\/2019 de l'ASUL\",\"isPartOf\":{\"@id\":\"https:\/\/newsestlyonnais.fr\/site\/#website\"},\"primaryImageOfPage\":{\"@id\":\"https:\/\/newsestlyonnais.fr\/site\/2018\/07\/12\/lyon-villeurbanne-sortie-du-guide-2018-2019-de-lasul\/#primaryimage\"},\"image\":{\"@id\":\"https:\/\/newsestlyonnais.fr\/site\/2018\/07\/12\/lyon-villeurbanne-sortie-du-guide-2018-2019-de-lasul\/#primaryimage\"},\"thumbnailUrl\":\"https:\/\/newsestlyonnais.fr\/site\/wp-content\/uploads\/2018\/07\/NEWSESTLYONNAIS-GUIDE-ASUL.jpg\",\"datePublished\":\"2018-07-12T09:08:01+00:00\",\"dateModified\":\"2020-11-17T09:55:49+00:00\",\"description\":\"LYON \/ VILLEURBANNE : Sortie du guide 2018\/2019 de l'ASUL\",\"breadcrumb\":{\"@id\":\"https:\/\/newsestlyonnais.fr\/site\/2018\/07\/12\/lyon-villeurbanne-sortie-du-guide-2018-2019-de-lasul\/#breadcrumb\"},\"inLanguage\":\"fr-FR\",\"potentialAction\":[{\"@type\":\"ReadAction\",\"target\":[\"https:\/\/newsestlyonnais.fr\/site\/2018\/07\/12\/lyon-villeurbanne-sortie-du-guide-2018-2019-de-lasul\/\"]}]},{\"@type\":\"ImageObject\",\"inLanguage\":\"fr-FR\",\"@id\":\"https:\/\/newsestlyonnais.fr\/site\/2018\/07\/12\/lyon-villeurbanne-sortie-du-guide-2018-2019-de-lasul\/#primaryimage\",\"url\":\"https:\/\/newsestlyonnais.fr\/site\/wp-content\/uploads\/2018\/07\/NEWSESTLYONNAIS-GUIDE-ASUL.jpg\",\"contentUrl\":\"https:\/\/newsestlyonnais.fr\/site\/wp-content\/uploads\/2018\/07\/NEWSESTLYONNAIS-GUIDE-ASUL.jpg\",\"width\":1654,\"height\":2338,\"caption\":\"NEWSESTLYONNAIS GUIDE ASUL\"},{\"@type\":\"BreadcrumbList\",\"@id\":\"https:\/\/newsestlyonnais.fr\/site\/2018\/07\/12\/lyon-villeurbanne-sortie-du-guide-2018-2019-de-lasul\/#breadcrumb\",\"itemListElement\":[{\"@type\":\"ListItem\",\"position\":1,\"name\":\"Accueil\",\"item\":\"https:\/\/newsestlyonnais.fr\/site\/\"},{\"@type\":\"ListItem\",\"position\":2,\"name\":\"LYON-VILLEURBANNE | Sortie du guide 2018\/2019 de l&rsquo;ASUL\"}]},{\"@type\":\"WebSite\",\"@id\":\"https:\/\/newsestlyonnais.fr\/site\/#website\",\"url\":\"https:\/\/newsestlyonnais.fr\/site\/\",\"name\":\"News Est Lyonnais\",\"description\":\"L&#039;actualit\u00e9 au plus pr\u00e8s\",\"publisher\":{\"@id\":\"https:\/\/newsestlyonnais.fr\/site\/#organization\"},\"potentialAction\":[{\"@type\":\"SearchAction\",\"target\":{\"@type\":\"EntryPoint\",\"urlTemplate\":\"https:\/\/newsestlyonnais.fr\/site\/?s={search_term_string}\"},\"query-input\":{\"@type\":\"PropertyValueSpecification\",\"valueRequired\":true,\"valueName\":\"search_term_string\"}}],\"inLanguage\":\"fr-FR\"},{\"@type\":\"Organization\",\"@id\":\"https:\/\/newsestlyonnais.fr\/site\/#organization\",\"name\":\"News EST LYONNAIS\",\"url\":\"https:\/\/newsestlyonnais.fr\/site\/\",\"logo\":{\"@type\":\"ImageObject\",\"inLanguage\":\"fr-FR\",\"@id\":\"https:\/\/newsestlyonnais.fr\/site\/#\/schema\/logo\/image\/\",\"url\":\"\",\"contentUrl\":\"\",\"caption\":\"News EST LYONNAIS\"},\"image\":{\"@id\":\"https:\/\/newsestlyonnais.fr\/site\/#\/schema\/logo\/image\/\"}},{\"@type\":\"Person\",\"@id\":\"https:\/\/newsestlyonnais.fr\/site\/#\/schema\/person\/3230d5615f390bb808365d673001e887\",\"name\":\"R\u00e9dac. NEWS\",\"sameAs\":[\"http:\/\/www.newsestlyonnais.fr\",\"https:\/\/www.facebook.com\/pascal.oberson.1?fref=ts\",\"https:\/\/fr.linkedin.com\/in\/pascal-oberson-b17045113\"],\"url\":\"https:\/\/newsestlyonnais.fr\/site\/author\/nel\/\"}]}<\/script>\n<!-- \/ Yoast SEO plugin. -->","yoast_head_json":{"title":"LYON \/ VILLEURBANNE : Sortie du guide 2018\/2019 de l'ASUL","description":"LYON \/ VILLEURBANNE : Sortie du guide 2018\/2019 de l'ASUL","robots":{"index":"index","follow":"follow","max-snippet":"max-snippet:-1","max-image-preview":"max-image-preview:large","max-video-preview":"max-video-preview:-1"},"canonical":"https:\/\/newsestlyonnais.fr\/site\/2018\/07\/12\/lyon-villeurbanne-sortie-du-guide-2018-2019-de-lasul\/","og_locale":"fr_FR","og_type":"article","og_title":"LYON \/ VILLEURBANNE : Sortie du guide 2018\/2019 de l'ASUL","og_description":"LYON \/ VILLEURBANNE : Sortie du guide 2018\/2019 de l'ASUL","og_url":"https:\/\/newsestlyonnais.fr\/site\/2018\/07\/12\/lyon-villeurbanne-sortie-du-guide-2018-2019-de-lasul\/","og_site_name":"News Est Lyonnais","article_author":"https:\/\/www.facebook.com\/pascal.oberson.1?fref=ts","article_published_time":"2018-07-12T09:08:01+00:00","article_modified_time":"2020-11-17T09:55:49+00:00","og_image":[{"width":1654,"height":2338,"url":"https:\/\/i0.wp.com\/newsestlyonnais.fr\/site\/wp-content\/uploads\/2018\/07\/NEWSESTLYONNAIS-GUIDE-ASUL.jpg?fit=1654%2C2338&ssl=1","type":"image\/jpeg"}],"author":"R\u00e9dac. NEWS","twitter_card":"summary_large_image","twitter_misc":{"\u00c9crit par":"R\u00e9dac. NEWS","Dur\u00e9e de lecture estim\u00e9e":"1 minute"},"schema":{"@context":"https:\/\/schema.org","@graph":[{"@type":"Article","@id":"https:\/\/newsestlyonnais.fr\/site\/2018\/07\/12\/lyon-villeurbanne-sortie-du-guide-2018-2019-de-lasul\/#article","isPartOf":{"@id":"https:\/\/newsestlyonnais.fr\/site\/2018\/07\/12\/lyon-villeurbanne-sortie-du-guide-2018-2019-de-lasul\/"},"author":{"name":"R\u00e9dac. NEWS","@id":"https:\/\/newsestlyonnais.fr\/site\/#\/schema\/person\/3230d5615f390bb808365d673001e887"},"headline":"LYON-VILLEURBANNE | Sortie du guide 2018\/2019 de l&rsquo;ASUL","datePublished":"2018-07-12T09:08:01+00:00","dateModified":"2020-11-17T09:55:49+00:00","mainEntityOfPage":{"@id":"https:\/\/newsestlyonnais.fr\/site\/2018\/07\/12\/lyon-villeurbanne-sortie-du-guide-2018-2019-de-lasul\/"},"wordCount":145,"commentCount":0,"publisher":{"@id":"https:\/\/newsestlyonnais.fr\/site\/#organization"},"image":{"@id":"https:\/\/newsestlyonnais.fr\/site\/2018\/07\/12\/lyon-villeurbanne-sortie-du-guide-2018-2019-de-lasul\/#primaryimage"},"thumbnailUrl":"https:\/\/newsestlyonnais.fr\/site\/wp-content\/uploads\/2018\/07\/NEWSESTLYONNAIS-GUIDE-ASUL.jpg","articleSection":["Autres sports","Divers Sports","Litt\u00e9rature | Bd | Mags","Lyon","Pratique","Sports","Villeurbanne"],"inLanguage":"fr-FR","potentialAction":[{"@type":"CommentAction","name":"Comment","target":["https:\/\/newsestlyonnais.fr\/site\/2018\/07\/12\/lyon-villeurbanne-sortie-du-guide-2018-2019-de-lasul\/#respond"]}]},{"@type":"WebPage","@id":"https:\/\/newsestlyonnais.fr\/site\/2018\/07\/12\/lyon-villeurbanne-sortie-du-guide-2018-2019-de-lasul\/","url":"https:\/\/newsestlyonnais.fr\/site\/2018\/07\/12\/lyon-villeurbanne-sortie-du-guide-2018-2019-de-lasul\/","name":"LYON \/ VILLEURBANNE : Sortie du guide 2018\/2019 de l'ASUL","isPartOf":{"@id":"https:\/\/newsestlyonnais.fr\/site\/#website"},"primaryImageOfPage":{"@id":"https:\/\/newsestlyonnais.fr\/site\/2018\/07\/12\/lyon-villeurbanne-sortie-du-guide-2018-2019-de-lasul\/#primaryimage"},"image":{"@id":"https:\/\/newsestlyonnais.fr\/site\/2018\/07\/12\/lyon-villeurbanne-sortie-du-guide-2018-2019-de-lasul\/#primaryimage"},"thumbnailUrl":"https:\/\/newsestlyonnais.fr\/site\/wp-content\/uploads\/2018\/07\/NEWSESTLYONNAIS-GUIDE-ASUL.jpg","datePublished":"2018-07-12T09:08:01+00:00","dateModified":"2020-11-17T09:55:49+00:00","description":"LYON \/ VILLEURBANNE : Sortie du guide 2018\/2019 de l'ASUL","breadcrumb":{"@id":"https:\/\/newsestlyonnais.fr\/site\/2018\/07\/12\/lyon-villeurbanne-sortie-du-guide-2018-2019-de-lasul\/#breadcrumb"},"inLanguage":"fr-FR","potentialAction":[{"@type":"ReadAction","target":["https:\/\/newsestlyonnais.fr\/site\/2018\/07\/12\/lyon-villeurbanne-sortie-du-guide-2018-2019-de-lasul\/"]}]},{"@type":"ImageObject","inLanguage":"fr-FR","@id":"https:\/\/newsestlyonnais.fr\/site\/2018\/07\/12\/lyon-villeurbanne-sortie-du-guide-2018-2019-de-lasul\/#primaryimage","url":"https:\/\/newsestlyonnais.fr\/site\/wp-content\/uploads\/2018\/07\/NEWSESTLYONNAIS-GUIDE-ASUL.jpg","contentUrl":"https:\/\/newsestlyonnais.fr\/site\/wp-content\/uploads\/2018\/07\/NEWSESTLYONNAIS-GUIDE-ASUL.jpg","width":1654,"height":2338,"caption":"NEWSESTLYONNAIS GUIDE ASUL"},{"@type":"BreadcrumbList","@id":"https:\/\/newsestlyonnais.fr\/site\/2018\/07\/12\/lyon-villeurbanne-sortie-du-guide-2018-2019-de-lasul\/#breadcrumb","itemListElement":[{"@type":"ListItem","position":1,"name":"Accueil","item":"https:\/\/newsestlyonnais.fr\/site\/"},{"@type":"ListItem","position":2,"name":"LYON-VILLEURBANNE | Sortie du guide 2018\/2019 de l&rsquo;ASUL"}]},{"@type":"WebSite","@id":"https:\/\/newsestlyonnais.fr\/site\/#website","url":"https:\/\/newsestlyonnais.fr\/site\/","name":"News Est Lyonnais","description":"L&#039;actualit\u00e9 au plus pr\u00e8s","publisher":{"@id":"https:\/\/newsestlyonnais.fr\/site\/#organization"},"potentialAction":[{"@type":"SearchAction","target":{"@type":"EntryPoint","urlTemplate":"https:\/\/newsestlyonnais.fr\/site\/?s={search_term_string}"},"query-input":{"@type":"PropertyValueSpecification","valueRequired":true,"valueName":"search_term_string"}}],"inLanguage":"fr-FR"},{"@type":"Organization","@id":"https:\/\/newsestlyonnais.fr\/site\/#organization","name":"News EST LYONNAIS","url":"https:\/\/newsestlyonnais.fr\/site\/","logo":{"@type":"ImageObject","inLanguage":"fr-FR","@id":"https:\/\/newsestlyonnais.fr\/site\/#\/schema\/logo\/image\/","url":"","contentUrl":"","caption":"News EST LYONNAIS"},"image":{"@id":"https:\/\/newsestlyonnais.fr\/site\/#\/schema\/logo\/image\/"}},{"@type":"Person","@id":"https:\/\/newsestlyonnais.fr\/site\/#\/schema\/person\/3230d5615f390bb808365d673001e887","name":"R\u00e9dac. NEWS","sameAs":["http:\/\/www.newsestlyonnais.fr","https:\/\/www.facebook.com\/pascal.oberson.1?fref=ts","https:\/\/fr.linkedin.com\/in\/pascal-oberson-b17045113"],"url":"https:\/\/newsestlyonnais.fr\/site\/author\/nel\/"}]}},"_links":{"self":[{"href":"https:\/\/newsestlyonnais.fr\/site\/wp-json\/wp\/v2\/posts\/53688","targetHints":{"allow":["GET"]}}],"collection":[{"href":"https:\/\/newsestlyonnais.fr\/site\/wp-json\/wp\/v2\/posts"}],"about":[{"href":"https:\/\/newsestlyonnais.fr\/site\/wp-json\/wp\/v2\/types\/post"}],"author":[{"embeddable":true,"href":"https:\/\/newsestlyonnais.fr\/site\/wp-json\/wp\/v2\/users\/4"}],"replies":[{"embeddable":true,"href":"https:\/\/newsestlyonnais.fr\/site\/wp-json\/wp\/v2\/comments?post=53688"}],"version-history":[{"count":0,"href":"https:\/\/newsestlyonnais.fr\/site\/wp-json\/wp\/v2\/posts\/53688\/revisions"}],"wp:featuredmedia":[{"embeddable":true,"href":"https:\/\/newsestlyonnais.fr\/site\/wp-json\/wp\/v2\/media\/53696"}],"wp:attachment":[{"href":"https:\/\/newsestlyonnais.fr\/site\/wp-json\/wp\/v2\/media?parent=53688"}],"wp:term":[{"taxonomy":"category","embeddable":true,"href":"https:\/\/newsestlyonnais.fr\/site\/wp-json\/wp\/v2\/categories?post=53688"},{"taxonomy":"post_tag","embeddable":true,"href":"https:\/\/newsestlyonnais.fr\/site\/wp-json\/wp\/v2\/tags?post=53688"}],"curies":[{"name":"wp","href":"https:\/\/api.w.org\/{rel}","templated":true}]}}