{"id":53938,"date":"2018-07-15T05:17:37","date_gmt":"2018-07-15T04:17:37","guid":{"rendered":"http:\/\/newsestlyonnais.fr\/site\/?p=53938"},"modified":"2020-11-06T06:41:20","modified_gmt":"2020-11-06T05:41:20","slug":"decines-les-resultats-de-la-journee-de-dimanche-a-lopen-de-tennis-5","status":"publish","type":"post","link":"https:\/\/newsestlyonnais.fr\/site\/2018\/07\/15\/decines-les-resultats-de-la-journee-de-dimanche-a-lopen-de-tennis-5\/","title":{"rendered":"DECINES | Les r\u00e9sultats de la journ\u00e9e de dimanche \u00e0 l\u2019Open de Tennis"},"content":{"rendered":"<div class=\"post_content\">\n<div class=\"post_content\">\n<div class=\"post_content\">\n<div class=\"post_content\">\n<div class=\"post_content\">\n<div class=\"post_content\">\n<div class=\"post_content\">\n<div class=\"post_content\">\n<div class=\"post_content\">\n<h4>Dans le cadre d\u2019un partenariat mis en place avec le Tennis Club D\u00e9cines, retrouvez AU QUOTIDIEN les r\u00e9sultats de cet OPEN qui s\u2019ach\u00e8vera samedi prochain.<\/h4>\n<p>Quatre rencontres se sont d\u00e9roul\u00e9es durant la matin\u00e9e de dimanche, voici les r\u00e9sultats des matchs :<\/p>\n<\/div>\n<\/div>\n<\/div>\n<\/div>\n<\/div>\n<\/div>\n<\/div>\n<div class=\"post_content\">\n<div class=\"post_content\">\n<div class=\"post_content\">\n<div class=\"post_content\">\n<div class=\"post_content\">\n<div class=\"post_content\">\n<div class=\"post_content\">\n<p><span style=\"text-decoration: underline\"><strong>Seniors Messieurs <\/strong><\/span>:<\/p>\n<ul>\n<li><b><a class=\"pl\">Vincent<\/a> Valtier <\/b>(ASUL Tennis, 5\/6) bat <a class=\"pl\">Micha\u00ebl<\/a><a class=\"pl\"> Buisson (Ozon Tennis, 15\/1) \u00a0 \u00a0 6\/0, 1\/0, puis abandon.<\/a><\/li>\n<li><a class=\"pl\"><b>Nicolas<\/b><\/a> <strong>Champavere<\/strong> (TC D\u00e9cines, 4\/6) bat Sabi Roi (TC Miribel, 5\/6)\u00a0 \u00a0 5\/7, 6\/0, 6\/3<\/li>\n<\/ul>\n<p><span style=\"text-decoration: underline\"><strong>Seniors Messieurs<\/strong> 45 ans +<\/span> :<\/p>\n<ul>\n<li><a class=\"pl\"><b>Miguel<\/b><\/a> <strong>Valcarcel<\/strong> (TC St Priest, 15\/5) bat <a class=\"pl\">Maurice<\/a> Belforte (TC D\u00e9cines, 15\/4) \u00a0 \u00a0 6\/0, 5\/7, 6\/4<\/li>\n<li><a class=\"pl\"><b>Nicolas<\/b><\/a> <strong>Menon<\/strong> (TC D\u00e9cines, 15\/5) bat <a class=\"pl\">Nosrallah Salmi (TC St Priest, 15\/4) \u00a0 \u00a0\u00a0 6\/0,6\/2<\/a><\/li>\n<\/ul>\n<\/div>\n<\/div>\n<\/div>\n<\/div>\n<\/div>\n<\/div>\n<\/div>\n<\/div>\n<div class=\"post_content\">\n<div><\/div>\n<div class=\"post_content\">\n<div class=\"post_content\">\n<div class=\"post_content\">\n<div class=\"post_content\">\n<div class=\"post_content\">\n<div class=\"post_content\">\n<div class=\"post_content\"><strong>NOTA<\/strong>:\u00a0 Sept rencontres sont d\u2019autre part programm\u00e9es dans la soir\u00e9e de lundi.<\/div>\n<\/div>\n<\/div>\n<\/div>\n<\/div>\n<\/div>\n<\/div>\n<\/div>\n<\/div>\n","protected":false},"excerpt":{"rendered":"<p>Dans le cadre d\u2019un partenariat mis en place avec le Tennis Club D\u00e9cines, retrouvez AU QUOTIDIEN les r\u00e9sultats de cet OPEN qui s\u2019ach\u00e8vera samedi prochain. Quatre rencontres se sont d\u00e9roul\u00e9es durant la matin\u00e9e de dimanche, voici les r\u00e9sultats des matchs : Seniors Messieurs : Vincent Valtier (ASUL Tennis, 5\/6) bat Micha\u00ebl Buisson (Ozon Tennis, 15\/1) [&hellip;]<\/p>\n","protected":false},"author":4,"featured_media":51160,"comment_status":"open","ping_status":"open","sticky":false,"template":"","format":"standard","meta":{"footnotes":""},"categories":[21,2992,2991],"tags":[],"class_list":["post-53938","post","type-post","status-publish","format-standard","has-post-thumbnail","hentry","category-decines-charpieu","category-tennis-padel","category-tennis-tennis-table-sports"],"yoast_head":"<!-- This site is optimized with the Yoast SEO plugin v27.2 - https:\/\/yoast.com\/product\/yoast-seo-wordpress\/ -->\n<title>DECINES : Les r\u00e9sultats de la journ\u00e9e de dimanche \u00e0 l\u2019Open de Tennis<\/title>\n<meta name=\"description\" content=\"DECINES : Les r\u00e9sultats de la journ\u00e9e de dimanche \u00e0 l\u2019Open de Tennis\" \/>\n<meta name=\"robots\" content=\"index, follow, max-snippet:-1, max-image-preview:large, max-video-preview:-1\" \/>\n<link rel=\"canonical\" href=\"https:\/\/newsestlyonnais.fr\/site\/2018\/07\/15\/decines-les-resultats-de-la-journee-de-dimanche-a-lopen-de-tennis-5\/\" \/>\n<meta property=\"og:locale\" content=\"fr_FR\" \/>\n<meta property=\"og:type\" content=\"article\" \/>\n<meta property=\"og:title\" content=\"DECINES : Les r\u00e9sultats de la journ\u00e9e de dimanche \u00e0 l\u2019Open de Tennis\" \/>\n<meta property=\"og:description\" content=\"DECINES : Les r\u00e9sultats de la journ\u00e9e de dimanche \u00e0 l\u2019Open de Tennis\" \/>\n<meta property=\"og:url\" content=\"https:\/\/newsestlyonnais.fr\/site\/2018\/07\/15\/decines-les-resultats-de-la-journee-de-dimanche-a-lopen-de-tennis-5\/\" \/>\n<meta property=\"og:site_name\" content=\"News Est Lyonnais\" \/>\n<meta property=\"article:author\" content=\"https:\/\/www.facebook.com\/pascal.oberson.1?fref=ts\" \/>\n<meta property=\"article:published_time\" content=\"2018-07-15T04:17:37+00:00\" \/>\n<meta property=\"article:modified_time\" content=\"2020-11-06T05:41:20+00:00\" \/>\n<meta property=\"og:image\" content=\"https:\/\/i2.wp.com\/newsestlyonnais.fr\/site\/wp-content\/uploads\/2018\/05\/NEWSESTLYONNAIS-OPEN-TENNIS-DECINES.jpg?fit=318%2C447&ssl=1\" \/>\n\t<meta property=\"og:image:width\" content=\"318\" \/>\n\t<meta property=\"og:image:height\" content=\"447\" \/>\n\t<meta property=\"og:image:type\" content=\"image\/jpeg\" \/>\n<meta name=\"author\" content=\"R\u00e9dac. NEWS\" \/>\n<meta name=\"twitter:card\" content=\"summary_large_image\" \/>\n<meta name=\"twitter:label1\" content=\"\u00c9crit par\" \/>\n\t<meta name=\"twitter:data1\" content=\"R\u00e9dac. NEWS\" \/>\n\t<meta name=\"twitter:label2\" content=\"Dur\u00e9e de lecture estim\u00e9e\" \/>\n\t<meta name=\"twitter:data2\" content=\"1 minute\" \/>\n<script type=\"application\/ld+json\" class=\"yoast-schema-graph\">{\"@context\":\"https:\/\/schema.org\",\"@graph\":[{\"@type\":\"Article\",\"@id\":\"https:\/\/newsestlyonnais.fr\/site\/2018\/07\/15\/decines-les-resultats-de-la-journee-de-dimanche-a-lopen-de-tennis-5\/#article\",\"isPartOf\":{\"@id\":\"https:\/\/newsestlyonnais.fr\/site\/2018\/07\/15\/decines-les-resultats-de-la-journee-de-dimanche-a-lopen-de-tennis-5\/\"},\"author\":{\"name\":\"R\u00e9dac. NEWS\",\"@id\":\"https:\/\/newsestlyonnais.fr\/site\/#\/schema\/person\/3230d5615f390bb808365d673001e887\"},\"headline\":\"DECINES | Les r\u00e9sultats de la journ\u00e9e de dimanche \u00e0 l\u2019Open de Tennis\",\"datePublished\":\"2018-07-15T04:17:37+00:00\",\"dateModified\":\"2020-11-06T05:41:20+00:00\",\"mainEntityOfPage\":{\"@id\":\"https:\/\/newsestlyonnais.fr\/site\/2018\/07\/15\/decines-les-resultats-de-la-journee-de-dimanche-a-lopen-de-tennis-5\/\"},\"wordCount\":127,\"commentCount\":0,\"publisher\":{\"@id\":\"https:\/\/newsestlyonnais.fr\/site\/#organization\"},\"image\":{\"@id\":\"https:\/\/newsestlyonnais.fr\/site\/2018\/07\/15\/decines-les-resultats-de-la-journee-de-dimanche-a-lopen-de-tennis-5\/#primaryimage\"},\"thumbnailUrl\":\"https:\/\/newsestlyonnais.fr\/site\/wp-content\/uploads\/2018\/05\/NEWSESTLYONNAIS-OPEN-TENNIS-DECINES.jpg\",\"articleSection\":[\"D\u00e9cines-Charpieu\",\"Tennis | Padel\",\"Tennis | Tennis de table\"],\"inLanguage\":\"fr-FR\",\"potentialAction\":[{\"@type\":\"CommentAction\",\"name\":\"Comment\",\"target\":[\"https:\/\/newsestlyonnais.fr\/site\/2018\/07\/15\/decines-les-resultats-de-la-journee-de-dimanche-a-lopen-de-tennis-5\/#respond\"]}]},{\"@type\":\"WebPage\",\"@id\":\"https:\/\/newsestlyonnais.fr\/site\/2018\/07\/15\/decines-les-resultats-de-la-journee-de-dimanche-a-lopen-de-tennis-5\/\",\"url\":\"https:\/\/newsestlyonnais.fr\/site\/2018\/07\/15\/decines-les-resultats-de-la-journee-de-dimanche-a-lopen-de-tennis-5\/\",\"name\":\"DECINES : Les r\u00e9sultats de la journ\u00e9e de dimanche \u00e0 l\u2019Open de Tennis\",\"isPartOf\":{\"@id\":\"https:\/\/newsestlyonnais.fr\/site\/#website\"},\"primaryImageOfPage\":{\"@id\":\"https:\/\/newsestlyonnais.fr\/site\/2018\/07\/15\/decines-les-resultats-de-la-journee-de-dimanche-a-lopen-de-tennis-5\/#primaryimage\"},\"image\":{\"@id\":\"https:\/\/newsestlyonnais.fr\/site\/2018\/07\/15\/decines-les-resultats-de-la-journee-de-dimanche-a-lopen-de-tennis-5\/#primaryimage\"},\"thumbnailUrl\":\"https:\/\/newsestlyonnais.fr\/site\/wp-content\/uploads\/2018\/05\/NEWSESTLYONNAIS-OPEN-TENNIS-DECINES.jpg\",\"datePublished\":\"2018-07-15T04:17:37+00:00\",\"dateModified\":\"2020-11-06T05:41:20+00:00\",\"description\":\"DECINES : Les r\u00e9sultats de la journ\u00e9e de dimanche \u00e0 l\u2019Open de Tennis\",\"breadcrumb\":{\"@id\":\"https:\/\/newsestlyonnais.fr\/site\/2018\/07\/15\/decines-les-resultats-de-la-journee-de-dimanche-a-lopen-de-tennis-5\/#breadcrumb\"},\"inLanguage\":\"fr-FR\",\"potentialAction\":[{\"@type\":\"ReadAction\",\"target\":[\"https:\/\/newsestlyonnais.fr\/site\/2018\/07\/15\/decines-les-resultats-de-la-journee-de-dimanche-a-lopen-de-tennis-5\/\"]}]},{\"@type\":\"ImageObject\",\"inLanguage\":\"fr-FR\",\"@id\":\"https:\/\/newsestlyonnais.fr\/site\/2018\/07\/15\/decines-les-resultats-de-la-journee-de-dimanche-a-lopen-de-tennis-5\/#primaryimage\",\"url\":\"https:\/\/newsestlyonnais.fr\/site\/wp-content\/uploads\/2018\/05\/NEWSESTLYONNAIS-OPEN-TENNIS-DECINES.jpg\",\"contentUrl\":\"https:\/\/newsestlyonnais.fr\/site\/wp-content\/uploads\/2018\/05\/NEWSESTLYONNAIS-OPEN-TENNIS-DECINES.jpg\",\"width\":318,\"height\":447,\"caption\":\"L'affiche du tournoi\"},{\"@type\":\"BreadcrumbList\",\"@id\":\"https:\/\/newsestlyonnais.fr\/site\/2018\/07\/15\/decines-les-resultats-de-la-journee-de-dimanche-a-lopen-de-tennis-5\/#breadcrumb\",\"itemListElement\":[{\"@type\":\"ListItem\",\"position\":1,\"name\":\"Accueil\",\"item\":\"https:\/\/newsestlyonnais.fr\/site\/\"},{\"@type\":\"ListItem\",\"position\":2,\"name\":\"DECINES | Les r\u00e9sultats de la journ\u00e9e de dimanche \u00e0 l\u2019Open de Tennis\"}]},{\"@type\":\"WebSite\",\"@id\":\"https:\/\/newsestlyonnais.fr\/site\/#website\",\"url\":\"https:\/\/newsestlyonnais.fr\/site\/\",\"name\":\"News Est Lyonnais\",\"description\":\"L&#039;actualit\u00e9 au plus pr\u00e8s\",\"publisher\":{\"@id\":\"https:\/\/newsestlyonnais.fr\/site\/#organization\"},\"potentialAction\":[{\"@type\":\"SearchAction\",\"target\":{\"@type\":\"EntryPoint\",\"urlTemplate\":\"https:\/\/newsestlyonnais.fr\/site\/?s={search_term_string}\"},\"query-input\":{\"@type\":\"PropertyValueSpecification\",\"valueRequired\":true,\"valueName\":\"search_term_string\"}}],\"inLanguage\":\"fr-FR\"},{\"@type\":\"Organization\",\"@id\":\"https:\/\/newsestlyonnais.fr\/site\/#organization\",\"name\":\"News EST LYONNAIS\",\"url\":\"https:\/\/newsestlyonnais.fr\/site\/\",\"logo\":{\"@type\":\"ImageObject\",\"inLanguage\":\"fr-FR\",\"@id\":\"https:\/\/newsestlyonnais.fr\/site\/#\/schema\/logo\/image\/\",\"url\":\"\",\"contentUrl\":\"\",\"caption\":\"News EST LYONNAIS\"},\"image\":{\"@id\":\"https:\/\/newsestlyonnais.fr\/site\/#\/schema\/logo\/image\/\"}},{\"@type\":\"Person\",\"@id\":\"https:\/\/newsestlyonnais.fr\/site\/#\/schema\/person\/3230d5615f390bb808365d673001e887\",\"name\":\"R\u00e9dac. NEWS\",\"sameAs\":[\"http:\/\/www.newsestlyonnais.fr\",\"https:\/\/www.facebook.com\/pascal.oberson.1?fref=ts\",\"https:\/\/fr.linkedin.com\/in\/pascal-oberson-b17045113\"],\"url\":\"https:\/\/newsestlyonnais.fr\/site\/author\/nel\/\"}]}<\/script>\n<!-- \/ Yoast SEO plugin. -->","yoast_head_json":{"title":"DECINES : Les r\u00e9sultats de la journ\u00e9e de dimanche \u00e0 l\u2019Open de Tennis","description":"DECINES : Les r\u00e9sultats de la journ\u00e9e de dimanche \u00e0 l\u2019Open de Tennis","robots":{"index":"index","follow":"follow","max-snippet":"max-snippet:-1","max-image-preview":"max-image-preview:large","max-video-preview":"max-video-preview:-1"},"canonical":"https:\/\/newsestlyonnais.fr\/site\/2018\/07\/15\/decines-les-resultats-de-la-journee-de-dimanche-a-lopen-de-tennis-5\/","og_locale":"fr_FR","og_type":"article","og_title":"DECINES : Les r\u00e9sultats de la journ\u00e9e de dimanche \u00e0 l\u2019Open de Tennis","og_description":"DECINES : Les r\u00e9sultats de la journ\u00e9e de dimanche \u00e0 l\u2019Open de Tennis","og_url":"https:\/\/newsestlyonnais.fr\/site\/2018\/07\/15\/decines-les-resultats-de-la-journee-de-dimanche-a-lopen-de-tennis-5\/","og_site_name":"News Est Lyonnais","article_author":"https:\/\/www.facebook.com\/pascal.oberson.1?fref=ts","article_published_time":"2018-07-15T04:17:37+00:00","article_modified_time":"2020-11-06T05:41:20+00:00","og_image":[{"width":318,"height":447,"url":"https:\/\/i2.wp.com\/newsestlyonnais.fr\/site\/wp-content\/uploads\/2018\/05\/NEWSESTLYONNAIS-OPEN-TENNIS-DECINES.jpg?fit=318%2C447&ssl=1","type":"image\/jpeg"}],"author":"R\u00e9dac. NEWS","twitter_card":"summary_large_image","twitter_misc":{"\u00c9crit par":"R\u00e9dac. NEWS","Dur\u00e9e de lecture estim\u00e9e":"1 minute"},"schema":{"@context":"https:\/\/schema.org","@graph":[{"@type":"Article","@id":"https:\/\/newsestlyonnais.fr\/site\/2018\/07\/15\/decines-les-resultats-de-la-journee-de-dimanche-a-lopen-de-tennis-5\/#article","isPartOf":{"@id":"https:\/\/newsestlyonnais.fr\/site\/2018\/07\/15\/decines-les-resultats-de-la-journee-de-dimanche-a-lopen-de-tennis-5\/"},"author":{"name":"R\u00e9dac. NEWS","@id":"https:\/\/newsestlyonnais.fr\/site\/#\/schema\/person\/3230d5615f390bb808365d673001e887"},"headline":"DECINES | Les r\u00e9sultats de la journ\u00e9e de dimanche \u00e0 l\u2019Open de Tennis","datePublished":"2018-07-15T04:17:37+00:00","dateModified":"2020-11-06T05:41:20+00:00","mainEntityOfPage":{"@id":"https:\/\/newsestlyonnais.fr\/site\/2018\/07\/15\/decines-les-resultats-de-la-journee-de-dimanche-a-lopen-de-tennis-5\/"},"wordCount":127,"commentCount":0,"publisher":{"@id":"https:\/\/newsestlyonnais.fr\/site\/#organization"},"image":{"@id":"https:\/\/newsestlyonnais.fr\/site\/2018\/07\/15\/decines-les-resultats-de-la-journee-de-dimanche-a-lopen-de-tennis-5\/#primaryimage"},"thumbnailUrl":"https:\/\/newsestlyonnais.fr\/site\/wp-content\/uploads\/2018\/05\/NEWSESTLYONNAIS-OPEN-TENNIS-DECINES.jpg","articleSection":["D\u00e9cines-Charpieu","Tennis | Padel","Tennis | Tennis de table"],"inLanguage":"fr-FR","potentialAction":[{"@type":"CommentAction","name":"Comment","target":["https:\/\/newsestlyonnais.fr\/site\/2018\/07\/15\/decines-les-resultats-de-la-journee-de-dimanche-a-lopen-de-tennis-5\/#respond"]}]},{"@type":"WebPage","@id":"https:\/\/newsestlyonnais.fr\/site\/2018\/07\/15\/decines-les-resultats-de-la-journee-de-dimanche-a-lopen-de-tennis-5\/","url":"https:\/\/newsestlyonnais.fr\/site\/2018\/07\/15\/decines-les-resultats-de-la-journee-de-dimanche-a-lopen-de-tennis-5\/","name":"DECINES : Les r\u00e9sultats de la journ\u00e9e de dimanche \u00e0 l\u2019Open de Tennis","isPartOf":{"@id":"https:\/\/newsestlyonnais.fr\/site\/#website"},"primaryImageOfPage":{"@id":"https:\/\/newsestlyonnais.fr\/site\/2018\/07\/15\/decines-les-resultats-de-la-journee-de-dimanche-a-lopen-de-tennis-5\/#primaryimage"},"image":{"@id":"https:\/\/newsestlyonnais.fr\/site\/2018\/07\/15\/decines-les-resultats-de-la-journee-de-dimanche-a-lopen-de-tennis-5\/#primaryimage"},"thumbnailUrl":"https:\/\/newsestlyonnais.fr\/site\/wp-content\/uploads\/2018\/05\/NEWSESTLYONNAIS-OPEN-TENNIS-DECINES.jpg","datePublished":"2018-07-15T04:17:37+00:00","dateModified":"2020-11-06T05:41:20+00:00","description":"DECINES : Les r\u00e9sultats de la journ\u00e9e de dimanche \u00e0 l\u2019Open de Tennis","breadcrumb":{"@id":"https:\/\/newsestlyonnais.fr\/site\/2018\/07\/15\/decines-les-resultats-de-la-journee-de-dimanche-a-lopen-de-tennis-5\/#breadcrumb"},"inLanguage":"fr-FR","potentialAction":[{"@type":"ReadAction","target":["https:\/\/newsestlyonnais.fr\/site\/2018\/07\/15\/decines-les-resultats-de-la-journee-de-dimanche-a-lopen-de-tennis-5\/"]}]},{"@type":"ImageObject","inLanguage":"fr-FR","@id":"https:\/\/newsestlyonnais.fr\/site\/2018\/07\/15\/decines-les-resultats-de-la-journee-de-dimanche-a-lopen-de-tennis-5\/#primaryimage","url":"https:\/\/newsestlyonnais.fr\/site\/wp-content\/uploads\/2018\/05\/NEWSESTLYONNAIS-OPEN-TENNIS-DECINES.jpg","contentUrl":"https:\/\/newsestlyonnais.fr\/site\/wp-content\/uploads\/2018\/05\/NEWSESTLYONNAIS-OPEN-TENNIS-DECINES.jpg","width":318,"height":447,"caption":"L'affiche du tournoi"},{"@type":"BreadcrumbList","@id":"https:\/\/newsestlyonnais.fr\/site\/2018\/07\/15\/decines-les-resultats-de-la-journee-de-dimanche-a-lopen-de-tennis-5\/#breadcrumb","itemListElement":[{"@type":"ListItem","position":1,"name":"Accueil","item":"https:\/\/newsestlyonnais.fr\/site\/"},{"@type":"ListItem","position":2,"name":"DECINES | Les r\u00e9sultats de la journ\u00e9e de dimanche \u00e0 l\u2019Open de Tennis"}]},{"@type":"WebSite","@id":"https:\/\/newsestlyonnais.fr\/site\/#website","url":"https:\/\/newsestlyonnais.fr\/site\/","name":"News Est Lyonnais","description":"L&#039;actualit\u00e9 au plus pr\u00e8s","publisher":{"@id":"https:\/\/newsestlyonnais.fr\/site\/#organization"},"potentialAction":[{"@type":"SearchAction","target":{"@type":"EntryPoint","urlTemplate":"https:\/\/newsestlyonnais.fr\/site\/?s={search_term_string}"},"query-input":{"@type":"PropertyValueSpecification","valueRequired":true,"valueName":"search_term_string"}}],"inLanguage":"fr-FR"},{"@type":"Organization","@id":"https:\/\/newsestlyonnais.fr\/site\/#organization","name":"News EST LYONNAIS","url":"https:\/\/newsestlyonnais.fr\/site\/","logo":{"@type":"ImageObject","inLanguage":"fr-FR","@id":"https:\/\/newsestlyonnais.fr\/site\/#\/schema\/logo\/image\/","url":"","contentUrl":"","caption":"News EST LYONNAIS"},"image":{"@id":"https:\/\/newsestlyonnais.fr\/site\/#\/schema\/logo\/image\/"}},{"@type":"Person","@id":"https:\/\/newsestlyonnais.fr\/site\/#\/schema\/person\/3230d5615f390bb808365d673001e887","name":"R\u00e9dac. NEWS","sameAs":["http:\/\/www.newsestlyonnais.fr","https:\/\/www.facebook.com\/pascal.oberson.1?fref=ts","https:\/\/fr.linkedin.com\/in\/pascal-oberson-b17045113"],"url":"https:\/\/newsestlyonnais.fr\/site\/author\/nel\/"}]}},"_links":{"self":[{"href":"https:\/\/newsestlyonnais.fr\/site\/wp-json\/wp\/v2\/posts\/53938","targetHints":{"allow":["GET"]}}],"collection":[{"href":"https:\/\/newsestlyonnais.fr\/site\/wp-json\/wp\/v2\/posts"}],"about":[{"href":"https:\/\/newsestlyonnais.fr\/site\/wp-json\/wp\/v2\/types\/post"}],"author":[{"embeddable":true,"href":"https:\/\/newsestlyonnais.fr\/site\/wp-json\/wp\/v2\/users\/4"}],"replies":[{"embeddable":true,"href":"https:\/\/newsestlyonnais.fr\/site\/wp-json\/wp\/v2\/comments?post=53938"}],"version-history":[{"count":0,"href":"https:\/\/newsestlyonnais.fr\/site\/wp-json\/wp\/v2\/posts\/53938\/revisions"}],"wp:featuredmedia":[{"embeddable":true,"href":"https:\/\/newsestlyonnais.fr\/site\/wp-json\/wp\/v2\/media\/51160"}],"wp:attachment":[{"href":"https:\/\/newsestlyonnais.fr\/site\/wp-json\/wp\/v2\/media?parent=53938"}],"wp:term":[{"taxonomy":"category","embeddable":true,"href":"https:\/\/newsestlyonnais.fr\/site\/wp-json\/wp\/v2\/categories?post=53938"},{"taxonomy":"post_tag","embeddable":true,"href":"https:\/\/newsestlyonnais.fr\/site\/wp-json\/wp\/v2\/tags?post=53938"}],"curies":[{"name":"wp","href":"https:\/\/api.w.org\/{rel}","templated":true}]}}