{"id":54098,"date":"2018-07-17T15:32:40","date_gmt":"2018-07-17T14:32:40","guid":{"rendered":"http:\/\/newsestlyonnais.fr\/site\/?p=54098"},"modified":"2020-11-11T14:22:08","modified_gmt":"2020-11-11T13:22:08","slug":"bron-bonne-saison-au-niveau-national-pour-lassociation-sportive-bouliste","status":"publish","type":"post","link":"https:\/\/newsestlyonnais.fr\/site\/2018\/07\/17\/bron-bonne-saison-au-niveau-national-pour-lassociation-sportive-bouliste\/","title":{"rendered":"BRON | Bonne saison au niveau national pour l&rsquo;AS Bouliste"},"content":{"rendered":"<h4 id=\"ox-6a77eb80ef-yMail_cursorElementTracker_1531810761883\">C&rsquo;est le moment de dresser le bilan pour la formation de l&rsquo;Association Sportive Bouliste qui \u00e9volue au niveau national.<\/h4>\n<div id=\"ox-6a77eb80ef-yMail_cursorElementTracker_1531810971765\">\u00a0\u00bb Malgr\u00e9 un d\u00e9but de saison tonitruant pour une premi\u00e8re \u00e0 ce niveau, nous avons connu une mauvaise p\u00e9riode entre mars et mai qui nous a fait perdre la qualification directe au championnat de France en quadrettes. Nous avons m\u00eame \u00e9chou\u00e9 \u00ab\u00a0\u00e0 la bonne\u00a0\u00bb pour se qualifier lors du f\u00e9d\u00e9ral quadrettes. L&rsquo;\u00e9quipe a tout de m\u00eame termin\u00e9 60\u00b0 au classement sur 124 \u00e9quipes et a r\u00e9ussi \u00e0 se qualifier pour le championnat de France double qui a eu lieu les 7 et 8 juillet derniers \u00e0 Chalamont. La formation compos\u00e9e de David Gomes, R\u00e9gis Coste-Chareire et Sylvain Saillard a\u00a0 malheureusement perdu aux barrages de poules en s&rsquo;inclinant contre les champions de France en titre\u00a0\u00bb confie David Gomes.<\/div>\n<div>\n<div id=\"ox-6a77eb80ef-yMail_cursorElementTracker_1531811098719\">Ce dernier s&rsquo;est quant \u00e0 lui qualifi\u00e9 pour le championnat de France t\u00eate \u00e0 t\u00eate qui aura lieu \u00e0 Dardilly les 25 et 26 ao\u00fbt prochains.<\/div>\n<div id=\"ox-6a77eb80ef-yMail_cursorElementTracker_1531810966010\">\u00ab\u00a0L&rsquo;objectif premier de se maintenir \u00e9tant acquis, m\u00eame si une certaine amertume est pr\u00e9sente pour avoir manqu\u00e9 la qualification au championnat de France quadrettes malgr\u00e9 une belle premi\u00e8re saison. Il faut tout de m\u00eame souligner 2 participations aux championnats de France\u00a0\u00bb.<\/div>\n<div id=\"ox-6a77eb80ef-yMail_cursorElementTracker_1531811220668\"><\/div>\n<div id=\"ox-6a77eb80ef-yMail_cursorElementTracker_1531811221463\">L&rsquo;\u00e9quipe qui repartira pour une nouvelle saison \u00e0 ce niveau en esp\u00e9rant atteindre ses objectifs tient \u00e0 remercier le club de l&rsquo; ASB Bron ainsi que ses sponsors priv\u00e9s Clikenweb et MCA Atelier, pour leur confiance et leur soutien.<\/div>\n<div><\/div>\n<\/div>\n<div><\/div>\n<div>&#8211; <em><strong>Association Sportive Bouliste de Bron : 40 rue Jules Verne T\u00e9l. 04.72.37.46.57<\/strong><\/em><\/div>\n<div><\/div>\n<div>\n<div id='gallery-1' class='gallery galleryid-54098 gallery-columns-3 gallery-size-thumbnail'><figure class='gallery-item'>\n\t\t\t<div class='gallery-icon landscape'>\n\t\t\t\t<a href='https:\/\/newsestlyonnais.fr\/site\/2018\/07\/17\/bron-bonne-saison-au-niveau-national-pour-lassociation-sportive-bouliste\/newsestlyonanis-as-boules-bron\/'><img loading=\"lazy\" decoding=\"async\" width=\"150\" height=\"150\" src=\"https:\/\/newsestlyonnais.fr\/site\/wp-content\/uploads\/2018\/07\/NEWSESTLYONANIS-AS-BOULES-BRON-150x150.jpg\" class=\"attachment-thumbnail size-thumbnail\" alt=\"NEWSESTLYONANIS - AS BOULES BRON\" \/><\/a>\n\t\t\t<\/div><\/figure><figure class='gallery-item'>\n\t\t\t<div class='gallery-icon portrait'>\n\t\t\t\t<a href='https:\/\/newsestlyonnais.fr\/site\/2018\/07\/17\/bron-bonne-saison-au-niveau-national-pour-lassociation-sportive-bouliste\/newsestlyonnais-david-gomes\/'><img loading=\"lazy\" decoding=\"async\" width=\"150\" height=\"150\" src=\"https:\/\/newsestlyonnais.fr\/site\/wp-content\/uploads\/2018\/07\/NEWSESTLYONNAIS-DAVID-GOMES-150x150.jpg\" class=\"attachment-thumbnail size-thumbnail\" alt=\"NEWSESTLYONNAIS DAVID GOMES\" aria-describedby=\"gallery-1-54109\" \/><\/a>\n\t\t\t<\/div>\n\t\t\t\t<figcaption class='wp-caption-text gallery-caption' id='gallery-1-54109'>\n\t\t\t\tDavid Gomes qualifi\u00e9 pour le championnat de France t\u00eate \u00e0 t\u00eate  \n\t\t\t\t<\/figcaption><\/figure>\n\t\t<\/div>\n\n<\/div>\n","protected":false},"excerpt":{"rendered":"<p>C&rsquo;est le moment de dresser le bilan pour la formation de l&rsquo;Association Sportive Bouliste qui \u00e9volue au niveau national. \u00a0\u00bb Malgr\u00e9 un d\u00e9but de saison tonitruant pour une premi\u00e8re \u00e0 ce niveau, nous avons connu une mauvaise p\u00e9riode entre mars et mai qui nous a fait perdre la qualification directe au championnat de France en [&hellip;]<\/p>\n","protected":false},"author":4,"featured_media":54103,"comment_status":"open","ping_status":"open","sticky":false,"template":"","format":"standard","meta":{"footnotes":""},"categories":[2977,1341,19,21],"tags":[],"class_list":["post-54098","post","type-post","status-publish","format-standard","has-post-thumbnail","hentry","category-boules-petanque-sports","category-boules-lyonnaises","category-bron","category-decines-charpieu"],"yoast_head":"<!-- This site is optimized with the Yoast SEO plugin v27.2 - https:\/\/yoast.com\/product\/yoast-seo-wordpress\/ -->\n<title>BRON : Bonne saison au niveau national pour l&#039;Association Sportive Bouliste<\/title>\n<meta name=\"description\" content=\"BRON : Bonne saison au niveau national pour l&#039;Association Sportive Bouliste\" \/>\n<meta name=\"robots\" content=\"index, follow, max-snippet:-1, max-image-preview:large, max-video-preview:-1\" \/>\n<link rel=\"canonical\" href=\"https:\/\/newsestlyonnais.fr\/site\/2018\/07\/17\/bron-bonne-saison-au-niveau-national-pour-lassociation-sportive-bouliste\/\" \/>\n<meta property=\"og:locale\" content=\"fr_FR\" \/>\n<meta property=\"og:type\" content=\"article\" \/>\n<meta property=\"og:title\" content=\"BRON : Bonne saison au niveau national pour l&#039;Association Sportive Bouliste\" \/>\n<meta property=\"og:description\" content=\"BRON : Bonne saison au niveau national pour l&#039;Association Sportive Bouliste\" \/>\n<meta property=\"og:url\" content=\"https:\/\/newsestlyonnais.fr\/site\/2018\/07\/17\/bron-bonne-saison-au-niveau-national-pour-lassociation-sportive-bouliste\/\" \/>\n<meta property=\"og:site_name\" content=\"News Est Lyonnais\" \/>\n<meta property=\"article:author\" content=\"https:\/\/www.facebook.com\/pascal.oberson.1?fref=ts\" \/>\n<meta property=\"article:published_time\" content=\"2018-07-17T14:32:40+00:00\" \/>\n<meta property=\"article:modified_time\" content=\"2020-11-11T13:22:08+00:00\" \/>\n<meta property=\"og:image\" content=\"https:\/\/i0.wp.com\/newsestlyonnais.fr\/site\/wp-content\/uploads\/2018\/07\/NEWSESTLYONNAIS-BRON-BOULES-001.jpg?fit=792%2C594&ssl=1\" \/>\n\t<meta property=\"og:image:width\" content=\"792\" \/>\n\t<meta property=\"og:image:height\" content=\"594\" \/>\n\t<meta property=\"og:image:type\" content=\"image\/jpeg\" \/>\n<meta name=\"author\" content=\"R\u00e9dac. NEWS\" \/>\n<meta name=\"twitter:card\" content=\"summary_large_image\" \/>\n<meta name=\"twitter:label1\" content=\"\u00c9crit par\" \/>\n\t<meta name=\"twitter:data1\" content=\"R\u00e9dac. NEWS\" \/>\n\t<meta name=\"twitter:label2\" content=\"Dur\u00e9e de lecture estim\u00e9e\" \/>\n\t<meta name=\"twitter:data2\" content=\"1 minute\" \/>\n<script type=\"application\/ld+json\" class=\"yoast-schema-graph\">{\"@context\":\"https:\/\/schema.org\",\"@graph\":[{\"@type\":\"Article\",\"@id\":\"https:\/\/newsestlyonnais.fr\/site\/2018\/07\/17\/bron-bonne-saison-au-niveau-national-pour-lassociation-sportive-bouliste\/#article\",\"isPartOf\":{\"@id\":\"https:\/\/newsestlyonnais.fr\/site\/2018\/07\/17\/bron-bonne-saison-au-niveau-national-pour-lassociation-sportive-bouliste\/\"},\"author\":{\"name\":\"R\u00e9dac. NEWS\",\"@id\":\"https:\/\/newsestlyonnais.fr\/site\/#\/schema\/person\/3230d5615f390bb808365d673001e887\"},\"headline\":\"BRON | Bonne saison au niveau national pour l&rsquo;AS Bouliste\",\"datePublished\":\"2018-07-17T14:32:40+00:00\",\"dateModified\":\"2020-11-11T13:22:08+00:00\",\"mainEntityOfPage\":{\"@id\":\"https:\/\/newsestlyonnais.fr\/site\/2018\/07\/17\/bron-bonne-saison-au-niveau-national-pour-lassociation-sportive-bouliste\/\"},\"wordCount\":276,\"commentCount\":0,\"publisher\":{\"@id\":\"https:\/\/newsestlyonnais.fr\/site\/#organization\"},\"image\":{\"@id\":\"https:\/\/newsestlyonnais.fr\/site\/2018\/07\/17\/bron-bonne-saison-au-niveau-national-pour-lassociation-sportive-bouliste\/#primaryimage\"},\"thumbnailUrl\":\"https:\/\/newsestlyonnais.fr\/site\/wp-content\/uploads\/2018\/07\/NEWSESTLYONNAIS-BRON-BOULES-001.jpg\",\"articleSection\":[\"Boules | P\u00e9tanque\",\"Boules Lyonnaises\",\"Bron\",\"D\u00e9cines-Charpieu\"],\"inLanguage\":\"fr-FR\",\"potentialAction\":[{\"@type\":\"CommentAction\",\"name\":\"Comment\",\"target\":[\"https:\/\/newsestlyonnais.fr\/site\/2018\/07\/17\/bron-bonne-saison-au-niveau-national-pour-lassociation-sportive-bouliste\/#respond\"]}]},{\"@type\":\"WebPage\",\"@id\":\"https:\/\/newsestlyonnais.fr\/site\/2018\/07\/17\/bron-bonne-saison-au-niveau-national-pour-lassociation-sportive-bouliste\/\",\"url\":\"https:\/\/newsestlyonnais.fr\/site\/2018\/07\/17\/bron-bonne-saison-au-niveau-national-pour-lassociation-sportive-bouliste\/\",\"name\":\"BRON : Bonne saison au niveau national pour l'Association Sportive Bouliste\",\"isPartOf\":{\"@id\":\"https:\/\/newsestlyonnais.fr\/site\/#website\"},\"primaryImageOfPage\":{\"@id\":\"https:\/\/newsestlyonnais.fr\/site\/2018\/07\/17\/bron-bonne-saison-au-niveau-national-pour-lassociation-sportive-bouliste\/#primaryimage\"},\"image\":{\"@id\":\"https:\/\/newsestlyonnais.fr\/site\/2018\/07\/17\/bron-bonne-saison-au-niveau-national-pour-lassociation-sportive-bouliste\/#primaryimage\"},\"thumbnailUrl\":\"https:\/\/newsestlyonnais.fr\/site\/wp-content\/uploads\/2018\/07\/NEWSESTLYONNAIS-BRON-BOULES-001.jpg\",\"datePublished\":\"2018-07-17T14:32:40+00:00\",\"dateModified\":\"2020-11-11T13:22:08+00:00\",\"description\":\"BRON : Bonne saison au niveau national pour l'Association Sportive Bouliste\",\"breadcrumb\":{\"@id\":\"https:\/\/newsestlyonnais.fr\/site\/2018\/07\/17\/bron-bonne-saison-au-niveau-national-pour-lassociation-sportive-bouliste\/#breadcrumb\"},\"inLanguage\":\"fr-FR\",\"potentialAction\":[{\"@type\":\"ReadAction\",\"target\":[\"https:\/\/newsestlyonnais.fr\/site\/2018\/07\/17\/bron-bonne-saison-au-niveau-national-pour-lassociation-sportive-bouliste\/\"]}]},{\"@type\":\"ImageObject\",\"inLanguage\":\"fr-FR\",\"@id\":\"https:\/\/newsestlyonnais.fr\/site\/2018\/07\/17\/bron-bonne-saison-au-niveau-national-pour-lassociation-sportive-bouliste\/#primaryimage\",\"url\":\"https:\/\/newsestlyonnais.fr\/site\/wp-content\/uploads\/2018\/07\/NEWSESTLYONNAIS-BRON-BOULES-001.jpg\",\"contentUrl\":\"https:\/\/newsestlyonnais.fr\/site\/wp-content\/uploads\/2018\/07\/NEWSESTLYONNAIS-BRON-BOULES-001.jpg\",\"width\":792,\"height\":594,\"caption\":\"NEWSESTLYONNAIS BRON BOULES 001\"},{\"@type\":\"BreadcrumbList\",\"@id\":\"https:\/\/newsestlyonnais.fr\/site\/2018\/07\/17\/bron-bonne-saison-au-niveau-national-pour-lassociation-sportive-bouliste\/#breadcrumb\",\"itemListElement\":[{\"@type\":\"ListItem\",\"position\":1,\"name\":\"Accueil\",\"item\":\"https:\/\/newsestlyonnais.fr\/site\/\"},{\"@type\":\"ListItem\",\"position\":2,\"name\":\"BRON | Bonne saison au niveau national pour l&rsquo;AS Bouliste\"}]},{\"@type\":\"WebSite\",\"@id\":\"https:\/\/newsestlyonnais.fr\/site\/#website\",\"url\":\"https:\/\/newsestlyonnais.fr\/site\/\",\"name\":\"News Est Lyonnais\",\"description\":\"L&#039;actualit\u00e9 au plus pr\u00e8s\",\"publisher\":{\"@id\":\"https:\/\/newsestlyonnais.fr\/site\/#organization\"},\"potentialAction\":[{\"@type\":\"SearchAction\",\"target\":{\"@type\":\"EntryPoint\",\"urlTemplate\":\"https:\/\/newsestlyonnais.fr\/site\/?s={search_term_string}\"},\"query-input\":{\"@type\":\"PropertyValueSpecification\",\"valueRequired\":true,\"valueName\":\"search_term_string\"}}],\"inLanguage\":\"fr-FR\"},{\"@type\":\"Organization\",\"@id\":\"https:\/\/newsestlyonnais.fr\/site\/#organization\",\"name\":\"News EST LYONNAIS\",\"url\":\"https:\/\/newsestlyonnais.fr\/site\/\",\"logo\":{\"@type\":\"ImageObject\",\"inLanguage\":\"fr-FR\",\"@id\":\"https:\/\/newsestlyonnais.fr\/site\/#\/schema\/logo\/image\/\",\"url\":\"\",\"contentUrl\":\"\",\"caption\":\"News EST LYONNAIS\"},\"image\":{\"@id\":\"https:\/\/newsestlyonnais.fr\/site\/#\/schema\/logo\/image\/\"}},{\"@type\":\"Person\",\"@id\":\"https:\/\/newsestlyonnais.fr\/site\/#\/schema\/person\/3230d5615f390bb808365d673001e887\",\"name\":\"R\u00e9dac. NEWS\",\"sameAs\":[\"http:\/\/www.newsestlyonnais.fr\",\"https:\/\/www.facebook.com\/pascal.oberson.1?fref=ts\",\"https:\/\/fr.linkedin.com\/in\/pascal-oberson-b17045113\"],\"url\":\"https:\/\/newsestlyonnais.fr\/site\/author\/nel\/\"}]}<\/script>\n<!-- \/ Yoast SEO plugin. -->","yoast_head_json":{"title":"BRON : Bonne saison au niveau national pour l'Association Sportive Bouliste","description":"BRON : Bonne saison au niveau national pour l'Association Sportive Bouliste","robots":{"index":"index","follow":"follow","max-snippet":"max-snippet:-1","max-image-preview":"max-image-preview:large","max-video-preview":"max-video-preview:-1"},"canonical":"https:\/\/newsestlyonnais.fr\/site\/2018\/07\/17\/bron-bonne-saison-au-niveau-national-pour-lassociation-sportive-bouliste\/","og_locale":"fr_FR","og_type":"article","og_title":"BRON : Bonne saison au niveau national pour l'Association Sportive Bouliste","og_description":"BRON : Bonne saison au niveau national pour l'Association Sportive Bouliste","og_url":"https:\/\/newsestlyonnais.fr\/site\/2018\/07\/17\/bron-bonne-saison-au-niveau-national-pour-lassociation-sportive-bouliste\/","og_site_name":"News Est Lyonnais","article_author":"https:\/\/www.facebook.com\/pascal.oberson.1?fref=ts","article_published_time":"2018-07-17T14:32:40+00:00","article_modified_time":"2020-11-11T13:22:08+00:00","og_image":[{"width":792,"height":594,"url":"https:\/\/i0.wp.com\/newsestlyonnais.fr\/site\/wp-content\/uploads\/2018\/07\/NEWSESTLYONNAIS-BRON-BOULES-001.jpg?fit=792%2C594&ssl=1","type":"image\/jpeg"}],"author":"R\u00e9dac. NEWS","twitter_card":"summary_large_image","twitter_misc":{"\u00c9crit par":"R\u00e9dac. NEWS","Dur\u00e9e de lecture estim\u00e9e":"1 minute"},"schema":{"@context":"https:\/\/schema.org","@graph":[{"@type":"Article","@id":"https:\/\/newsestlyonnais.fr\/site\/2018\/07\/17\/bron-bonne-saison-au-niveau-national-pour-lassociation-sportive-bouliste\/#article","isPartOf":{"@id":"https:\/\/newsestlyonnais.fr\/site\/2018\/07\/17\/bron-bonne-saison-au-niveau-national-pour-lassociation-sportive-bouliste\/"},"author":{"name":"R\u00e9dac. NEWS","@id":"https:\/\/newsestlyonnais.fr\/site\/#\/schema\/person\/3230d5615f390bb808365d673001e887"},"headline":"BRON | Bonne saison au niveau national pour l&rsquo;AS Bouliste","datePublished":"2018-07-17T14:32:40+00:00","dateModified":"2020-11-11T13:22:08+00:00","mainEntityOfPage":{"@id":"https:\/\/newsestlyonnais.fr\/site\/2018\/07\/17\/bron-bonne-saison-au-niveau-national-pour-lassociation-sportive-bouliste\/"},"wordCount":276,"commentCount":0,"publisher":{"@id":"https:\/\/newsestlyonnais.fr\/site\/#organization"},"image":{"@id":"https:\/\/newsestlyonnais.fr\/site\/2018\/07\/17\/bron-bonne-saison-au-niveau-national-pour-lassociation-sportive-bouliste\/#primaryimage"},"thumbnailUrl":"https:\/\/newsestlyonnais.fr\/site\/wp-content\/uploads\/2018\/07\/NEWSESTLYONNAIS-BRON-BOULES-001.jpg","articleSection":["Boules | P\u00e9tanque","Boules Lyonnaises","Bron","D\u00e9cines-Charpieu"],"inLanguage":"fr-FR","potentialAction":[{"@type":"CommentAction","name":"Comment","target":["https:\/\/newsestlyonnais.fr\/site\/2018\/07\/17\/bron-bonne-saison-au-niveau-national-pour-lassociation-sportive-bouliste\/#respond"]}]},{"@type":"WebPage","@id":"https:\/\/newsestlyonnais.fr\/site\/2018\/07\/17\/bron-bonne-saison-au-niveau-national-pour-lassociation-sportive-bouliste\/","url":"https:\/\/newsestlyonnais.fr\/site\/2018\/07\/17\/bron-bonne-saison-au-niveau-national-pour-lassociation-sportive-bouliste\/","name":"BRON : Bonne saison au niveau national pour l'Association Sportive Bouliste","isPartOf":{"@id":"https:\/\/newsestlyonnais.fr\/site\/#website"},"primaryImageOfPage":{"@id":"https:\/\/newsestlyonnais.fr\/site\/2018\/07\/17\/bron-bonne-saison-au-niveau-national-pour-lassociation-sportive-bouliste\/#primaryimage"},"image":{"@id":"https:\/\/newsestlyonnais.fr\/site\/2018\/07\/17\/bron-bonne-saison-au-niveau-national-pour-lassociation-sportive-bouliste\/#primaryimage"},"thumbnailUrl":"https:\/\/newsestlyonnais.fr\/site\/wp-content\/uploads\/2018\/07\/NEWSESTLYONNAIS-BRON-BOULES-001.jpg","datePublished":"2018-07-17T14:32:40+00:00","dateModified":"2020-11-11T13:22:08+00:00","description":"BRON : Bonne saison au niveau national pour l'Association Sportive Bouliste","breadcrumb":{"@id":"https:\/\/newsestlyonnais.fr\/site\/2018\/07\/17\/bron-bonne-saison-au-niveau-national-pour-lassociation-sportive-bouliste\/#breadcrumb"},"inLanguage":"fr-FR","potentialAction":[{"@type":"ReadAction","target":["https:\/\/newsestlyonnais.fr\/site\/2018\/07\/17\/bron-bonne-saison-au-niveau-national-pour-lassociation-sportive-bouliste\/"]}]},{"@type":"ImageObject","inLanguage":"fr-FR","@id":"https:\/\/newsestlyonnais.fr\/site\/2018\/07\/17\/bron-bonne-saison-au-niveau-national-pour-lassociation-sportive-bouliste\/#primaryimage","url":"https:\/\/newsestlyonnais.fr\/site\/wp-content\/uploads\/2018\/07\/NEWSESTLYONNAIS-BRON-BOULES-001.jpg","contentUrl":"https:\/\/newsestlyonnais.fr\/site\/wp-content\/uploads\/2018\/07\/NEWSESTLYONNAIS-BRON-BOULES-001.jpg","width":792,"height":594,"caption":"NEWSESTLYONNAIS BRON BOULES 001"},{"@type":"BreadcrumbList","@id":"https:\/\/newsestlyonnais.fr\/site\/2018\/07\/17\/bron-bonne-saison-au-niveau-national-pour-lassociation-sportive-bouliste\/#breadcrumb","itemListElement":[{"@type":"ListItem","position":1,"name":"Accueil","item":"https:\/\/newsestlyonnais.fr\/site\/"},{"@type":"ListItem","position":2,"name":"BRON | Bonne saison au niveau national pour l&rsquo;AS Bouliste"}]},{"@type":"WebSite","@id":"https:\/\/newsestlyonnais.fr\/site\/#website","url":"https:\/\/newsestlyonnais.fr\/site\/","name":"News Est Lyonnais","description":"L&#039;actualit\u00e9 au plus pr\u00e8s","publisher":{"@id":"https:\/\/newsestlyonnais.fr\/site\/#organization"},"potentialAction":[{"@type":"SearchAction","target":{"@type":"EntryPoint","urlTemplate":"https:\/\/newsestlyonnais.fr\/site\/?s={search_term_string}"},"query-input":{"@type":"PropertyValueSpecification","valueRequired":true,"valueName":"search_term_string"}}],"inLanguage":"fr-FR"},{"@type":"Organization","@id":"https:\/\/newsestlyonnais.fr\/site\/#organization","name":"News EST LYONNAIS","url":"https:\/\/newsestlyonnais.fr\/site\/","logo":{"@type":"ImageObject","inLanguage":"fr-FR","@id":"https:\/\/newsestlyonnais.fr\/site\/#\/schema\/logo\/image\/","url":"","contentUrl":"","caption":"News EST LYONNAIS"},"image":{"@id":"https:\/\/newsestlyonnais.fr\/site\/#\/schema\/logo\/image\/"}},{"@type":"Person","@id":"https:\/\/newsestlyonnais.fr\/site\/#\/schema\/person\/3230d5615f390bb808365d673001e887","name":"R\u00e9dac. NEWS","sameAs":["http:\/\/www.newsestlyonnais.fr","https:\/\/www.facebook.com\/pascal.oberson.1?fref=ts","https:\/\/fr.linkedin.com\/in\/pascal-oberson-b17045113"],"url":"https:\/\/newsestlyonnais.fr\/site\/author\/nel\/"}]}},"_links":{"self":[{"href":"https:\/\/newsestlyonnais.fr\/site\/wp-json\/wp\/v2\/posts\/54098","targetHints":{"allow":["GET"]}}],"collection":[{"href":"https:\/\/newsestlyonnais.fr\/site\/wp-json\/wp\/v2\/posts"}],"about":[{"href":"https:\/\/newsestlyonnais.fr\/site\/wp-json\/wp\/v2\/types\/post"}],"author":[{"embeddable":true,"href":"https:\/\/newsestlyonnais.fr\/site\/wp-json\/wp\/v2\/users\/4"}],"replies":[{"embeddable":true,"href":"https:\/\/newsestlyonnais.fr\/site\/wp-json\/wp\/v2\/comments?post=54098"}],"version-history":[{"count":0,"href":"https:\/\/newsestlyonnais.fr\/site\/wp-json\/wp\/v2\/posts\/54098\/revisions"}],"wp:featuredmedia":[{"embeddable":true,"href":"https:\/\/newsestlyonnais.fr\/site\/wp-json\/wp\/v2\/media\/54103"}],"wp:attachment":[{"href":"https:\/\/newsestlyonnais.fr\/site\/wp-json\/wp\/v2\/media?parent=54098"}],"wp:term":[{"taxonomy":"category","embeddable":true,"href":"https:\/\/newsestlyonnais.fr\/site\/wp-json\/wp\/v2\/categories?post=54098"},{"taxonomy":"post_tag","embeddable":true,"href":"https:\/\/newsestlyonnais.fr\/site\/wp-json\/wp\/v2\/tags?post=54098"}],"curies":[{"name":"wp","href":"https:\/\/api.w.org\/{rel}","templated":true}]}}