{"id":54184,"date":"2018-07-19T14:06:28","date_gmt":"2018-07-19T13:06:28","guid":{"rendered":"http:\/\/newsestlyonnais.fr\/site\/?p=54184"},"modified":"2020-10-30T14:35:08","modified_gmt":"2020-10-30T13:35:08","slug":"genas-deux-seances-gratuites-de-cinema-en-plein-air-cet-ete","status":"publish","type":"post","link":"https:\/\/newsestlyonnais.fr\/site\/2018\/07\/19\/genas-deux-seances-gratuites-de-cinema-en-plein-air-cet-ete\/","title":{"rendered":"GENAS | Deux s\u00e9ances gratuites de cin\u00e9ma en plein air cet \u00e9t\u00e9 !"},"content":{"rendered":"<h4>Dans le cadre de la saison culturelle genassienne et sa programmation \u00ab Hors les murs\u00bb, 2 longs m\u00e9trages seront projet\u00e9s au parc des Etangs de Mathan :<\/h4>\n<ul>\n<li><strong>Shrek 4, il \u00e9tait une fin<\/strong> : &#8211; <span style=\"text-decoration: underline\">vendredi 20 juillet, \u00e0 la tomb\u00e9e de la nuit vers 21 h 45<\/span>. De Mike Mitchell, avec les voix d&rsquo; Alain Chabat, Med Hondo et Barbara Tissier. <span style=\"text-decoration: underline\">Tout public. Dur\u00e9e : 1 h 33.<\/span><\/li>\n<li><strong>La La Land<\/strong> &#8211; <span style=\"text-decoration: underline\">vendredi 31 ao\u00fbt , \u00e0 la tomb\u00e9e de la nuit vers 21 h 15<\/span>. De Damien Chazelle avec Ryan Gosling, Emma Stone, John Legend. <span style=\"text-decoration: underline\">Tout public \u2013 Dur\u00e9e : 2 h 08<\/span>.<\/li>\n<\/ul>\n<p><strong>Ces s\u00e9ances de cin\u00e9ma sont gratuites, de m\u00eame que les navettes<\/strong> pour se rendre au parc des \u00e9tangs de Mathan :<\/p>\n<ul>\n<li><strong>D\u00e9part \u00e0 20 h et 21 h de Genas\u00a0<\/strong> devant l\u2019\u00e9cole Nelson Mandela , puis aux arr\u00eats : Forum H\u00f4tel &gt; Place de Ronshausen &gt; Jean d\u2019Azieu &gt; Square Giboulet &#8211; Wassmann &gt; Parc des \u00c9tangs de Mathan.<\/li>\n<li><strong>Retour \u00e0 23 h 30 et 00 h 30<\/strong> du parking du parc des \u00c9tangs de Mathan avec des arr\u00eats : Square Giboulet- Wassmann &gt; Jean d\u2019Azieu &gt; Place de Ronshausen &gt; Forum H\u00f4tel &gt; \u00e9cole Nelson Mandela.<\/li>\n<\/ul>\n<p><strong>Plus d&rsquo;infos (arr\u00eats d\u00e9taill\u00e9s et horaires de passages) \u00e0 retrouver sur :\u00a0<a href=\"http:\/\/www.genas.fr\" target=\"_blank\" rel=\"noopener noreferrer\">http:\/\/www.genas.fr<\/a><\/strong><\/p>\n<p><em><strong> NOTA<\/strong> <\/em>: Les horaires des navettes pour le film \u00ab\u00a0La La Land\u00a0\u00bb sont susceptibles de changer. Une mise \u00e0 jour sera faite quelques jours avant la s\u00e9ance du 31 ao\u00fbt sur : <a href=\"http:\/\/www.genas.fr\" target=\"_blank\" rel=\"noopener noreferrer\">http:\/\/www.genas.fr<\/a><\/p>\n","protected":false},"excerpt":{"rendered":"<p>Dans le cadre de la saison culturelle genassienne et sa programmation \u00ab Hors les murs\u00bb, 2 longs m\u00e9trages seront projet\u00e9s au parc des Etangs de Mathan : Shrek 4, il \u00e9tait une fin : &#8211; vendredi 20 juillet, \u00e0 la tomb\u00e9e de la nuit vers 21 h 45. De Mike Mitchell, avec les voix d&rsquo; [&hellip;]<\/p>\n","protected":false},"author":4,"featured_media":52829,"comment_status":"open","ping_status":"open","sticky":false,"template":"","format":"standard","meta":{"footnotes":""},"categories":[270,221,1598],"tags":[],"class_list":["post-54184","post","type-post","status-publish","format-standard","has-post-thumbnail","hentry","category-cte-de-communes-c-c-e-l","category-cine-radio-theatre","category-genas"],"yoast_head":"<!-- This site is optimized with the Yoast SEO plugin v27.2 - https:\/\/yoast.com\/product\/yoast-seo-wordpress\/ -->\n<title>GENAS : Deux s\u00e9ances gratuites de cin\u00e9ma en plein air cet \u00e9t\u00e9 !<\/title>\n<meta name=\"description\" content=\"GENAS : Deux s\u00e9ances gratuites de cin\u00e9ma en plein air cet \u00e9t\u00e9 !\" \/>\n<meta name=\"robots\" content=\"index, follow, max-snippet:-1, max-image-preview:large, max-video-preview:-1\" \/>\n<link rel=\"canonical\" href=\"https:\/\/newsestlyonnais.fr\/site\/2018\/07\/19\/genas-deux-seances-gratuites-de-cinema-en-plein-air-cet-ete\/\" \/>\n<meta property=\"og:locale\" content=\"fr_FR\" \/>\n<meta property=\"og:type\" content=\"article\" \/>\n<meta property=\"og:title\" content=\"GENAS : Deux s\u00e9ances gratuites de cin\u00e9ma en plein air cet \u00e9t\u00e9 !\" \/>\n<meta property=\"og:description\" content=\"GENAS : Deux s\u00e9ances gratuites de cin\u00e9ma en plein air cet \u00e9t\u00e9 !\" \/>\n<meta property=\"og:url\" content=\"https:\/\/newsestlyonnais.fr\/site\/2018\/07\/19\/genas-deux-seances-gratuites-de-cinema-en-plein-air-cet-ete\/\" \/>\n<meta property=\"og:site_name\" content=\"News Est Lyonnais\" \/>\n<meta property=\"article:author\" content=\"https:\/\/www.facebook.com\/pascal.oberson.1?fref=ts\" \/>\n<meta property=\"article:published_time\" content=\"2018-07-19T13:06:28+00:00\" \/>\n<meta property=\"article:modified_time\" content=\"2020-10-30T13:35:08+00:00\" \/>\n<meta property=\"og:image\" content=\"https:\/\/i1.wp.com\/newsestlyonnais.fr\/site\/wp-content\/uploads\/2018\/07\/NEWSESTLYONNAIS-CINEMA-EN-PLEIN-AIR.jpg?fit=1654%2C2338&ssl=1\" \/>\n\t<meta property=\"og:image:width\" content=\"1654\" \/>\n\t<meta property=\"og:image:height\" content=\"2338\" \/>\n\t<meta property=\"og:image:type\" content=\"image\/jpeg\" \/>\n<meta name=\"author\" content=\"R\u00e9dac. NEWS\" \/>\n<meta name=\"twitter:card\" content=\"summary_large_image\" \/>\n<meta name=\"twitter:label1\" content=\"\u00c9crit par\" \/>\n\t<meta name=\"twitter:data1\" content=\"R\u00e9dac. NEWS\" \/>\n\t<meta name=\"twitter:label2\" content=\"Dur\u00e9e de lecture estim\u00e9e\" \/>\n\t<meta name=\"twitter:data2\" content=\"1 minute\" \/>\n<script type=\"application\/ld+json\" class=\"yoast-schema-graph\">{\"@context\":\"https:\/\/schema.org\",\"@graph\":[{\"@type\":\"Article\",\"@id\":\"https:\/\/newsestlyonnais.fr\/site\/2018\/07\/19\/genas-deux-seances-gratuites-de-cinema-en-plein-air-cet-ete\/#article\",\"isPartOf\":{\"@id\":\"https:\/\/newsestlyonnais.fr\/site\/2018\/07\/19\/genas-deux-seances-gratuites-de-cinema-en-plein-air-cet-ete\/\"},\"author\":{\"name\":\"R\u00e9dac. NEWS\",\"@id\":\"https:\/\/newsestlyonnais.fr\/site\/#\/schema\/person\/3230d5615f390bb808365d673001e887\"},\"headline\":\"GENAS | Deux s\u00e9ances gratuites de cin\u00e9ma en plein air cet \u00e9t\u00e9 !\",\"datePublished\":\"2018-07-19T13:06:28+00:00\",\"dateModified\":\"2020-10-30T13:35:08+00:00\",\"mainEntityOfPage\":{\"@id\":\"https:\/\/newsestlyonnais.fr\/site\/2018\/07\/19\/genas-deux-seances-gratuites-de-cinema-en-plein-air-cet-ete\/\"},\"wordCount\":252,\"commentCount\":0,\"publisher\":{\"@id\":\"https:\/\/newsestlyonnais.fr\/site\/#organization\"},\"image\":{\"@id\":\"https:\/\/newsestlyonnais.fr\/site\/2018\/07\/19\/genas-deux-seances-gratuites-de-cinema-en-plein-air-cet-ete\/#primaryimage\"},\"thumbnailUrl\":\"https:\/\/newsestlyonnais.fr\/site\/wp-content\/uploads\/2018\/07\/NEWSESTLYONNAIS-CINEMA-EN-PLEIN-AIR.jpg\",\"articleSection\":[\"CCEL | Communes\",\"Cin\u00e9 | Radio | Th\u00e9\u00e2tre\",\"Genas\"],\"inLanguage\":\"fr-FR\",\"potentialAction\":[{\"@type\":\"CommentAction\",\"name\":\"Comment\",\"target\":[\"https:\/\/newsestlyonnais.fr\/site\/2018\/07\/19\/genas-deux-seances-gratuites-de-cinema-en-plein-air-cet-ete\/#respond\"]}]},{\"@type\":\"WebPage\",\"@id\":\"https:\/\/newsestlyonnais.fr\/site\/2018\/07\/19\/genas-deux-seances-gratuites-de-cinema-en-plein-air-cet-ete\/\",\"url\":\"https:\/\/newsestlyonnais.fr\/site\/2018\/07\/19\/genas-deux-seances-gratuites-de-cinema-en-plein-air-cet-ete\/\",\"name\":\"GENAS : Deux s\u00e9ances gratuites de cin\u00e9ma en plein air cet \u00e9t\u00e9 !\",\"isPartOf\":{\"@id\":\"https:\/\/newsestlyonnais.fr\/site\/#website\"},\"primaryImageOfPage\":{\"@id\":\"https:\/\/newsestlyonnais.fr\/site\/2018\/07\/19\/genas-deux-seances-gratuites-de-cinema-en-plein-air-cet-ete\/#primaryimage\"},\"image\":{\"@id\":\"https:\/\/newsestlyonnais.fr\/site\/2018\/07\/19\/genas-deux-seances-gratuites-de-cinema-en-plein-air-cet-ete\/#primaryimage\"},\"thumbnailUrl\":\"https:\/\/newsestlyonnais.fr\/site\/wp-content\/uploads\/2018\/07\/NEWSESTLYONNAIS-CINEMA-EN-PLEIN-AIR.jpg\",\"datePublished\":\"2018-07-19T13:06:28+00:00\",\"dateModified\":\"2020-10-30T13:35:08+00:00\",\"description\":\"GENAS : Deux s\u00e9ances gratuites de cin\u00e9ma en plein air cet \u00e9t\u00e9 !\",\"breadcrumb\":{\"@id\":\"https:\/\/newsestlyonnais.fr\/site\/2018\/07\/19\/genas-deux-seances-gratuites-de-cinema-en-plein-air-cet-ete\/#breadcrumb\"},\"inLanguage\":\"fr-FR\",\"potentialAction\":[{\"@type\":\"ReadAction\",\"target\":[\"https:\/\/newsestlyonnais.fr\/site\/2018\/07\/19\/genas-deux-seances-gratuites-de-cinema-en-plein-air-cet-ete\/\"]}]},{\"@type\":\"ImageObject\",\"inLanguage\":\"fr-FR\",\"@id\":\"https:\/\/newsestlyonnais.fr\/site\/2018\/07\/19\/genas-deux-seances-gratuites-de-cinema-en-plein-air-cet-ete\/#primaryimage\",\"url\":\"https:\/\/newsestlyonnais.fr\/site\/wp-content\/uploads\/2018\/07\/NEWSESTLYONNAIS-CINEMA-EN-PLEIN-AIR.jpg\",\"contentUrl\":\"https:\/\/newsestlyonnais.fr\/site\/wp-content\/uploads\/2018\/07\/NEWSESTLYONNAIS-CINEMA-EN-PLEIN-AIR.jpg\",\"width\":1654,\"height\":2338,\"caption\":\"CINEMA EN PLEIN AIR\"},{\"@type\":\"BreadcrumbList\",\"@id\":\"https:\/\/newsestlyonnais.fr\/site\/2018\/07\/19\/genas-deux-seances-gratuites-de-cinema-en-plein-air-cet-ete\/#breadcrumb\",\"itemListElement\":[{\"@type\":\"ListItem\",\"position\":1,\"name\":\"Accueil\",\"item\":\"https:\/\/newsestlyonnais.fr\/site\/\"},{\"@type\":\"ListItem\",\"position\":2,\"name\":\"GENAS | Deux s\u00e9ances gratuites de cin\u00e9ma en plein air cet \u00e9t\u00e9 !\"}]},{\"@type\":\"WebSite\",\"@id\":\"https:\/\/newsestlyonnais.fr\/site\/#website\",\"url\":\"https:\/\/newsestlyonnais.fr\/site\/\",\"name\":\"News Est Lyonnais\",\"description\":\"L&#039;actualit\u00e9 au plus pr\u00e8s\",\"publisher\":{\"@id\":\"https:\/\/newsestlyonnais.fr\/site\/#organization\"},\"potentialAction\":[{\"@type\":\"SearchAction\",\"target\":{\"@type\":\"EntryPoint\",\"urlTemplate\":\"https:\/\/newsestlyonnais.fr\/site\/?s={search_term_string}\"},\"query-input\":{\"@type\":\"PropertyValueSpecification\",\"valueRequired\":true,\"valueName\":\"search_term_string\"}}],\"inLanguage\":\"fr-FR\"},{\"@type\":\"Organization\",\"@id\":\"https:\/\/newsestlyonnais.fr\/site\/#organization\",\"name\":\"News EST LYONNAIS\",\"url\":\"https:\/\/newsestlyonnais.fr\/site\/\",\"logo\":{\"@type\":\"ImageObject\",\"inLanguage\":\"fr-FR\",\"@id\":\"https:\/\/newsestlyonnais.fr\/site\/#\/schema\/logo\/image\/\",\"url\":\"\",\"contentUrl\":\"\",\"caption\":\"News EST LYONNAIS\"},\"image\":{\"@id\":\"https:\/\/newsestlyonnais.fr\/site\/#\/schema\/logo\/image\/\"}},{\"@type\":\"Person\",\"@id\":\"https:\/\/newsestlyonnais.fr\/site\/#\/schema\/person\/3230d5615f390bb808365d673001e887\",\"name\":\"R\u00e9dac. NEWS\",\"sameAs\":[\"http:\/\/www.newsestlyonnais.fr\",\"https:\/\/www.facebook.com\/pascal.oberson.1?fref=ts\",\"https:\/\/fr.linkedin.com\/in\/pascal-oberson-b17045113\"],\"url\":\"https:\/\/newsestlyonnais.fr\/site\/author\/nel\/\"}]}<\/script>\n<!-- \/ Yoast SEO plugin. -->","yoast_head_json":{"title":"GENAS : Deux s\u00e9ances gratuites de cin\u00e9ma en plein air cet \u00e9t\u00e9 !","description":"GENAS : Deux s\u00e9ances gratuites de cin\u00e9ma en plein air cet \u00e9t\u00e9 !","robots":{"index":"index","follow":"follow","max-snippet":"max-snippet:-1","max-image-preview":"max-image-preview:large","max-video-preview":"max-video-preview:-1"},"canonical":"https:\/\/newsestlyonnais.fr\/site\/2018\/07\/19\/genas-deux-seances-gratuites-de-cinema-en-plein-air-cet-ete\/","og_locale":"fr_FR","og_type":"article","og_title":"GENAS : Deux s\u00e9ances gratuites de cin\u00e9ma en plein air cet \u00e9t\u00e9 !","og_description":"GENAS : Deux s\u00e9ances gratuites de cin\u00e9ma en plein air cet \u00e9t\u00e9 !","og_url":"https:\/\/newsestlyonnais.fr\/site\/2018\/07\/19\/genas-deux-seances-gratuites-de-cinema-en-plein-air-cet-ete\/","og_site_name":"News Est Lyonnais","article_author":"https:\/\/www.facebook.com\/pascal.oberson.1?fref=ts","article_published_time":"2018-07-19T13:06:28+00:00","article_modified_time":"2020-10-30T13:35:08+00:00","og_image":[{"width":1654,"height":2338,"url":"https:\/\/i1.wp.com\/newsestlyonnais.fr\/site\/wp-content\/uploads\/2018\/07\/NEWSESTLYONNAIS-CINEMA-EN-PLEIN-AIR.jpg?fit=1654%2C2338&ssl=1","type":"image\/jpeg"}],"author":"R\u00e9dac. NEWS","twitter_card":"summary_large_image","twitter_misc":{"\u00c9crit par":"R\u00e9dac. NEWS","Dur\u00e9e de lecture estim\u00e9e":"1 minute"},"schema":{"@context":"https:\/\/schema.org","@graph":[{"@type":"Article","@id":"https:\/\/newsestlyonnais.fr\/site\/2018\/07\/19\/genas-deux-seances-gratuites-de-cinema-en-plein-air-cet-ete\/#article","isPartOf":{"@id":"https:\/\/newsestlyonnais.fr\/site\/2018\/07\/19\/genas-deux-seances-gratuites-de-cinema-en-plein-air-cet-ete\/"},"author":{"name":"R\u00e9dac. NEWS","@id":"https:\/\/newsestlyonnais.fr\/site\/#\/schema\/person\/3230d5615f390bb808365d673001e887"},"headline":"GENAS | Deux s\u00e9ances gratuites de cin\u00e9ma en plein air cet \u00e9t\u00e9 !","datePublished":"2018-07-19T13:06:28+00:00","dateModified":"2020-10-30T13:35:08+00:00","mainEntityOfPage":{"@id":"https:\/\/newsestlyonnais.fr\/site\/2018\/07\/19\/genas-deux-seances-gratuites-de-cinema-en-plein-air-cet-ete\/"},"wordCount":252,"commentCount":0,"publisher":{"@id":"https:\/\/newsestlyonnais.fr\/site\/#organization"},"image":{"@id":"https:\/\/newsestlyonnais.fr\/site\/2018\/07\/19\/genas-deux-seances-gratuites-de-cinema-en-plein-air-cet-ete\/#primaryimage"},"thumbnailUrl":"https:\/\/newsestlyonnais.fr\/site\/wp-content\/uploads\/2018\/07\/NEWSESTLYONNAIS-CINEMA-EN-PLEIN-AIR.jpg","articleSection":["CCEL | Communes","Cin\u00e9 | Radio | Th\u00e9\u00e2tre","Genas"],"inLanguage":"fr-FR","potentialAction":[{"@type":"CommentAction","name":"Comment","target":["https:\/\/newsestlyonnais.fr\/site\/2018\/07\/19\/genas-deux-seances-gratuites-de-cinema-en-plein-air-cet-ete\/#respond"]}]},{"@type":"WebPage","@id":"https:\/\/newsestlyonnais.fr\/site\/2018\/07\/19\/genas-deux-seances-gratuites-de-cinema-en-plein-air-cet-ete\/","url":"https:\/\/newsestlyonnais.fr\/site\/2018\/07\/19\/genas-deux-seances-gratuites-de-cinema-en-plein-air-cet-ete\/","name":"GENAS : Deux s\u00e9ances gratuites de cin\u00e9ma en plein air cet \u00e9t\u00e9 !","isPartOf":{"@id":"https:\/\/newsestlyonnais.fr\/site\/#website"},"primaryImageOfPage":{"@id":"https:\/\/newsestlyonnais.fr\/site\/2018\/07\/19\/genas-deux-seances-gratuites-de-cinema-en-plein-air-cet-ete\/#primaryimage"},"image":{"@id":"https:\/\/newsestlyonnais.fr\/site\/2018\/07\/19\/genas-deux-seances-gratuites-de-cinema-en-plein-air-cet-ete\/#primaryimage"},"thumbnailUrl":"https:\/\/newsestlyonnais.fr\/site\/wp-content\/uploads\/2018\/07\/NEWSESTLYONNAIS-CINEMA-EN-PLEIN-AIR.jpg","datePublished":"2018-07-19T13:06:28+00:00","dateModified":"2020-10-30T13:35:08+00:00","description":"GENAS : Deux s\u00e9ances gratuites de cin\u00e9ma en plein air cet \u00e9t\u00e9 !","breadcrumb":{"@id":"https:\/\/newsestlyonnais.fr\/site\/2018\/07\/19\/genas-deux-seances-gratuites-de-cinema-en-plein-air-cet-ete\/#breadcrumb"},"inLanguage":"fr-FR","potentialAction":[{"@type":"ReadAction","target":["https:\/\/newsestlyonnais.fr\/site\/2018\/07\/19\/genas-deux-seances-gratuites-de-cinema-en-plein-air-cet-ete\/"]}]},{"@type":"ImageObject","inLanguage":"fr-FR","@id":"https:\/\/newsestlyonnais.fr\/site\/2018\/07\/19\/genas-deux-seances-gratuites-de-cinema-en-plein-air-cet-ete\/#primaryimage","url":"https:\/\/newsestlyonnais.fr\/site\/wp-content\/uploads\/2018\/07\/NEWSESTLYONNAIS-CINEMA-EN-PLEIN-AIR.jpg","contentUrl":"https:\/\/newsestlyonnais.fr\/site\/wp-content\/uploads\/2018\/07\/NEWSESTLYONNAIS-CINEMA-EN-PLEIN-AIR.jpg","width":1654,"height":2338,"caption":"CINEMA EN PLEIN AIR"},{"@type":"BreadcrumbList","@id":"https:\/\/newsestlyonnais.fr\/site\/2018\/07\/19\/genas-deux-seances-gratuites-de-cinema-en-plein-air-cet-ete\/#breadcrumb","itemListElement":[{"@type":"ListItem","position":1,"name":"Accueil","item":"https:\/\/newsestlyonnais.fr\/site\/"},{"@type":"ListItem","position":2,"name":"GENAS | Deux s\u00e9ances gratuites de cin\u00e9ma en plein air cet \u00e9t\u00e9 !"}]},{"@type":"WebSite","@id":"https:\/\/newsestlyonnais.fr\/site\/#website","url":"https:\/\/newsestlyonnais.fr\/site\/","name":"News Est Lyonnais","description":"L&#039;actualit\u00e9 au plus pr\u00e8s","publisher":{"@id":"https:\/\/newsestlyonnais.fr\/site\/#organization"},"potentialAction":[{"@type":"SearchAction","target":{"@type":"EntryPoint","urlTemplate":"https:\/\/newsestlyonnais.fr\/site\/?s={search_term_string}"},"query-input":{"@type":"PropertyValueSpecification","valueRequired":true,"valueName":"search_term_string"}}],"inLanguage":"fr-FR"},{"@type":"Organization","@id":"https:\/\/newsestlyonnais.fr\/site\/#organization","name":"News EST LYONNAIS","url":"https:\/\/newsestlyonnais.fr\/site\/","logo":{"@type":"ImageObject","inLanguage":"fr-FR","@id":"https:\/\/newsestlyonnais.fr\/site\/#\/schema\/logo\/image\/","url":"","contentUrl":"","caption":"News EST LYONNAIS"},"image":{"@id":"https:\/\/newsestlyonnais.fr\/site\/#\/schema\/logo\/image\/"}},{"@type":"Person","@id":"https:\/\/newsestlyonnais.fr\/site\/#\/schema\/person\/3230d5615f390bb808365d673001e887","name":"R\u00e9dac. NEWS","sameAs":["http:\/\/www.newsestlyonnais.fr","https:\/\/www.facebook.com\/pascal.oberson.1?fref=ts","https:\/\/fr.linkedin.com\/in\/pascal-oberson-b17045113"],"url":"https:\/\/newsestlyonnais.fr\/site\/author\/nel\/"}]}},"_links":{"self":[{"href":"https:\/\/newsestlyonnais.fr\/site\/wp-json\/wp\/v2\/posts\/54184","targetHints":{"allow":["GET"]}}],"collection":[{"href":"https:\/\/newsestlyonnais.fr\/site\/wp-json\/wp\/v2\/posts"}],"about":[{"href":"https:\/\/newsestlyonnais.fr\/site\/wp-json\/wp\/v2\/types\/post"}],"author":[{"embeddable":true,"href":"https:\/\/newsestlyonnais.fr\/site\/wp-json\/wp\/v2\/users\/4"}],"replies":[{"embeddable":true,"href":"https:\/\/newsestlyonnais.fr\/site\/wp-json\/wp\/v2\/comments?post=54184"}],"version-history":[{"count":0,"href":"https:\/\/newsestlyonnais.fr\/site\/wp-json\/wp\/v2\/posts\/54184\/revisions"}],"wp:featuredmedia":[{"embeddable":true,"href":"https:\/\/newsestlyonnais.fr\/site\/wp-json\/wp\/v2\/media\/52829"}],"wp:attachment":[{"href":"https:\/\/newsestlyonnais.fr\/site\/wp-json\/wp\/v2\/media?parent=54184"}],"wp:term":[{"taxonomy":"category","embeddable":true,"href":"https:\/\/newsestlyonnais.fr\/site\/wp-json\/wp\/v2\/categories?post=54184"},{"taxonomy":"post_tag","embeddable":true,"href":"https:\/\/newsestlyonnais.fr\/site\/wp-json\/wp\/v2\/tags?post=54184"}],"curies":[{"name":"wp","href":"https:\/\/api.w.org\/{rel}","templated":true}]}}