{"id":54261,"date":"2018-07-18T12:53:33","date_gmt":"2018-07-18T11:53:33","guid":{"rendered":"http:\/\/newsestlyonnais.fr\/site\/?p=54261"},"modified":"2020-11-15T12:22:19","modified_gmt":"2020-11-15T11:22:19","slug":"transports-bien-anticiper-la-rentree-scolaire-en-souscrivant-son-abonnement","status":"publish","type":"post","link":"https:\/\/newsestlyonnais.fr\/site\/2018\/07\/18\/transports-bien-anticiper-la-rentree-scolaire-en-souscrivant-son-abonnement\/","title":{"rendered":"Transports | Bien anticiper la rentr\u00e9e scolaire en souscrivant son abonnement !"},"content":{"rendered":"<p>Comme chaque ann\u00e9e, TCL invite les parents d\u2019\u00e9l\u00e8ves \u00e0 anticiper la rentr\u00e9e en souscrivant le(s) abonnement(s) de leur(s) enfant(s) d\u00e8s maintenant et ainsi, pouvoir profiter d\u2019un avantage fid\u00e9lit\u00e9 !<\/p>\n<ul>\n<li>\u00a0<span style=\"text-decoration: underline\"><strong>SOUSCRIPTION \u00c0 L\u2019ABONNEMENT PASS SCOLAIRE<\/strong><\/span> : Destin\u00e9 aux scolaires, coll\u00e9giens et lyc\u00e9ens, l\u2019 abonnement Pass Scolaire peut \u00eatre souscrit uniquement par correspondance. Les 50. 000 abonn\u00e9s scolaires ont re\u00e7u courant mai, \u00e0 leur domicile, un formulaire pour renouveler leur abonnement. Apr\u00e8s avoir<br \/>\nrempli le document et joint les pi\u00e8ces n\u00e9cessaires selon la situation de l\u2019enfant, les parents ont le choix de proc\u00e9der au r\u00e8glement soit en une fois par ch\u00e8que bancaire, soit par pr\u00e9l\u00e8vement automatique (l\u2019encaissement n\u2019est r\u00e9alis\u00e9 qu\u2019en septembre).<br \/>\nLes nouveaux arrivants dans la m\u00e9tropole peuvent se procurer le formulaire d\u2019abonnement sur tcl.fr ou directement dans le futur \u00e9tablissement scolaire de leur(s) enfant(s).<\/li>\n<li><span style=\"text-decoration: underline\"><strong>UNE ANTICIPATION R\u00c9COMPENS\u00c9E !<\/strong><\/span><br \/>\nPour avoir anticip\u00e9 ses d\u00e9marches, TCL offre <strong>500 points de fid\u00e9lit\u00e9<\/strong> ce qui \u00e9quivaut \u00e0 50 validations sur le r\u00e9seau. Points qui viendront s\u2019ajouter \u00e0 la cagnotte du programme fid\u00e9lit\u00e9 TCL que le client pourra ensuite \u00e9changer en cadeaux (place de cin\u00e9ma, repas dans un restaurant, carnet de tickets TCL, escape game).<\/li>\n<\/ul>\n<p><strong>Plus d\u2019infos sur le programme fid\u00e9lit\u00e9 TCL : <a href=\"http:\/\/fidelite.tcl.fr\" target=\"_blank\" rel=\"noopener noreferrer\">http:\/\/fidelite.tcl.fr<\/a><\/strong><\/p>\n","protected":false},"excerpt":{"rendered":"<p>Comme chaque ann\u00e9e, TCL invite les parents d\u2019\u00e9l\u00e8ves \u00e0 anticiper la rentr\u00e9e en souscrivant le(s) abonnement(s) de leur(s) enfant(s) d\u00e8s maintenant et ainsi, pouvoir profiter d\u2019un avantage fid\u00e9lit\u00e9 ! \u00a0SOUSCRIPTION \u00c0 L\u2019ABONNEMENT PASS SCOLAIRE : Destin\u00e9 aux scolaires, coll\u00e9giens et lyc\u00e9ens, l\u2019 abonnement Pass Scolaire peut \u00eatre souscrit uniquement par correspondance. Les 50. 000 abonn\u00e9s [&hellip;]<\/p>\n","protected":false},"author":4,"featured_media":25760,"comment_status":"open","ping_status":"open","sticky":false,"template":"","format":"standard","meta":{"footnotes":""},"categories":[173,13],"tags":[],"class_list":["post-54261","post","type-post","status-publish","format-standard","has-post-thumbnail","hentry","category-scolaire","category-transports-circulation"],"yoast_head":"<!-- This site is optimized with the Yoast SEO plugin v27.2 - https:\/\/yoast.com\/product\/yoast-seo-wordpress\/ -->\n<title>Transports : Bien anticiper la rentr\u00e9e scolaire en souscrivant son abonnement !<\/title>\n<meta name=\"description\" content=\"Transports : Bien anticiper la rentr\u00e9e scolaire en souscrivant son abonnement !\" \/>\n<meta name=\"robots\" content=\"index, follow, max-snippet:-1, max-image-preview:large, max-video-preview:-1\" \/>\n<link rel=\"canonical\" href=\"https:\/\/newsestlyonnais.fr\/site\/2018\/07\/18\/transports-bien-anticiper-la-rentree-scolaire-en-souscrivant-son-abonnement\/\" \/>\n<meta property=\"og:locale\" content=\"fr_FR\" \/>\n<meta property=\"og:type\" content=\"article\" \/>\n<meta property=\"og:title\" content=\"Transports : Bien anticiper la rentr\u00e9e scolaire en souscrivant son abonnement !\" \/>\n<meta property=\"og:description\" content=\"Transports : Bien anticiper la rentr\u00e9e scolaire en souscrivant son abonnement !\" \/>\n<meta property=\"og:url\" content=\"https:\/\/newsestlyonnais.fr\/site\/2018\/07\/18\/transports-bien-anticiper-la-rentree-scolaire-en-souscrivant-son-abonnement\/\" \/>\n<meta property=\"og:site_name\" content=\"News Est Lyonnais\" \/>\n<meta property=\"article:author\" content=\"https:\/\/www.facebook.com\/pascal.oberson.1?fref=ts\" \/>\n<meta property=\"article:published_time\" content=\"2018-07-18T11:53:33+00:00\" \/>\n<meta property=\"article:modified_time\" content=\"2020-11-15T11:22:19+00:00\" \/>\n<meta property=\"og:image\" content=\"https:\/\/i2.wp.com\/newsestlyonnais.fr\/site\/wp-content\/uploads\/2017\/04\/NewsEstLyonnais-Flash-Info.png?fit=1000%2C750&ssl=1\" \/>\n\t<meta property=\"og:image:width\" content=\"1000\" \/>\n\t<meta property=\"og:image:height\" content=\"750\" \/>\n\t<meta property=\"og:image:type\" content=\"image\/png\" \/>\n<meta name=\"author\" content=\"R\u00e9dac. NEWS\" \/>\n<meta name=\"twitter:card\" content=\"summary_large_image\" \/>\n<meta name=\"twitter:label1\" content=\"\u00c9crit par\" \/>\n\t<meta name=\"twitter:data1\" content=\"R\u00e9dac. NEWS\" \/>\n\t<meta name=\"twitter:label2\" content=\"Dur\u00e9e de lecture estim\u00e9e\" \/>\n\t<meta name=\"twitter:data2\" content=\"1 minute\" \/>\n<script type=\"application\/ld+json\" class=\"yoast-schema-graph\">{\"@context\":\"https:\/\/schema.org\",\"@graph\":[{\"@type\":\"Article\",\"@id\":\"https:\/\/newsestlyonnais.fr\/site\/2018\/07\/18\/transports-bien-anticiper-la-rentree-scolaire-en-souscrivant-son-abonnement\/#article\",\"isPartOf\":{\"@id\":\"https:\/\/newsestlyonnais.fr\/site\/2018\/07\/18\/transports-bien-anticiper-la-rentree-scolaire-en-souscrivant-son-abonnement\/\"},\"author\":{\"name\":\"R\u00e9dac. NEWS\",\"@id\":\"https:\/\/newsestlyonnais.fr\/site\/#\/schema\/person\/3230d5615f390bb808365d673001e887\"},\"headline\":\"Transports | Bien anticiper la rentr\u00e9e scolaire en souscrivant son abonnement !\",\"datePublished\":\"2018-07-18T11:53:33+00:00\",\"dateModified\":\"2020-11-15T11:22:19+00:00\",\"mainEntityOfPage\":{\"@id\":\"https:\/\/newsestlyonnais.fr\/site\/2018\/07\/18\/transports-bien-anticiper-la-rentree-scolaire-en-souscrivant-son-abonnement\/\"},\"wordCount\":243,\"commentCount\":0,\"publisher\":{\"@id\":\"https:\/\/newsestlyonnais.fr\/site\/#organization\"},\"image\":{\"@id\":\"https:\/\/newsestlyonnais.fr\/site\/2018\/07\/18\/transports-bien-anticiper-la-rentree-scolaire-en-souscrivant-son-abonnement\/#primaryimage\"},\"thumbnailUrl\":\"https:\/\/newsestlyonnais.fr\/site\/wp-content\/uploads\/2017\/04\/NewsEstLyonnais-Flash-Info.png\",\"articleSection\":[\"Scolaire\",\"Transports | Circulation\"],\"inLanguage\":\"fr-FR\",\"potentialAction\":[{\"@type\":\"CommentAction\",\"name\":\"Comment\",\"target\":[\"https:\/\/newsestlyonnais.fr\/site\/2018\/07\/18\/transports-bien-anticiper-la-rentree-scolaire-en-souscrivant-son-abonnement\/#respond\"]}]},{\"@type\":\"WebPage\",\"@id\":\"https:\/\/newsestlyonnais.fr\/site\/2018\/07\/18\/transports-bien-anticiper-la-rentree-scolaire-en-souscrivant-son-abonnement\/\",\"url\":\"https:\/\/newsestlyonnais.fr\/site\/2018\/07\/18\/transports-bien-anticiper-la-rentree-scolaire-en-souscrivant-son-abonnement\/\",\"name\":\"Transports : Bien anticiper la rentr\u00e9e scolaire en souscrivant son abonnement !\",\"isPartOf\":{\"@id\":\"https:\/\/newsestlyonnais.fr\/site\/#website\"},\"primaryImageOfPage\":{\"@id\":\"https:\/\/newsestlyonnais.fr\/site\/2018\/07\/18\/transports-bien-anticiper-la-rentree-scolaire-en-souscrivant-son-abonnement\/#primaryimage\"},\"image\":{\"@id\":\"https:\/\/newsestlyonnais.fr\/site\/2018\/07\/18\/transports-bien-anticiper-la-rentree-scolaire-en-souscrivant-son-abonnement\/#primaryimage\"},\"thumbnailUrl\":\"https:\/\/newsestlyonnais.fr\/site\/wp-content\/uploads\/2017\/04\/NewsEstLyonnais-Flash-Info.png\",\"datePublished\":\"2018-07-18T11:53:33+00:00\",\"dateModified\":\"2020-11-15T11:22:19+00:00\",\"description\":\"Transports : Bien anticiper la rentr\u00e9e scolaire en souscrivant son abonnement !\",\"breadcrumb\":{\"@id\":\"https:\/\/newsestlyonnais.fr\/site\/2018\/07\/18\/transports-bien-anticiper-la-rentree-scolaire-en-souscrivant-son-abonnement\/#breadcrumb\"},\"inLanguage\":\"fr-FR\",\"potentialAction\":[{\"@type\":\"ReadAction\",\"target\":[\"https:\/\/newsestlyonnais.fr\/site\/2018\/07\/18\/transports-bien-anticiper-la-rentree-scolaire-en-souscrivant-son-abonnement\/\"]}]},{\"@type\":\"ImageObject\",\"inLanguage\":\"fr-FR\",\"@id\":\"https:\/\/newsestlyonnais.fr\/site\/2018\/07\/18\/transports-bien-anticiper-la-rentree-scolaire-en-souscrivant-son-abonnement\/#primaryimage\",\"url\":\"https:\/\/newsestlyonnais.fr\/site\/wp-content\/uploads\/2017\/04\/NewsEstLyonnais-Flash-Info.png\",\"contentUrl\":\"https:\/\/newsestlyonnais.fr\/site\/wp-content\/uploads\/2017\/04\/NewsEstLyonnais-Flash-Info.png\",\"width\":1000,\"height\":750,\"caption\":\"NewsEstLyonnais-Flash-Info\"},{\"@type\":\"BreadcrumbList\",\"@id\":\"https:\/\/newsestlyonnais.fr\/site\/2018\/07\/18\/transports-bien-anticiper-la-rentree-scolaire-en-souscrivant-son-abonnement\/#breadcrumb\",\"itemListElement\":[{\"@type\":\"ListItem\",\"position\":1,\"name\":\"Accueil\",\"item\":\"https:\/\/newsestlyonnais.fr\/site\/\"},{\"@type\":\"ListItem\",\"position\":2,\"name\":\"Transports | Bien anticiper la rentr\u00e9e scolaire en souscrivant son abonnement !\"}]},{\"@type\":\"WebSite\",\"@id\":\"https:\/\/newsestlyonnais.fr\/site\/#website\",\"url\":\"https:\/\/newsestlyonnais.fr\/site\/\",\"name\":\"News Est Lyonnais\",\"description\":\"L&#039;actualit\u00e9 au plus pr\u00e8s\",\"publisher\":{\"@id\":\"https:\/\/newsestlyonnais.fr\/site\/#organization\"},\"potentialAction\":[{\"@type\":\"SearchAction\",\"target\":{\"@type\":\"EntryPoint\",\"urlTemplate\":\"https:\/\/newsestlyonnais.fr\/site\/?s={search_term_string}\"},\"query-input\":{\"@type\":\"PropertyValueSpecification\",\"valueRequired\":true,\"valueName\":\"search_term_string\"}}],\"inLanguage\":\"fr-FR\"},{\"@type\":\"Organization\",\"@id\":\"https:\/\/newsestlyonnais.fr\/site\/#organization\",\"name\":\"News EST LYONNAIS\",\"url\":\"https:\/\/newsestlyonnais.fr\/site\/\",\"logo\":{\"@type\":\"ImageObject\",\"inLanguage\":\"fr-FR\",\"@id\":\"https:\/\/newsestlyonnais.fr\/site\/#\/schema\/logo\/image\/\",\"url\":\"\",\"contentUrl\":\"\",\"caption\":\"News EST LYONNAIS\"},\"image\":{\"@id\":\"https:\/\/newsestlyonnais.fr\/site\/#\/schema\/logo\/image\/\"}},{\"@type\":\"Person\",\"@id\":\"https:\/\/newsestlyonnais.fr\/site\/#\/schema\/person\/3230d5615f390bb808365d673001e887\",\"name\":\"R\u00e9dac. NEWS\",\"sameAs\":[\"http:\/\/www.newsestlyonnais.fr\",\"https:\/\/www.facebook.com\/pascal.oberson.1?fref=ts\",\"https:\/\/fr.linkedin.com\/in\/pascal-oberson-b17045113\"],\"url\":\"https:\/\/newsestlyonnais.fr\/site\/author\/nel\/\"}]}<\/script>\n<!-- \/ Yoast SEO plugin. -->","yoast_head_json":{"title":"Transports : Bien anticiper la rentr\u00e9e scolaire en souscrivant son abonnement !","description":"Transports : Bien anticiper la rentr\u00e9e scolaire en souscrivant son abonnement !","robots":{"index":"index","follow":"follow","max-snippet":"max-snippet:-1","max-image-preview":"max-image-preview:large","max-video-preview":"max-video-preview:-1"},"canonical":"https:\/\/newsestlyonnais.fr\/site\/2018\/07\/18\/transports-bien-anticiper-la-rentree-scolaire-en-souscrivant-son-abonnement\/","og_locale":"fr_FR","og_type":"article","og_title":"Transports : Bien anticiper la rentr\u00e9e scolaire en souscrivant son abonnement !","og_description":"Transports : Bien anticiper la rentr\u00e9e scolaire en souscrivant son abonnement !","og_url":"https:\/\/newsestlyonnais.fr\/site\/2018\/07\/18\/transports-bien-anticiper-la-rentree-scolaire-en-souscrivant-son-abonnement\/","og_site_name":"News Est Lyonnais","article_author":"https:\/\/www.facebook.com\/pascal.oberson.1?fref=ts","article_published_time":"2018-07-18T11:53:33+00:00","article_modified_time":"2020-11-15T11:22:19+00:00","og_image":[{"width":1000,"height":750,"url":"https:\/\/i2.wp.com\/newsestlyonnais.fr\/site\/wp-content\/uploads\/2017\/04\/NewsEstLyonnais-Flash-Info.png?fit=1000%2C750&ssl=1","type":"image\/png"}],"author":"R\u00e9dac. NEWS","twitter_card":"summary_large_image","twitter_misc":{"\u00c9crit par":"R\u00e9dac. NEWS","Dur\u00e9e de lecture estim\u00e9e":"1 minute"},"schema":{"@context":"https:\/\/schema.org","@graph":[{"@type":"Article","@id":"https:\/\/newsestlyonnais.fr\/site\/2018\/07\/18\/transports-bien-anticiper-la-rentree-scolaire-en-souscrivant-son-abonnement\/#article","isPartOf":{"@id":"https:\/\/newsestlyonnais.fr\/site\/2018\/07\/18\/transports-bien-anticiper-la-rentree-scolaire-en-souscrivant-son-abonnement\/"},"author":{"name":"R\u00e9dac. NEWS","@id":"https:\/\/newsestlyonnais.fr\/site\/#\/schema\/person\/3230d5615f390bb808365d673001e887"},"headline":"Transports | Bien anticiper la rentr\u00e9e scolaire en souscrivant son abonnement !","datePublished":"2018-07-18T11:53:33+00:00","dateModified":"2020-11-15T11:22:19+00:00","mainEntityOfPage":{"@id":"https:\/\/newsestlyonnais.fr\/site\/2018\/07\/18\/transports-bien-anticiper-la-rentree-scolaire-en-souscrivant-son-abonnement\/"},"wordCount":243,"commentCount":0,"publisher":{"@id":"https:\/\/newsestlyonnais.fr\/site\/#organization"},"image":{"@id":"https:\/\/newsestlyonnais.fr\/site\/2018\/07\/18\/transports-bien-anticiper-la-rentree-scolaire-en-souscrivant-son-abonnement\/#primaryimage"},"thumbnailUrl":"https:\/\/newsestlyonnais.fr\/site\/wp-content\/uploads\/2017\/04\/NewsEstLyonnais-Flash-Info.png","articleSection":["Scolaire","Transports | Circulation"],"inLanguage":"fr-FR","potentialAction":[{"@type":"CommentAction","name":"Comment","target":["https:\/\/newsestlyonnais.fr\/site\/2018\/07\/18\/transports-bien-anticiper-la-rentree-scolaire-en-souscrivant-son-abonnement\/#respond"]}]},{"@type":"WebPage","@id":"https:\/\/newsestlyonnais.fr\/site\/2018\/07\/18\/transports-bien-anticiper-la-rentree-scolaire-en-souscrivant-son-abonnement\/","url":"https:\/\/newsestlyonnais.fr\/site\/2018\/07\/18\/transports-bien-anticiper-la-rentree-scolaire-en-souscrivant-son-abonnement\/","name":"Transports : Bien anticiper la rentr\u00e9e scolaire en souscrivant son abonnement !","isPartOf":{"@id":"https:\/\/newsestlyonnais.fr\/site\/#website"},"primaryImageOfPage":{"@id":"https:\/\/newsestlyonnais.fr\/site\/2018\/07\/18\/transports-bien-anticiper-la-rentree-scolaire-en-souscrivant-son-abonnement\/#primaryimage"},"image":{"@id":"https:\/\/newsestlyonnais.fr\/site\/2018\/07\/18\/transports-bien-anticiper-la-rentree-scolaire-en-souscrivant-son-abonnement\/#primaryimage"},"thumbnailUrl":"https:\/\/newsestlyonnais.fr\/site\/wp-content\/uploads\/2017\/04\/NewsEstLyonnais-Flash-Info.png","datePublished":"2018-07-18T11:53:33+00:00","dateModified":"2020-11-15T11:22:19+00:00","description":"Transports : Bien anticiper la rentr\u00e9e scolaire en souscrivant son abonnement !","breadcrumb":{"@id":"https:\/\/newsestlyonnais.fr\/site\/2018\/07\/18\/transports-bien-anticiper-la-rentree-scolaire-en-souscrivant-son-abonnement\/#breadcrumb"},"inLanguage":"fr-FR","potentialAction":[{"@type":"ReadAction","target":["https:\/\/newsestlyonnais.fr\/site\/2018\/07\/18\/transports-bien-anticiper-la-rentree-scolaire-en-souscrivant-son-abonnement\/"]}]},{"@type":"ImageObject","inLanguage":"fr-FR","@id":"https:\/\/newsestlyonnais.fr\/site\/2018\/07\/18\/transports-bien-anticiper-la-rentree-scolaire-en-souscrivant-son-abonnement\/#primaryimage","url":"https:\/\/newsestlyonnais.fr\/site\/wp-content\/uploads\/2017\/04\/NewsEstLyonnais-Flash-Info.png","contentUrl":"https:\/\/newsestlyonnais.fr\/site\/wp-content\/uploads\/2017\/04\/NewsEstLyonnais-Flash-Info.png","width":1000,"height":750,"caption":"NewsEstLyonnais-Flash-Info"},{"@type":"BreadcrumbList","@id":"https:\/\/newsestlyonnais.fr\/site\/2018\/07\/18\/transports-bien-anticiper-la-rentree-scolaire-en-souscrivant-son-abonnement\/#breadcrumb","itemListElement":[{"@type":"ListItem","position":1,"name":"Accueil","item":"https:\/\/newsestlyonnais.fr\/site\/"},{"@type":"ListItem","position":2,"name":"Transports | Bien anticiper la rentr\u00e9e scolaire en souscrivant son abonnement !"}]},{"@type":"WebSite","@id":"https:\/\/newsestlyonnais.fr\/site\/#website","url":"https:\/\/newsestlyonnais.fr\/site\/","name":"News Est Lyonnais","description":"L&#039;actualit\u00e9 au plus pr\u00e8s","publisher":{"@id":"https:\/\/newsestlyonnais.fr\/site\/#organization"},"potentialAction":[{"@type":"SearchAction","target":{"@type":"EntryPoint","urlTemplate":"https:\/\/newsestlyonnais.fr\/site\/?s={search_term_string}"},"query-input":{"@type":"PropertyValueSpecification","valueRequired":true,"valueName":"search_term_string"}}],"inLanguage":"fr-FR"},{"@type":"Organization","@id":"https:\/\/newsestlyonnais.fr\/site\/#organization","name":"News EST LYONNAIS","url":"https:\/\/newsestlyonnais.fr\/site\/","logo":{"@type":"ImageObject","inLanguage":"fr-FR","@id":"https:\/\/newsestlyonnais.fr\/site\/#\/schema\/logo\/image\/","url":"","contentUrl":"","caption":"News EST LYONNAIS"},"image":{"@id":"https:\/\/newsestlyonnais.fr\/site\/#\/schema\/logo\/image\/"}},{"@type":"Person","@id":"https:\/\/newsestlyonnais.fr\/site\/#\/schema\/person\/3230d5615f390bb808365d673001e887","name":"R\u00e9dac. NEWS","sameAs":["http:\/\/www.newsestlyonnais.fr","https:\/\/www.facebook.com\/pascal.oberson.1?fref=ts","https:\/\/fr.linkedin.com\/in\/pascal-oberson-b17045113"],"url":"https:\/\/newsestlyonnais.fr\/site\/author\/nel\/"}]}},"_links":{"self":[{"href":"https:\/\/newsestlyonnais.fr\/site\/wp-json\/wp\/v2\/posts\/54261","targetHints":{"allow":["GET"]}}],"collection":[{"href":"https:\/\/newsestlyonnais.fr\/site\/wp-json\/wp\/v2\/posts"}],"about":[{"href":"https:\/\/newsestlyonnais.fr\/site\/wp-json\/wp\/v2\/types\/post"}],"author":[{"embeddable":true,"href":"https:\/\/newsestlyonnais.fr\/site\/wp-json\/wp\/v2\/users\/4"}],"replies":[{"embeddable":true,"href":"https:\/\/newsestlyonnais.fr\/site\/wp-json\/wp\/v2\/comments?post=54261"}],"version-history":[{"count":0,"href":"https:\/\/newsestlyonnais.fr\/site\/wp-json\/wp\/v2\/posts\/54261\/revisions"}],"wp:featuredmedia":[{"embeddable":true,"href":"https:\/\/newsestlyonnais.fr\/site\/wp-json\/wp\/v2\/media\/25760"}],"wp:attachment":[{"href":"https:\/\/newsestlyonnais.fr\/site\/wp-json\/wp\/v2\/media?parent=54261"}],"wp:term":[{"taxonomy":"category","embeddable":true,"href":"https:\/\/newsestlyonnais.fr\/site\/wp-json\/wp\/v2\/categories?post=54261"},{"taxonomy":"post_tag","embeddable":true,"href":"https:\/\/newsestlyonnais.fr\/site\/wp-json\/wp\/v2\/tags?post=54261"}],"curies":[{"name":"wp","href":"https:\/\/api.w.org\/{rel}","templated":true}]}}