{"id":54274,"date":"2018-07-21T07:08:38","date_gmt":"2018-07-21T06:08:38","guid":{"rendered":"http:\/\/newsestlyonnais.fr\/site\/?p=54274"},"modified":"2020-11-06T06:39:06","modified_gmt":"2020-11-06T05:39:06","slug":"decines-lopen-de-tennis-sacheve-ce-samedi-apres-midi","status":"publish","type":"post","link":"https:\/\/newsestlyonnais.fr\/site\/2018\/07\/21\/decines-lopen-de-tennis-sacheve-ce-samedi-apres-midi\/","title":{"rendered":"DECINES | L\u2019Open de Tennis s&rsquo;ach\u00e8ve ce samedi apr\u00e8s-midi"},"content":{"rendered":"<div class=\"post_content\">\n<div class=\"po Dans le cadre d\u2019un partenariat mis en place avec le Tennis Club D\u00e9cines, retrouvez AU QUOTIDIEN les r\u00e9sultats de cet OPEN qui s\u2019ach\u00e8vera ce samedi. Cinq rencontres se sont d\u00e9roul\u00e9es dans la soir\u00e9e de mardi, voici les r\u00e9sultats des matchs : Seniors Dames : Delphine Gonguet (Chassieu Tennis, 15\/1) bat Oc\u00e9ane Collaudin (St Maurice, 5\/6) 7\/5, 6\/3 Seniors Messieurs : Lo\u00efc Nosengo (TC D\u00e9cines, 5\/6) bat G\u00e9rald Montaut (TC Vernaison, 4\/6) 6\/1, 6\/1 Maxime Girault (TC D\u00e9cines, 4\/6) bat Mathis Violet (TC Aix Bains, 3\/6) 6\/4, 6\/1 Seniors Messieurs 45 ans : Pascal Reby (TC Sathonay Camp, 15\/2) bat Nicolas Menon (TC D\u00e9cines, 15\/5) 6\/4, 6\/4 St\u00e9phane Carre (TC Heyrieux, 15\/2) bat Miguel Valcarcel (TC St Priest, 15\/5) 6\/2, 6\/1 NOTA: Quatre rencontres sont d\u2019autre part programm\u00e9es dans la soir\u00e9e de ce mercredi. st_content\">\n<div class=\"post_content\">\n<div class=\"post_content\">\n<div class=\"post_content\">\n<div class=\"post_content\">\n<div class=\"post_content\">\n<div class=\"post_content\">\n<div class=\"post_content\">\n<div class=\"post_content\">\n<div class=\"post_content\">\n<div class=\"post_content\">\n<div class=\"post_content\">\n<h4>Dernier jour de comp\u00e9tition pour cet Open d\u00e9marr\u00e9 il y a exactement un mois et dont les finales auront lieu cet apr\u00e8s-midi.<\/h4>\n<p>Dans le cadre d\u2019un partenariat mis en place avec le Tennis Club D\u00e9cines, retrouvez AU QUOTIDIEN les r\u00e9sultats de ce tournoi.<\/p>\n<p>Six rencontres se sont d\u00e9roul\u00e9es dans la soir\u00e9e de vendredi, voici les r\u00e9sultats des matchs :<\/p>\n<p><span style=\"text-decoration: underline\"><strong>Seniors Messieurs <\/strong><\/span>:<\/p>\n<ul>\n<li><a class=\"pl\"><b>Thomas<\/b><\/a> <strong>Brulet<\/strong> (TC Bourgoin-Jallieu, 1\/6) bat Maxime Girault (TC D\u00e9cines, 4\/6)\u00a0 \u00a0 6\/3, 6\/1<\/li>\n<li><strong>Marc Hyvernat<\/strong> (TC D\u00e9cines, 2\/6) bat Alexandre Rochon (Chassieu Tennis, 4\/.6)\u00a0\u00a0\u00a0 6\/3, 6\/2<\/li>\n<li><strong><a class=\"pl\">Antoine<\/a> Du Gardin<\/strong> (TC Lyon, 3\/6) bat <a class=\"pl\">S\u00e9bastien Gauvignon (TC St Priest, 3\/6) \u00a0 7\/5, 6\/0<\/a><\/li>\n<li><strong>Dan Cornet<\/strong> (TC Lyon, 1\/6) bat Nicolas Champavere (TC D\u00e9cines, 4\/6)\u00a0 \u00a0\u00a0 5\/7, 6\/4, 6\/2<\/li>\n<\/ul>\n<\/div>\n<\/div>\n<\/div>\n<\/div>\n<\/div>\n<\/div>\n<\/div>\n<div class=\"post_content\">\n<div class=\"post_content\">\n<div class=\"post_content\">\n<div class=\"post_content\">\n<div class=\"post_content\">\n<div class=\"post_content\">\n<div class=\"post_content\">\n<p><span style=\"text-decoration: underline\"><strong>Seniors Messieurs<\/strong> <strong>45 ans <\/strong>:<\/span><\/p>\n<ul>\n<li><a class=\"pl\"><b>Emmanuel\u00a0 Renninger <\/b>(Alliance Tennis Rhodanien, 15\/2) bat Pascal Reby (TC Sathonay Camp, 15\/2)\u00a0 6\/3, 6\/4<\/a><\/li>\n<li><a class=\"pl\"><b>Didier<\/b><\/a> <strong>Seniquette<\/strong> (ASPTT Gd Lyon, 15\/3) bat St\u00e9phane Carre (TC Heyrieux, 15\/2)\u00a0\u00a0 6\/3, 4\/6, 1\/0, puis abandon.<\/li>\n<\/ul>\n<p><span style=\"text-decoration: underline\"><strong>Le programme de ce s<\/strong><strong>amedi<\/strong><\/span><\/p>\n<ul>\n<li>\u00e0 9 h : <strong>1\/2 finales Dames seniors<\/strong> (Naomie Boulay\/Cl\u00e9mence Joly &amp; L\u00e9a Rebreyend\/Diane Follin-Arbellet)<\/li>\n<li>\u00e0 10 h 30 :<strong><strong> 1\/2 finales Messieurs Seniors <\/strong><\/strong>(Dan Cornet\/Marc Hyvernat &amp; <a class=\"pl\">Antoine<\/a> Du Gardin\/<a class=\"pl\">Thomas<\/a> Brulet).<\/li>\n<li>\u00e0 13 h 30 : <strong>Finales dames seniors et Messieurs 45<\/strong> (<a class=\"pl\">Emmanuel\u00a0 Renninger<\/a>\/<a class=\"pl\">Didier<\/a> Seniquette)<\/li>\n<li>\u00e0 15 heures : <strong>Finale Messieurs seniors<\/strong><\/li>\n<li>\u00e0 16 heures 30 : Remise des r\u00e9compenses<\/li>\n<\/ul>\n<\/div>\n<\/div>\n<\/div>\n<\/div>\n<\/div>\n<\/div>\n<\/div>\n<\/div>\n<div class=\"post_content\">\n<div class=\"post_content\">\n<div class=\"post_content\">\n<div class=\"post_content\">\n<div class=\"post_content\">\n<div class=\"post_content\">\n<div class=\"post_content\">\n<div class=\"post_content\"><strong>\u00a0<\/strong><\/div>\n<\/div>\n<\/div>\n<\/div>\n<\/div>\n<\/div>\n<\/div>\n<\/div>\n<\/div>\n<\/div>\n<\/div>\n<\/div>\n<\/div>\n","protected":false},"excerpt":{"rendered":"<p>Dernier jour de comp\u00e9tition pour cet Open d\u00e9marr\u00e9 il y a exactement un mois et dont les finales auront lieu cet apr\u00e8s-midi. Dans le cadre d\u2019un partenariat mis en place avec le Tennis Club D\u00e9cines, retrouvez AU QUOTIDIEN les r\u00e9sultats de ce tournoi. Six rencontres se sont d\u00e9roul\u00e9es dans la soir\u00e9e de vendredi, voici les [&hellip;]<\/p>\n","protected":false},"author":4,"featured_media":51160,"comment_status":"open","ping_status":"open","sticky":false,"template":"","format":"standard","meta":{"footnotes":""},"categories":[21,2992,2991],"tags":[],"class_list":["post-54274","post","type-post","status-publish","format-standard","has-post-thumbnail","hentry","category-decines-charpieu","category-tennis-padel","category-tennis-tennis-table-sports"],"yoast_head":"<!-- This site is optimized with the Yoast SEO plugin v27.2 - https:\/\/yoast.com\/product\/yoast-seo-wordpress\/ -->\n<title>DECINES : L\u2019Open de Tennis s&#039;ach\u00e8ve ce samedi apr\u00e8s-midi<\/title>\n<meta name=\"description\" content=\"DECINES : L\u2019Open de Tennis s&#039;ach\u00e8ve ce samedi apr\u00e8s-midi\" \/>\n<meta name=\"robots\" content=\"index, follow, max-snippet:-1, max-image-preview:large, max-video-preview:-1\" \/>\n<link rel=\"canonical\" href=\"https:\/\/newsestlyonnais.fr\/site\/2018\/07\/21\/decines-lopen-de-tennis-sacheve-ce-samedi-apres-midi\/\" \/>\n<meta property=\"og:locale\" content=\"fr_FR\" \/>\n<meta property=\"og:type\" content=\"article\" \/>\n<meta property=\"og:title\" content=\"DECINES : L\u2019Open de Tennis s&#039;ach\u00e8ve ce samedi apr\u00e8s-midi\" \/>\n<meta property=\"og:description\" content=\"DECINES : L\u2019Open de Tennis s&#039;ach\u00e8ve ce samedi apr\u00e8s-midi\" \/>\n<meta property=\"og:url\" content=\"https:\/\/newsestlyonnais.fr\/site\/2018\/07\/21\/decines-lopen-de-tennis-sacheve-ce-samedi-apres-midi\/\" \/>\n<meta property=\"og:site_name\" content=\"News Est Lyonnais\" \/>\n<meta property=\"article:author\" content=\"https:\/\/www.facebook.com\/pascal.oberson.1?fref=ts\" \/>\n<meta property=\"article:published_time\" content=\"2018-07-21T06:08:38+00:00\" \/>\n<meta property=\"article:modified_time\" content=\"2020-11-06T05:39:06+00:00\" \/>\n<meta property=\"og:image\" content=\"https:\/\/i2.wp.com\/newsestlyonnais.fr\/site\/wp-content\/uploads\/2018\/05\/NEWSESTLYONNAIS-OPEN-TENNIS-DECINES.jpg?fit=318%2C447&ssl=1\" \/>\n\t<meta property=\"og:image:width\" content=\"318\" \/>\n\t<meta property=\"og:image:height\" content=\"447\" \/>\n\t<meta property=\"og:image:type\" content=\"image\/jpeg\" \/>\n<meta name=\"author\" content=\"R\u00e9dac. NEWS\" \/>\n<meta name=\"twitter:card\" content=\"summary_large_image\" \/>\n<meta name=\"twitter:label1\" content=\"\u00c9crit par\" \/>\n\t<meta name=\"twitter:data1\" content=\"R\u00e9dac. NEWS\" \/>\n\t<meta name=\"twitter:label2\" content=\"Dur\u00e9e de lecture estim\u00e9e\" \/>\n\t<meta name=\"twitter:data2\" content=\"1 minute\" \/>\n<script type=\"application\/ld+json\" class=\"yoast-schema-graph\">{\"@context\":\"https:\/\/schema.org\",\"@graph\":[{\"@type\":\"Article\",\"@id\":\"https:\/\/newsestlyonnais.fr\/site\/2018\/07\/21\/decines-lopen-de-tennis-sacheve-ce-samedi-apres-midi\/#article\",\"isPartOf\":{\"@id\":\"https:\/\/newsestlyonnais.fr\/site\/2018\/07\/21\/decines-lopen-de-tennis-sacheve-ce-samedi-apres-midi\/\"},\"author\":{\"name\":\"R\u00e9dac. NEWS\",\"@id\":\"https:\/\/newsestlyonnais.fr\/site\/#\/schema\/person\/3230d5615f390bb808365d673001e887\"},\"headline\":\"DECINES | L\u2019Open de Tennis s&rsquo;ach\u00e8ve ce samedi apr\u00e8s-midi\",\"datePublished\":\"2018-07-21T06:08:38+00:00\",\"dateModified\":\"2020-11-06T05:39:06+00:00\",\"mainEntityOfPage\":{\"@id\":\"https:\/\/newsestlyonnais.fr\/site\/2018\/07\/21\/decines-lopen-de-tennis-sacheve-ce-samedi-apres-midi\/\"},\"wordCount\":205,\"commentCount\":0,\"publisher\":{\"@id\":\"https:\/\/newsestlyonnais.fr\/site\/#organization\"},\"image\":{\"@id\":\"https:\/\/newsestlyonnais.fr\/site\/2018\/07\/21\/decines-lopen-de-tennis-sacheve-ce-samedi-apres-midi\/#primaryimage\"},\"thumbnailUrl\":\"https:\/\/newsestlyonnais.fr\/site\/wp-content\/uploads\/2018\/05\/NEWSESTLYONNAIS-OPEN-TENNIS-DECINES.jpg\",\"articleSection\":[\"D\u00e9cines-Charpieu\",\"Tennis | Padel\",\"Tennis | Tennis de table\"],\"inLanguage\":\"fr-FR\",\"potentialAction\":[{\"@type\":\"CommentAction\",\"name\":\"Comment\",\"target\":[\"https:\/\/newsestlyonnais.fr\/site\/2018\/07\/21\/decines-lopen-de-tennis-sacheve-ce-samedi-apres-midi\/#respond\"]}]},{\"@type\":\"WebPage\",\"@id\":\"https:\/\/newsestlyonnais.fr\/site\/2018\/07\/21\/decines-lopen-de-tennis-sacheve-ce-samedi-apres-midi\/\",\"url\":\"https:\/\/newsestlyonnais.fr\/site\/2018\/07\/21\/decines-lopen-de-tennis-sacheve-ce-samedi-apres-midi\/\",\"name\":\"DECINES : L\u2019Open de Tennis s'ach\u00e8ve ce samedi apr\u00e8s-midi\",\"isPartOf\":{\"@id\":\"https:\/\/newsestlyonnais.fr\/site\/#website\"},\"primaryImageOfPage\":{\"@id\":\"https:\/\/newsestlyonnais.fr\/site\/2018\/07\/21\/decines-lopen-de-tennis-sacheve-ce-samedi-apres-midi\/#primaryimage\"},\"image\":{\"@id\":\"https:\/\/newsestlyonnais.fr\/site\/2018\/07\/21\/decines-lopen-de-tennis-sacheve-ce-samedi-apres-midi\/#primaryimage\"},\"thumbnailUrl\":\"https:\/\/newsestlyonnais.fr\/site\/wp-content\/uploads\/2018\/05\/NEWSESTLYONNAIS-OPEN-TENNIS-DECINES.jpg\",\"datePublished\":\"2018-07-21T06:08:38+00:00\",\"dateModified\":\"2020-11-06T05:39:06+00:00\",\"description\":\"DECINES : L\u2019Open de Tennis s'ach\u00e8ve ce samedi apr\u00e8s-midi\",\"breadcrumb\":{\"@id\":\"https:\/\/newsestlyonnais.fr\/site\/2018\/07\/21\/decines-lopen-de-tennis-sacheve-ce-samedi-apres-midi\/#breadcrumb\"},\"inLanguage\":\"fr-FR\",\"potentialAction\":[{\"@type\":\"ReadAction\",\"target\":[\"https:\/\/newsestlyonnais.fr\/site\/2018\/07\/21\/decines-lopen-de-tennis-sacheve-ce-samedi-apres-midi\/\"]}]},{\"@type\":\"ImageObject\",\"inLanguage\":\"fr-FR\",\"@id\":\"https:\/\/newsestlyonnais.fr\/site\/2018\/07\/21\/decines-lopen-de-tennis-sacheve-ce-samedi-apres-midi\/#primaryimage\",\"url\":\"https:\/\/newsestlyonnais.fr\/site\/wp-content\/uploads\/2018\/05\/NEWSESTLYONNAIS-OPEN-TENNIS-DECINES.jpg\",\"contentUrl\":\"https:\/\/newsestlyonnais.fr\/site\/wp-content\/uploads\/2018\/05\/NEWSESTLYONNAIS-OPEN-TENNIS-DECINES.jpg\",\"width\":318,\"height\":447,\"caption\":\"L'affiche du tournoi\"},{\"@type\":\"BreadcrumbList\",\"@id\":\"https:\/\/newsestlyonnais.fr\/site\/2018\/07\/21\/decines-lopen-de-tennis-sacheve-ce-samedi-apres-midi\/#breadcrumb\",\"itemListElement\":[{\"@type\":\"ListItem\",\"position\":1,\"name\":\"Accueil\",\"item\":\"https:\/\/newsestlyonnais.fr\/site\/\"},{\"@type\":\"ListItem\",\"position\":2,\"name\":\"DECINES | L\u2019Open de Tennis s&rsquo;ach\u00e8ve ce samedi apr\u00e8s-midi\"}]},{\"@type\":\"WebSite\",\"@id\":\"https:\/\/newsestlyonnais.fr\/site\/#website\",\"url\":\"https:\/\/newsestlyonnais.fr\/site\/\",\"name\":\"News Est Lyonnais\",\"description\":\"L&#039;actualit\u00e9 au plus pr\u00e8s\",\"publisher\":{\"@id\":\"https:\/\/newsestlyonnais.fr\/site\/#organization\"},\"potentialAction\":[{\"@type\":\"SearchAction\",\"target\":{\"@type\":\"EntryPoint\",\"urlTemplate\":\"https:\/\/newsestlyonnais.fr\/site\/?s={search_term_string}\"},\"query-input\":{\"@type\":\"PropertyValueSpecification\",\"valueRequired\":true,\"valueName\":\"search_term_string\"}}],\"inLanguage\":\"fr-FR\"},{\"@type\":\"Organization\",\"@id\":\"https:\/\/newsestlyonnais.fr\/site\/#organization\",\"name\":\"News EST LYONNAIS\",\"url\":\"https:\/\/newsestlyonnais.fr\/site\/\",\"logo\":{\"@type\":\"ImageObject\",\"inLanguage\":\"fr-FR\",\"@id\":\"https:\/\/newsestlyonnais.fr\/site\/#\/schema\/logo\/image\/\",\"url\":\"\",\"contentUrl\":\"\",\"caption\":\"News EST LYONNAIS\"},\"image\":{\"@id\":\"https:\/\/newsestlyonnais.fr\/site\/#\/schema\/logo\/image\/\"}},{\"@type\":\"Person\",\"@id\":\"https:\/\/newsestlyonnais.fr\/site\/#\/schema\/person\/3230d5615f390bb808365d673001e887\",\"name\":\"R\u00e9dac. NEWS\",\"sameAs\":[\"http:\/\/www.newsestlyonnais.fr\",\"https:\/\/www.facebook.com\/pascal.oberson.1?fref=ts\",\"https:\/\/fr.linkedin.com\/in\/pascal-oberson-b17045113\"],\"url\":\"https:\/\/newsestlyonnais.fr\/site\/author\/nel\/\"}]}<\/script>\n<!-- \/ Yoast SEO plugin. -->","yoast_head_json":{"title":"DECINES : L\u2019Open de Tennis s'ach\u00e8ve ce samedi apr\u00e8s-midi","description":"DECINES : L\u2019Open de Tennis s'ach\u00e8ve ce samedi apr\u00e8s-midi","robots":{"index":"index","follow":"follow","max-snippet":"max-snippet:-1","max-image-preview":"max-image-preview:large","max-video-preview":"max-video-preview:-1"},"canonical":"https:\/\/newsestlyonnais.fr\/site\/2018\/07\/21\/decines-lopen-de-tennis-sacheve-ce-samedi-apres-midi\/","og_locale":"fr_FR","og_type":"article","og_title":"DECINES : L\u2019Open de Tennis s'ach\u00e8ve ce samedi apr\u00e8s-midi","og_description":"DECINES : L\u2019Open de Tennis s'ach\u00e8ve ce samedi apr\u00e8s-midi","og_url":"https:\/\/newsestlyonnais.fr\/site\/2018\/07\/21\/decines-lopen-de-tennis-sacheve-ce-samedi-apres-midi\/","og_site_name":"News Est Lyonnais","article_author":"https:\/\/www.facebook.com\/pascal.oberson.1?fref=ts","article_published_time":"2018-07-21T06:08:38+00:00","article_modified_time":"2020-11-06T05:39:06+00:00","og_image":[{"width":318,"height":447,"url":"https:\/\/i2.wp.com\/newsestlyonnais.fr\/site\/wp-content\/uploads\/2018\/05\/NEWSESTLYONNAIS-OPEN-TENNIS-DECINES.jpg?fit=318%2C447&ssl=1","type":"image\/jpeg"}],"author":"R\u00e9dac. NEWS","twitter_card":"summary_large_image","twitter_misc":{"\u00c9crit par":"R\u00e9dac. NEWS","Dur\u00e9e de lecture estim\u00e9e":"1 minute"},"schema":{"@context":"https:\/\/schema.org","@graph":[{"@type":"Article","@id":"https:\/\/newsestlyonnais.fr\/site\/2018\/07\/21\/decines-lopen-de-tennis-sacheve-ce-samedi-apres-midi\/#article","isPartOf":{"@id":"https:\/\/newsestlyonnais.fr\/site\/2018\/07\/21\/decines-lopen-de-tennis-sacheve-ce-samedi-apres-midi\/"},"author":{"name":"R\u00e9dac. NEWS","@id":"https:\/\/newsestlyonnais.fr\/site\/#\/schema\/person\/3230d5615f390bb808365d673001e887"},"headline":"DECINES | L\u2019Open de Tennis s&rsquo;ach\u00e8ve ce samedi apr\u00e8s-midi","datePublished":"2018-07-21T06:08:38+00:00","dateModified":"2020-11-06T05:39:06+00:00","mainEntityOfPage":{"@id":"https:\/\/newsestlyonnais.fr\/site\/2018\/07\/21\/decines-lopen-de-tennis-sacheve-ce-samedi-apres-midi\/"},"wordCount":205,"commentCount":0,"publisher":{"@id":"https:\/\/newsestlyonnais.fr\/site\/#organization"},"image":{"@id":"https:\/\/newsestlyonnais.fr\/site\/2018\/07\/21\/decines-lopen-de-tennis-sacheve-ce-samedi-apres-midi\/#primaryimage"},"thumbnailUrl":"https:\/\/newsestlyonnais.fr\/site\/wp-content\/uploads\/2018\/05\/NEWSESTLYONNAIS-OPEN-TENNIS-DECINES.jpg","articleSection":["D\u00e9cines-Charpieu","Tennis | Padel","Tennis | Tennis de table"],"inLanguage":"fr-FR","potentialAction":[{"@type":"CommentAction","name":"Comment","target":["https:\/\/newsestlyonnais.fr\/site\/2018\/07\/21\/decines-lopen-de-tennis-sacheve-ce-samedi-apres-midi\/#respond"]}]},{"@type":"WebPage","@id":"https:\/\/newsestlyonnais.fr\/site\/2018\/07\/21\/decines-lopen-de-tennis-sacheve-ce-samedi-apres-midi\/","url":"https:\/\/newsestlyonnais.fr\/site\/2018\/07\/21\/decines-lopen-de-tennis-sacheve-ce-samedi-apres-midi\/","name":"DECINES : L\u2019Open de Tennis s'ach\u00e8ve ce samedi apr\u00e8s-midi","isPartOf":{"@id":"https:\/\/newsestlyonnais.fr\/site\/#website"},"primaryImageOfPage":{"@id":"https:\/\/newsestlyonnais.fr\/site\/2018\/07\/21\/decines-lopen-de-tennis-sacheve-ce-samedi-apres-midi\/#primaryimage"},"image":{"@id":"https:\/\/newsestlyonnais.fr\/site\/2018\/07\/21\/decines-lopen-de-tennis-sacheve-ce-samedi-apres-midi\/#primaryimage"},"thumbnailUrl":"https:\/\/newsestlyonnais.fr\/site\/wp-content\/uploads\/2018\/05\/NEWSESTLYONNAIS-OPEN-TENNIS-DECINES.jpg","datePublished":"2018-07-21T06:08:38+00:00","dateModified":"2020-11-06T05:39:06+00:00","description":"DECINES : L\u2019Open de Tennis s'ach\u00e8ve ce samedi apr\u00e8s-midi","breadcrumb":{"@id":"https:\/\/newsestlyonnais.fr\/site\/2018\/07\/21\/decines-lopen-de-tennis-sacheve-ce-samedi-apres-midi\/#breadcrumb"},"inLanguage":"fr-FR","potentialAction":[{"@type":"ReadAction","target":["https:\/\/newsestlyonnais.fr\/site\/2018\/07\/21\/decines-lopen-de-tennis-sacheve-ce-samedi-apres-midi\/"]}]},{"@type":"ImageObject","inLanguage":"fr-FR","@id":"https:\/\/newsestlyonnais.fr\/site\/2018\/07\/21\/decines-lopen-de-tennis-sacheve-ce-samedi-apres-midi\/#primaryimage","url":"https:\/\/newsestlyonnais.fr\/site\/wp-content\/uploads\/2018\/05\/NEWSESTLYONNAIS-OPEN-TENNIS-DECINES.jpg","contentUrl":"https:\/\/newsestlyonnais.fr\/site\/wp-content\/uploads\/2018\/05\/NEWSESTLYONNAIS-OPEN-TENNIS-DECINES.jpg","width":318,"height":447,"caption":"L'affiche du tournoi"},{"@type":"BreadcrumbList","@id":"https:\/\/newsestlyonnais.fr\/site\/2018\/07\/21\/decines-lopen-de-tennis-sacheve-ce-samedi-apres-midi\/#breadcrumb","itemListElement":[{"@type":"ListItem","position":1,"name":"Accueil","item":"https:\/\/newsestlyonnais.fr\/site\/"},{"@type":"ListItem","position":2,"name":"DECINES | L\u2019Open de Tennis s&rsquo;ach\u00e8ve ce samedi apr\u00e8s-midi"}]},{"@type":"WebSite","@id":"https:\/\/newsestlyonnais.fr\/site\/#website","url":"https:\/\/newsestlyonnais.fr\/site\/","name":"News Est Lyonnais","description":"L&#039;actualit\u00e9 au plus pr\u00e8s","publisher":{"@id":"https:\/\/newsestlyonnais.fr\/site\/#organization"},"potentialAction":[{"@type":"SearchAction","target":{"@type":"EntryPoint","urlTemplate":"https:\/\/newsestlyonnais.fr\/site\/?s={search_term_string}"},"query-input":{"@type":"PropertyValueSpecification","valueRequired":true,"valueName":"search_term_string"}}],"inLanguage":"fr-FR"},{"@type":"Organization","@id":"https:\/\/newsestlyonnais.fr\/site\/#organization","name":"News EST LYONNAIS","url":"https:\/\/newsestlyonnais.fr\/site\/","logo":{"@type":"ImageObject","inLanguage":"fr-FR","@id":"https:\/\/newsestlyonnais.fr\/site\/#\/schema\/logo\/image\/","url":"","contentUrl":"","caption":"News EST LYONNAIS"},"image":{"@id":"https:\/\/newsestlyonnais.fr\/site\/#\/schema\/logo\/image\/"}},{"@type":"Person","@id":"https:\/\/newsestlyonnais.fr\/site\/#\/schema\/person\/3230d5615f390bb808365d673001e887","name":"R\u00e9dac. NEWS","sameAs":["http:\/\/www.newsestlyonnais.fr","https:\/\/www.facebook.com\/pascal.oberson.1?fref=ts","https:\/\/fr.linkedin.com\/in\/pascal-oberson-b17045113"],"url":"https:\/\/newsestlyonnais.fr\/site\/author\/nel\/"}]}},"_links":{"self":[{"href":"https:\/\/newsestlyonnais.fr\/site\/wp-json\/wp\/v2\/posts\/54274","targetHints":{"allow":["GET"]}}],"collection":[{"href":"https:\/\/newsestlyonnais.fr\/site\/wp-json\/wp\/v2\/posts"}],"about":[{"href":"https:\/\/newsestlyonnais.fr\/site\/wp-json\/wp\/v2\/types\/post"}],"author":[{"embeddable":true,"href":"https:\/\/newsestlyonnais.fr\/site\/wp-json\/wp\/v2\/users\/4"}],"replies":[{"embeddable":true,"href":"https:\/\/newsestlyonnais.fr\/site\/wp-json\/wp\/v2\/comments?post=54274"}],"version-history":[{"count":0,"href":"https:\/\/newsestlyonnais.fr\/site\/wp-json\/wp\/v2\/posts\/54274\/revisions"}],"wp:featuredmedia":[{"embeddable":true,"href":"https:\/\/newsestlyonnais.fr\/site\/wp-json\/wp\/v2\/media\/51160"}],"wp:attachment":[{"href":"https:\/\/newsestlyonnais.fr\/site\/wp-json\/wp\/v2\/media?parent=54274"}],"wp:term":[{"taxonomy":"category","embeddable":true,"href":"https:\/\/newsestlyonnais.fr\/site\/wp-json\/wp\/v2\/categories?post=54274"},{"taxonomy":"post_tag","embeddable":true,"href":"https:\/\/newsestlyonnais.fr\/site\/wp-json\/wp\/v2\/tags?post=54274"}],"curies":[{"name":"wp","href":"https:\/\/api.w.org\/{rel}","templated":true}]}}