{"id":54305,"date":"2018-07-21T13:30:45","date_gmt":"2018-07-21T12:30:45","guid":{"rendered":"http:\/\/newsestlyonnais.fr\/site\/?p=54305"},"modified":"2018-07-29T07:00:11","modified_gmt":"2018-07-29T06:00:11","slug":"vaulx-en-velin-lagenda-des-manifestations-du-23-au-29-juillet-2018","status":"publish","type":"post","link":"https:\/\/newsestlyonnais.fr\/site\/2018\/07\/21\/vaulx-en-velin-lagenda-des-manifestations-du-23-au-29-juillet-2018\/","title":{"rendered":"VAULX EN VELIN : L\u2019agenda des manifestations du 23 au 29 juillet 2018"},"content":{"rendered":"<h4>Nombreux sont les \u00e9v\u00e8nements et manifestations qui se d\u00e9rouleront durant cette p\u00e9riode, sur la commune vaudaise, \u00e0 savoir :<\/h4>\n<ul>\n<li><strong>Jusqu\u2019au 3 ao\u00fbt, de 16 h \u00e0 20 h<\/strong> : Animations au Parc Elsa Triolet (Tout public, entr\u00e9e libre).<br \/>\nCet \u00e9t\u00e9 encore, la Ville de Vaulx-en-Velin propose de nombreuses animations sportives et culturelles au parc Elsa Triolet. Enfants, adolescents, parents : tout le monde y trouvera une activit\u00e9 amusante ! 3 espaces : familles (lecture, activit\u00e9s manuelles, bac \u00e0 sable, ferme p\u00e9dagogique, structures gonflables), sportif (rugby, football, boxe, escalade, badminton) et ludique (jeux aquatiques et bassin, structures gonflables, karting). D\u00e8s le 6 ao\u00fbt, les animations d\u00e9m\u00e9nagent au stade Aubert jusqu\u2019au 17 ao\u00fbt. Plus d&rsquo;infos au service des Sports (T\u00e9l.04.72.04.80.83) ou sur : <a href=\"http:\/\/www.vaulx-en-velin.net\/vie-associative\/actualites\/Activ-ete-2018-du-21-juin-au-3-septembre-2018#Animationsmulti\" target=\"_blank\" rel=\"noopener\">http:\/\/www.vaulx-en-velin.net\/vie-associative\/actualites\/Activ-ete-2018-du-21-juin-au-3-septembre-2018#Animationsmulti<\/a><\/li>\n<li><strong>Lundi 23 juillet, de 13 h 30 \u00e0 16 h 30<\/strong> : \u00ab\u00a0Jeux et convivialit\u00e9\u00a0\u00bb. Salle Edith Piaf, rue du M\u00e9boud. (Entr\u00e9e libre). Le Conseil des Seniors vous accueille, met \u00e0 votre disposition des jeux et vous propose un caf\u00e9 afin de passer un moment agr\u00e9able. Plus d&rsquo;infos sur les animations seniors au 04.72.04.78.40 ou sur : <a href=\"http:\/\/www.vaulx-en-velin.net\/mairie\/actualites\/Activ-ete-2018-du-21-juin-au-3-septembre-2018#s%C3%A9niors\" target=\"_blank\" rel=\"noopener\">http:\/\/www.vaulx-en-velin.net\/mairie\/actualites\/Activ-ete-2018-du-21-juin-au-3-septembre-2018#s%C3%A9niors<\/a><\/li>\n<li><strong>Mardi 24 juillet, \u00e0 21 h<\/strong> : CIN\u00c9 PLEIN\u2019AIR : \u00ab\u00a0VALERIAN ET LA CITE DES MILLES PLANETES\u00a0\u00bb (Place Roger Laurent, Pont des Planches). Tout public. Projection en plein air du film de Luc Besson. C\u2019est gratuit et ouvert \u00e0 tous ! Ce film de science-fiction raconte les aventures de Val\u00e9rian et Laureline, deux agents spatio-temporels en mission pour sauver la Cit\u00e9 des Mille Plan\u00e8tes. Cin\u00e9 Plein&rsquo;Air : 8 s\u00e9ances gratuites, programme complet sur : <a href=\"http:\/\/www.vaulx-en-velin.net\/mairie\/actualites\/Activ-ete-2018-du-21-juin-au-3-septembre-2018#cine\" target=\"_blank\" rel=\"noopener\">http:\/\/www.vaulx-en-velin.net\/mairie\/actualites\/Activ-ete-2018-du-21-juin-au-3-septembre-2018#cine<\/a><\/li>\n<li><strong>Mercredi 25 et vendredi 27 juillet de 14 h 30 \u00e0 16 h 30<\/strong> : Rendez-Vous Num\u00e9riques des Biblioth\u00e8ques PEREC et CHASSINE. (D\u00e8s 6 ans). Animations num\u00e9riques diverses : jeux vid\u00e9os, Xbox, tablettes, films, biblioconnection.<\/li>\n<li><strong>Mercredi 25 juillet, de 20 h \u00e0 minuit<\/strong>. M\u00e9diations Nomades. Place Guy Moquet (Place du march\u00e9 du Mas). Venez participer aux M\u00e9diations Nomades organis\u00e9es par le MAN (Mouvement pour une Alternative Non-violente). Activit\u00e9s tenues par un m\u00e9diateur et des b\u00e9n\u00e9voles. Tous les mercredis jusqu\u2019au 29 ao\u00fbt (15 ao\u00fbt non inclus). Changement de quartier au mois d&rsquo;ao\u00fbt.<\/li>\n<li><strong>Jeudi 26 juillet, d\u00e8s 20 h<\/strong>. Soir\u00e9e Contes avec Ernest AFRIYI\u00c9. Parc Elsa Triolet. Tout public. Ernest Afriyi\u00e9 revisite avec fac\u00e9tie des contes imagin\u00e9s par des animaux pleins d\u2019esprit. Un voyage bigarr\u00e9 \u00e0 travers les continents et les cultures, pour petits et grands.<\/li>\n<li><strong>Jeudi 26 juillet, \u00e0 21<\/strong> h. CIN\u00c9 PLEIN\u2019AIR : MOI, MOCHE ET M\u00c9CHANT 3. Th\u00e9\u00e2tre de Verdure, parc Elsa Triolet. Tout public. Projection en plein air du c\u00e9l\u00e8bre film d&rsquo;animation, avec les voix de Gad Elmaleh et d&rsquo;Audrey Lamy. C\u2019est gratuit et ouvert \u00e0 tous ! Dans ce 3\u00b0opus, Gru et son f\u00e8re jumeau Dru, vont devoir s\u2019unir pour affronter une ancienne star des ann\u00e9es 80.<\/li>\n<\/ul>\n<p><strong>Retrouvez l&rsquo;ACTU de la commune sur<\/strong> : <a href=\"http:\/\/www.vaulx-en-velin.net\" target=\"_blank\" rel=\"noopener\">http:\/\/www.vaulx-en-velin.net<\/a><\/p>\n","protected":false},"excerpt":{"rendered":"<p>Nombreux sont les \u00e9v\u00e8nements et manifestations qui se d\u00e9rouleront durant cette p\u00e9riode, sur la commune vaudaise, \u00e0 savoir : Jusqu\u2019au 3 ao\u00fbt, de 16 h \u00e0 20 h : Animations au Parc Elsa Triolet (Tout public, entr\u00e9e libre). Cet \u00e9t\u00e9 encore, la Ville de Vaulx-en-Velin propose de nombreuses animations sportives et culturelles au parc Elsa [&hellip;]<\/p>\n","protected":false},"author":4,"featured_media":25509,"comment_status":"open","ping_status":"open","sticky":false,"template":"","format":"standard","meta":{"footnotes":""},"categories":[30,28],"tags":[],"class_list":["post-54305","post","type-post","status-publish","format-standard","has-post-thumbnail","hentry","category-a-la-une","category-vaulx-en-velin"],"yoast_head":"<!-- This site is optimized with the Yoast SEO plugin v27.2 - https:\/\/yoast.com\/product\/yoast-seo-wordpress\/ -->\n<title>VAULX EN VELIN : L\u2019agenda des manifestations du 23 au 29 juillet 2018<\/title>\n<meta name=\"description\" content=\"VAULX EN VELIN : L\u2019agenda des manifestations du 23 au 29 juillet 2018\" \/>\n<meta name=\"robots\" content=\"index, follow, max-snippet:-1, max-image-preview:large, max-video-preview:-1\" \/>\n<link rel=\"canonical\" href=\"https:\/\/newsestlyonnais.fr\/site\/2018\/07\/21\/vaulx-en-velin-lagenda-des-manifestations-du-23-au-29-juillet-2018\/\" \/>\n<meta property=\"og:locale\" content=\"fr_FR\" \/>\n<meta property=\"og:type\" content=\"article\" \/>\n<meta property=\"og:title\" content=\"VAULX EN VELIN : L\u2019agenda des manifestations du 23 au 29 juillet 2018\" \/>\n<meta property=\"og:description\" content=\"VAULX EN VELIN : L\u2019agenda des manifestations du 23 au 29 juillet 2018\" \/>\n<meta property=\"og:url\" content=\"https:\/\/newsestlyonnais.fr\/site\/2018\/07\/21\/vaulx-en-velin-lagenda-des-manifestations-du-23-au-29-juillet-2018\/\" \/>\n<meta property=\"og:site_name\" content=\"News Est Lyonnais\" \/>\n<meta property=\"article:author\" content=\"https:\/\/www.facebook.com\/pascal.oberson.1?fref=ts\" \/>\n<meta property=\"article:published_time\" content=\"2018-07-21T12:30:45+00:00\" \/>\n<meta property=\"article:modified_time\" content=\"2018-07-29T06:00:11+00:00\" \/>\n<meta property=\"og:image\" content=\"https:\/\/i1.wp.com\/newsestlyonnais.fr\/site\/wp-content\/uploads\/2017\/05\/NEWSESTLYONNAIS-PaNNEAU-VAULX-.jpg?fit=1000%2C750&ssl=1\" \/>\n\t<meta property=\"og:image:width\" content=\"1000\" \/>\n\t<meta property=\"og:image:height\" content=\"750\" \/>\n\t<meta property=\"og:image:type\" content=\"image\/jpeg\" \/>\n<meta name=\"author\" content=\"R\u00e9dac. NEWS\" \/>\n<meta name=\"twitter:card\" content=\"summary_large_image\" \/>\n<meta name=\"twitter:label1\" content=\"\u00c9crit par\" \/>\n\t<meta name=\"twitter:data1\" content=\"R\u00e9dac. NEWS\" \/>\n\t<meta name=\"twitter:label2\" content=\"Dur\u00e9e de lecture estim\u00e9e\" \/>\n\t<meta name=\"twitter:data2\" content=\"2 minutes\" \/>\n<script type=\"application\/ld+json\" class=\"yoast-schema-graph\">{\"@context\":\"https:\/\/schema.org\",\"@graph\":[{\"@type\":\"Article\",\"@id\":\"https:\/\/newsestlyonnais.fr\/site\/2018\/07\/21\/vaulx-en-velin-lagenda-des-manifestations-du-23-au-29-juillet-2018\/#article\",\"isPartOf\":{\"@id\":\"https:\/\/newsestlyonnais.fr\/site\/2018\/07\/21\/vaulx-en-velin-lagenda-des-manifestations-du-23-au-29-juillet-2018\/\"},\"author\":{\"name\":\"R\u00e9dac. NEWS\",\"@id\":\"https:\/\/newsestlyonnais.fr\/site\/#\/schema\/person\/3230d5615f390bb808365d673001e887\"},\"headline\":\"VAULX EN VELIN : L\u2019agenda des manifestations du 23 au 29 juillet 2018\",\"datePublished\":\"2018-07-21T12:30:45+00:00\",\"dateModified\":\"2018-07-29T06:00:11+00:00\",\"mainEntityOfPage\":{\"@id\":\"https:\/\/newsestlyonnais.fr\/site\/2018\/07\/21\/vaulx-en-velin-lagenda-des-manifestations-du-23-au-29-juillet-2018\/\"},\"wordCount\":507,\"commentCount\":0,\"publisher\":{\"@id\":\"https:\/\/newsestlyonnais.fr\/site\/#organization\"},\"image\":{\"@id\":\"https:\/\/newsestlyonnais.fr\/site\/2018\/07\/21\/vaulx-en-velin-lagenda-des-manifestations-du-23-au-29-juillet-2018\/#primaryimage\"},\"thumbnailUrl\":\"https:\/\/newsestlyonnais.fr\/site\/wp-content\/uploads\/2017\/05\/NEWSESTLYONNAIS-PaNNEAU-VAULX-.jpg\",\"articleSection\":[\"\u00e0 la une\",\"Vaulx-en-Velin\"],\"inLanguage\":\"fr-FR\",\"potentialAction\":[{\"@type\":\"CommentAction\",\"name\":\"Comment\",\"target\":[\"https:\/\/newsestlyonnais.fr\/site\/2018\/07\/21\/vaulx-en-velin-lagenda-des-manifestations-du-23-au-29-juillet-2018\/#respond\"]}]},{\"@type\":\"WebPage\",\"@id\":\"https:\/\/newsestlyonnais.fr\/site\/2018\/07\/21\/vaulx-en-velin-lagenda-des-manifestations-du-23-au-29-juillet-2018\/\",\"url\":\"https:\/\/newsestlyonnais.fr\/site\/2018\/07\/21\/vaulx-en-velin-lagenda-des-manifestations-du-23-au-29-juillet-2018\/\",\"name\":\"VAULX EN VELIN : L\u2019agenda des manifestations du 23 au 29 juillet 2018\",\"isPartOf\":{\"@id\":\"https:\/\/newsestlyonnais.fr\/site\/#website\"},\"primaryImageOfPage\":{\"@id\":\"https:\/\/newsestlyonnais.fr\/site\/2018\/07\/21\/vaulx-en-velin-lagenda-des-manifestations-du-23-au-29-juillet-2018\/#primaryimage\"},\"image\":{\"@id\":\"https:\/\/newsestlyonnais.fr\/site\/2018\/07\/21\/vaulx-en-velin-lagenda-des-manifestations-du-23-au-29-juillet-2018\/#primaryimage\"},\"thumbnailUrl\":\"https:\/\/newsestlyonnais.fr\/site\/wp-content\/uploads\/2017\/05\/NEWSESTLYONNAIS-PaNNEAU-VAULX-.jpg\",\"datePublished\":\"2018-07-21T12:30:45+00:00\",\"dateModified\":\"2018-07-29T06:00:11+00:00\",\"description\":\"VAULX EN VELIN : L\u2019agenda des manifestations du 23 au 29 juillet 2018\",\"breadcrumb\":{\"@id\":\"https:\/\/newsestlyonnais.fr\/site\/2018\/07\/21\/vaulx-en-velin-lagenda-des-manifestations-du-23-au-29-juillet-2018\/#breadcrumb\"},\"inLanguage\":\"fr-FR\",\"potentialAction\":[{\"@type\":\"ReadAction\",\"target\":[\"https:\/\/newsestlyonnais.fr\/site\/2018\/07\/21\/vaulx-en-velin-lagenda-des-manifestations-du-23-au-29-juillet-2018\/\"]}]},{\"@type\":\"ImageObject\",\"inLanguage\":\"fr-FR\",\"@id\":\"https:\/\/newsestlyonnais.fr\/site\/2018\/07\/21\/vaulx-en-velin-lagenda-des-manifestations-du-23-au-29-juillet-2018\/#primaryimage\",\"url\":\"https:\/\/newsestlyonnais.fr\/site\/wp-content\/uploads\/2017\/05\/NEWSESTLYONNAIS-PaNNEAU-VAULX-.jpg\",\"contentUrl\":\"https:\/\/newsestlyonnais.fr\/site\/wp-content\/uploads\/2017\/05\/NEWSESTLYONNAIS-PaNNEAU-VAULX-.jpg\",\"width\":1000,\"height\":750,\"caption\":\"NEWSESTLYONNAIS - PaNNEAU VAULX\"},{\"@type\":\"BreadcrumbList\",\"@id\":\"https:\/\/newsestlyonnais.fr\/site\/2018\/07\/21\/vaulx-en-velin-lagenda-des-manifestations-du-23-au-29-juillet-2018\/#breadcrumb\",\"itemListElement\":[{\"@type\":\"ListItem\",\"position\":1,\"name\":\"Accueil\",\"item\":\"https:\/\/newsestlyonnais.fr\/site\/\"},{\"@type\":\"ListItem\",\"position\":2,\"name\":\"VAULX EN VELIN : L\u2019agenda des manifestations du 23 au 29 juillet 2018\"}]},{\"@type\":\"WebSite\",\"@id\":\"https:\/\/newsestlyonnais.fr\/site\/#website\",\"url\":\"https:\/\/newsestlyonnais.fr\/site\/\",\"name\":\"News Est Lyonnais\",\"description\":\"L&#039;actualit\u00e9 au plus pr\u00e8s\",\"publisher\":{\"@id\":\"https:\/\/newsestlyonnais.fr\/site\/#organization\"},\"potentialAction\":[{\"@type\":\"SearchAction\",\"target\":{\"@type\":\"EntryPoint\",\"urlTemplate\":\"https:\/\/newsestlyonnais.fr\/site\/?s={search_term_string}\"},\"query-input\":{\"@type\":\"PropertyValueSpecification\",\"valueRequired\":true,\"valueName\":\"search_term_string\"}}],\"inLanguage\":\"fr-FR\"},{\"@type\":\"Organization\",\"@id\":\"https:\/\/newsestlyonnais.fr\/site\/#organization\",\"name\":\"News EST LYONNAIS\",\"url\":\"https:\/\/newsestlyonnais.fr\/site\/\",\"logo\":{\"@type\":\"ImageObject\",\"inLanguage\":\"fr-FR\",\"@id\":\"https:\/\/newsestlyonnais.fr\/site\/#\/schema\/logo\/image\/\",\"url\":\"\",\"contentUrl\":\"\",\"caption\":\"News EST LYONNAIS\"},\"image\":{\"@id\":\"https:\/\/newsestlyonnais.fr\/site\/#\/schema\/logo\/image\/\"}},{\"@type\":\"Person\",\"@id\":\"https:\/\/newsestlyonnais.fr\/site\/#\/schema\/person\/3230d5615f390bb808365d673001e887\",\"name\":\"R\u00e9dac. NEWS\",\"sameAs\":[\"http:\/\/www.newsestlyonnais.fr\",\"https:\/\/www.facebook.com\/pascal.oberson.1?fref=ts\",\"https:\/\/fr.linkedin.com\/in\/pascal-oberson-b17045113\"],\"url\":\"https:\/\/newsestlyonnais.fr\/site\/author\/nel\/\"}]}<\/script>\n<!-- \/ Yoast SEO plugin. -->","yoast_head_json":{"title":"VAULX EN VELIN : L\u2019agenda des manifestations du 23 au 29 juillet 2018","description":"VAULX EN VELIN : L\u2019agenda des manifestations du 23 au 29 juillet 2018","robots":{"index":"index","follow":"follow","max-snippet":"max-snippet:-1","max-image-preview":"max-image-preview:large","max-video-preview":"max-video-preview:-1"},"canonical":"https:\/\/newsestlyonnais.fr\/site\/2018\/07\/21\/vaulx-en-velin-lagenda-des-manifestations-du-23-au-29-juillet-2018\/","og_locale":"fr_FR","og_type":"article","og_title":"VAULX EN VELIN : L\u2019agenda des manifestations du 23 au 29 juillet 2018","og_description":"VAULX EN VELIN : L\u2019agenda des manifestations du 23 au 29 juillet 2018","og_url":"https:\/\/newsestlyonnais.fr\/site\/2018\/07\/21\/vaulx-en-velin-lagenda-des-manifestations-du-23-au-29-juillet-2018\/","og_site_name":"News Est Lyonnais","article_author":"https:\/\/www.facebook.com\/pascal.oberson.1?fref=ts","article_published_time":"2018-07-21T12:30:45+00:00","article_modified_time":"2018-07-29T06:00:11+00:00","og_image":[{"width":1000,"height":750,"url":"https:\/\/i1.wp.com\/newsestlyonnais.fr\/site\/wp-content\/uploads\/2017\/05\/NEWSESTLYONNAIS-PaNNEAU-VAULX-.jpg?fit=1000%2C750&ssl=1","type":"image\/jpeg"}],"author":"R\u00e9dac. NEWS","twitter_card":"summary_large_image","twitter_misc":{"\u00c9crit par":"R\u00e9dac. NEWS","Dur\u00e9e de lecture estim\u00e9e":"2 minutes"},"schema":{"@context":"https:\/\/schema.org","@graph":[{"@type":"Article","@id":"https:\/\/newsestlyonnais.fr\/site\/2018\/07\/21\/vaulx-en-velin-lagenda-des-manifestations-du-23-au-29-juillet-2018\/#article","isPartOf":{"@id":"https:\/\/newsestlyonnais.fr\/site\/2018\/07\/21\/vaulx-en-velin-lagenda-des-manifestations-du-23-au-29-juillet-2018\/"},"author":{"name":"R\u00e9dac. NEWS","@id":"https:\/\/newsestlyonnais.fr\/site\/#\/schema\/person\/3230d5615f390bb808365d673001e887"},"headline":"VAULX EN VELIN : L\u2019agenda des manifestations du 23 au 29 juillet 2018","datePublished":"2018-07-21T12:30:45+00:00","dateModified":"2018-07-29T06:00:11+00:00","mainEntityOfPage":{"@id":"https:\/\/newsestlyonnais.fr\/site\/2018\/07\/21\/vaulx-en-velin-lagenda-des-manifestations-du-23-au-29-juillet-2018\/"},"wordCount":507,"commentCount":0,"publisher":{"@id":"https:\/\/newsestlyonnais.fr\/site\/#organization"},"image":{"@id":"https:\/\/newsestlyonnais.fr\/site\/2018\/07\/21\/vaulx-en-velin-lagenda-des-manifestations-du-23-au-29-juillet-2018\/#primaryimage"},"thumbnailUrl":"https:\/\/newsestlyonnais.fr\/site\/wp-content\/uploads\/2017\/05\/NEWSESTLYONNAIS-PaNNEAU-VAULX-.jpg","articleSection":["\u00e0 la une","Vaulx-en-Velin"],"inLanguage":"fr-FR","potentialAction":[{"@type":"CommentAction","name":"Comment","target":["https:\/\/newsestlyonnais.fr\/site\/2018\/07\/21\/vaulx-en-velin-lagenda-des-manifestations-du-23-au-29-juillet-2018\/#respond"]}]},{"@type":"WebPage","@id":"https:\/\/newsestlyonnais.fr\/site\/2018\/07\/21\/vaulx-en-velin-lagenda-des-manifestations-du-23-au-29-juillet-2018\/","url":"https:\/\/newsestlyonnais.fr\/site\/2018\/07\/21\/vaulx-en-velin-lagenda-des-manifestations-du-23-au-29-juillet-2018\/","name":"VAULX EN VELIN : L\u2019agenda des manifestations du 23 au 29 juillet 2018","isPartOf":{"@id":"https:\/\/newsestlyonnais.fr\/site\/#website"},"primaryImageOfPage":{"@id":"https:\/\/newsestlyonnais.fr\/site\/2018\/07\/21\/vaulx-en-velin-lagenda-des-manifestations-du-23-au-29-juillet-2018\/#primaryimage"},"image":{"@id":"https:\/\/newsestlyonnais.fr\/site\/2018\/07\/21\/vaulx-en-velin-lagenda-des-manifestations-du-23-au-29-juillet-2018\/#primaryimage"},"thumbnailUrl":"https:\/\/newsestlyonnais.fr\/site\/wp-content\/uploads\/2017\/05\/NEWSESTLYONNAIS-PaNNEAU-VAULX-.jpg","datePublished":"2018-07-21T12:30:45+00:00","dateModified":"2018-07-29T06:00:11+00:00","description":"VAULX EN VELIN : L\u2019agenda des manifestations du 23 au 29 juillet 2018","breadcrumb":{"@id":"https:\/\/newsestlyonnais.fr\/site\/2018\/07\/21\/vaulx-en-velin-lagenda-des-manifestations-du-23-au-29-juillet-2018\/#breadcrumb"},"inLanguage":"fr-FR","potentialAction":[{"@type":"ReadAction","target":["https:\/\/newsestlyonnais.fr\/site\/2018\/07\/21\/vaulx-en-velin-lagenda-des-manifestations-du-23-au-29-juillet-2018\/"]}]},{"@type":"ImageObject","inLanguage":"fr-FR","@id":"https:\/\/newsestlyonnais.fr\/site\/2018\/07\/21\/vaulx-en-velin-lagenda-des-manifestations-du-23-au-29-juillet-2018\/#primaryimage","url":"https:\/\/newsestlyonnais.fr\/site\/wp-content\/uploads\/2017\/05\/NEWSESTLYONNAIS-PaNNEAU-VAULX-.jpg","contentUrl":"https:\/\/newsestlyonnais.fr\/site\/wp-content\/uploads\/2017\/05\/NEWSESTLYONNAIS-PaNNEAU-VAULX-.jpg","width":1000,"height":750,"caption":"NEWSESTLYONNAIS - PaNNEAU VAULX"},{"@type":"BreadcrumbList","@id":"https:\/\/newsestlyonnais.fr\/site\/2018\/07\/21\/vaulx-en-velin-lagenda-des-manifestations-du-23-au-29-juillet-2018\/#breadcrumb","itemListElement":[{"@type":"ListItem","position":1,"name":"Accueil","item":"https:\/\/newsestlyonnais.fr\/site\/"},{"@type":"ListItem","position":2,"name":"VAULX EN VELIN : L\u2019agenda des manifestations du 23 au 29 juillet 2018"}]},{"@type":"WebSite","@id":"https:\/\/newsestlyonnais.fr\/site\/#website","url":"https:\/\/newsestlyonnais.fr\/site\/","name":"News Est Lyonnais","description":"L&#039;actualit\u00e9 au plus pr\u00e8s","publisher":{"@id":"https:\/\/newsestlyonnais.fr\/site\/#organization"},"potentialAction":[{"@type":"SearchAction","target":{"@type":"EntryPoint","urlTemplate":"https:\/\/newsestlyonnais.fr\/site\/?s={search_term_string}"},"query-input":{"@type":"PropertyValueSpecification","valueRequired":true,"valueName":"search_term_string"}}],"inLanguage":"fr-FR"},{"@type":"Organization","@id":"https:\/\/newsestlyonnais.fr\/site\/#organization","name":"News EST LYONNAIS","url":"https:\/\/newsestlyonnais.fr\/site\/","logo":{"@type":"ImageObject","inLanguage":"fr-FR","@id":"https:\/\/newsestlyonnais.fr\/site\/#\/schema\/logo\/image\/","url":"","contentUrl":"","caption":"News EST LYONNAIS"},"image":{"@id":"https:\/\/newsestlyonnais.fr\/site\/#\/schema\/logo\/image\/"}},{"@type":"Person","@id":"https:\/\/newsestlyonnais.fr\/site\/#\/schema\/person\/3230d5615f390bb808365d673001e887","name":"R\u00e9dac. NEWS","sameAs":["http:\/\/www.newsestlyonnais.fr","https:\/\/www.facebook.com\/pascal.oberson.1?fref=ts","https:\/\/fr.linkedin.com\/in\/pascal-oberson-b17045113"],"url":"https:\/\/newsestlyonnais.fr\/site\/author\/nel\/"}]}},"_links":{"self":[{"href":"https:\/\/newsestlyonnais.fr\/site\/wp-json\/wp\/v2\/posts\/54305","targetHints":{"allow":["GET"]}}],"collection":[{"href":"https:\/\/newsestlyonnais.fr\/site\/wp-json\/wp\/v2\/posts"}],"about":[{"href":"https:\/\/newsestlyonnais.fr\/site\/wp-json\/wp\/v2\/types\/post"}],"author":[{"embeddable":true,"href":"https:\/\/newsestlyonnais.fr\/site\/wp-json\/wp\/v2\/users\/4"}],"replies":[{"embeddable":true,"href":"https:\/\/newsestlyonnais.fr\/site\/wp-json\/wp\/v2\/comments?post=54305"}],"version-history":[{"count":0,"href":"https:\/\/newsestlyonnais.fr\/site\/wp-json\/wp\/v2\/posts\/54305\/revisions"}],"wp:featuredmedia":[{"embeddable":true,"href":"https:\/\/newsestlyonnais.fr\/site\/wp-json\/wp\/v2\/media\/25509"}],"wp:attachment":[{"href":"https:\/\/newsestlyonnais.fr\/site\/wp-json\/wp\/v2\/media?parent=54305"}],"wp:term":[{"taxonomy":"category","embeddable":true,"href":"https:\/\/newsestlyonnais.fr\/site\/wp-json\/wp\/v2\/categories?post=54305"},{"taxonomy":"post_tag","embeddable":true,"href":"https:\/\/newsestlyonnais.fr\/site\/wp-json\/wp\/v2\/tags?post=54305"}],"curies":[{"name":"wp","href":"https:\/\/api.w.org\/{rel}","templated":true}]}}