{"id":54418,"date":"2018-07-23T09:44:06","date_gmt":"2018-07-23T08:44:06","guid":{"rendered":"http:\/\/newsestlyonnais.fr\/site\/?p=54418"},"modified":"2020-11-02T08:52:01","modified_gmt":"2020-11-02T07:52:01","slug":"villeurbanne-la-triple-sauteuse-victoria-josse-asvel-athle-championne-de-france-junior","status":"publish","type":"post","link":"https:\/\/newsestlyonnais.fr\/site\/2018\/07\/23\/villeurbanne-la-triple-sauteuse-victoria-josse-asvel-athle-championne-de-france-junior\/","title":{"rendered":"VILLEURBANNE | La triple sauteuse Victoria Josse (ASVEL Athl\u00e9) championne de France junior"},"content":{"rendered":"<div class=\"_1e-x _n4o\">\n<div class=\"_3_bl\">\n<div class=\"_5w1r _3_om _5wdf\">\n<div class=\"_4gx_\">\n<h4>Performances et belles places s&rsquo;enchainent pour la jeune triple sauteuse villeurbannaise (17 ans) et licenci\u00e9e \u00e0 l&rsquo;ASVEL Athl\u00e9tisme.<\/h4>\n<div>Tout juste une semaine apr\u00e8s avoir d\u00e9croch\u00e9 une belle 12\u00b0 place suite \u00e0 son triple saut de 13 m 03 aux Mondiaux juniors \u00e0 Temp\u00e9r\u00e9 en Finlande, elle a saut\u00e9 1<span class=\"_5yl5\">2 m 99 ce week-end au 6\u00b0 essai du concours, pour remporter le titre de <strong>championne de France junior<\/strong> au stade Robert Bobin \u00e0 Bondoufle.<\/span><\/div>\n<\/div>\n<\/div>\n<\/div>\n<\/div>\n<div><\/div>\n<div>&#8211;&nbsp; Retrouvez l&rsquo;ACTU du club sur :&nbsp;<a href=\"https:\/\/www.asvelathle.fr\" target=\"_blank\" rel=\"noopener noreferrer\">https:\/\/www.asvelathle.fr<\/a><\/div>\n<div><\/div>\n<div><img loading=\"lazy\" decoding=\"async\" class=\"size-medium wp-image-54421 aligncenter\" src=\"https:\/\/newsestlyonnais.fr\/site\/medias\/2018\/07\/NEWSESTLYONNAIS-JOSSE-CHAM-FRANCE-225x300.jpg\" alt=\"NEWSESTLYONNAIS JOSSE CHAM FRANCE\" width=\"225\" height=\"300\" srcset=\"https:\/\/newsestlyonnais.fr\/site\/wp-content\/uploads\/2018\/07\/NEWSESTLYONNAIS-JOSSE-CHAM-FRANCE-225x300.jpg 225w, https:\/\/newsestlyonnais.fr\/site\/wp-content\/uploads\/2018\/07\/NEWSESTLYONNAIS-JOSSE-CHAM-FRANCE-563x750.jpg 563w, https:\/\/newsestlyonnais.fr\/site\/wp-content\/uploads\/2018\/07\/NEWSESTLYONNAIS-JOSSE-CHAM-FRANCE-600x800.jpg 600w, https:\/\/newsestlyonnais.fr\/site\/wp-content\/uploads\/2018\/07\/NEWSESTLYONNAIS-JOSSE-CHAM-FRANCE.jpg 720w\" sizes=\"auto, (max-width: 225px) 100vw, 225px\" \/><\/div>\n","protected":false},"excerpt":{"rendered":"<p>Performances et belles places s&rsquo;enchainent pour la jeune triple sauteuse villeurbannaise (17 ans) et licenci\u00e9e \u00e0 l&rsquo;ASVEL Athl\u00e9tisme. Tout juste une semaine apr\u00e8s avoir d\u00e9croch\u00e9 une belle 12\u00b0 place suite \u00e0 son triple saut de 13 m 03 aux Mondiaux juniors \u00e0 Temp\u00e9r\u00e9 en Finlande, elle a saut\u00e9 12 m 99 ce week-end au 6\u00b0 [&hellip;]<\/p>\n","protected":false},"author":4,"featured_media":34368,"comment_status":"open","ping_status":"open","sticky":false,"template":"","format":"standard","meta":{"footnotes":""},"categories":[2968,29],"tags":[],"class_list":["post-54418","post","type-post","status-publish","format-standard","has-post-thumbnail","hentry","category-athle-course-pied-marche","category-villeurbanne"],"yoast_head":"<!-- This site is optimized with the Yoast SEO plugin v27.2 - https:\/\/yoast.com\/product\/yoast-seo-wordpress\/ -->\n<title>VILLEURBANNE | La triple sauteuse Victoria Josse (ASVEL Athl\u00e9) championne de France junior - News Est Lyonnais<\/title>\n<meta name=\"description\" content=\"VILLEURBANNE : La triple sauteuse Victoria Josse (ASVEL Athl\u00e9) de retour des Mondiaux juniors est sacr\u00e9e championne de France junior !\" \/>\n<meta name=\"robots\" content=\"index, follow, max-snippet:-1, max-image-preview:large, max-video-preview:-1\" \/>\n<link rel=\"canonical\" href=\"https:\/\/newsestlyonnais.fr\/site\/2018\/07\/23\/villeurbanne-la-triple-sauteuse-victoria-josse-asvel-athle-championne-de-france-junior\/\" \/>\n<meta property=\"og:locale\" content=\"fr_FR\" \/>\n<meta property=\"og:type\" content=\"article\" \/>\n<meta property=\"og:title\" content=\"VILLEURBANNE | La triple sauteuse Victoria Josse (ASVEL Athl\u00e9) championne de France junior - News Est Lyonnais\" \/>\n<meta property=\"og:description\" content=\"VILLEURBANNE : La triple sauteuse Victoria Josse (ASVEL Athl\u00e9) de retour des Mondiaux juniors est sacr\u00e9e championne de France junior !\" \/>\n<meta property=\"og:url\" content=\"https:\/\/newsestlyonnais.fr\/site\/2018\/07\/23\/villeurbanne-la-triple-sauteuse-victoria-josse-asvel-athle-championne-de-france-junior\/\" \/>\n<meta property=\"og:site_name\" content=\"News Est Lyonnais\" \/>\n<meta property=\"article:author\" content=\"https:\/\/www.facebook.com\/pascal.oberson.1?fref=ts\" \/>\n<meta property=\"article:published_time\" content=\"2018-07-23T08:44:06+00:00\" \/>\n<meta property=\"article:modified_time\" content=\"2020-11-02T07:52:01+00:00\" \/>\n<meta property=\"og:image\" content=\"https:\/\/i2.wp.com\/newsestlyonnais.fr\/site\/wp-content\/uploads\/2017\/01\/NEWSESTLYONNAIS-FEYSSINE-logo-asvel-athle.jpg?fit=1000%2C750&ssl=1\" \/>\n\t<meta property=\"og:image:width\" content=\"1000\" \/>\n\t<meta property=\"og:image:height\" content=\"750\" \/>\n\t<meta property=\"og:image:type\" content=\"image\/jpeg\" \/>\n<meta name=\"author\" content=\"R\u00e9dac. NEWS\" \/>\n<meta name=\"twitter:card\" content=\"summary_large_image\" \/>\n<meta name=\"twitter:label1\" content=\"\u00c9crit par\" \/>\n\t<meta name=\"twitter:data1\" content=\"R\u00e9dac. NEWS\" \/>\n<script type=\"application\/ld+json\" class=\"yoast-schema-graph\">{\"@context\":\"https:\/\/schema.org\",\"@graph\":[{\"@type\":\"Article\",\"@id\":\"https:\/\/newsestlyonnais.fr\/site\/2018\/07\/23\/villeurbanne-la-triple-sauteuse-victoria-josse-asvel-athle-championne-de-france-junior\/#article\",\"isPartOf\":{\"@id\":\"https:\/\/newsestlyonnais.fr\/site\/2018\/07\/23\/villeurbanne-la-triple-sauteuse-victoria-josse-asvel-athle-championne-de-france-junior\/\"},\"author\":{\"name\":\"R\u00e9dac. NEWS\",\"@id\":\"https:\/\/newsestlyonnais.fr\/site\/#\/schema\/person\/3230d5615f390bb808365d673001e887\"},\"headline\":\"VILLEURBANNE | La triple sauteuse Victoria Josse (ASVEL Athl\u00e9) championne de France junior\",\"datePublished\":\"2018-07-23T08:44:06+00:00\",\"dateModified\":\"2020-11-02T07:52:01+00:00\",\"mainEntityOfPage\":{\"@id\":\"https:\/\/newsestlyonnais.fr\/site\/2018\/07\/23\/villeurbanne-la-triple-sauteuse-victoria-josse-asvel-athle-championne-de-france-junior\/\"},\"wordCount\":94,\"commentCount\":0,\"publisher\":{\"@id\":\"https:\/\/newsestlyonnais.fr\/site\/#organization\"},\"image\":{\"@id\":\"https:\/\/newsestlyonnais.fr\/site\/2018\/07\/23\/villeurbanne-la-triple-sauteuse-victoria-josse-asvel-athle-championne-de-france-junior\/#primaryimage\"},\"thumbnailUrl\":\"https:\/\/newsestlyonnais.fr\/site\/wp-content\/uploads\/2017\/01\/NEWSESTLYONNAIS-FEYSSINE-logo-asvel-athle.jpg\",\"articleSection\":[\"Athl\u00e9 | Course pied | Marche\",\"Villeurbanne\"],\"inLanguage\":\"fr-FR\",\"potentialAction\":[{\"@type\":\"CommentAction\",\"name\":\"Comment\",\"target\":[\"https:\/\/newsestlyonnais.fr\/site\/2018\/07\/23\/villeurbanne-la-triple-sauteuse-victoria-josse-asvel-athle-championne-de-france-junior\/#respond\"]}]},{\"@type\":\"WebPage\",\"@id\":\"https:\/\/newsestlyonnais.fr\/site\/2018\/07\/23\/villeurbanne-la-triple-sauteuse-victoria-josse-asvel-athle-championne-de-france-junior\/\",\"url\":\"https:\/\/newsestlyonnais.fr\/site\/2018\/07\/23\/villeurbanne-la-triple-sauteuse-victoria-josse-asvel-athle-championne-de-france-junior\/\",\"name\":\"VILLEURBANNE | La triple sauteuse Victoria Josse (ASVEL Athl\u00e9) championne de France junior - News Est Lyonnais\",\"isPartOf\":{\"@id\":\"https:\/\/newsestlyonnais.fr\/site\/#website\"},\"primaryImageOfPage\":{\"@id\":\"https:\/\/newsestlyonnais.fr\/site\/2018\/07\/23\/villeurbanne-la-triple-sauteuse-victoria-josse-asvel-athle-championne-de-france-junior\/#primaryimage\"},\"image\":{\"@id\":\"https:\/\/newsestlyonnais.fr\/site\/2018\/07\/23\/villeurbanne-la-triple-sauteuse-victoria-josse-asvel-athle-championne-de-france-junior\/#primaryimage\"},\"thumbnailUrl\":\"https:\/\/newsestlyonnais.fr\/site\/wp-content\/uploads\/2017\/01\/NEWSESTLYONNAIS-FEYSSINE-logo-asvel-athle.jpg\",\"datePublished\":\"2018-07-23T08:44:06+00:00\",\"dateModified\":\"2020-11-02T07:52:01+00:00\",\"description\":\"VILLEURBANNE : La triple sauteuse Victoria Josse (ASVEL Athl\u00e9) de retour des Mondiaux juniors est sacr\u00e9e championne de France junior !\",\"breadcrumb\":{\"@id\":\"https:\/\/newsestlyonnais.fr\/site\/2018\/07\/23\/villeurbanne-la-triple-sauteuse-victoria-josse-asvel-athle-championne-de-france-junior\/#breadcrumb\"},\"inLanguage\":\"fr-FR\",\"potentialAction\":[{\"@type\":\"ReadAction\",\"target\":[\"https:\/\/newsestlyonnais.fr\/site\/2018\/07\/23\/villeurbanne-la-triple-sauteuse-victoria-josse-asvel-athle-championne-de-france-junior\/\"]}]},{\"@type\":\"ImageObject\",\"inLanguage\":\"fr-FR\",\"@id\":\"https:\/\/newsestlyonnais.fr\/site\/2018\/07\/23\/villeurbanne-la-triple-sauteuse-victoria-josse-asvel-athle-championne-de-france-junior\/#primaryimage\",\"url\":\"https:\/\/newsestlyonnais.fr\/site\/wp-content\/uploads\/2017\/01\/NEWSESTLYONNAIS-FEYSSINE-logo-asvel-athle.jpg\",\"contentUrl\":\"https:\/\/newsestlyonnais.fr\/site\/wp-content\/uploads\/2017\/01\/NEWSESTLYONNAIS-FEYSSINE-logo-asvel-athle.jpg\",\"width\":1000,\"height\":750,\"caption\":\"NEWSESTLYONNAIS - FEYSSINE logo asvel athle\"},{\"@type\":\"BreadcrumbList\",\"@id\":\"https:\/\/newsestlyonnais.fr\/site\/2018\/07\/23\/villeurbanne-la-triple-sauteuse-victoria-josse-asvel-athle-championne-de-france-junior\/#breadcrumb\",\"itemListElement\":[{\"@type\":\"ListItem\",\"position\":1,\"name\":\"Accueil\",\"item\":\"https:\/\/newsestlyonnais.fr\/site\/\"},{\"@type\":\"ListItem\",\"position\":2,\"name\":\"VILLEURBANNE | La triple sauteuse Victoria Josse (ASVEL Athl\u00e9) championne de France junior\"}]},{\"@type\":\"WebSite\",\"@id\":\"https:\/\/newsestlyonnais.fr\/site\/#website\",\"url\":\"https:\/\/newsestlyonnais.fr\/site\/\",\"name\":\"News Est Lyonnais\",\"description\":\"L&#039;actualit\u00e9 au plus pr\u00e8s\",\"publisher\":{\"@id\":\"https:\/\/newsestlyonnais.fr\/site\/#organization\"},\"potentialAction\":[{\"@type\":\"SearchAction\",\"target\":{\"@type\":\"EntryPoint\",\"urlTemplate\":\"https:\/\/newsestlyonnais.fr\/site\/?s={search_term_string}\"},\"query-input\":{\"@type\":\"PropertyValueSpecification\",\"valueRequired\":true,\"valueName\":\"search_term_string\"}}],\"inLanguage\":\"fr-FR\"},{\"@type\":\"Organization\",\"@id\":\"https:\/\/newsestlyonnais.fr\/site\/#organization\",\"name\":\"News EST LYONNAIS\",\"url\":\"https:\/\/newsestlyonnais.fr\/site\/\",\"logo\":{\"@type\":\"ImageObject\",\"inLanguage\":\"fr-FR\",\"@id\":\"https:\/\/newsestlyonnais.fr\/site\/#\/schema\/logo\/image\/\",\"url\":\"\",\"contentUrl\":\"\",\"caption\":\"News EST LYONNAIS\"},\"image\":{\"@id\":\"https:\/\/newsestlyonnais.fr\/site\/#\/schema\/logo\/image\/\"}},{\"@type\":\"Person\",\"@id\":\"https:\/\/newsestlyonnais.fr\/site\/#\/schema\/person\/3230d5615f390bb808365d673001e887\",\"name\":\"R\u00e9dac. NEWS\",\"sameAs\":[\"http:\/\/www.newsestlyonnais.fr\",\"https:\/\/www.facebook.com\/pascal.oberson.1?fref=ts\",\"https:\/\/fr.linkedin.com\/in\/pascal-oberson-b17045113\"],\"url\":\"https:\/\/newsestlyonnais.fr\/site\/author\/nel\/\"}]}<\/script>\n<!-- \/ Yoast SEO plugin. -->","yoast_head_json":{"title":"VILLEURBANNE | La triple sauteuse Victoria Josse (ASVEL Athl\u00e9) championne de France junior - News Est Lyonnais","description":"VILLEURBANNE : La triple sauteuse Victoria Josse (ASVEL Athl\u00e9) de retour des Mondiaux juniors est sacr\u00e9e championne de France junior !","robots":{"index":"index","follow":"follow","max-snippet":"max-snippet:-1","max-image-preview":"max-image-preview:large","max-video-preview":"max-video-preview:-1"},"canonical":"https:\/\/newsestlyonnais.fr\/site\/2018\/07\/23\/villeurbanne-la-triple-sauteuse-victoria-josse-asvel-athle-championne-de-france-junior\/","og_locale":"fr_FR","og_type":"article","og_title":"VILLEURBANNE | La triple sauteuse Victoria Josse (ASVEL Athl\u00e9) championne de France junior - News Est Lyonnais","og_description":"VILLEURBANNE : La triple sauteuse Victoria Josse (ASVEL Athl\u00e9) de retour des Mondiaux juniors est sacr\u00e9e championne de France junior !","og_url":"https:\/\/newsestlyonnais.fr\/site\/2018\/07\/23\/villeurbanne-la-triple-sauteuse-victoria-josse-asvel-athle-championne-de-france-junior\/","og_site_name":"News Est Lyonnais","article_author":"https:\/\/www.facebook.com\/pascal.oberson.1?fref=ts","article_published_time":"2018-07-23T08:44:06+00:00","article_modified_time":"2020-11-02T07:52:01+00:00","og_image":[{"width":1000,"height":750,"url":"https:\/\/i2.wp.com\/newsestlyonnais.fr\/site\/wp-content\/uploads\/2017\/01\/NEWSESTLYONNAIS-FEYSSINE-logo-asvel-athle.jpg?fit=1000%2C750&ssl=1","type":"image\/jpeg"}],"author":"R\u00e9dac. NEWS","twitter_card":"summary_large_image","twitter_misc":{"\u00c9crit par":"R\u00e9dac. NEWS"},"schema":{"@context":"https:\/\/schema.org","@graph":[{"@type":"Article","@id":"https:\/\/newsestlyonnais.fr\/site\/2018\/07\/23\/villeurbanne-la-triple-sauteuse-victoria-josse-asvel-athle-championne-de-france-junior\/#article","isPartOf":{"@id":"https:\/\/newsestlyonnais.fr\/site\/2018\/07\/23\/villeurbanne-la-triple-sauteuse-victoria-josse-asvel-athle-championne-de-france-junior\/"},"author":{"name":"R\u00e9dac. NEWS","@id":"https:\/\/newsestlyonnais.fr\/site\/#\/schema\/person\/3230d5615f390bb808365d673001e887"},"headline":"VILLEURBANNE | La triple sauteuse Victoria Josse (ASVEL Athl\u00e9) championne de France junior","datePublished":"2018-07-23T08:44:06+00:00","dateModified":"2020-11-02T07:52:01+00:00","mainEntityOfPage":{"@id":"https:\/\/newsestlyonnais.fr\/site\/2018\/07\/23\/villeurbanne-la-triple-sauteuse-victoria-josse-asvel-athle-championne-de-france-junior\/"},"wordCount":94,"commentCount":0,"publisher":{"@id":"https:\/\/newsestlyonnais.fr\/site\/#organization"},"image":{"@id":"https:\/\/newsestlyonnais.fr\/site\/2018\/07\/23\/villeurbanne-la-triple-sauteuse-victoria-josse-asvel-athle-championne-de-france-junior\/#primaryimage"},"thumbnailUrl":"https:\/\/newsestlyonnais.fr\/site\/wp-content\/uploads\/2017\/01\/NEWSESTLYONNAIS-FEYSSINE-logo-asvel-athle.jpg","articleSection":["Athl\u00e9 | Course pied | Marche","Villeurbanne"],"inLanguage":"fr-FR","potentialAction":[{"@type":"CommentAction","name":"Comment","target":["https:\/\/newsestlyonnais.fr\/site\/2018\/07\/23\/villeurbanne-la-triple-sauteuse-victoria-josse-asvel-athle-championne-de-france-junior\/#respond"]}]},{"@type":"WebPage","@id":"https:\/\/newsestlyonnais.fr\/site\/2018\/07\/23\/villeurbanne-la-triple-sauteuse-victoria-josse-asvel-athle-championne-de-france-junior\/","url":"https:\/\/newsestlyonnais.fr\/site\/2018\/07\/23\/villeurbanne-la-triple-sauteuse-victoria-josse-asvel-athle-championne-de-france-junior\/","name":"VILLEURBANNE | La triple sauteuse Victoria Josse (ASVEL Athl\u00e9) championne de France junior - News Est Lyonnais","isPartOf":{"@id":"https:\/\/newsestlyonnais.fr\/site\/#website"},"primaryImageOfPage":{"@id":"https:\/\/newsestlyonnais.fr\/site\/2018\/07\/23\/villeurbanne-la-triple-sauteuse-victoria-josse-asvel-athle-championne-de-france-junior\/#primaryimage"},"image":{"@id":"https:\/\/newsestlyonnais.fr\/site\/2018\/07\/23\/villeurbanne-la-triple-sauteuse-victoria-josse-asvel-athle-championne-de-france-junior\/#primaryimage"},"thumbnailUrl":"https:\/\/newsestlyonnais.fr\/site\/wp-content\/uploads\/2017\/01\/NEWSESTLYONNAIS-FEYSSINE-logo-asvel-athle.jpg","datePublished":"2018-07-23T08:44:06+00:00","dateModified":"2020-11-02T07:52:01+00:00","description":"VILLEURBANNE : La triple sauteuse Victoria Josse (ASVEL Athl\u00e9) de retour des Mondiaux juniors est sacr\u00e9e championne de France junior !","breadcrumb":{"@id":"https:\/\/newsestlyonnais.fr\/site\/2018\/07\/23\/villeurbanne-la-triple-sauteuse-victoria-josse-asvel-athle-championne-de-france-junior\/#breadcrumb"},"inLanguage":"fr-FR","potentialAction":[{"@type":"ReadAction","target":["https:\/\/newsestlyonnais.fr\/site\/2018\/07\/23\/villeurbanne-la-triple-sauteuse-victoria-josse-asvel-athle-championne-de-france-junior\/"]}]},{"@type":"ImageObject","inLanguage":"fr-FR","@id":"https:\/\/newsestlyonnais.fr\/site\/2018\/07\/23\/villeurbanne-la-triple-sauteuse-victoria-josse-asvel-athle-championne-de-france-junior\/#primaryimage","url":"https:\/\/newsestlyonnais.fr\/site\/wp-content\/uploads\/2017\/01\/NEWSESTLYONNAIS-FEYSSINE-logo-asvel-athle.jpg","contentUrl":"https:\/\/newsestlyonnais.fr\/site\/wp-content\/uploads\/2017\/01\/NEWSESTLYONNAIS-FEYSSINE-logo-asvel-athle.jpg","width":1000,"height":750,"caption":"NEWSESTLYONNAIS - FEYSSINE logo asvel athle"},{"@type":"BreadcrumbList","@id":"https:\/\/newsestlyonnais.fr\/site\/2018\/07\/23\/villeurbanne-la-triple-sauteuse-victoria-josse-asvel-athle-championne-de-france-junior\/#breadcrumb","itemListElement":[{"@type":"ListItem","position":1,"name":"Accueil","item":"https:\/\/newsestlyonnais.fr\/site\/"},{"@type":"ListItem","position":2,"name":"VILLEURBANNE | La triple sauteuse Victoria Josse (ASVEL Athl\u00e9) championne de France junior"}]},{"@type":"WebSite","@id":"https:\/\/newsestlyonnais.fr\/site\/#website","url":"https:\/\/newsestlyonnais.fr\/site\/","name":"News Est Lyonnais","description":"L&#039;actualit\u00e9 au plus pr\u00e8s","publisher":{"@id":"https:\/\/newsestlyonnais.fr\/site\/#organization"},"potentialAction":[{"@type":"SearchAction","target":{"@type":"EntryPoint","urlTemplate":"https:\/\/newsestlyonnais.fr\/site\/?s={search_term_string}"},"query-input":{"@type":"PropertyValueSpecification","valueRequired":true,"valueName":"search_term_string"}}],"inLanguage":"fr-FR"},{"@type":"Organization","@id":"https:\/\/newsestlyonnais.fr\/site\/#organization","name":"News EST LYONNAIS","url":"https:\/\/newsestlyonnais.fr\/site\/","logo":{"@type":"ImageObject","inLanguage":"fr-FR","@id":"https:\/\/newsestlyonnais.fr\/site\/#\/schema\/logo\/image\/","url":"","contentUrl":"","caption":"News EST LYONNAIS"},"image":{"@id":"https:\/\/newsestlyonnais.fr\/site\/#\/schema\/logo\/image\/"}},{"@type":"Person","@id":"https:\/\/newsestlyonnais.fr\/site\/#\/schema\/person\/3230d5615f390bb808365d673001e887","name":"R\u00e9dac. NEWS","sameAs":["http:\/\/www.newsestlyonnais.fr","https:\/\/www.facebook.com\/pascal.oberson.1?fref=ts","https:\/\/fr.linkedin.com\/in\/pascal-oberson-b17045113"],"url":"https:\/\/newsestlyonnais.fr\/site\/author\/nel\/"}]}},"_links":{"self":[{"href":"https:\/\/newsestlyonnais.fr\/site\/wp-json\/wp\/v2\/posts\/54418","targetHints":{"allow":["GET"]}}],"collection":[{"href":"https:\/\/newsestlyonnais.fr\/site\/wp-json\/wp\/v2\/posts"}],"about":[{"href":"https:\/\/newsestlyonnais.fr\/site\/wp-json\/wp\/v2\/types\/post"}],"author":[{"embeddable":true,"href":"https:\/\/newsestlyonnais.fr\/site\/wp-json\/wp\/v2\/users\/4"}],"replies":[{"embeddable":true,"href":"https:\/\/newsestlyonnais.fr\/site\/wp-json\/wp\/v2\/comments?post=54418"}],"version-history":[{"count":0,"href":"https:\/\/newsestlyonnais.fr\/site\/wp-json\/wp\/v2\/posts\/54418\/revisions"}],"wp:featuredmedia":[{"embeddable":true,"href":"https:\/\/newsestlyonnais.fr\/site\/wp-json\/wp\/v2\/media\/34368"}],"wp:attachment":[{"href":"https:\/\/newsestlyonnais.fr\/site\/wp-json\/wp\/v2\/media?parent=54418"}],"wp:term":[{"taxonomy":"category","embeddable":true,"href":"https:\/\/newsestlyonnais.fr\/site\/wp-json\/wp\/v2\/categories?post=54418"},{"taxonomy":"post_tag","embeddable":true,"href":"https:\/\/newsestlyonnais.fr\/site\/wp-json\/wp\/v2\/tags?post=54418"}],"curies":[{"name":"wp","href":"https:\/\/api.w.org\/{rel}","templated":true}]}}