{"id":54520,"date":"2018-07-30T14:32:50","date_gmt":"2018-07-30T13:32:50","guid":{"rendered":"http:\/\/newsestlyonnais.fr\/site\/?p=54520"},"modified":"2020-11-16T09:15:11","modified_gmt":"2020-11-16T08:15:11","slug":"lyon-7-ouverture-dune-ecole-de-kung-fu-a-la-rentree","status":"publish","type":"post","link":"https:\/\/newsestlyonnais.fr\/site\/2018\/07\/30\/lyon-7-ouverture-dune-ecole-de-kung-fu-a-la-rentree\/","title":{"rendered":"LYON 7 | Ouverture d&rsquo;une \u00e9cole de kung-fu \u00e0 la rentr\u00e9e"},"content":{"rendered":"<p>Des disciples de Ma\u00eetre Vang Ngoc Ha souhaitant \u00e9tendre leur rayon d&rsquo;activit\u00e9s sur le secteur Est de la commune lyonnaise avec comme professeurs Jean Yves Ch\u00eane et Mathias Bouland, enseignants du \u00ab\u00a0Petit style\u00a0\u00bb.<\/p>\n<p>Ils seront install\u00e9s dans les locaux de \u00ab\u00a0<span class=\"_2iem\">Lyon Danse Art Center\u00a0\u00bb dans le quartier de Gerland et dispenseront des cours pour adultes (d\u00e9butants et 2\u00b0 ann\u00e9e de pratique) puis plus tard pour les enfants. Pour de l&rsquo;initiation mais sans\u00a0 comp\u00e9tition tout en gardant cet esprit traditionnel ax\u00e9 sur la sant\u00e9. Toutes les pratiques d&rsquo;armes seront propos\u00e9es : b\u00e2ton, sabre, savintao, lance, \u00e9p\u00e9e (\u00e0 1 ou 2 mains), nunchaku \u00e0 3 branches, \u00e9ventail et sur le style des 5 animaux : tigre, panth\u00e8re, serpent, grue et dragon. Tout ceci permettant d&rsquo;effectuer un bon renforcement musculaire et tendino-musculaire tout comme le Qi-Gong, art martial bas\u00e9 sur la respiration et la circulation.<\/span><\/p>\n<p><em><strong>Les cr\u00e9neaux d\u00e9j\u00e0 programm\u00e9s<\/strong><\/em> : Lundi (20 h 30\/22 h), Mardi (12 h 30\/13 h 30 &amp; 19 h 30\/21 h 30), Mercredi (20 h 30\/22 h) &amp; Vendredi (12 h 30\/13 h 30 &amp; 19 h 30\/21 h 30).<\/p>\n<hr \/>\n<p><span style=\"text-decoration: underline;\"><em><strong>NOTA<\/strong><\/em><\/span> : le <span style=\"text-decoration: underline;\">bureau de l&rsquo;association<\/span> est constitu\u00e9 par : Michel Herv\u00e9 (Pr\u00e9sident), Fran\u00e7ois-Xavier Peyrin (Vice-Pr\u00e9sident), Rachel Luzet (Secr\u00e9taire),\u00a0 Christian Latreche (Vice Secr\u00e9taire), Fr\u00e9d\u00e9ric Gilbert (Tr\u00e9sorier).<\/p>\n<hr \/>\n<ul>\n<li><strong><img loading=\"lazy\" decoding=\"async\" class=\"alignleft size-thumbnail wp-image-117494\" src=\"https:\/\/newsestlyonnais.fr\/site\/medias\/2018\/07\/NEWSESTLYONNAIS-LOGO-KUNG-FU-LYON-7-250x233.jpg\" alt=\"\" width=\"150\" height=\"140\" srcset=\"https:\/\/newsestlyonnais.fr\/site\/wp-content\/uploads\/2018\/07\/NEWSESTLYONNAIS-LOGO-KUNG-FU-LYON-7-250x233.jpg 250w, https:\/\/newsestlyonnais.fr\/site\/wp-content\/uploads\/2018\/07\/NEWSESTLYONNAIS-LOGO-KUNG-FU-LYON-7-400x374.jpg 400w, https:\/\/newsestlyonnais.fr\/site\/wp-content\/uploads\/2018\/07\/NEWSESTLYONNAIS-LOGO-KUNG-FU-LYON-7-650x607.jpg 650w, https:\/\/newsestlyonnais.fr\/site\/wp-content\/uploads\/2018\/07\/NEWSESTLYONNAIS-LOGO-KUNG-FU-LYON-7-768x717.jpg 768w, https:\/\/newsestlyonnais.fr\/site\/wp-content\/uploads\/2018\/07\/NEWSESTLYONNAIS-LOGO-KUNG-FU-LYON-7-150x140.jpg 150w, https:\/\/newsestlyonnais.fr\/site\/wp-content\/uploads\/2018\/07\/NEWSESTLYONNAIS-LOGO-KUNG-FU-LYON-7-50x47.jpg 50w, https:\/\/newsestlyonnais.fr\/site\/wp-content\/uploads\/2018\/07\/NEWSESTLYONNAIS-LOGO-KUNG-FU-LYON-7-100x93.jpg 100w, https:\/\/newsestlyonnais.fr\/site\/wp-content\/uploads\/2018\/07\/NEWSESTLYONNAIS-LOGO-KUNG-FU-LYON-7-200x187.jpg 200w, https:\/\/newsestlyonnais.fr\/site\/wp-content\/uploads\/2018\/07\/NEWSESTLYONNAIS-LOGO-KUNG-FU-LYON-7-300x280.jpg 300w, https:\/\/newsestlyonnais.fr\/site\/wp-content\/uploads\/2018\/07\/NEWSESTLYONNAIS-LOGO-KUNG-FU-LYON-7-350x327.jpg 350w, https:\/\/newsestlyonnais.fr\/site\/wp-content\/uploads\/2018\/07\/NEWSESTLYONNAIS-LOGO-KUNG-FU-LYON-7-450x420.jpg 450w, https:\/\/newsestlyonnais.fr\/site\/wp-content\/uploads\/2018\/07\/NEWSESTLYONNAIS-LOGO-KUNG-FU-LYON-7-500x467.jpg 500w, https:\/\/newsestlyonnais.fr\/site\/wp-content\/uploads\/2018\/07\/NEWSESTLYONNAIS-LOGO-KUNG-FU-LYON-7-550x514.jpg 550w, https:\/\/newsestlyonnais.fr\/site\/wp-content\/uploads\/2018\/07\/NEWSESTLYONNAIS-LOGO-KUNG-FU-LYON-7-800x747.jpg 800w, https:\/\/newsestlyonnais.fr\/site\/wp-content\/uploads\/2018\/07\/NEWSESTLYONNAIS-LOGO-KUNG-FU-LYON-7.jpg 999w\" sizes=\"auto, (max-width: 150px) 100vw, 150px\" \/><\/strong><\/li>\n<\/ul>\n<p>&nbsp;<\/p>\n<ul>\n<li><strong>Toute l&rsquo;ACTU du club : <a href=\"http:\/\/kungfu-hunggar.fr\" target=\"_blank\" rel=\"noopener noreferrer\">http:\/\/kungfu-hunggar.fr<\/a> et sur <a href=\"https:\/\/www.facebook.com\/KungFuHungGarLyon7\/\" target=\"_blank\" rel=\"noopener noreferrer\">https:\/\/www.facebook.com\/KungFuHungGarLyon7\/<\/a><\/strong><\/li>\n<\/ul>\n<p>&nbsp;<\/p>\n<hr \/>\n<p>&nbsp;<\/p>\n","protected":false},"excerpt":{"rendered":"<p>D\u00e8s septembre, l&rsquo;association Thi\u00eau Lam, Thi\u00eau Hong Gia Quy\u00ean ouvrira sa toute premi\u00e8re section dans le 7\u00b0 arrondissement.<\/p>\n","protected":false},"author":4,"featured_media":117493,"comment_status":"open","ping_status":"open","sticky":false,"template":"","format":"standard","meta":{"footnotes":""},"categories":[574,166,1625],"tags":[],"class_list":["post-54520","post","type-post","status-publish","format-standard","has-post-thumbnail","hentry","category-autres-sports","category-divers-sports","category-lyon"],"yoast_head":"<!-- This site is optimized with the Yoast SEO plugin v27.2 - https:\/\/yoast.com\/product\/yoast-seo-wordpress\/ -->\n<title>Ouverture d&#039;une \u00e9cole de kung-fu \u00e0 la rentr\u00e9e<\/title>\n<meta name=\"description\" content=\"LYON 7\u00b0 : Ouverture d&#039;une \u00e9cole de kung-fu \u00e0 la rentr\u00e9e\" \/>\n<meta name=\"robots\" content=\"index, follow, max-snippet:-1, max-image-preview:large, max-video-preview:-1\" \/>\n<link rel=\"canonical\" href=\"https:\/\/newsestlyonnais.fr\/site\/2018\/07\/30\/lyon-7-ouverture-dune-ecole-de-kung-fu-a-la-rentree\/\" \/>\n<meta property=\"og:locale\" content=\"fr_FR\" \/>\n<meta property=\"og:type\" content=\"article\" \/>\n<meta property=\"og:title\" content=\"Ouverture d&#039;une \u00e9cole de kung-fu \u00e0 la rentr\u00e9e\" \/>\n<meta property=\"og:description\" content=\"LYON 7\u00b0 : Ouverture d&#039;une \u00e9cole de kung-fu \u00e0 la rentr\u00e9e\" \/>\n<meta property=\"og:url\" content=\"https:\/\/newsestlyonnais.fr\/site\/2018\/07\/30\/lyon-7-ouverture-dune-ecole-de-kung-fu-a-la-rentree\/\" \/>\n<meta property=\"og:site_name\" content=\"News Est Lyonnais\" \/>\n<meta property=\"article:author\" content=\"https:\/\/www.facebook.com\/pascal.oberson.1?fref=ts\" \/>\n<meta property=\"article:published_time\" content=\"2018-07-30T13:32:50+00:00\" \/>\n<meta property=\"article:modified_time\" content=\"2020-11-16T08:15:11+00:00\" \/>\n<meta property=\"og:image\" content=\"https:\/\/i1.wp.com\/newsestlyonnais.fr\/site\/wp-content\/uploads\/2018\/07\/NEWSESTLYONNAIS-KUNG-FU-LYON-7.jpg?fit=1200%2C900&ssl=1\" \/>\n\t<meta property=\"og:image:width\" content=\"1200\" \/>\n\t<meta property=\"og:image:height\" content=\"900\" \/>\n\t<meta property=\"og:image:type\" content=\"image\/jpeg\" \/>\n<meta name=\"author\" content=\"R\u00e9dac. NEWS\" \/>\n<meta name=\"twitter:card\" content=\"summary_large_image\" \/>\n<meta name=\"twitter:label1\" content=\"\u00c9crit par\" \/>\n\t<meta name=\"twitter:data1\" content=\"R\u00e9dac. NEWS\" \/>\n\t<meta name=\"twitter:label2\" content=\"Dur\u00e9e de lecture estim\u00e9e\" \/>\n\t<meta name=\"twitter:data2\" content=\"1 minute\" \/>\n<script type=\"application\/ld+json\" class=\"yoast-schema-graph\">{\"@context\":\"https:\/\/schema.org\",\"@graph\":[{\"@type\":\"Article\",\"@id\":\"https:\/\/newsestlyonnais.fr\/site\/2018\/07\/30\/lyon-7-ouverture-dune-ecole-de-kung-fu-a-la-rentree\/#article\",\"isPartOf\":{\"@id\":\"https:\/\/newsestlyonnais.fr\/site\/2018\/07\/30\/lyon-7-ouverture-dune-ecole-de-kung-fu-a-la-rentree\/\"},\"author\":{\"name\":\"R\u00e9dac. NEWS\",\"@id\":\"https:\/\/newsestlyonnais.fr\/site\/#\/schema\/person\/3230d5615f390bb808365d673001e887\"},\"headline\":\"LYON 7 | Ouverture d&rsquo;une \u00e9cole de kung-fu \u00e0 la rentr\u00e9e\",\"datePublished\":\"2018-07-30T13:32:50+00:00\",\"dateModified\":\"2020-11-16T08:15:11+00:00\",\"mainEntityOfPage\":{\"@id\":\"https:\/\/newsestlyonnais.fr\/site\/2018\/07\/30\/lyon-7-ouverture-dune-ecole-de-kung-fu-a-la-rentree\/\"},\"wordCount\":235,\"commentCount\":0,\"publisher\":{\"@id\":\"https:\/\/newsestlyonnais.fr\/site\/#organization\"},\"image\":{\"@id\":\"https:\/\/newsestlyonnais.fr\/site\/2018\/07\/30\/lyon-7-ouverture-dune-ecole-de-kung-fu-a-la-rentree\/#primaryimage\"},\"thumbnailUrl\":\"https:\/\/newsestlyonnais.fr\/site\/wp-content\/uploads\/2018\/07\/NEWSESTLYONNAIS-KUNG-FU-LYON-7.jpg\",\"articleSection\":[\"Autres sports\",\"Divers Sports\",\"Lyon\"],\"inLanguage\":\"fr-FR\",\"potentialAction\":[{\"@type\":\"CommentAction\",\"name\":\"Comment\",\"target\":[\"https:\/\/newsestlyonnais.fr\/site\/2018\/07\/30\/lyon-7-ouverture-dune-ecole-de-kung-fu-a-la-rentree\/#respond\"]}]},{\"@type\":\"WebPage\",\"@id\":\"https:\/\/newsestlyonnais.fr\/site\/2018\/07\/30\/lyon-7-ouverture-dune-ecole-de-kung-fu-a-la-rentree\/\",\"url\":\"https:\/\/newsestlyonnais.fr\/site\/2018\/07\/30\/lyon-7-ouverture-dune-ecole-de-kung-fu-a-la-rentree\/\",\"name\":\"Ouverture d'une \u00e9cole de kung-fu \u00e0 la rentr\u00e9e\",\"isPartOf\":{\"@id\":\"https:\/\/newsestlyonnais.fr\/site\/#website\"},\"primaryImageOfPage\":{\"@id\":\"https:\/\/newsestlyonnais.fr\/site\/2018\/07\/30\/lyon-7-ouverture-dune-ecole-de-kung-fu-a-la-rentree\/#primaryimage\"},\"image\":{\"@id\":\"https:\/\/newsestlyonnais.fr\/site\/2018\/07\/30\/lyon-7-ouverture-dune-ecole-de-kung-fu-a-la-rentree\/#primaryimage\"},\"thumbnailUrl\":\"https:\/\/newsestlyonnais.fr\/site\/wp-content\/uploads\/2018\/07\/NEWSESTLYONNAIS-KUNG-FU-LYON-7.jpg\",\"datePublished\":\"2018-07-30T13:32:50+00:00\",\"dateModified\":\"2020-11-16T08:15:11+00:00\",\"description\":\"LYON 7\u00b0 : Ouverture d'une \u00e9cole de kung-fu \u00e0 la rentr\u00e9e\",\"breadcrumb\":{\"@id\":\"https:\/\/newsestlyonnais.fr\/site\/2018\/07\/30\/lyon-7-ouverture-dune-ecole-de-kung-fu-a-la-rentree\/#breadcrumb\"},\"inLanguage\":\"fr-FR\",\"potentialAction\":[{\"@type\":\"ReadAction\",\"target\":[\"https:\/\/newsestlyonnais.fr\/site\/2018\/07\/30\/lyon-7-ouverture-dune-ecole-de-kung-fu-a-la-rentree\/\"]}]},{\"@type\":\"ImageObject\",\"inLanguage\":\"fr-FR\",\"@id\":\"https:\/\/newsestlyonnais.fr\/site\/2018\/07\/30\/lyon-7-ouverture-dune-ecole-de-kung-fu-a-la-rentree\/#primaryimage\",\"url\":\"https:\/\/newsestlyonnais.fr\/site\/wp-content\/uploads\/2018\/07\/NEWSESTLYONNAIS-KUNG-FU-LYON-7.jpg\",\"contentUrl\":\"https:\/\/newsestlyonnais.fr\/site\/wp-content\/uploads\/2018\/07\/NEWSESTLYONNAIS-KUNG-FU-LYON-7.jpg\",\"width\":1200,\"height\":900},{\"@type\":\"BreadcrumbList\",\"@id\":\"https:\/\/newsestlyonnais.fr\/site\/2018\/07\/30\/lyon-7-ouverture-dune-ecole-de-kung-fu-a-la-rentree\/#breadcrumb\",\"itemListElement\":[{\"@type\":\"ListItem\",\"position\":1,\"name\":\"Accueil\",\"item\":\"https:\/\/newsestlyonnais.fr\/site\/\"},{\"@type\":\"ListItem\",\"position\":2,\"name\":\"LYON 7 | Ouverture d&rsquo;une \u00e9cole de kung-fu \u00e0 la rentr\u00e9e\"}]},{\"@type\":\"WebSite\",\"@id\":\"https:\/\/newsestlyonnais.fr\/site\/#website\",\"url\":\"https:\/\/newsestlyonnais.fr\/site\/\",\"name\":\"News Est Lyonnais\",\"description\":\"L&#039;actualit\u00e9 au plus pr\u00e8s\",\"publisher\":{\"@id\":\"https:\/\/newsestlyonnais.fr\/site\/#organization\"},\"potentialAction\":[{\"@type\":\"SearchAction\",\"target\":{\"@type\":\"EntryPoint\",\"urlTemplate\":\"https:\/\/newsestlyonnais.fr\/site\/?s={search_term_string}\"},\"query-input\":{\"@type\":\"PropertyValueSpecification\",\"valueRequired\":true,\"valueName\":\"search_term_string\"}}],\"inLanguage\":\"fr-FR\"},{\"@type\":\"Organization\",\"@id\":\"https:\/\/newsestlyonnais.fr\/site\/#organization\",\"name\":\"News EST LYONNAIS\",\"url\":\"https:\/\/newsestlyonnais.fr\/site\/\",\"logo\":{\"@type\":\"ImageObject\",\"inLanguage\":\"fr-FR\",\"@id\":\"https:\/\/newsestlyonnais.fr\/site\/#\/schema\/logo\/image\/\",\"url\":\"\",\"contentUrl\":\"\",\"caption\":\"News EST LYONNAIS\"},\"image\":{\"@id\":\"https:\/\/newsestlyonnais.fr\/site\/#\/schema\/logo\/image\/\"}},{\"@type\":\"Person\",\"@id\":\"https:\/\/newsestlyonnais.fr\/site\/#\/schema\/person\/3230d5615f390bb808365d673001e887\",\"name\":\"R\u00e9dac. NEWS\",\"sameAs\":[\"http:\/\/www.newsestlyonnais.fr\",\"https:\/\/www.facebook.com\/pascal.oberson.1?fref=ts\",\"https:\/\/fr.linkedin.com\/in\/pascal-oberson-b17045113\"],\"url\":\"https:\/\/newsestlyonnais.fr\/site\/author\/nel\/\"}]}<\/script>\n<!-- \/ Yoast SEO plugin. -->","yoast_head_json":{"title":"Ouverture d'une \u00e9cole de kung-fu \u00e0 la rentr\u00e9e","description":"LYON 7\u00b0 : Ouverture d'une \u00e9cole de kung-fu \u00e0 la rentr\u00e9e","robots":{"index":"index","follow":"follow","max-snippet":"max-snippet:-1","max-image-preview":"max-image-preview:large","max-video-preview":"max-video-preview:-1"},"canonical":"https:\/\/newsestlyonnais.fr\/site\/2018\/07\/30\/lyon-7-ouverture-dune-ecole-de-kung-fu-a-la-rentree\/","og_locale":"fr_FR","og_type":"article","og_title":"Ouverture d'une \u00e9cole de kung-fu \u00e0 la rentr\u00e9e","og_description":"LYON 7\u00b0 : Ouverture d'une \u00e9cole de kung-fu \u00e0 la rentr\u00e9e","og_url":"https:\/\/newsestlyonnais.fr\/site\/2018\/07\/30\/lyon-7-ouverture-dune-ecole-de-kung-fu-a-la-rentree\/","og_site_name":"News Est Lyonnais","article_author":"https:\/\/www.facebook.com\/pascal.oberson.1?fref=ts","article_published_time":"2018-07-30T13:32:50+00:00","article_modified_time":"2020-11-16T08:15:11+00:00","og_image":[{"width":1200,"height":900,"url":"https:\/\/i1.wp.com\/newsestlyonnais.fr\/site\/wp-content\/uploads\/2018\/07\/NEWSESTLYONNAIS-KUNG-FU-LYON-7.jpg?fit=1200%2C900&ssl=1","type":"image\/jpeg"}],"author":"R\u00e9dac. NEWS","twitter_card":"summary_large_image","twitter_misc":{"\u00c9crit par":"R\u00e9dac. NEWS","Dur\u00e9e de lecture estim\u00e9e":"1 minute"},"schema":{"@context":"https:\/\/schema.org","@graph":[{"@type":"Article","@id":"https:\/\/newsestlyonnais.fr\/site\/2018\/07\/30\/lyon-7-ouverture-dune-ecole-de-kung-fu-a-la-rentree\/#article","isPartOf":{"@id":"https:\/\/newsestlyonnais.fr\/site\/2018\/07\/30\/lyon-7-ouverture-dune-ecole-de-kung-fu-a-la-rentree\/"},"author":{"name":"R\u00e9dac. NEWS","@id":"https:\/\/newsestlyonnais.fr\/site\/#\/schema\/person\/3230d5615f390bb808365d673001e887"},"headline":"LYON 7 | Ouverture d&rsquo;une \u00e9cole de kung-fu \u00e0 la rentr\u00e9e","datePublished":"2018-07-30T13:32:50+00:00","dateModified":"2020-11-16T08:15:11+00:00","mainEntityOfPage":{"@id":"https:\/\/newsestlyonnais.fr\/site\/2018\/07\/30\/lyon-7-ouverture-dune-ecole-de-kung-fu-a-la-rentree\/"},"wordCount":235,"commentCount":0,"publisher":{"@id":"https:\/\/newsestlyonnais.fr\/site\/#organization"},"image":{"@id":"https:\/\/newsestlyonnais.fr\/site\/2018\/07\/30\/lyon-7-ouverture-dune-ecole-de-kung-fu-a-la-rentree\/#primaryimage"},"thumbnailUrl":"https:\/\/newsestlyonnais.fr\/site\/wp-content\/uploads\/2018\/07\/NEWSESTLYONNAIS-KUNG-FU-LYON-7.jpg","articleSection":["Autres sports","Divers Sports","Lyon"],"inLanguage":"fr-FR","potentialAction":[{"@type":"CommentAction","name":"Comment","target":["https:\/\/newsestlyonnais.fr\/site\/2018\/07\/30\/lyon-7-ouverture-dune-ecole-de-kung-fu-a-la-rentree\/#respond"]}]},{"@type":"WebPage","@id":"https:\/\/newsestlyonnais.fr\/site\/2018\/07\/30\/lyon-7-ouverture-dune-ecole-de-kung-fu-a-la-rentree\/","url":"https:\/\/newsestlyonnais.fr\/site\/2018\/07\/30\/lyon-7-ouverture-dune-ecole-de-kung-fu-a-la-rentree\/","name":"Ouverture d'une \u00e9cole de kung-fu \u00e0 la rentr\u00e9e","isPartOf":{"@id":"https:\/\/newsestlyonnais.fr\/site\/#website"},"primaryImageOfPage":{"@id":"https:\/\/newsestlyonnais.fr\/site\/2018\/07\/30\/lyon-7-ouverture-dune-ecole-de-kung-fu-a-la-rentree\/#primaryimage"},"image":{"@id":"https:\/\/newsestlyonnais.fr\/site\/2018\/07\/30\/lyon-7-ouverture-dune-ecole-de-kung-fu-a-la-rentree\/#primaryimage"},"thumbnailUrl":"https:\/\/newsestlyonnais.fr\/site\/wp-content\/uploads\/2018\/07\/NEWSESTLYONNAIS-KUNG-FU-LYON-7.jpg","datePublished":"2018-07-30T13:32:50+00:00","dateModified":"2020-11-16T08:15:11+00:00","description":"LYON 7\u00b0 : Ouverture d'une \u00e9cole de kung-fu \u00e0 la rentr\u00e9e","breadcrumb":{"@id":"https:\/\/newsestlyonnais.fr\/site\/2018\/07\/30\/lyon-7-ouverture-dune-ecole-de-kung-fu-a-la-rentree\/#breadcrumb"},"inLanguage":"fr-FR","potentialAction":[{"@type":"ReadAction","target":["https:\/\/newsestlyonnais.fr\/site\/2018\/07\/30\/lyon-7-ouverture-dune-ecole-de-kung-fu-a-la-rentree\/"]}]},{"@type":"ImageObject","inLanguage":"fr-FR","@id":"https:\/\/newsestlyonnais.fr\/site\/2018\/07\/30\/lyon-7-ouverture-dune-ecole-de-kung-fu-a-la-rentree\/#primaryimage","url":"https:\/\/newsestlyonnais.fr\/site\/wp-content\/uploads\/2018\/07\/NEWSESTLYONNAIS-KUNG-FU-LYON-7.jpg","contentUrl":"https:\/\/newsestlyonnais.fr\/site\/wp-content\/uploads\/2018\/07\/NEWSESTLYONNAIS-KUNG-FU-LYON-7.jpg","width":1200,"height":900},{"@type":"BreadcrumbList","@id":"https:\/\/newsestlyonnais.fr\/site\/2018\/07\/30\/lyon-7-ouverture-dune-ecole-de-kung-fu-a-la-rentree\/#breadcrumb","itemListElement":[{"@type":"ListItem","position":1,"name":"Accueil","item":"https:\/\/newsestlyonnais.fr\/site\/"},{"@type":"ListItem","position":2,"name":"LYON 7 | Ouverture d&rsquo;une \u00e9cole de kung-fu \u00e0 la rentr\u00e9e"}]},{"@type":"WebSite","@id":"https:\/\/newsestlyonnais.fr\/site\/#website","url":"https:\/\/newsestlyonnais.fr\/site\/","name":"News Est Lyonnais","description":"L&#039;actualit\u00e9 au plus pr\u00e8s","publisher":{"@id":"https:\/\/newsestlyonnais.fr\/site\/#organization"},"potentialAction":[{"@type":"SearchAction","target":{"@type":"EntryPoint","urlTemplate":"https:\/\/newsestlyonnais.fr\/site\/?s={search_term_string}"},"query-input":{"@type":"PropertyValueSpecification","valueRequired":true,"valueName":"search_term_string"}}],"inLanguage":"fr-FR"},{"@type":"Organization","@id":"https:\/\/newsestlyonnais.fr\/site\/#organization","name":"News EST LYONNAIS","url":"https:\/\/newsestlyonnais.fr\/site\/","logo":{"@type":"ImageObject","inLanguage":"fr-FR","@id":"https:\/\/newsestlyonnais.fr\/site\/#\/schema\/logo\/image\/","url":"","contentUrl":"","caption":"News EST LYONNAIS"},"image":{"@id":"https:\/\/newsestlyonnais.fr\/site\/#\/schema\/logo\/image\/"}},{"@type":"Person","@id":"https:\/\/newsestlyonnais.fr\/site\/#\/schema\/person\/3230d5615f390bb808365d673001e887","name":"R\u00e9dac. NEWS","sameAs":["http:\/\/www.newsestlyonnais.fr","https:\/\/www.facebook.com\/pascal.oberson.1?fref=ts","https:\/\/fr.linkedin.com\/in\/pascal-oberson-b17045113"],"url":"https:\/\/newsestlyonnais.fr\/site\/author\/nel\/"}]}},"_links":{"self":[{"href":"https:\/\/newsestlyonnais.fr\/site\/wp-json\/wp\/v2\/posts\/54520","targetHints":{"allow":["GET"]}}],"collection":[{"href":"https:\/\/newsestlyonnais.fr\/site\/wp-json\/wp\/v2\/posts"}],"about":[{"href":"https:\/\/newsestlyonnais.fr\/site\/wp-json\/wp\/v2\/types\/post"}],"author":[{"embeddable":true,"href":"https:\/\/newsestlyonnais.fr\/site\/wp-json\/wp\/v2\/users\/4"}],"replies":[{"embeddable":true,"href":"https:\/\/newsestlyonnais.fr\/site\/wp-json\/wp\/v2\/comments?post=54520"}],"version-history":[{"count":0,"href":"https:\/\/newsestlyonnais.fr\/site\/wp-json\/wp\/v2\/posts\/54520\/revisions"}],"wp:featuredmedia":[{"embeddable":true,"href":"https:\/\/newsestlyonnais.fr\/site\/wp-json\/wp\/v2\/media\/117493"}],"wp:attachment":[{"href":"https:\/\/newsestlyonnais.fr\/site\/wp-json\/wp\/v2\/media?parent=54520"}],"wp:term":[{"taxonomy":"category","embeddable":true,"href":"https:\/\/newsestlyonnais.fr\/site\/wp-json\/wp\/v2\/categories?post=54520"},{"taxonomy":"post_tag","embeddable":true,"href":"https:\/\/newsestlyonnais.fr\/site\/wp-json\/wp\/v2\/tags?post=54520"}],"curies":[{"name":"wp","href":"https:\/\/api.w.org\/{rel}","templated":true}]}}