{"id":54562,"date":"2018-07-27T14:24:42","date_gmt":"2018-07-27T13:24:42","guid":{"rendered":"http:\/\/newsestlyonnais.fr\/site\/?p=54562"},"modified":"2020-11-07T08:18:52","modified_gmt":"2020-11-07T07:18:52","slug":"saint-priest-mourad-merzouki-et-manu-dibango-feteront-les-50-ans-de-bel-air","status":"publish","type":"post","link":"https:\/\/newsestlyonnais.fr\/site\/2018\/07\/27\/saint-priest-mourad-merzouki-et-manu-dibango-feteront-les-50-ans-de-bel-air\/","title":{"rendered":"SAINT-PRIEST | Mourad Merzouki et Manu Dibango f\u00eateront les 50 ans de BEL AIR !"},"content":{"rendered":"<h4>Apr\u00e8s plusieurs mois de temps forts r\u00e9guliers, les 50 ans du quartier de Bel Air seront c\u00e9l\u00e9br\u00e9s en apoth\u00e9ose le samedi 15 septembre prochain.<\/h4>\n<p>L\u2019anniversaire sera marqu\u00e9 par un show de cl\u00f4ture exceptionnel, gratuit, qui r\u00e9unira <strong>Mourad Merzouki, danseur et chor\u00e9graphe<\/strong> mondialement connu, natif de Bel Air, et le c\u00e9l\u00e8bre <strong>saxophoniste camerounais Manu Dibango.<\/strong> Rendez-vous en plein air, sur le complexe sportif Mend\u00e8s France. <span style=\"text-decoration: underline\"><strong><em>Un grand show de cl\u00f4ture ouvert \u00e0 tous<\/em> <em>:<\/em><\/strong><\/span> Kadia Faraux et sa troupe de danseurs hip hop y pr\u00e9c\u00e9deront Manu Dibango et Mourad Merzouki, r\u00e9unis \u00e0 titre exceptionnel pour une prestation unique, m\u00ealant musique et danse \u00e0 laquelle prendront part une cinquantaine de San-Priots dans une grande flashmob afro-hip-hop \u00e9lectrisante. <em><span style=\"text-decoration: underline\"><strong>Mourad Merzouki, enfant de Bel Air : <\/strong><\/span><\/em>Le chor\u00e9graphe, figure du mouvement hip-hop depuis le d\u00e9but des ann\u00e9es 1990, inscrit son travail au carrefour de multiples disciplines. Autour de la danse hip-hop explor\u00e9e dans tous ses styles, se greffent le cirque, les arts martiaux, les arts plastiques, la vid\u00e9o et la musique live. Sans perdre de vue les racines du mouvement, ses origines sociales et g\u00e9ographiques, cette confrontation permet d\u2019ouvrir de nouveaux horizons \u00e0 la danse et d\u00e9gage des points de vue in\u00e9dits. \u00ab C\u2019est avec joie que j\u2019ai accept\u00e9 la proposition de devenir parrain des 50 ans du quartier de Bel-Air o\u00f9 je me suis construit, explique Mourad Merzouki. Pour cette grande f\u00eate du 15 septembre, j\u2019ai imagin\u00e9 un concert participatif. Avec mes danseurs et 50 habitants complices nous partagerons un geste chor\u00e9graphique avec le public, pour f\u00eater la joie de vivre, \u00e0 Saint-Priest. Une exp\u00e9rience unique ! \u00bb Sa formation s\u2019enracine d\u00e8s l\u2019\u00e2ge de 7 ans dans la pratique des arts martiaux et des arts du cirque \u00e0 SaintPriest, dans l\u2019est lyonnais. \u00c0 15 ans, sa rencontre avec la culture hip-hop l\u2019emm\u00e8ne vers le monde de la danse. Il s\u2019 attaque \u00e0 la chor\u00e9graphie et cr\u00e9e ainsi sa premi\u00e8re compagnie Accrorap en 1989, avec Kader Attou, Eric Mezino et Chaouki Sa\u00efd. En 1994, la compagnie pr\u00e9sente Athina lors de la Biennale de la Danse de Lyon, un v\u00e9ritable succ\u00e8s qui r\u00e9ussit \u00e0 transposer la danse hip-hop de la rue \u00e0 la sc\u00e8ne. Les premi\u00e8res repr\u00e9sentations internationales de la compagnie la m\u00e8nent vers des terrains inexplor\u00e9s, comme un camp de r\u00e9fugi\u00e9s en Croatie ; Mourad Merzouki y fait l\u2019exp\u00e9rience de la danse comme puissant vecteur de communication. Pour d\u00e9velopper son propre univers artistique li\u00e9 \u00e0 son histoire et \u00e0 sa sensibilit\u00e9, le chor\u00e9graphe d\u00e9cide de fonder en 1996 sa propre compagnie, qui prend le nom de sa pi\u00e8ce inaugurale : K\u00e4fig signifie \u00ab cage \u00bb en arabe et en allemand. Ce choix indique son parti pris d\u2019ouverture et son refus de s\u2019enfermer dans un style. \u00c0 partir de janvier 2006, il imagine et con\u00e7oit un lieu de cr\u00e9ation et de d\u00e9veloppement chor\u00e9graphique qui met en \u0153uvre un nouveau rendez-vous pour la danse hip-hop avec le festival Karavel : le centre chor\u00e9graphique P\u00f4le Pik ouvre ses portes \u00e0 Bron en 2009. En juin 2009, le chor\u00e9graphe est nomm\u00e9 \u00e0 la direction du Centre chor\u00e9graphique national de Cr\u00e9teil et du Valde-Marne. Il y d\u00e9veloppe un projet intitul\u00e9 \u00ab La danse, une fen\u00eatre sur le monde \u00bb, dont l\u2019ouverture est le ma\u00eetre-mot. Il poursuit, \u00e0 c\u00f4t\u00e9 de la cr\u00e9ation et de la diffusion de ses spectacles, un travail de formation et de sensibilisation \u00e0 la danse hip-hop, en cr\u00e9ant des rencontres originales favorisant l\u2019acc\u00e8s \u00e0 l\u2019art chor\u00e9graphique et le soutien aux \u00e9quipes ind\u00e9pendantes. En 2013, il cr\u00e9\u00e9 le festival Kalypso, offrant un nouvel espace de visibilit\u00e9 aux compagnies de danse hip-hop sur le territoire francilien. En mars 2016, il est nomm\u00e9 conseiller artistique de P\u00f4le en Sc\u00e8nes \u00e0 Bron, projet mettant en synergie le centre chor\u00e9graphique P\u00f4le Pik, l\u2019Espace Albert Camus et le Fort autour d\u2019une ambition commune de diffusion, de formation et de cr\u00e9ation du spectacle vivant. Il reste fid\u00e8le \u00e0 sa d\u00e9marche artistique en proposant de cr\u00e9er des passerelles entre les disciplines, d\u2019ouvrir les espaces et de les investir avec un public toujours plus large. Il figure dans le Who\u2019s Who et a fait son entr\u00e9e dans le Petit Larousse Illustr\u00e9 2019. <span style=\"text-decoration: underline\"><em><strong>Manu Dibango, pape incontest\u00e9 de la world music<\/strong><\/em><\/span> : Emmanuel N\u2019Djok\u00e9 Dibango, dit Manu Dibango, est n\u00e9 \u00e0 Douala, au Cameroun le 12 d\u00e9cembre 1933. En 1949, il se rend \u00e0 Saint-Calais, dans le Nord de la France pour poursuivre ses \u00e9tudes et passer son bac. C\u2019est \u00e0 Chartres qu\u2019il d\u00e9couvre le jazz au d\u00e9but des ann\u00e9es 50. Il apprend le piano, puis le saxophone, et commence \u00e0 se produire sur sc\u00e8ne. Son p\u00e8re d\u00e9sapprouve son style de vie et lui coupe les vivre en 1956. C\u2019est \u00e0 Bruxelles qu\u2019il rencontre sa femme Coco et que son jazz s\u2019africanise au contact du milieu congolais Belge. Joseph Kabas\u00e9l\u00e9 Tshamala, dit Grand Kalle l\u2019engage dans son orchestre et ils enregistrent plusieurs disques qui remportent le succ\u00e8s en Afrique et les am\u00e8nent \u00e0 Kinshasa, au Congo o\u00f9 Manu lance le twist en 1962 dans sa propre boite. Le succ\u00e8s est ph\u00e9nom\u00e9nal. En 1967, Manu Dibango tr\u00f4ne \u00e0 la t\u00eate de son premier Big Band et d\u00e9veloppe son style musical novateur pour une s\u00e9rie d\u2019\u00e9missions t\u00e9l\u00e9vis\u00e9s avec des acteurs comme Dick Rivers ou Nino Ferrer, pour lequel il joue de l\u2019orgue Hammond, puis du saxophone, et finit par diriger son orchestre. En 1972, il enregistre la face B d\u2019un 45 tours \u00ab Soul Makossa \u00bb, qui sera sampl\u00e9 sur \u00ab Wanna be Starting Something \u00bb de Michael Jackson et \u00ab Please don\u2019t stop the music \u00bb de Rihanna. Manu Dibango fait la conqu\u00eate des Etats-Unis avec une tourn\u00e9e qui remporte un vif succ\u00e8s. Dans les ann\u00e9es 80, il collabore en autres avec Serge Gainsbourg. Sorti en 1982, son album \u00ab Waka Juju \u00bb consacre son retour \u00e0 l\u2019afro-sound. \u00ab Surtention \u00bb (1984) offre une rencontre entre hip-hop et tradition africaine. Le 14 mai 1986, Manu Dibango est d\u00e9cor\u00e9e de la m\u00e9daille des Arts et des Lettres par le ministre de la culture fran\u00e7aise de l\u2019\u00e9poque, Jack Lang. Dans les ann\u00e9es 90, Yves Bigot lui propose d\u2019enregisrer \u00ab Wakafrica \u00bb, un album de reprises des plus grands tubes africains. Cet album parait dans le monde entier et permet \u00e0 Manu Dibango de revisiter le patrimoine de la chanson en invitant les t\u00e9nors Youssou N\u2019Dour, Salif Keita, Papa Wemba, Ang\u00e9lique Kidjo, Peter Gabriel, Manu Katch\u00e9.<\/p>\n<p><span style=\"text-decoration: underline\"><strong><em>1\u00b0 partie : \u00a0\u00bb En Haut de L&rsquo;Affiche\u00a0\u00bb :<\/em><\/strong><\/span> Pi\u00e8ce chor\u00e9graphique pour 15 jeunes danseurs amateurs passionn\u00e9s par la danse Hip-Hop. Chor\u00e9graphi\u00e9 par Kadia FARAUX et Christopher NDINGA, ce projet est n\u00e9 \u00e0 l&rsquo;initiative des enfants et port\u00e9 par la Maison de Quartier Claude Farr\u00e8re de Saint-Priest.<\/p>\n<p><strong><span style=\"text-decoration: underline\">INFOS PRATIQUES<\/span> : Samedi 15 septembre \u2013 A partir de 18 h 30. Entr\u00e9e libre. Complexe sportif Pierre Mend\u00e8s-France. Avenue Pierre Mend\u00e8s France . Acc\u00e8s par tram T2 &gt; Arr\u00eat Cordi\u00e8re<\/strong> <strong>Plus d\u2019infos sur:\u00a0 <a href=\"http:\/\/www.ville-saint-priest.fr\" target=\"_blank\" rel=\"noopener noreferrer\">http:\/\/www.ville-saint-priest.fr<\/a><\/strong><\/p>\n<p>Cet \u00e9v\u00e9nement est organis\u00e9 par la Ville de Saint-Priest \u00e0 l\u2019occasion des 50 ans du quartier de Bel Air. Animations, spectacles et expositions propos\u00e9s toute la journ\u00e9e. Par ailleurs, des animations, spectacles et expositions seront propos\u00e9s toute la journ\u00e9e du 15 septembre sur le parvis de la MJC Jean Cocteau. De nombreux partenaires et structures de proximit\u00e9 se sont mobilis\u00e9s pour b\u00e2tir un programme d\u2019activit\u00e9s riche et \u00e0 l\u2019attention de tous les publics. A 18 h 15, un grand d\u00e9fil\u00e9 anim\u00e9 prendra la direction du stade Mend\u00e8s-France pour le show de cl\u00f4ture.<\/p>\n","protected":false},"excerpt":{"rendered":"<p>Apr\u00e8s plusieurs mois de temps forts r\u00e9guliers, les 50 ans du quartier de Bel Air seront c\u00e9l\u00e9br\u00e9s en apoth\u00e9ose le samedi 15 septembre prochain. L\u2019anniversaire sera marqu\u00e9 par un show de cl\u00f4ture exceptionnel, gratuit, qui r\u00e9unira Mourad Merzouki, danseur et chor\u00e9graphe mondialement connu, natif de Bel Air, et le c\u00e9l\u00e8bre saxophoniste camerounais Manu Dibango. Rendez-vous [&hellip;]<\/p>\n","protected":false},"author":4,"featured_media":54577,"comment_status":"open","ping_status":"open","sticky":false,"template":"","format":"standard","meta":{"footnotes":""},"categories":[3006,1296],"tags":[],"class_list":["post-54562","post","type-post","status-publish","format-standard","has-post-thumbnail","hentry","category-musique-danse-humour","category-sain-priest"],"yoast_head":"<!-- This site is optimized with the Yoast SEO plugin v27.2 - https:\/\/yoast.com\/product\/yoast-seo-wordpress\/ -->\n<title>SAINT PRIEST : Mourad Merzouki et Manu Dibango f\u00eateront les 50 ans de BEL AIR !<\/title>\n<meta name=\"description\" content=\"SAINT PRIEST : Mourad Merzouki et Manu Dibango f\u00eateront les 50 ans de BEL AIR !\" \/>\n<meta name=\"robots\" content=\"index, follow, max-snippet:-1, max-image-preview:large, max-video-preview:-1\" \/>\n<link rel=\"canonical\" href=\"https:\/\/newsestlyonnais.fr\/site\/2018\/07\/27\/saint-priest-mourad-merzouki-et-manu-dibango-feteront-les-50-ans-de-bel-air\/\" \/>\n<meta property=\"og:locale\" content=\"fr_FR\" \/>\n<meta property=\"og:type\" content=\"article\" \/>\n<meta property=\"og:title\" content=\"SAINT PRIEST : Mourad Merzouki et Manu Dibango f\u00eateront les 50 ans de BEL AIR !\" \/>\n<meta property=\"og:description\" content=\"SAINT PRIEST : Mourad Merzouki et Manu Dibango f\u00eateront les 50 ans de BEL AIR !\" \/>\n<meta property=\"og:url\" content=\"https:\/\/newsestlyonnais.fr\/site\/2018\/07\/27\/saint-priest-mourad-merzouki-et-manu-dibango-feteront-les-50-ans-de-bel-air\/\" \/>\n<meta property=\"og:site_name\" content=\"News Est Lyonnais\" \/>\n<meta property=\"article:author\" content=\"https:\/\/www.facebook.com\/pascal.oberson.1?fref=ts\" \/>\n<meta property=\"article:published_time\" content=\"2018-07-27T13:24:42+00:00\" \/>\n<meta property=\"article:modified_time\" content=\"2020-11-07T07:18:52+00:00\" \/>\n<meta property=\"og:image\" content=\"https:\/\/i0.wp.com\/newsestlyonnais.fr\/site\/wp-content\/uploads\/2018\/07\/NEWSESTLYONNAIS-50-ans-bel-air-st-priest.jpg?fit=960%2C550&ssl=1\" \/>\n\t<meta property=\"og:image:width\" content=\"960\" \/>\n\t<meta property=\"og:image:height\" content=\"550\" \/>\n\t<meta property=\"og:image:type\" content=\"image\/jpeg\" \/>\n<meta name=\"author\" content=\"R\u00e9dac. NEWS\" \/>\n<meta name=\"twitter:card\" content=\"summary_large_image\" \/>\n<meta name=\"twitter:label1\" content=\"\u00c9crit par\" \/>\n\t<meta name=\"twitter:data1\" content=\"R\u00e9dac. NEWS\" \/>\n\t<meta name=\"twitter:label2\" content=\"Dur\u00e9e de lecture estim\u00e9e\" \/>\n\t<meta name=\"twitter:data2\" content=\"6 minutes\" \/>\n<script type=\"application\/ld+json\" class=\"yoast-schema-graph\">{\"@context\":\"https:\/\/schema.org\",\"@graph\":[{\"@type\":\"Article\",\"@id\":\"https:\/\/newsestlyonnais.fr\/site\/2018\/07\/27\/saint-priest-mourad-merzouki-et-manu-dibango-feteront-les-50-ans-de-bel-air\/#article\",\"isPartOf\":{\"@id\":\"https:\/\/newsestlyonnais.fr\/site\/2018\/07\/27\/saint-priest-mourad-merzouki-et-manu-dibango-feteront-les-50-ans-de-bel-air\/\"},\"author\":{\"name\":\"R\u00e9dac. NEWS\",\"@id\":\"https:\/\/newsestlyonnais.fr\/site\/#\/schema\/person\/3230d5615f390bb808365d673001e887\"},\"headline\":\"SAINT-PRIEST | Mourad Merzouki et Manu Dibango f\u00eateront les 50 ans de BEL AIR !\",\"datePublished\":\"2018-07-27T13:24:42+00:00\",\"dateModified\":\"2020-11-07T07:18:52+00:00\",\"mainEntityOfPage\":{\"@id\":\"https:\/\/newsestlyonnais.fr\/site\/2018\/07\/27\/saint-priest-mourad-merzouki-et-manu-dibango-feteront-les-50-ans-de-bel-air\/\"},\"wordCount\":1314,\"commentCount\":0,\"publisher\":{\"@id\":\"https:\/\/newsestlyonnais.fr\/site\/#organization\"},\"image\":{\"@id\":\"https:\/\/newsestlyonnais.fr\/site\/2018\/07\/27\/saint-priest-mourad-merzouki-et-manu-dibango-feteront-les-50-ans-de-bel-air\/#primaryimage\"},\"thumbnailUrl\":\"https:\/\/newsestlyonnais.fr\/site\/wp-content\/uploads\/2018\/07\/NEWSESTLYONNAIS-50-ans-bel-air-st-priest.jpg\",\"articleSection\":[\"Musique | Danse | Humour\",\"Saint-Priest\"],\"inLanguage\":\"fr-FR\",\"potentialAction\":[{\"@type\":\"CommentAction\",\"name\":\"Comment\",\"target\":[\"https:\/\/newsestlyonnais.fr\/site\/2018\/07\/27\/saint-priest-mourad-merzouki-et-manu-dibango-feteront-les-50-ans-de-bel-air\/#respond\"]}]},{\"@type\":\"WebPage\",\"@id\":\"https:\/\/newsestlyonnais.fr\/site\/2018\/07\/27\/saint-priest-mourad-merzouki-et-manu-dibango-feteront-les-50-ans-de-bel-air\/\",\"url\":\"https:\/\/newsestlyonnais.fr\/site\/2018\/07\/27\/saint-priest-mourad-merzouki-et-manu-dibango-feteront-les-50-ans-de-bel-air\/\",\"name\":\"SAINT PRIEST : Mourad Merzouki et Manu Dibango f\u00eateront les 50 ans de BEL AIR !\",\"isPartOf\":{\"@id\":\"https:\/\/newsestlyonnais.fr\/site\/#website\"},\"primaryImageOfPage\":{\"@id\":\"https:\/\/newsestlyonnais.fr\/site\/2018\/07\/27\/saint-priest-mourad-merzouki-et-manu-dibango-feteront-les-50-ans-de-bel-air\/#primaryimage\"},\"image\":{\"@id\":\"https:\/\/newsestlyonnais.fr\/site\/2018\/07\/27\/saint-priest-mourad-merzouki-et-manu-dibango-feteront-les-50-ans-de-bel-air\/#primaryimage\"},\"thumbnailUrl\":\"https:\/\/newsestlyonnais.fr\/site\/wp-content\/uploads\/2018\/07\/NEWSESTLYONNAIS-50-ans-bel-air-st-priest.jpg\",\"datePublished\":\"2018-07-27T13:24:42+00:00\",\"dateModified\":\"2020-11-07T07:18:52+00:00\",\"description\":\"SAINT PRIEST : Mourad Merzouki et Manu Dibango f\u00eateront les 50 ans de BEL AIR !\",\"breadcrumb\":{\"@id\":\"https:\/\/newsestlyonnais.fr\/site\/2018\/07\/27\/saint-priest-mourad-merzouki-et-manu-dibango-feteront-les-50-ans-de-bel-air\/#breadcrumb\"},\"inLanguage\":\"fr-FR\",\"potentialAction\":[{\"@type\":\"ReadAction\",\"target\":[\"https:\/\/newsestlyonnais.fr\/site\/2018\/07\/27\/saint-priest-mourad-merzouki-et-manu-dibango-feteront-les-50-ans-de-bel-air\/\"]}]},{\"@type\":\"ImageObject\",\"inLanguage\":\"fr-FR\",\"@id\":\"https:\/\/newsestlyonnais.fr\/site\/2018\/07\/27\/saint-priest-mourad-merzouki-et-manu-dibango-feteront-les-50-ans-de-bel-air\/#primaryimage\",\"url\":\"https:\/\/newsestlyonnais.fr\/site\/wp-content\/uploads\/2018\/07\/NEWSESTLYONNAIS-50-ans-bel-air-st-priest.jpg\",\"contentUrl\":\"https:\/\/newsestlyonnais.fr\/site\/wp-content\/uploads\/2018\/07\/NEWSESTLYONNAIS-50-ans-bel-air-st-priest.jpg\",\"width\":960,\"height\":550,\"caption\":\"NEWSESTLYONNAIS 50 ans bel air st priest\"},{\"@type\":\"BreadcrumbList\",\"@id\":\"https:\/\/newsestlyonnais.fr\/site\/2018\/07\/27\/saint-priest-mourad-merzouki-et-manu-dibango-feteront-les-50-ans-de-bel-air\/#breadcrumb\",\"itemListElement\":[{\"@type\":\"ListItem\",\"position\":1,\"name\":\"Accueil\",\"item\":\"https:\/\/newsestlyonnais.fr\/site\/\"},{\"@type\":\"ListItem\",\"position\":2,\"name\":\"SAINT-PRIEST | Mourad Merzouki et Manu Dibango f\u00eateront les 50 ans de BEL AIR !\"}]},{\"@type\":\"WebSite\",\"@id\":\"https:\/\/newsestlyonnais.fr\/site\/#website\",\"url\":\"https:\/\/newsestlyonnais.fr\/site\/\",\"name\":\"News Est Lyonnais\",\"description\":\"L&#039;actualit\u00e9 au plus pr\u00e8s\",\"publisher\":{\"@id\":\"https:\/\/newsestlyonnais.fr\/site\/#organization\"},\"potentialAction\":[{\"@type\":\"SearchAction\",\"target\":{\"@type\":\"EntryPoint\",\"urlTemplate\":\"https:\/\/newsestlyonnais.fr\/site\/?s={search_term_string}\"},\"query-input\":{\"@type\":\"PropertyValueSpecification\",\"valueRequired\":true,\"valueName\":\"search_term_string\"}}],\"inLanguage\":\"fr-FR\"},{\"@type\":\"Organization\",\"@id\":\"https:\/\/newsestlyonnais.fr\/site\/#organization\",\"name\":\"News EST LYONNAIS\",\"url\":\"https:\/\/newsestlyonnais.fr\/site\/\",\"logo\":{\"@type\":\"ImageObject\",\"inLanguage\":\"fr-FR\",\"@id\":\"https:\/\/newsestlyonnais.fr\/site\/#\/schema\/logo\/image\/\",\"url\":\"\",\"contentUrl\":\"\",\"caption\":\"News EST LYONNAIS\"},\"image\":{\"@id\":\"https:\/\/newsestlyonnais.fr\/site\/#\/schema\/logo\/image\/\"}},{\"@type\":\"Person\",\"@id\":\"https:\/\/newsestlyonnais.fr\/site\/#\/schema\/person\/3230d5615f390bb808365d673001e887\",\"name\":\"R\u00e9dac. NEWS\",\"sameAs\":[\"http:\/\/www.newsestlyonnais.fr\",\"https:\/\/www.facebook.com\/pascal.oberson.1?fref=ts\",\"https:\/\/fr.linkedin.com\/in\/pascal-oberson-b17045113\"],\"url\":\"https:\/\/newsestlyonnais.fr\/site\/author\/nel\/\"}]}<\/script>\n<!-- \/ Yoast SEO plugin. -->","yoast_head_json":{"title":"SAINT PRIEST : Mourad Merzouki et Manu Dibango f\u00eateront les 50 ans de BEL AIR !","description":"SAINT PRIEST : Mourad Merzouki et Manu Dibango f\u00eateront les 50 ans de BEL AIR !","robots":{"index":"index","follow":"follow","max-snippet":"max-snippet:-1","max-image-preview":"max-image-preview:large","max-video-preview":"max-video-preview:-1"},"canonical":"https:\/\/newsestlyonnais.fr\/site\/2018\/07\/27\/saint-priest-mourad-merzouki-et-manu-dibango-feteront-les-50-ans-de-bel-air\/","og_locale":"fr_FR","og_type":"article","og_title":"SAINT PRIEST : Mourad Merzouki et Manu Dibango f\u00eateront les 50 ans de BEL AIR !","og_description":"SAINT PRIEST : Mourad Merzouki et Manu Dibango f\u00eateront les 50 ans de BEL AIR !","og_url":"https:\/\/newsestlyonnais.fr\/site\/2018\/07\/27\/saint-priest-mourad-merzouki-et-manu-dibango-feteront-les-50-ans-de-bel-air\/","og_site_name":"News Est Lyonnais","article_author":"https:\/\/www.facebook.com\/pascal.oberson.1?fref=ts","article_published_time":"2018-07-27T13:24:42+00:00","article_modified_time":"2020-11-07T07:18:52+00:00","og_image":[{"width":960,"height":550,"url":"https:\/\/i0.wp.com\/newsestlyonnais.fr\/site\/wp-content\/uploads\/2018\/07\/NEWSESTLYONNAIS-50-ans-bel-air-st-priest.jpg?fit=960%2C550&ssl=1","type":"image\/jpeg"}],"author":"R\u00e9dac. NEWS","twitter_card":"summary_large_image","twitter_misc":{"\u00c9crit par":"R\u00e9dac. NEWS","Dur\u00e9e de lecture estim\u00e9e":"6 minutes"},"schema":{"@context":"https:\/\/schema.org","@graph":[{"@type":"Article","@id":"https:\/\/newsestlyonnais.fr\/site\/2018\/07\/27\/saint-priest-mourad-merzouki-et-manu-dibango-feteront-les-50-ans-de-bel-air\/#article","isPartOf":{"@id":"https:\/\/newsestlyonnais.fr\/site\/2018\/07\/27\/saint-priest-mourad-merzouki-et-manu-dibango-feteront-les-50-ans-de-bel-air\/"},"author":{"name":"R\u00e9dac. NEWS","@id":"https:\/\/newsestlyonnais.fr\/site\/#\/schema\/person\/3230d5615f390bb808365d673001e887"},"headline":"SAINT-PRIEST | Mourad Merzouki et Manu Dibango f\u00eateront les 50 ans de BEL AIR !","datePublished":"2018-07-27T13:24:42+00:00","dateModified":"2020-11-07T07:18:52+00:00","mainEntityOfPage":{"@id":"https:\/\/newsestlyonnais.fr\/site\/2018\/07\/27\/saint-priest-mourad-merzouki-et-manu-dibango-feteront-les-50-ans-de-bel-air\/"},"wordCount":1314,"commentCount":0,"publisher":{"@id":"https:\/\/newsestlyonnais.fr\/site\/#organization"},"image":{"@id":"https:\/\/newsestlyonnais.fr\/site\/2018\/07\/27\/saint-priest-mourad-merzouki-et-manu-dibango-feteront-les-50-ans-de-bel-air\/#primaryimage"},"thumbnailUrl":"https:\/\/newsestlyonnais.fr\/site\/wp-content\/uploads\/2018\/07\/NEWSESTLYONNAIS-50-ans-bel-air-st-priest.jpg","articleSection":["Musique | Danse | Humour","Saint-Priest"],"inLanguage":"fr-FR","potentialAction":[{"@type":"CommentAction","name":"Comment","target":["https:\/\/newsestlyonnais.fr\/site\/2018\/07\/27\/saint-priest-mourad-merzouki-et-manu-dibango-feteront-les-50-ans-de-bel-air\/#respond"]}]},{"@type":"WebPage","@id":"https:\/\/newsestlyonnais.fr\/site\/2018\/07\/27\/saint-priest-mourad-merzouki-et-manu-dibango-feteront-les-50-ans-de-bel-air\/","url":"https:\/\/newsestlyonnais.fr\/site\/2018\/07\/27\/saint-priest-mourad-merzouki-et-manu-dibango-feteront-les-50-ans-de-bel-air\/","name":"SAINT PRIEST : Mourad Merzouki et Manu Dibango f\u00eateront les 50 ans de BEL AIR !","isPartOf":{"@id":"https:\/\/newsestlyonnais.fr\/site\/#website"},"primaryImageOfPage":{"@id":"https:\/\/newsestlyonnais.fr\/site\/2018\/07\/27\/saint-priest-mourad-merzouki-et-manu-dibango-feteront-les-50-ans-de-bel-air\/#primaryimage"},"image":{"@id":"https:\/\/newsestlyonnais.fr\/site\/2018\/07\/27\/saint-priest-mourad-merzouki-et-manu-dibango-feteront-les-50-ans-de-bel-air\/#primaryimage"},"thumbnailUrl":"https:\/\/newsestlyonnais.fr\/site\/wp-content\/uploads\/2018\/07\/NEWSESTLYONNAIS-50-ans-bel-air-st-priest.jpg","datePublished":"2018-07-27T13:24:42+00:00","dateModified":"2020-11-07T07:18:52+00:00","description":"SAINT PRIEST : Mourad Merzouki et Manu Dibango f\u00eateront les 50 ans de BEL AIR !","breadcrumb":{"@id":"https:\/\/newsestlyonnais.fr\/site\/2018\/07\/27\/saint-priest-mourad-merzouki-et-manu-dibango-feteront-les-50-ans-de-bel-air\/#breadcrumb"},"inLanguage":"fr-FR","potentialAction":[{"@type":"ReadAction","target":["https:\/\/newsestlyonnais.fr\/site\/2018\/07\/27\/saint-priest-mourad-merzouki-et-manu-dibango-feteront-les-50-ans-de-bel-air\/"]}]},{"@type":"ImageObject","inLanguage":"fr-FR","@id":"https:\/\/newsestlyonnais.fr\/site\/2018\/07\/27\/saint-priest-mourad-merzouki-et-manu-dibango-feteront-les-50-ans-de-bel-air\/#primaryimage","url":"https:\/\/newsestlyonnais.fr\/site\/wp-content\/uploads\/2018\/07\/NEWSESTLYONNAIS-50-ans-bel-air-st-priest.jpg","contentUrl":"https:\/\/newsestlyonnais.fr\/site\/wp-content\/uploads\/2018\/07\/NEWSESTLYONNAIS-50-ans-bel-air-st-priest.jpg","width":960,"height":550,"caption":"NEWSESTLYONNAIS 50 ans bel air st priest"},{"@type":"BreadcrumbList","@id":"https:\/\/newsestlyonnais.fr\/site\/2018\/07\/27\/saint-priest-mourad-merzouki-et-manu-dibango-feteront-les-50-ans-de-bel-air\/#breadcrumb","itemListElement":[{"@type":"ListItem","position":1,"name":"Accueil","item":"https:\/\/newsestlyonnais.fr\/site\/"},{"@type":"ListItem","position":2,"name":"SAINT-PRIEST | Mourad Merzouki et Manu Dibango f\u00eateront les 50 ans de BEL AIR !"}]},{"@type":"WebSite","@id":"https:\/\/newsestlyonnais.fr\/site\/#website","url":"https:\/\/newsestlyonnais.fr\/site\/","name":"News Est Lyonnais","description":"L&#039;actualit\u00e9 au plus pr\u00e8s","publisher":{"@id":"https:\/\/newsestlyonnais.fr\/site\/#organization"},"potentialAction":[{"@type":"SearchAction","target":{"@type":"EntryPoint","urlTemplate":"https:\/\/newsestlyonnais.fr\/site\/?s={search_term_string}"},"query-input":{"@type":"PropertyValueSpecification","valueRequired":true,"valueName":"search_term_string"}}],"inLanguage":"fr-FR"},{"@type":"Organization","@id":"https:\/\/newsestlyonnais.fr\/site\/#organization","name":"News EST LYONNAIS","url":"https:\/\/newsestlyonnais.fr\/site\/","logo":{"@type":"ImageObject","inLanguage":"fr-FR","@id":"https:\/\/newsestlyonnais.fr\/site\/#\/schema\/logo\/image\/","url":"","contentUrl":"","caption":"News EST LYONNAIS"},"image":{"@id":"https:\/\/newsestlyonnais.fr\/site\/#\/schema\/logo\/image\/"}},{"@type":"Person","@id":"https:\/\/newsestlyonnais.fr\/site\/#\/schema\/person\/3230d5615f390bb808365d673001e887","name":"R\u00e9dac. NEWS","sameAs":["http:\/\/www.newsestlyonnais.fr","https:\/\/www.facebook.com\/pascal.oberson.1?fref=ts","https:\/\/fr.linkedin.com\/in\/pascal-oberson-b17045113"],"url":"https:\/\/newsestlyonnais.fr\/site\/author\/nel\/"}]}},"_links":{"self":[{"href":"https:\/\/newsestlyonnais.fr\/site\/wp-json\/wp\/v2\/posts\/54562","targetHints":{"allow":["GET"]}}],"collection":[{"href":"https:\/\/newsestlyonnais.fr\/site\/wp-json\/wp\/v2\/posts"}],"about":[{"href":"https:\/\/newsestlyonnais.fr\/site\/wp-json\/wp\/v2\/types\/post"}],"author":[{"embeddable":true,"href":"https:\/\/newsestlyonnais.fr\/site\/wp-json\/wp\/v2\/users\/4"}],"replies":[{"embeddable":true,"href":"https:\/\/newsestlyonnais.fr\/site\/wp-json\/wp\/v2\/comments?post=54562"}],"version-history":[{"count":0,"href":"https:\/\/newsestlyonnais.fr\/site\/wp-json\/wp\/v2\/posts\/54562\/revisions"}],"wp:featuredmedia":[{"embeddable":true,"href":"https:\/\/newsestlyonnais.fr\/site\/wp-json\/wp\/v2\/media\/54577"}],"wp:attachment":[{"href":"https:\/\/newsestlyonnais.fr\/site\/wp-json\/wp\/v2\/media?parent=54562"}],"wp:term":[{"taxonomy":"category","embeddable":true,"href":"https:\/\/newsestlyonnais.fr\/site\/wp-json\/wp\/v2\/categories?post=54562"},{"taxonomy":"post_tag","embeddable":true,"href":"https:\/\/newsestlyonnais.fr\/site\/wp-json\/wp\/v2\/tags?post=54562"}],"curies":[{"name":"wp","href":"https:\/\/api.w.org\/{rel}","templated":true}]}}