{"id":54736,"date":"2018-07-31T07:36:46","date_gmt":"2018-07-31T06:36:46","guid":{"rendered":"http:\/\/newsestlyonnais.fr\/site\/?p=54736"},"modified":"2021-09-16T14:42:16","modified_gmt":"2021-09-16T13:42:16","slug":"genas-nouvelle-tres-bonne-saison-pour-la-savate-boxe-francaise","status":"publish","type":"post","link":"https:\/\/newsestlyonnais.fr\/site\/2018\/07\/31\/genas-nouvelle-tres-bonne-saison-pour-la-savate-boxe-francaise\/","title":{"rendered":"GENAS | Nouvelle tr\u00e8s bonne saison pour la Savate Boxe Fran\u00e7aise"},"content":{"rendered":"<h4>St\u00e9phane Legrand, pr\u00e9sident de la Boxe Fran\u00e7aise Genas Savate analyse l&rsquo;exercice 2017\/2018 \u00e9coul\u00e9 et qu&rsquo;il qualifie de nouvelle tr\u00e8s bonne saison.<\/h4>\n<p>\u00a0\u00bb Globalement tout a bien march\u00e9 avec des activit\u00e9s (boxe fran\u00e7aise, cardio, cross fit)\u00a0 qui ont bien plu. Nous avons encore atteint un chiffre record en terme d&rsquo;adh\u00e9rents, en d\u00e9passant la barre des 300. Avec un nombre important de f\u00e9minines et nous allons cependant limiter le nombre d&rsquo;enfants. On peut aussi compter sur un staff cons\u00e9quent de 14 personnes r\u00e9parti entre les moniteurs et le secteur administratif.<\/p>\n<p>Cette ann\u00e9e a cependant \u00e9t\u00e9 blanche sportivement avec peu de comp\u00e9titeurs engag\u00e9s mais la famille Ho a obtenu de tr\u00e8s bons r\u00e9sultats avec le fils Kyrian (vainqueur du tournoi national de l&rsquo;avenir) et son p\u00e8re Phong (1\/2 finaliste championnat de France v\u00e9t\u00e9ran). D&rsquo;autre part, une quinzaine de membres du club ont particip\u00e9 fin mai \u00e0 la 2\u00b0 Nuit des Arts martiaux \u00e0 Genas \u00a0\u00bb poursuit le responsable de la section.<\/p>\n<p>Une bien belle saison achev\u00e9e par une soir\u00e9e assauts et vid\u00e9os, en pr\u00e9sence des parents des plus jeunes licenci\u00e9s (PHOTO A LA UNE).<\/p>\n<p><span style=\"text-decoration: underline\"><em><strong>NOTA<\/strong> <\/em><\/span>:<\/p>\n<ul>\n<li>Pr\u00e9sence au <span style=\"text-decoration: underline\">Forum des associations<\/span> le samedi 1\u00b0 septembre, salle Jacques Anquetil.<\/li>\n<li><span style=\"text-decoration: underline\">Inscriptions<\/span> : le lundi 3, mardi 4, mercredi 5, jeudi 6 &amp; vendredi 7 septembre (18 h 30\/20 h,salle de boxe).<\/li>\n<li><span style=\"text-decoration: underline\">Reprise des cours<\/span> le lundi 10 septembre.<\/li>\n<\/ul>\n<p>Retrouvez l&rsquo;ACTU du club sur : <a href=\"https:\/\/www.sbfgenas.com\" target=\"_blank\" rel=\"noopener noreferrer\">https:\/\/www.sbfgenas.com<\/a><\/p>\n<div id='gallery-1' class='gallery galleryid-54736 gallery-columns-3 gallery-size-thumbnail'><figure class='gallery-item'>\n\t\t\t<div class='gallery-icon landscape'>\n\t\t\t\t<a href='https:\/\/newsestlyonnais.fr\/site\/2018\/07\/31\/genas-nouvelle-tres-bonne-saison-pour-la-savate-boxe-francaise\/newsestlyonnais-boxe-frse-kyrian-ho-2\/'><img loading=\"lazy\" decoding=\"async\" width=\"150\" height=\"150\" src=\"https:\/\/newsestlyonnais.fr\/site\/wp-content\/uploads\/2018\/07\/NEWSESTLYONNAIS-BOXE-FRSE-Kyrian-HO--150x150.jpg\" class=\"attachment-thumbnail size-thumbnail\" alt=\"NEWSESTLYONNAIS - BOXE FRSE Kyrian HO\" aria-describedby=\"gallery-1-54746\" \/><\/a>\n\t\t\t<\/div>\n\t\t\t\t<figcaption class='wp-caption-text gallery-caption' id='gallery-1-54746'>\n\t\t\t\tKyrian Ho vainqueur du tournoi national de l\u2019Avenir\n\t\t\t\t<\/figcaption><\/figure><figure class='gallery-item'>\n\t\t\t<div class='gallery-icon landscape'>\n\t\t\t\t<a href='https:\/\/newsestlyonnais.fr\/site\/2018\/07\/31\/genas-nouvelle-tres-bonne-saison-pour-la-savate-boxe-francaise\/newsestlyonnais-trophee-08-2\/'><img loading=\"lazy\" decoding=\"async\" width=\"150\" height=\"150\" src=\"https:\/\/newsestlyonnais.fr\/site\/wp-content\/uploads\/2018\/07\/NEWSESTLYONNAIS-TROPHEE-08-1-150x150.jpg\" class=\"attachment-thumbnail size-thumbnail\" alt=\"NEWSESTLYONNAIS - TROPHEE 08\" aria-describedby=\"gallery-1-54748\" \/><\/a>\n\t\t\t<\/div>\n\t\t\t\t<figcaption class='wp-caption-text gallery-caption' id='gallery-1-54748'>\n\t\t\t\tPhong Ho et Wilfried Telisson, honor\u00e9s aux Troph\u00e9es des Sportifs 2018\n\t\t\t\t<\/figcaption><\/figure>\n\t\t<\/div>\n\n","protected":false},"excerpt":{"rendered":"<p>St\u00e9phane Legrand, pr\u00e9sident de la Boxe Fran\u00e7aise Genas Savate analyse l&rsquo;exercice 2017\/2018 \u00e9coul\u00e9 et qu&rsquo;il qualifie de nouvelle tr\u00e8s bonne saison. \u00a0\u00bb Globalement tout a bien march\u00e9 avec des activit\u00e9s (boxe fran\u00e7aise, cardio, cross fit)\u00a0 qui ont bien plu. Nous avons encore atteint un chiffre record en terme d&rsquo;adh\u00e9rents, en d\u00e9passant la barre des 300. [&hellip;]<\/p>\n","protected":false},"author":4,"featured_media":54739,"comment_status":"open","ping_status":"open","sticky":false,"template":"","format":"standard","meta":{"footnotes":""},"categories":[574,3895,270,166,1598],"tags":[],"class_list":["post-54736","post","type-post","status-publish","format-standard","has-post-thumbnail","hentry","category-autres-sports","category-boxe","category-cte-de-communes-c-c-e-l","category-divers-sports","category-genas"],"yoast_head":"<!-- This site is optimized with the Yoast SEO plugin v27.2 - https:\/\/yoast.com\/product\/yoast-seo-wordpress\/ -->\n<title>GENAS : Une nouvelle tr\u00e8s bonne saison pour la Savate Boxe Fran\u00e7aise<\/title>\n<meta name=\"description\" content=\"GENAS : Une nouvelle tr\u00e8s bonne saison pour la Savate Boxe Fran\u00e7aise\" \/>\n<meta name=\"robots\" content=\"index, follow, max-snippet:-1, max-image-preview:large, max-video-preview:-1\" \/>\n<link rel=\"canonical\" href=\"https:\/\/newsestlyonnais.fr\/site\/2018\/07\/31\/genas-nouvelle-tres-bonne-saison-pour-la-savate-boxe-francaise\/\" \/>\n<meta property=\"og:locale\" content=\"fr_FR\" \/>\n<meta property=\"og:type\" content=\"article\" \/>\n<meta property=\"og:title\" content=\"GENAS : Une nouvelle tr\u00e8s bonne saison pour la Savate Boxe Fran\u00e7aise\" \/>\n<meta property=\"og:description\" content=\"GENAS : Une nouvelle tr\u00e8s bonne saison pour la Savate Boxe Fran\u00e7aise\" \/>\n<meta property=\"og:url\" content=\"https:\/\/newsestlyonnais.fr\/site\/2018\/07\/31\/genas-nouvelle-tres-bonne-saison-pour-la-savate-boxe-francaise\/\" \/>\n<meta property=\"og:site_name\" content=\"News Est Lyonnais\" \/>\n<meta property=\"article:author\" content=\"https:\/\/www.facebook.com\/pascal.oberson.1?fref=ts\" \/>\n<meta property=\"article:published_time\" content=\"2018-07-31T06:36:46+00:00\" \/>\n<meta property=\"article:modified_time\" content=\"2021-09-16T13:42:16+00:00\" \/>\n<meta property=\"og:image\" content=\"https:\/\/i0.wp.com\/newsestlyonnais.fr\/site\/wp-content\/uploads\/2018\/07\/NEWSESTLYONNAIS-BILAN-BOXE-FRSE-GENAS.jpg?fit=2048%2C1536&ssl=1\" \/>\n\t<meta property=\"og:image:width\" content=\"2048\" \/>\n\t<meta property=\"og:image:height\" content=\"1536\" \/>\n\t<meta property=\"og:image:type\" content=\"image\/jpeg\" \/>\n<meta name=\"author\" content=\"R\u00e9dac. NEWS\" \/>\n<meta name=\"twitter:card\" content=\"summary_large_image\" \/>\n<meta name=\"twitter:label1\" content=\"\u00c9crit par\" \/>\n\t<meta name=\"twitter:data1\" content=\"R\u00e9dac. NEWS\" \/>\n\t<meta name=\"twitter:label2\" content=\"Dur\u00e9e de lecture estim\u00e9e\" \/>\n\t<meta name=\"twitter:data2\" content=\"1 minute\" \/>\n<script type=\"application\/ld+json\" class=\"yoast-schema-graph\">{\"@context\":\"https:\/\/schema.org\",\"@graph\":[{\"@type\":\"Article\",\"@id\":\"https:\/\/newsestlyonnais.fr\/site\/2018\/07\/31\/genas-nouvelle-tres-bonne-saison-pour-la-savate-boxe-francaise\/#article\",\"isPartOf\":{\"@id\":\"https:\/\/newsestlyonnais.fr\/site\/2018\/07\/31\/genas-nouvelle-tres-bonne-saison-pour-la-savate-boxe-francaise\/\"},\"author\":{\"name\":\"R\u00e9dac. NEWS\",\"@id\":\"https:\/\/newsestlyonnais.fr\/site\/#\/schema\/person\/3230d5615f390bb808365d673001e887\"},\"headline\":\"GENAS | Nouvelle tr\u00e8s bonne saison pour la Savate Boxe Fran\u00e7aise\",\"datePublished\":\"2018-07-31T06:36:46+00:00\",\"dateModified\":\"2021-09-16T13:42:16+00:00\",\"mainEntityOfPage\":{\"@id\":\"https:\/\/newsestlyonnais.fr\/site\/2018\/07\/31\/genas-nouvelle-tres-bonne-saison-pour-la-savate-boxe-francaise\/\"},\"wordCount\":261,\"commentCount\":0,\"publisher\":{\"@id\":\"https:\/\/newsestlyonnais.fr\/site\/#organization\"},\"image\":{\"@id\":\"https:\/\/newsestlyonnais.fr\/site\/2018\/07\/31\/genas-nouvelle-tres-bonne-saison-pour-la-savate-boxe-francaise\/#primaryimage\"},\"thumbnailUrl\":\"https:\/\/newsestlyonnais.fr\/site\/wp-content\/uploads\/2018\/07\/NEWSESTLYONNAIS-BILAN-BOXE-FRSE-GENAS.jpg\",\"articleSection\":[\"Autres sports\",\"Boxe\",\"CCEL | Communes\",\"Divers Sports\",\"Genas\"],\"inLanguage\":\"fr-FR\",\"potentialAction\":[{\"@type\":\"CommentAction\",\"name\":\"Comment\",\"target\":[\"https:\/\/newsestlyonnais.fr\/site\/2018\/07\/31\/genas-nouvelle-tres-bonne-saison-pour-la-savate-boxe-francaise\/#respond\"]}]},{\"@type\":\"WebPage\",\"@id\":\"https:\/\/newsestlyonnais.fr\/site\/2018\/07\/31\/genas-nouvelle-tres-bonne-saison-pour-la-savate-boxe-francaise\/\",\"url\":\"https:\/\/newsestlyonnais.fr\/site\/2018\/07\/31\/genas-nouvelle-tres-bonne-saison-pour-la-savate-boxe-francaise\/\",\"name\":\"GENAS : Une nouvelle tr\u00e8s bonne saison pour la Savate Boxe Fran\u00e7aise\",\"isPartOf\":{\"@id\":\"https:\/\/newsestlyonnais.fr\/site\/#website\"},\"primaryImageOfPage\":{\"@id\":\"https:\/\/newsestlyonnais.fr\/site\/2018\/07\/31\/genas-nouvelle-tres-bonne-saison-pour-la-savate-boxe-francaise\/#primaryimage\"},\"image\":{\"@id\":\"https:\/\/newsestlyonnais.fr\/site\/2018\/07\/31\/genas-nouvelle-tres-bonne-saison-pour-la-savate-boxe-francaise\/#primaryimage\"},\"thumbnailUrl\":\"https:\/\/newsestlyonnais.fr\/site\/wp-content\/uploads\/2018\/07\/NEWSESTLYONNAIS-BILAN-BOXE-FRSE-GENAS.jpg\",\"datePublished\":\"2018-07-31T06:36:46+00:00\",\"dateModified\":\"2021-09-16T13:42:16+00:00\",\"description\":\"GENAS : Une nouvelle tr\u00e8s bonne saison pour la Savate Boxe Fran\u00e7aise\",\"breadcrumb\":{\"@id\":\"https:\/\/newsestlyonnais.fr\/site\/2018\/07\/31\/genas-nouvelle-tres-bonne-saison-pour-la-savate-boxe-francaise\/#breadcrumb\"},\"inLanguage\":\"fr-FR\",\"potentialAction\":[{\"@type\":\"ReadAction\",\"target\":[\"https:\/\/newsestlyonnais.fr\/site\/2018\/07\/31\/genas-nouvelle-tres-bonne-saison-pour-la-savate-boxe-francaise\/\"]}]},{\"@type\":\"ImageObject\",\"inLanguage\":\"fr-FR\",\"@id\":\"https:\/\/newsestlyonnais.fr\/site\/2018\/07\/31\/genas-nouvelle-tres-bonne-saison-pour-la-savate-boxe-francaise\/#primaryimage\",\"url\":\"https:\/\/newsestlyonnais.fr\/site\/wp-content\/uploads\/2018\/07\/NEWSESTLYONNAIS-BILAN-BOXE-FRSE-GENAS.jpg\",\"contentUrl\":\"https:\/\/newsestlyonnais.fr\/site\/wp-content\/uploads\/2018\/07\/NEWSESTLYONNAIS-BILAN-BOXE-FRSE-GENAS.jpg\",\"width\":2048,\"height\":1536,\"caption\":\"NEWSESTLYONNAIS BILAN BOXE FRSE GENAS\"},{\"@type\":\"BreadcrumbList\",\"@id\":\"https:\/\/newsestlyonnais.fr\/site\/2018\/07\/31\/genas-nouvelle-tres-bonne-saison-pour-la-savate-boxe-francaise\/#breadcrumb\",\"itemListElement\":[{\"@type\":\"ListItem\",\"position\":1,\"name\":\"Accueil\",\"item\":\"https:\/\/newsestlyonnais.fr\/site\/\"},{\"@type\":\"ListItem\",\"position\":2,\"name\":\"GENAS | Nouvelle tr\u00e8s bonne saison pour la Savate Boxe Fran\u00e7aise\"}]},{\"@type\":\"WebSite\",\"@id\":\"https:\/\/newsestlyonnais.fr\/site\/#website\",\"url\":\"https:\/\/newsestlyonnais.fr\/site\/\",\"name\":\"News Est Lyonnais\",\"description\":\"L&#039;actualit\u00e9 au plus pr\u00e8s\",\"publisher\":{\"@id\":\"https:\/\/newsestlyonnais.fr\/site\/#organization\"},\"potentialAction\":[{\"@type\":\"SearchAction\",\"target\":{\"@type\":\"EntryPoint\",\"urlTemplate\":\"https:\/\/newsestlyonnais.fr\/site\/?s={search_term_string}\"},\"query-input\":{\"@type\":\"PropertyValueSpecification\",\"valueRequired\":true,\"valueName\":\"search_term_string\"}}],\"inLanguage\":\"fr-FR\"},{\"@type\":\"Organization\",\"@id\":\"https:\/\/newsestlyonnais.fr\/site\/#organization\",\"name\":\"News EST LYONNAIS\",\"url\":\"https:\/\/newsestlyonnais.fr\/site\/\",\"logo\":{\"@type\":\"ImageObject\",\"inLanguage\":\"fr-FR\",\"@id\":\"https:\/\/newsestlyonnais.fr\/site\/#\/schema\/logo\/image\/\",\"url\":\"\",\"contentUrl\":\"\",\"caption\":\"News EST LYONNAIS\"},\"image\":{\"@id\":\"https:\/\/newsestlyonnais.fr\/site\/#\/schema\/logo\/image\/\"}},{\"@type\":\"Person\",\"@id\":\"https:\/\/newsestlyonnais.fr\/site\/#\/schema\/person\/3230d5615f390bb808365d673001e887\",\"name\":\"R\u00e9dac. NEWS\",\"sameAs\":[\"http:\/\/www.newsestlyonnais.fr\",\"https:\/\/www.facebook.com\/pascal.oberson.1?fref=ts\",\"https:\/\/fr.linkedin.com\/in\/pascal-oberson-b17045113\"],\"url\":\"https:\/\/newsestlyonnais.fr\/site\/author\/nel\/\"}]}<\/script>\n<!-- \/ Yoast SEO plugin. -->","yoast_head_json":{"title":"GENAS : Une nouvelle tr\u00e8s bonne saison pour la Savate Boxe Fran\u00e7aise","description":"GENAS : Une nouvelle tr\u00e8s bonne saison pour la Savate Boxe Fran\u00e7aise","robots":{"index":"index","follow":"follow","max-snippet":"max-snippet:-1","max-image-preview":"max-image-preview:large","max-video-preview":"max-video-preview:-1"},"canonical":"https:\/\/newsestlyonnais.fr\/site\/2018\/07\/31\/genas-nouvelle-tres-bonne-saison-pour-la-savate-boxe-francaise\/","og_locale":"fr_FR","og_type":"article","og_title":"GENAS : Une nouvelle tr\u00e8s bonne saison pour la Savate Boxe Fran\u00e7aise","og_description":"GENAS : Une nouvelle tr\u00e8s bonne saison pour la Savate Boxe Fran\u00e7aise","og_url":"https:\/\/newsestlyonnais.fr\/site\/2018\/07\/31\/genas-nouvelle-tres-bonne-saison-pour-la-savate-boxe-francaise\/","og_site_name":"News Est Lyonnais","article_author":"https:\/\/www.facebook.com\/pascal.oberson.1?fref=ts","article_published_time":"2018-07-31T06:36:46+00:00","article_modified_time":"2021-09-16T13:42:16+00:00","og_image":[{"width":2048,"height":1536,"url":"https:\/\/i0.wp.com\/newsestlyonnais.fr\/site\/wp-content\/uploads\/2018\/07\/NEWSESTLYONNAIS-BILAN-BOXE-FRSE-GENAS.jpg?fit=2048%2C1536&ssl=1","type":"image\/jpeg"}],"author":"R\u00e9dac. NEWS","twitter_card":"summary_large_image","twitter_misc":{"\u00c9crit par":"R\u00e9dac. NEWS","Dur\u00e9e de lecture estim\u00e9e":"1 minute"},"schema":{"@context":"https:\/\/schema.org","@graph":[{"@type":"Article","@id":"https:\/\/newsestlyonnais.fr\/site\/2018\/07\/31\/genas-nouvelle-tres-bonne-saison-pour-la-savate-boxe-francaise\/#article","isPartOf":{"@id":"https:\/\/newsestlyonnais.fr\/site\/2018\/07\/31\/genas-nouvelle-tres-bonne-saison-pour-la-savate-boxe-francaise\/"},"author":{"name":"R\u00e9dac. NEWS","@id":"https:\/\/newsestlyonnais.fr\/site\/#\/schema\/person\/3230d5615f390bb808365d673001e887"},"headline":"GENAS | Nouvelle tr\u00e8s bonne saison pour la Savate Boxe Fran\u00e7aise","datePublished":"2018-07-31T06:36:46+00:00","dateModified":"2021-09-16T13:42:16+00:00","mainEntityOfPage":{"@id":"https:\/\/newsestlyonnais.fr\/site\/2018\/07\/31\/genas-nouvelle-tres-bonne-saison-pour-la-savate-boxe-francaise\/"},"wordCount":261,"commentCount":0,"publisher":{"@id":"https:\/\/newsestlyonnais.fr\/site\/#organization"},"image":{"@id":"https:\/\/newsestlyonnais.fr\/site\/2018\/07\/31\/genas-nouvelle-tres-bonne-saison-pour-la-savate-boxe-francaise\/#primaryimage"},"thumbnailUrl":"https:\/\/newsestlyonnais.fr\/site\/wp-content\/uploads\/2018\/07\/NEWSESTLYONNAIS-BILAN-BOXE-FRSE-GENAS.jpg","articleSection":["Autres sports","Boxe","CCEL | Communes","Divers Sports","Genas"],"inLanguage":"fr-FR","potentialAction":[{"@type":"CommentAction","name":"Comment","target":["https:\/\/newsestlyonnais.fr\/site\/2018\/07\/31\/genas-nouvelle-tres-bonne-saison-pour-la-savate-boxe-francaise\/#respond"]}]},{"@type":"WebPage","@id":"https:\/\/newsestlyonnais.fr\/site\/2018\/07\/31\/genas-nouvelle-tres-bonne-saison-pour-la-savate-boxe-francaise\/","url":"https:\/\/newsestlyonnais.fr\/site\/2018\/07\/31\/genas-nouvelle-tres-bonne-saison-pour-la-savate-boxe-francaise\/","name":"GENAS : Une nouvelle tr\u00e8s bonne saison pour la Savate Boxe Fran\u00e7aise","isPartOf":{"@id":"https:\/\/newsestlyonnais.fr\/site\/#website"},"primaryImageOfPage":{"@id":"https:\/\/newsestlyonnais.fr\/site\/2018\/07\/31\/genas-nouvelle-tres-bonne-saison-pour-la-savate-boxe-francaise\/#primaryimage"},"image":{"@id":"https:\/\/newsestlyonnais.fr\/site\/2018\/07\/31\/genas-nouvelle-tres-bonne-saison-pour-la-savate-boxe-francaise\/#primaryimage"},"thumbnailUrl":"https:\/\/newsestlyonnais.fr\/site\/wp-content\/uploads\/2018\/07\/NEWSESTLYONNAIS-BILAN-BOXE-FRSE-GENAS.jpg","datePublished":"2018-07-31T06:36:46+00:00","dateModified":"2021-09-16T13:42:16+00:00","description":"GENAS : Une nouvelle tr\u00e8s bonne saison pour la Savate Boxe Fran\u00e7aise","breadcrumb":{"@id":"https:\/\/newsestlyonnais.fr\/site\/2018\/07\/31\/genas-nouvelle-tres-bonne-saison-pour-la-savate-boxe-francaise\/#breadcrumb"},"inLanguage":"fr-FR","potentialAction":[{"@type":"ReadAction","target":["https:\/\/newsestlyonnais.fr\/site\/2018\/07\/31\/genas-nouvelle-tres-bonne-saison-pour-la-savate-boxe-francaise\/"]}]},{"@type":"ImageObject","inLanguage":"fr-FR","@id":"https:\/\/newsestlyonnais.fr\/site\/2018\/07\/31\/genas-nouvelle-tres-bonne-saison-pour-la-savate-boxe-francaise\/#primaryimage","url":"https:\/\/newsestlyonnais.fr\/site\/wp-content\/uploads\/2018\/07\/NEWSESTLYONNAIS-BILAN-BOXE-FRSE-GENAS.jpg","contentUrl":"https:\/\/newsestlyonnais.fr\/site\/wp-content\/uploads\/2018\/07\/NEWSESTLYONNAIS-BILAN-BOXE-FRSE-GENAS.jpg","width":2048,"height":1536,"caption":"NEWSESTLYONNAIS BILAN BOXE FRSE GENAS"},{"@type":"BreadcrumbList","@id":"https:\/\/newsestlyonnais.fr\/site\/2018\/07\/31\/genas-nouvelle-tres-bonne-saison-pour-la-savate-boxe-francaise\/#breadcrumb","itemListElement":[{"@type":"ListItem","position":1,"name":"Accueil","item":"https:\/\/newsestlyonnais.fr\/site\/"},{"@type":"ListItem","position":2,"name":"GENAS | Nouvelle tr\u00e8s bonne saison pour la Savate Boxe Fran\u00e7aise"}]},{"@type":"WebSite","@id":"https:\/\/newsestlyonnais.fr\/site\/#website","url":"https:\/\/newsestlyonnais.fr\/site\/","name":"News Est Lyonnais","description":"L&#039;actualit\u00e9 au plus pr\u00e8s","publisher":{"@id":"https:\/\/newsestlyonnais.fr\/site\/#organization"},"potentialAction":[{"@type":"SearchAction","target":{"@type":"EntryPoint","urlTemplate":"https:\/\/newsestlyonnais.fr\/site\/?s={search_term_string}"},"query-input":{"@type":"PropertyValueSpecification","valueRequired":true,"valueName":"search_term_string"}}],"inLanguage":"fr-FR"},{"@type":"Organization","@id":"https:\/\/newsestlyonnais.fr\/site\/#organization","name":"News EST LYONNAIS","url":"https:\/\/newsestlyonnais.fr\/site\/","logo":{"@type":"ImageObject","inLanguage":"fr-FR","@id":"https:\/\/newsestlyonnais.fr\/site\/#\/schema\/logo\/image\/","url":"","contentUrl":"","caption":"News EST LYONNAIS"},"image":{"@id":"https:\/\/newsestlyonnais.fr\/site\/#\/schema\/logo\/image\/"}},{"@type":"Person","@id":"https:\/\/newsestlyonnais.fr\/site\/#\/schema\/person\/3230d5615f390bb808365d673001e887","name":"R\u00e9dac. NEWS","sameAs":["http:\/\/www.newsestlyonnais.fr","https:\/\/www.facebook.com\/pascal.oberson.1?fref=ts","https:\/\/fr.linkedin.com\/in\/pascal-oberson-b17045113"],"url":"https:\/\/newsestlyonnais.fr\/site\/author\/nel\/"}]}},"_links":{"self":[{"href":"https:\/\/newsestlyonnais.fr\/site\/wp-json\/wp\/v2\/posts\/54736","targetHints":{"allow":["GET"]}}],"collection":[{"href":"https:\/\/newsestlyonnais.fr\/site\/wp-json\/wp\/v2\/posts"}],"about":[{"href":"https:\/\/newsestlyonnais.fr\/site\/wp-json\/wp\/v2\/types\/post"}],"author":[{"embeddable":true,"href":"https:\/\/newsestlyonnais.fr\/site\/wp-json\/wp\/v2\/users\/4"}],"replies":[{"embeddable":true,"href":"https:\/\/newsestlyonnais.fr\/site\/wp-json\/wp\/v2\/comments?post=54736"}],"version-history":[{"count":0,"href":"https:\/\/newsestlyonnais.fr\/site\/wp-json\/wp\/v2\/posts\/54736\/revisions"}],"wp:featuredmedia":[{"embeddable":true,"href":"https:\/\/newsestlyonnais.fr\/site\/wp-json\/wp\/v2\/media\/54739"}],"wp:attachment":[{"href":"https:\/\/newsestlyonnais.fr\/site\/wp-json\/wp\/v2\/media?parent=54736"}],"wp:term":[{"taxonomy":"category","embeddable":true,"href":"https:\/\/newsestlyonnais.fr\/site\/wp-json\/wp\/v2\/categories?post=54736"},{"taxonomy":"post_tag","embeddable":true,"href":"https:\/\/newsestlyonnais.fr\/site\/wp-json\/wp\/v2\/tags?post=54736"}],"curies":[{"name":"wp","href":"https:\/\/api.w.org\/{rel}","templated":true}]}}