{"id":54787,"date":"2018-08-01T06:55:08","date_gmt":"2018-08-01T05:55:08","guid":{"rendered":"http:\/\/newsestlyonnais.fr\/site\/?p=54787"},"modified":"2020-11-09T08:10:06","modified_gmt":"2020-11-09T07:10:06","slug":"genas-actions-et-reflexions-a-lassociation-activgenas-azieu","status":"publish","type":"post","link":"https:\/\/newsestlyonnais.fr\/site\/2018\/08\/01\/genas-actions-et-reflexions-a-lassociation-activgenas-azieu\/","title":{"rendered":"GENAS | Actions et r\u00e9flexions \u00e0 l&rsquo;association Activ&rsquo;Genas-Azieu"},"content":{"rendered":"<h4>L&rsquo;association des commer\u00e7ants, artisans et entreprises de service de la commune a r\u00e9cemment tenu son assembl\u00e9e g\u00e9n\u00e9rale, c&rsquo;est l&rsquo;occasion pour son pr\u00e9sident r\u00e9\u00e9lu de faire le point.<\/h4>\n<p>Une association forte de <span style=\"text-decoration: underline\">104 adh\u00e9rents, effectif en augmentation<\/span> et qui repr\u00e9sente <span style=\"text-decoration: underline\">90 % des commerces locaux<\/span>.<\/p>\n<p>\u00ab\u00a0Il n&rsquo; y a pas eu de changement au bureau, tous les postes ont \u00e9t\u00e9 maintenus et le nouveau CA s&rsquo;est m\u00eame \u00e9largi passant de 13 \u00e0 16 membres\u00a0\u00bb confie Patrice Ardouin, r\u00e9\u00e9lu \u00e0 la pr\u00e9sidence pour une ann\u00e9e. \u00a0\u00bb<\/p>\n<p>\u00a0\u00bb Cette AG a permis de pr\u00e9senter un \u00e9tat du commerce \u00e0 Genas et diverses mesures doivent \u00eatre prises. Des r\u00e9flexions sur nos actions pendant les travaux de la rue de la R\u00e9publique qui vont durer un an, vont \u00eatre men\u00e9es, notamment d&rsquo;\u00e9ventuelles ouvertures plus tardives de nos commerces. On va ainsi faire un plan Marshall et d&rsquo;autre part continuer nos actions d&rsquo;animations. Et notamment pr\u00e9parer celles pr\u00e9vues pour la seconde partie de l&rsquo;ann\u00e9e 2018 et celles de 2019. Pour la 3\u00b0 ann\u00e9e, nous avons organis\u00e9 en juin, les Musicales d&rsquo;Azieu, manifestation qui a bien fonctionn\u00e9 et a dynamis\u00e9 la place. Le concert de Micka\u00ebl Jones du 6 Octobre prochain affiche d\u00e9j\u00e0 complet avec 800 personnes attendues ! \u00a0\u00bb<\/p>\n<p><strong>Un bilan relativement positif pour cette dynamique association qui se porte plut\u00f4t bien et pr\u00e9sente une belle autonomie financi\u00e8re. Sans compter sa belle notori\u00e9t\u00e9 sur d&rsquo;autres communes de l&rsquo;Est Lyonnais !<\/strong><\/p>\n<p><span style=\"text-decoration: underline\"><em><strong>Le nouveau conseil d&rsquo;administration :<\/strong><\/em><\/span><\/p>\n<div>&#8211; <i>Patrice Ardouin (Pr\u00e9sident), Annie Escoffier (tr\u00e9sori\u00e8re et vice pr\u00e9sidente), Val\u00e9rie Ravoux (tr\u00e9sori\u00e8re adjointe), Patrick Begouin (secr\u00e9taire), Serge Lombardo (secr\u00e9taire adjoint), <\/i><i>Alexandra Lain\u00e9, Marie-Laure Daviet, Corine Sainrat,\u00a0 Alain Farge, Rapha\u00ebl Rebattet, Ludovic Peillon, Christophe Caternet, Alexis Das Neves, Eric Lespinasse, Eric Bernet &amp; R\u00e9mi Bessenay.<\/i><\/div>\n<ul>\n<li>Retrouvez l&rsquo;ACTU de l&rsquo;association sur :\u00a0<a href=\"http:\/\/www.activgenas.com\" target=\"_blank\" rel=\"noopener noreferrer\">http:\/\/www.activgenas.com<\/a><\/li>\n<\/ul>\n<div id='gallery-1' class='gallery galleryid-54787 gallery-columns-3 gallery-size-thumbnail'><figure class='gallery-item'>\n\t\t\t<div class='gallery-icon landscape'>\n\t\t\t\t<a href='https:\/\/newsestlyonnais.fr\/site\/newsestlyonanis-musicales-2018\/'><img loading=\"lazy\" decoding=\"async\" width=\"150\" height=\"150\" src=\"https:\/\/newsestlyonnais.fr\/site\/wp-content\/uploads\/2018\/05\/NEWSESTLYONANIS-MUSICALES-2018-150x150.jpg\" class=\"attachment-thumbnail size-thumbnail\" alt=\"NEWSESTLYONNAIS MUSICALES 2018\" aria-describedby=\"gallery-1-49732\" \/><\/a>\n\t\t\t<\/div>\n\t\t\t\t<figcaption class='wp-caption-text gallery-caption' id='gallery-1-49732'>\n\t\t\t\tLes Musicales ont connu un beau succ\u00e8s en juin\n\t\t\t\t<\/figcaption><\/figure><figure class='gallery-item'>\n\t\t\t<div class='gallery-icon portrait'>\n\t\t\t\t<a href='https:\/\/newsestlyonnais.fr\/site\/newsestlyonnais-m-jones\/'><img loading=\"lazy\" decoding=\"async\" width=\"150\" height=\"150\" src=\"https:\/\/newsestlyonnais.fr\/site\/wp-content\/uploads\/2018\/05\/NEWSESTLYONNAIS-M.-JONES-150x150.jpg\" class=\"attachment-thumbnail size-thumbnail\" alt=\"EWSESTLYONNAIS - M. JONES\" aria-describedby=\"gallery-1-49009\" \/><\/a>\n\t\t\t<\/div>\n\t\t\t\t<figcaption class='wp-caption-text gallery-caption' id='gallery-1-49009'>\n\t\t\t\tUn concert d\u00e9j\u00e0 complet ! \n\t\t\t\t<\/figcaption><\/figure>\n\t\t<\/div>\n\n","protected":false},"excerpt":{"rendered":"<p>L&rsquo;association des commer\u00e7ants, artisans et entreprises de service de la commune a r\u00e9cemment tenu son assembl\u00e9e g\u00e9n\u00e9rale, c&rsquo;est l&rsquo;occasion pour son pr\u00e9sident r\u00e9\u00e9lu de faire le point. Une association forte de 104 adh\u00e9rents, effectif en augmentation et qui repr\u00e9sente 90 % des commerces locaux. \u00ab\u00a0Il n&rsquo; y a pas eu de changement au bureau, tous [&hellip;]<\/p>\n","protected":false},"author":4,"featured_media":19318,"comment_status":"open","ping_status":"open","sticky":false,"template":"","format":"standard","meta":{"footnotes":""},"categories":[2970,270,1598],"tags":[],"class_list":["post-54787","post","type-post","status-publish","format-standard","has-post-thumbnail","hentry","category-artisans-commerces-economie","category-cte-de-communes-c-c-e-l","category-genas"],"yoast_head":"<!-- This site is optimized with the Yoast SEO plugin v27.2 - https:\/\/yoast.com\/product\/yoast-seo-wordpress\/ -->\n<title>GENAS : Actions et r\u00e9flexions \u00e0 l&#039;association Activ&#039;Genas-Azieu<\/title>\n<meta name=\"description\" content=\"GENAS : Actions et r\u00e9flexions \u00e0 l&#039;association Activ&#039;Genas-Azieu\" \/>\n<meta name=\"robots\" content=\"index, follow, max-snippet:-1, max-image-preview:large, max-video-preview:-1\" \/>\n<link rel=\"canonical\" href=\"https:\/\/newsestlyonnais.fr\/site\/2018\/08\/01\/genas-actions-et-reflexions-a-lassociation-activgenas-azieu\/\" \/>\n<meta property=\"og:locale\" content=\"fr_FR\" \/>\n<meta property=\"og:type\" content=\"article\" \/>\n<meta property=\"og:title\" content=\"GENAS : Actions et r\u00e9flexions \u00e0 l&#039;association Activ&#039;Genas-Azieu\" \/>\n<meta property=\"og:description\" content=\"GENAS : Actions et r\u00e9flexions \u00e0 l&#039;association Activ&#039;Genas-Azieu\" \/>\n<meta property=\"og:url\" content=\"https:\/\/newsestlyonnais.fr\/site\/2018\/08\/01\/genas-actions-et-reflexions-a-lassociation-activgenas-azieu\/\" \/>\n<meta property=\"og:site_name\" content=\"News Est Lyonnais\" \/>\n<meta property=\"article:author\" content=\"https:\/\/www.facebook.com\/pascal.oberson.1?fref=ts\" \/>\n<meta property=\"article:published_time\" content=\"2018-08-01T05:55:08+00:00\" \/>\n<meta property=\"article:modified_time\" content=\"2020-11-09T07:10:06+00:00\" \/>\n<meta property=\"og:image\" content=\"https:\/\/i0.wp.com\/newsestlyonnais.fr\/site\/wp-content\/uploads\/2017\/01\/NEWSESTLYONNAIS-LOGO-ACTIC-GENAS-AZIEU.png?fit=250%2C150&ssl=1\" \/>\n\t<meta property=\"og:image:width\" content=\"250\" \/>\n\t<meta property=\"og:image:height\" content=\"150\" \/>\n\t<meta property=\"og:image:type\" content=\"image\/png\" \/>\n<meta name=\"author\" content=\"R\u00e9dac. NEWS\" \/>\n<meta name=\"twitter:card\" content=\"summary_large_image\" \/>\n<meta name=\"twitter:label1\" content=\"\u00c9crit par\" \/>\n\t<meta name=\"twitter:data1\" content=\"R\u00e9dac. NEWS\" \/>\n\t<meta name=\"twitter:label2\" content=\"Dur\u00e9e de lecture estim\u00e9e\" \/>\n\t<meta name=\"twitter:data2\" content=\"2 minutes\" \/>\n<script type=\"application\/ld+json\" class=\"yoast-schema-graph\">{\"@context\":\"https:\/\/schema.org\",\"@graph\":[{\"@type\":\"Article\",\"@id\":\"https:\/\/newsestlyonnais.fr\/site\/2018\/08\/01\/genas-actions-et-reflexions-a-lassociation-activgenas-azieu\/#article\",\"isPartOf\":{\"@id\":\"https:\/\/newsestlyonnais.fr\/site\/2018\/08\/01\/genas-actions-et-reflexions-a-lassociation-activgenas-azieu\/\"},\"author\":{\"name\":\"R\u00e9dac. NEWS\",\"@id\":\"https:\/\/newsestlyonnais.fr\/site\/#\/schema\/person\/3230d5615f390bb808365d673001e887\"},\"headline\":\"GENAS | Actions et r\u00e9flexions \u00e0 l&rsquo;association Activ&rsquo;Genas-Azieu\",\"datePublished\":\"2018-08-01T05:55:08+00:00\",\"dateModified\":\"2020-11-09T07:10:06+00:00\",\"mainEntityOfPage\":{\"@id\":\"https:\/\/newsestlyonnais.fr\/site\/2018\/08\/01\/genas-actions-et-reflexions-a-lassociation-activgenas-azieu\/\"},\"wordCount\":339,\"commentCount\":0,\"publisher\":{\"@id\":\"https:\/\/newsestlyonnais.fr\/site\/#organization\"},\"image\":{\"@id\":\"https:\/\/newsestlyonnais.fr\/site\/2018\/08\/01\/genas-actions-et-reflexions-a-lassociation-activgenas-azieu\/#primaryimage\"},\"thumbnailUrl\":\"https:\/\/newsestlyonnais.fr\/site\/wp-content\/uploads\/2017\/01\/NEWSESTLYONNAIS-LOGO-ACTIC-GENAS-AZIEU.png\",\"articleSection\":[\"Artisans | Commerces\",\"CCEL | Communes\",\"Genas\"],\"inLanguage\":\"fr-FR\",\"potentialAction\":[{\"@type\":\"CommentAction\",\"name\":\"Comment\",\"target\":[\"https:\/\/newsestlyonnais.fr\/site\/2018\/08\/01\/genas-actions-et-reflexions-a-lassociation-activgenas-azieu\/#respond\"]}]},{\"@type\":\"WebPage\",\"@id\":\"https:\/\/newsestlyonnais.fr\/site\/2018\/08\/01\/genas-actions-et-reflexions-a-lassociation-activgenas-azieu\/\",\"url\":\"https:\/\/newsestlyonnais.fr\/site\/2018\/08\/01\/genas-actions-et-reflexions-a-lassociation-activgenas-azieu\/\",\"name\":\"GENAS : Actions et r\u00e9flexions \u00e0 l'association Activ'Genas-Azieu\",\"isPartOf\":{\"@id\":\"https:\/\/newsestlyonnais.fr\/site\/#website\"},\"primaryImageOfPage\":{\"@id\":\"https:\/\/newsestlyonnais.fr\/site\/2018\/08\/01\/genas-actions-et-reflexions-a-lassociation-activgenas-azieu\/#primaryimage\"},\"image\":{\"@id\":\"https:\/\/newsestlyonnais.fr\/site\/2018\/08\/01\/genas-actions-et-reflexions-a-lassociation-activgenas-azieu\/#primaryimage\"},\"thumbnailUrl\":\"https:\/\/newsestlyonnais.fr\/site\/wp-content\/uploads\/2017\/01\/NEWSESTLYONNAIS-LOGO-ACTIC-GENAS-AZIEU.png\",\"datePublished\":\"2018-08-01T05:55:08+00:00\",\"dateModified\":\"2020-11-09T07:10:06+00:00\",\"description\":\"GENAS : Actions et r\u00e9flexions \u00e0 l'association Activ'Genas-Azieu\",\"breadcrumb\":{\"@id\":\"https:\/\/newsestlyonnais.fr\/site\/2018\/08\/01\/genas-actions-et-reflexions-a-lassociation-activgenas-azieu\/#breadcrumb\"},\"inLanguage\":\"fr-FR\",\"potentialAction\":[{\"@type\":\"ReadAction\",\"target\":[\"https:\/\/newsestlyonnais.fr\/site\/2018\/08\/01\/genas-actions-et-reflexions-a-lassociation-activgenas-azieu\/\"]}]},{\"@type\":\"ImageObject\",\"inLanguage\":\"fr-FR\",\"@id\":\"https:\/\/newsestlyonnais.fr\/site\/2018\/08\/01\/genas-actions-et-reflexions-a-lassociation-activgenas-azieu\/#primaryimage\",\"url\":\"https:\/\/newsestlyonnais.fr\/site\/wp-content\/uploads\/2017\/01\/NEWSESTLYONNAIS-LOGO-ACTIC-GENAS-AZIEU.png\",\"contentUrl\":\"https:\/\/newsestlyonnais.fr\/site\/wp-content\/uploads\/2017\/01\/NEWSESTLYONNAIS-LOGO-ACTIC-GENAS-AZIEU.png\",\"width\":250,\"height\":150,\"caption\":\"NEWSESTLYONNAIS - LOGO ACTIV GENAS AZIEU\"},{\"@type\":\"BreadcrumbList\",\"@id\":\"https:\/\/newsestlyonnais.fr\/site\/2018\/08\/01\/genas-actions-et-reflexions-a-lassociation-activgenas-azieu\/#breadcrumb\",\"itemListElement\":[{\"@type\":\"ListItem\",\"position\":1,\"name\":\"Accueil\",\"item\":\"https:\/\/newsestlyonnais.fr\/site\/\"},{\"@type\":\"ListItem\",\"position\":2,\"name\":\"GENAS | Actions et r\u00e9flexions \u00e0 l&rsquo;association Activ&rsquo;Genas-Azieu\"}]},{\"@type\":\"WebSite\",\"@id\":\"https:\/\/newsestlyonnais.fr\/site\/#website\",\"url\":\"https:\/\/newsestlyonnais.fr\/site\/\",\"name\":\"News Est Lyonnais\",\"description\":\"L&#039;actualit\u00e9 au plus pr\u00e8s\",\"publisher\":{\"@id\":\"https:\/\/newsestlyonnais.fr\/site\/#organization\"},\"potentialAction\":[{\"@type\":\"SearchAction\",\"target\":{\"@type\":\"EntryPoint\",\"urlTemplate\":\"https:\/\/newsestlyonnais.fr\/site\/?s={search_term_string}\"},\"query-input\":{\"@type\":\"PropertyValueSpecification\",\"valueRequired\":true,\"valueName\":\"search_term_string\"}}],\"inLanguage\":\"fr-FR\"},{\"@type\":\"Organization\",\"@id\":\"https:\/\/newsestlyonnais.fr\/site\/#organization\",\"name\":\"News EST LYONNAIS\",\"url\":\"https:\/\/newsestlyonnais.fr\/site\/\",\"logo\":{\"@type\":\"ImageObject\",\"inLanguage\":\"fr-FR\",\"@id\":\"https:\/\/newsestlyonnais.fr\/site\/#\/schema\/logo\/image\/\",\"url\":\"\",\"contentUrl\":\"\",\"caption\":\"News EST LYONNAIS\"},\"image\":{\"@id\":\"https:\/\/newsestlyonnais.fr\/site\/#\/schema\/logo\/image\/\"}},{\"@type\":\"Person\",\"@id\":\"https:\/\/newsestlyonnais.fr\/site\/#\/schema\/person\/3230d5615f390bb808365d673001e887\",\"name\":\"R\u00e9dac. NEWS\",\"sameAs\":[\"http:\/\/www.newsestlyonnais.fr\",\"https:\/\/www.facebook.com\/pascal.oberson.1?fref=ts\",\"https:\/\/fr.linkedin.com\/in\/pascal-oberson-b17045113\"],\"url\":\"https:\/\/newsestlyonnais.fr\/site\/author\/nel\/\"}]}<\/script>\n<!-- \/ Yoast SEO plugin. -->","yoast_head_json":{"title":"GENAS : Actions et r\u00e9flexions \u00e0 l'association Activ'Genas-Azieu","description":"GENAS : Actions et r\u00e9flexions \u00e0 l'association Activ'Genas-Azieu","robots":{"index":"index","follow":"follow","max-snippet":"max-snippet:-1","max-image-preview":"max-image-preview:large","max-video-preview":"max-video-preview:-1"},"canonical":"https:\/\/newsestlyonnais.fr\/site\/2018\/08\/01\/genas-actions-et-reflexions-a-lassociation-activgenas-azieu\/","og_locale":"fr_FR","og_type":"article","og_title":"GENAS : Actions et r\u00e9flexions \u00e0 l'association Activ'Genas-Azieu","og_description":"GENAS : Actions et r\u00e9flexions \u00e0 l'association Activ'Genas-Azieu","og_url":"https:\/\/newsestlyonnais.fr\/site\/2018\/08\/01\/genas-actions-et-reflexions-a-lassociation-activgenas-azieu\/","og_site_name":"News Est Lyonnais","article_author":"https:\/\/www.facebook.com\/pascal.oberson.1?fref=ts","article_published_time":"2018-08-01T05:55:08+00:00","article_modified_time":"2020-11-09T07:10:06+00:00","og_image":[{"width":250,"height":150,"url":"https:\/\/i0.wp.com\/newsestlyonnais.fr\/site\/wp-content\/uploads\/2017\/01\/NEWSESTLYONNAIS-LOGO-ACTIC-GENAS-AZIEU.png?fit=250%2C150&ssl=1","type":"image\/png"}],"author":"R\u00e9dac. NEWS","twitter_card":"summary_large_image","twitter_misc":{"\u00c9crit par":"R\u00e9dac. NEWS","Dur\u00e9e de lecture estim\u00e9e":"2 minutes"},"schema":{"@context":"https:\/\/schema.org","@graph":[{"@type":"Article","@id":"https:\/\/newsestlyonnais.fr\/site\/2018\/08\/01\/genas-actions-et-reflexions-a-lassociation-activgenas-azieu\/#article","isPartOf":{"@id":"https:\/\/newsestlyonnais.fr\/site\/2018\/08\/01\/genas-actions-et-reflexions-a-lassociation-activgenas-azieu\/"},"author":{"name":"R\u00e9dac. NEWS","@id":"https:\/\/newsestlyonnais.fr\/site\/#\/schema\/person\/3230d5615f390bb808365d673001e887"},"headline":"GENAS | Actions et r\u00e9flexions \u00e0 l&rsquo;association Activ&rsquo;Genas-Azieu","datePublished":"2018-08-01T05:55:08+00:00","dateModified":"2020-11-09T07:10:06+00:00","mainEntityOfPage":{"@id":"https:\/\/newsestlyonnais.fr\/site\/2018\/08\/01\/genas-actions-et-reflexions-a-lassociation-activgenas-azieu\/"},"wordCount":339,"commentCount":0,"publisher":{"@id":"https:\/\/newsestlyonnais.fr\/site\/#organization"},"image":{"@id":"https:\/\/newsestlyonnais.fr\/site\/2018\/08\/01\/genas-actions-et-reflexions-a-lassociation-activgenas-azieu\/#primaryimage"},"thumbnailUrl":"https:\/\/newsestlyonnais.fr\/site\/wp-content\/uploads\/2017\/01\/NEWSESTLYONNAIS-LOGO-ACTIC-GENAS-AZIEU.png","articleSection":["Artisans | Commerces","CCEL | Communes","Genas"],"inLanguage":"fr-FR","potentialAction":[{"@type":"CommentAction","name":"Comment","target":["https:\/\/newsestlyonnais.fr\/site\/2018\/08\/01\/genas-actions-et-reflexions-a-lassociation-activgenas-azieu\/#respond"]}]},{"@type":"WebPage","@id":"https:\/\/newsestlyonnais.fr\/site\/2018\/08\/01\/genas-actions-et-reflexions-a-lassociation-activgenas-azieu\/","url":"https:\/\/newsestlyonnais.fr\/site\/2018\/08\/01\/genas-actions-et-reflexions-a-lassociation-activgenas-azieu\/","name":"GENAS : Actions et r\u00e9flexions \u00e0 l'association Activ'Genas-Azieu","isPartOf":{"@id":"https:\/\/newsestlyonnais.fr\/site\/#website"},"primaryImageOfPage":{"@id":"https:\/\/newsestlyonnais.fr\/site\/2018\/08\/01\/genas-actions-et-reflexions-a-lassociation-activgenas-azieu\/#primaryimage"},"image":{"@id":"https:\/\/newsestlyonnais.fr\/site\/2018\/08\/01\/genas-actions-et-reflexions-a-lassociation-activgenas-azieu\/#primaryimage"},"thumbnailUrl":"https:\/\/newsestlyonnais.fr\/site\/wp-content\/uploads\/2017\/01\/NEWSESTLYONNAIS-LOGO-ACTIC-GENAS-AZIEU.png","datePublished":"2018-08-01T05:55:08+00:00","dateModified":"2020-11-09T07:10:06+00:00","description":"GENAS : Actions et r\u00e9flexions \u00e0 l'association Activ'Genas-Azieu","breadcrumb":{"@id":"https:\/\/newsestlyonnais.fr\/site\/2018\/08\/01\/genas-actions-et-reflexions-a-lassociation-activgenas-azieu\/#breadcrumb"},"inLanguage":"fr-FR","potentialAction":[{"@type":"ReadAction","target":["https:\/\/newsestlyonnais.fr\/site\/2018\/08\/01\/genas-actions-et-reflexions-a-lassociation-activgenas-azieu\/"]}]},{"@type":"ImageObject","inLanguage":"fr-FR","@id":"https:\/\/newsestlyonnais.fr\/site\/2018\/08\/01\/genas-actions-et-reflexions-a-lassociation-activgenas-azieu\/#primaryimage","url":"https:\/\/newsestlyonnais.fr\/site\/wp-content\/uploads\/2017\/01\/NEWSESTLYONNAIS-LOGO-ACTIC-GENAS-AZIEU.png","contentUrl":"https:\/\/newsestlyonnais.fr\/site\/wp-content\/uploads\/2017\/01\/NEWSESTLYONNAIS-LOGO-ACTIC-GENAS-AZIEU.png","width":250,"height":150,"caption":"NEWSESTLYONNAIS - LOGO ACTIV GENAS AZIEU"},{"@type":"BreadcrumbList","@id":"https:\/\/newsestlyonnais.fr\/site\/2018\/08\/01\/genas-actions-et-reflexions-a-lassociation-activgenas-azieu\/#breadcrumb","itemListElement":[{"@type":"ListItem","position":1,"name":"Accueil","item":"https:\/\/newsestlyonnais.fr\/site\/"},{"@type":"ListItem","position":2,"name":"GENAS | Actions et r\u00e9flexions \u00e0 l&rsquo;association Activ&rsquo;Genas-Azieu"}]},{"@type":"WebSite","@id":"https:\/\/newsestlyonnais.fr\/site\/#website","url":"https:\/\/newsestlyonnais.fr\/site\/","name":"News Est Lyonnais","description":"L&#039;actualit\u00e9 au plus pr\u00e8s","publisher":{"@id":"https:\/\/newsestlyonnais.fr\/site\/#organization"},"potentialAction":[{"@type":"SearchAction","target":{"@type":"EntryPoint","urlTemplate":"https:\/\/newsestlyonnais.fr\/site\/?s={search_term_string}"},"query-input":{"@type":"PropertyValueSpecification","valueRequired":true,"valueName":"search_term_string"}}],"inLanguage":"fr-FR"},{"@type":"Organization","@id":"https:\/\/newsestlyonnais.fr\/site\/#organization","name":"News EST LYONNAIS","url":"https:\/\/newsestlyonnais.fr\/site\/","logo":{"@type":"ImageObject","inLanguage":"fr-FR","@id":"https:\/\/newsestlyonnais.fr\/site\/#\/schema\/logo\/image\/","url":"","contentUrl":"","caption":"News EST LYONNAIS"},"image":{"@id":"https:\/\/newsestlyonnais.fr\/site\/#\/schema\/logo\/image\/"}},{"@type":"Person","@id":"https:\/\/newsestlyonnais.fr\/site\/#\/schema\/person\/3230d5615f390bb808365d673001e887","name":"R\u00e9dac. NEWS","sameAs":["http:\/\/www.newsestlyonnais.fr","https:\/\/www.facebook.com\/pascal.oberson.1?fref=ts","https:\/\/fr.linkedin.com\/in\/pascal-oberson-b17045113"],"url":"https:\/\/newsestlyonnais.fr\/site\/author\/nel\/"}]}},"_links":{"self":[{"href":"https:\/\/newsestlyonnais.fr\/site\/wp-json\/wp\/v2\/posts\/54787","targetHints":{"allow":["GET"]}}],"collection":[{"href":"https:\/\/newsestlyonnais.fr\/site\/wp-json\/wp\/v2\/posts"}],"about":[{"href":"https:\/\/newsestlyonnais.fr\/site\/wp-json\/wp\/v2\/types\/post"}],"author":[{"embeddable":true,"href":"https:\/\/newsestlyonnais.fr\/site\/wp-json\/wp\/v2\/users\/4"}],"replies":[{"embeddable":true,"href":"https:\/\/newsestlyonnais.fr\/site\/wp-json\/wp\/v2\/comments?post=54787"}],"version-history":[{"count":0,"href":"https:\/\/newsestlyonnais.fr\/site\/wp-json\/wp\/v2\/posts\/54787\/revisions"}],"wp:featuredmedia":[{"embeddable":true,"href":"https:\/\/newsestlyonnais.fr\/site\/wp-json\/wp\/v2\/media\/19318"}],"wp:attachment":[{"href":"https:\/\/newsestlyonnais.fr\/site\/wp-json\/wp\/v2\/media?parent=54787"}],"wp:term":[{"taxonomy":"category","embeddable":true,"href":"https:\/\/newsestlyonnais.fr\/site\/wp-json\/wp\/v2\/categories?post=54787"},{"taxonomy":"post_tag","embeddable":true,"href":"https:\/\/newsestlyonnais.fr\/site\/wp-json\/wp\/v2\/tags?post=54787"}],"curies":[{"name":"wp","href":"https:\/\/api.w.org\/{rel}","templated":true}]}}