{"id":54880,"date":"2018-08-05T07:53:48","date_gmt":"2018-08-05T06:53:48","guid":{"rendered":"http:\/\/newsestlyonnais.fr\/site\/?p=54880"},"modified":"2020-11-12T14:14:44","modified_gmt":"2020-11-12T13:14:44","slug":"vaulx-en-velin-tous-les-feux-sont-au-vert-a-avinkha-echecs","status":"publish","type":"post","link":"https:\/\/newsestlyonnais.fr\/site\/2018\/08\/05\/vaulx-en-velin-tous-les-feux-sont-au-vert-a-avinkha-echecs\/","title":{"rendered":"VAULX-EN-VELIN | Tous les feux au vert \u00e0 Avinkha Echecs"},"content":{"rendered":"<h4>Vincent Colin-Khuu, pr\u00e9sident d&rsquo;Avinkha Echecs profite de la tr\u00eave estivale pour revenir sur la saison 2017\/2018 et d&rsquo;ores et d\u00e9j\u00e0 \u00e9voquer la prochaine !<\/h4>\n<p>\u00a0\u00bb Tout s&rsquo;est globalement bien pass\u00e9 et au niveau de l&rsquo;effectif, celui-ci est en hausse, passant de 60 \u00e0 65 licenci\u00e9s dont 44 jeunes de 4 \u00e0 17 ans. On a le soutien de Salima Khellas, pr\u00e9sidente du Centre Social Georges L\u00e9vy qui nous accueillera pour la 4\u00b0 saison \u00e0 la rentr\u00e9e et on a de plus en plus de b\u00e9n\u00e9voles qui r\u00e9pondent pr\u00e9sents pour nous aider.<\/p>\n<p>Sportivement parlant, la saison a \u00e9t\u00e9 plut\u00f4t bonne pour nos 2 \u00e9quipes adultes engag\u00e9es. La Nationale 2, class\u00e9e en milieu de tableau, se maintient pour la 4\u00b0 ann\u00e9e. La r\u00e9gionale, qui a pourtant d\u00e9croch\u00e9 le titre et remport\u00e9 la coupe 2000, a par contre connu un sc\u00e9nario fatal lors du dernier match. Alors qu&rsquo;elle avait men\u00e9 toute la saison, cette ultime d\u00e9faite lui a co\u00fbt\u00e9 l&rsquo;accession en nationale 4 et la formation vaudaise doit se contenter du seul maintien ! Du c\u00f4t\u00e9 des jeunes, inscrits dans les comp\u00e9titions de la nouvelle ligue Auvergne Rh\u00f4ne-Alpes, leur classement final les positionnent \u00e9galement en milieu de tableau. Enfin en individuel, \u00e0 noter le succ\u00e8s de Pierre-Yves Piffaut \u00e0 Th\u00f4nes et la 3\u00b0 place d&rsquo;Enzo Colin au tournoi international de Vaujany. Sans oublier le titre de champion du Rh\u00f4ne cadet d\u00e9croch\u00e9 par Pierre Chaumont, enfant prodigue et pur produit du club !<\/p>\n<p>D&rsquo;autres faits marquants sont \u00e0 signaler pour cet exercice \u00e9coul\u00e9 :<\/p>\n<ul>\n<li>la r\u00e9ussite des 2 tournois organis\u00e9s (90 jeunes et leurs parents le 24 mars dernier et 53 joueurs au blitz interne lors des vacances de la Toussaint).<\/li>\n<li>le renouvellement de notre 2\u00b0 \u00e9toile, label reconnu par la F\u00e9d\u00e9ration Fran\u00e7aise d&rsquo;Echecs, comme club formateur pour 3 ans.<\/li>\n<li>nos participations \u00e0 la F\u00eate du Mas le 7 juillet et cet \u00e9t\u00e9 \u00e0 Activ&rsquo;Et\u00e9.<\/li>\n<li>nos bonne relations avec la Bulgarie et notre jumelage avec la ville de Sofia.<\/li>\n<li>l&rsquo;arriv\u00e9e en janvier d&rsquo;Abdelilah Loukmane (\u00e0 droite sur PHOTO A LA UNE), champion du Maroc 2015\/2016, animateur au club et qui \u00e9volue avec l&rsquo;\u00e9quipe fanion.<\/li>\n<\/ul>\n<p><strong><span style=\"text-decoration: underline\">NOTA<\/span> :<\/strong> &#8211; Reprise des cours le vendredi 7 septembre \u00e0 18 h 15 au Centre Social Georges L\u00e9vy &amp; pr\u00e9sence du club le samedi 8 septembre au Parc Elsa Triolet pour Assoc&rsquo;Actives.<\/p>\n<ul>\n<li>Retrouvez l&rsquo;ACTU du club sur : <a href=\"https:\/\/www.facebook.com\/search\/top\/?q=avinkha%20echecs\" target=\"_blank\" rel=\"noopener noreferrer\">https:\/\/www.facebook.com\/search\/top\/?q=avinkha%20echecs<\/a><\/li>\n<\/ul>\n<figure id=\"attachment_54885\" aria-describedby=\"caption-attachment-54885\" style=\"width: 400px\" class=\"wp-caption aligncenter\"><img loading=\"lazy\" decoding=\"async\" class=\"size-medium wp-image-54885\" src=\"https:\/\/newsestlyonnais.fr\/site\/medias\/2018\/08\/NEWSESTLYONNAIS-ECHECS-AVINKHA-400x300.jpg\" alt=\"NEWSESTLYONNAIS ECHECS AVINKHA\" width=\"400\" height=\"300\" srcset=\"https:\/\/newsestlyonnais.fr\/site\/wp-content\/uploads\/2018\/08\/NEWSESTLYONNAIS-ECHECS-AVINKHA-400x300.jpg 400w, https:\/\/newsestlyonnais.fr\/site\/wp-content\/uploads\/2018\/08\/NEWSESTLYONNAIS-ECHECS-AVINKHA-768x576.jpg 768w, https:\/\/newsestlyonnais.fr\/site\/wp-content\/uploads\/2018\/08\/NEWSESTLYONNAIS-ECHECS-AVINKHA-1000x750.jpg 1000w, https:\/\/newsestlyonnais.fr\/site\/wp-content\/uploads\/2018\/08\/NEWSESTLYONNAIS-ECHECS-AVINKHA-600x450.jpg 600w, https:\/\/newsestlyonnais.fr\/site\/wp-content\/uploads\/2018\/08\/NEWSESTLYONNAIS-ECHECS-AVINKHA-100x75.jpg 100w, https:\/\/newsestlyonnais.fr\/site\/wp-content\/uploads\/2018\/08\/NEWSESTLYONNAIS-ECHECS-AVINKHA.jpg 2048w\" sizes=\"auto, (max-width: 400px) 100vw, 400px\" \/><figcaption id=\"caption-attachment-54885\" class=\"wp-caption-text\">Avinkha Echecs pr\u00e9sent \u00e0 Activ &lsquo;Et\u00e9 au Parc Elsa Triolet<\/figcaption><\/figure>\n<p><strong>\u00a0<\/strong><\/p>\n<p>&nbsp;<\/p>\n","protected":false},"excerpt":{"rendered":"<p>Vincent Colin-Khuu, pr\u00e9sident d&rsquo;Avinkha Echecs profite de la tr\u00eave estivale pour revenir sur la saison 2017\/2018 et d&rsquo;ores et d\u00e9j\u00e0 \u00e9voquer la prochaine ! \u00a0\u00bb Tout s&rsquo;est globalement bien pass\u00e9 et au niveau de l&rsquo;effectif, celui-ci est en hausse, passant de 60 \u00e0 65 licenci\u00e9s dont 44 jeunes de 4 \u00e0 17 ans. On a [&hellip;]<\/p>\n","protected":false},"author":4,"featured_media":54884,"comment_status":"open","ping_status":"open","sticky":false,"template":"","format":"standard","meta":{"footnotes":""},"categories":[574,3000,166,1328,28],"tags":[],"class_list":["post-54880","post","type-post","status-publish","format-standard","has-post-thumbnail","hentry","category-autres-sports","category-billard-echecs-escrime","category-divers-sports","category-sports-divers","category-vaulx-en-velin"],"yoast_head":"<!-- This site is optimized with the Yoast SEO plugin v27.2 - https:\/\/yoast.com\/product\/yoast-seo-wordpress\/ -->\n<title>VAULX EN VELIN : Tous les feux sont au vert \u00e0 Avinkha Echecs !<\/title>\n<meta name=\"description\" content=\"VAULX-EN-VELIN | Tous les feux au vert \u00e0 Avinkha Echecs\" \/>\n<meta name=\"robots\" content=\"index, follow, max-snippet:-1, max-image-preview:large, max-video-preview:-1\" \/>\n<link rel=\"canonical\" href=\"https:\/\/newsestlyonnais.fr\/site\/2018\/08\/05\/vaulx-en-velin-tous-les-feux-sont-au-vert-a-avinkha-echecs\/\" \/>\n<meta property=\"og:locale\" content=\"fr_FR\" \/>\n<meta property=\"og:type\" content=\"article\" \/>\n<meta property=\"og:title\" content=\"VAULX EN VELIN : Tous les feux sont au vert \u00e0 Avinkha Echecs !\" \/>\n<meta property=\"og:description\" content=\"VAULX-EN-VELIN | Tous les feux au vert \u00e0 Avinkha Echecs\" \/>\n<meta property=\"og:url\" content=\"https:\/\/newsestlyonnais.fr\/site\/2018\/08\/05\/vaulx-en-velin-tous-les-feux-sont-au-vert-a-avinkha-echecs\/\" \/>\n<meta property=\"og:site_name\" content=\"News Est Lyonnais\" \/>\n<meta property=\"article:author\" content=\"https:\/\/www.facebook.com\/pascal.oberson.1?fref=ts\" \/>\n<meta property=\"article:published_time\" content=\"2018-08-05T06:53:48+00:00\" \/>\n<meta property=\"article:modified_time\" content=\"2020-11-12T13:14:44+00:00\" \/>\n<meta property=\"og:image\" content=\"https:\/\/i1.wp.com\/newsestlyonnais.fr\/site\/wp-content\/uploads\/2018\/08\/NEWSESTLYONNAIS-ACTIVETE-2018-H.jpg?fit=2048%2C1536&ssl=1\" \/>\n\t<meta property=\"og:image:width\" content=\"2048\" \/>\n\t<meta property=\"og:image:height\" content=\"1536\" \/>\n\t<meta property=\"og:image:type\" content=\"image\/jpeg\" \/>\n<meta name=\"author\" content=\"R\u00e9dac. NEWS\" \/>\n<meta name=\"twitter:card\" content=\"summary_large_image\" \/>\n<meta name=\"twitter:label1\" content=\"\u00c9crit par\" \/>\n\t<meta name=\"twitter:data1\" content=\"R\u00e9dac. NEWS\" \/>\n\t<meta name=\"twitter:label2\" content=\"Dur\u00e9e de lecture estim\u00e9e\" \/>\n\t<meta name=\"twitter:data2\" content=\"2 minutes\" \/>\n<script type=\"application\/ld+json\" class=\"yoast-schema-graph\">{\"@context\":\"https:\/\/schema.org\",\"@graph\":[{\"@type\":\"Article\",\"@id\":\"https:\/\/newsestlyonnais.fr\/site\/2018\/08\/05\/vaulx-en-velin-tous-les-feux-sont-au-vert-a-avinkha-echecs\/#article\",\"isPartOf\":{\"@id\":\"https:\/\/newsestlyonnais.fr\/site\/2018\/08\/05\/vaulx-en-velin-tous-les-feux-sont-au-vert-a-avinkha-echecs\/\"},\"author\":{\"name\":\"R\u00e9dac. NEWS\",\"@id\":\"https:\/\/newsestlyonnais.fr\/site\/#\/schema\/person\/3230d5615f390bb808365d673001e887\"},\"headline\":\"VAULX-EN-VELIN | Tous les feux au vert \u00e0 Avinkha Echecs\",\"datePublished\":\"2018-08-05T06:53:48+00:00\",\"dateModified\":\"2020-11-12T13:14:44+00:00\",\"mainEntityOfPage\":{\"@id\":\"https:\/\/newsestlyonnais.fr\/site\/2018\/08\/05\/vaulx-en-velin-tous-les-feux-sont-au-vert-a-avinkha-echecs\/\"},\"wordCount\":433,\"commentCount\":0,\"publisher\":{\"@id\":\"https:\/\/newsestlyonnais.fr\/site\/#organization\"},\"image\":{\"@id\":\"https:\/\/newsestlyonnais.fr\/site\/2018\/08\/05\/vaulx-en-velin-tous-les-feux-sont-au-vert-a-avinkha-echecs\/#primaryimage\"},\"thumbnailUrl\":\"https:\/\/newsestlyonnais.fr\/site\/wp-content\/uploads\/2018\/08\/NEWSESTLYONNAIS-ACTIVETE-2018-H.jpg\",\"articleSection\":[\"Autres sports\",\"Billard | Echecs | Escrime\",\"Divers Sports\",\"Sports divers\",\"Vaulx-en-Velin\"],\"inLanguage\":\"fr-FR\",\"potentialAction\":[{\"@type\":\"CommentAction\",\"name\":\"Comment\",\"target\":[\"https:\/\/newsestlyonnais.fr\/site\/2018\/08\/05\/vaulx-en-velin-tous-les-feux-sont-au-vert-a-avinkha-echecs\/#respond\"]}]},{\"@type\":\"WebPage\",\"@id\":\"https:\/\/newsestlyonnais.fr\/site\/2018\/08\/05\/vaulx-en-velin-tous-les-feux-sont-au-vert-a-avinkha-echecs\/\",\"url\":\"https:\/\/newsestlyonnais.fr\/site\/2018\/08\/05\/vaulx-en-velin-tous-les-feux-sont-au-vert-a-avinkha-echecs\/\",\"name\":\"VAULX EN VELIN : Tous les feux sont au vert \u00e0 Avinkha Echecs !\",\"isPartOf\":{\"@id\":\"https:\/\/newsestlyonnais.fr\/site\/#website\"},\"primaryImageOfPage\":{\"@id\":\"https:\/\/newsestlyonnais.fr\/site\/2018\/08\/05\/vaulx-en-velin-tous-les-feux-sont-au-vert-a-avinkha-echecs\/#primaryimage\"},\"image\":{\"@id\":\"https:\/\/newsestlyonnais.fr\/site\/2018\/08\/05\/vaulx-en-velin-tous-les-feux-sont-au-vert-a-avinkha-echecs\/#primaryimage\"},\"thumbnailUrl\":\"https:\/\/newsestlyonnais.fr\/site\/wp-content\/uploads\/2018\/08\/NEWSESTLYONNAIS-ACTIVETE-2018-H.jpg\",\"datePublished\":\"2018-08-05T06:53:48+00:00\",\"dateModified\":\"2020-11-12T13:14:44+00:00\",\"description\":\"VAULX-EN-VELIN | Tous les feux au vert \u00e0 Avinkha Echecs\",\"breadcrumb\":{\"@id\":\"https:\/\/newsestlyonnais.fr\/site\/2018\/08\/05\/vaulx-en-velin-tous-les-feux-sont-au-vert-a-avinkha-echecs\/#breadcrumb\"},\"inLanguage\":\"fr-FR\",\"potentialAction\":[{\"@type\":\"ReadAction\",\"target\":[\"https:\/\/newsestlyonnais.fr\/site\/2018\/08\/05\/vaulx-en-velin-tous-les-feux-sont-au-vert-a-avinkha-echecs\/\"]}]},{\"@type\":\"ImageObject\",\"inLanguage\":\"fr-FR\",\"@id\":\"https:\/\/newsestlyonnais.fr\/site\/2018\/08\/05\/vaulx-en-velin-tous-les-feux-sont-au-vert-a-avinkha-echecs\/#primaryimage\",\"url\":\"https:\/\/newsestlyonnais.fr\/site\/wp-content\/uploads\/2018\/08\/NEWSESTLYONNAIS-ACTIVETE-2018-H.jpg\",\"contentUrl\":\"https:\/\/newsestlyonnais.fr\/site\/wp-content\/uploads\/2018\/08\/NEWSESTLYONNAIS-ACTIVETE-2018-H.jpg\",\"width\":2048,\"height\":1536,\"caption\":\"NEWSESTLYONNAIS ACTIVETE 2018 H\"},{\"@type\":\"BreadcrumbList\",\"@id\":\"https:\/\/newsestlyonnais.fr\/site\/2018\/08\/05\/vaulx-en-velin-tous-les-feux-sont-au-vert-a-avinkha-echecs\/#breadcrumb\",\"itemListElement\":[{\"@type\":\"ListItem\",\"position\":1,\"name\":\"Accueil\",\"item\":\"https:\/\/newsestlyonnais.fr\/site\/\"},{\"@type\":\"ListItem\",\"position\":2,\"name\":\"VAULX-EN-VELIN | Tous les feux au vert \u00e0 Avinkha Echecs\"}]},{\"@type\":\"WebSite\",\"@id\":\"https:\/\/newsestlyonnais.fr\/site\/#website\",\"url\":\"https:\/\/newsestlyonnais.fr\/site\/\",\"name\":\"News Est Lyonnais\",\"description\":\"L&#039;actualit\u00e9 au plus pr\u00e8s\",\"publisher\":{\"@id\":\"https:\/\/newsestlyonnais.fr\/site\/#organization\"},\"potentialAction\":[{\"@type\":\"SearchAction\",\"target\":{\"@type\":\"EntryPoint\",\"urlTemplate\":\"https:\/\/newsestlyonnais.fr\/site\/?s={search_term_string}\"},\"query-input\":{\"@type\":\"PropertyValueSpecification\",\"valueRequired\":true,\"valueName\":\"search_term_string\"}}],\"inLanguage\":\"fr-FR\"},{\"@type\":\"Organization\",\"@id\":\"https:\/\/newsestlyonnais.fr\/site\/#organization\",\"name\":\"News EST LYONNAIS\",\"url\":\"https:\/\/newsestlyonnais.fr\/site\/\",\"logo\":{\"@type\":\"ImageObject\",\"inLanguage\":\"fr-FR\",\"@id\":\"https:\/\/newsestlyonnais.fr\/site\/#\/schema\/logo\/image\/\",\"url\":\"\",\"contentUrl\":\"\",\"caption\":\"News EST LYONNAIS\"},\"image\":{\"@id\":\"https:\/\/newsestlyonnais.fr\/site\/#\/schema\/logo\/image\/\"}},{\"@type\":\"Person\",\"@id\":\"https:\/\/newsestlyonnais.fr\/site\/#\/schema\/person\/3230d5615f390bb808365d673001e887\",\"name\":\"R\u00e9dac. NEWS\",\"sameAs\":[\"http:\/\/www.newsestlyonnais.fr\",\"https:\/\/www.facebook.com\/pascal.oberson.1?fref=ts\",\"https:\/\/fr.linkedin.com\/in\/pascal-oberson-b17045113\"],\"url\":\"https:\/\/newsestlyonnais.fr\/site\/author\/nel\/\"}]}<\/script>\n<!-- \/ Yoast SEO plugin. -->","yoast_head_json":{"title":"VAULX EN VELIN : Tous les feux sont au vert \u00e0 Avinkha Echecs !","description":"VAULX-EN-VELIN | Tous les feux au vert \u00e0 Avinkha Echecs","robots":{"index":"index","follow":"follow","max-snippet":"max-snippet:-1","max-image-preview":"max-image-preview:large","max-video-preview":"max-video-preview:-1"},"canonical":"https:\/\/newsestlyonnais.fr\/site\/2018\/08\/05\/vaulx-en-velin-tous-les-feux-sont-au-vert-a-avinkha-echecs\/","og_locale":"fr_FR","og_type":"article","og_title":"VAULX EN VELIN : Tous les feux sont au vert \u00e0 Avinkha Echecs !","og_description":"VAULX-EN-VELIN | Tous les feux au vert \u00e0 Avinkha Echecs","og_url":"https:\/\/newsestlyonnais.fr\/site\/2018\/08\/05\/vaulx-en-velin-tous-les-feux-sont-au-vert-a-avinkha-echecs\/","og_site_name":"News Est Lyonnais","article_author":"https:\/\/www.facebook.com\/pascal.oberson.1?fref=ts","article_published_time":"2018-08-05T06:53:48+00:00","article_modified_time":"2020-11-12T13:14:44+00:00","og_image":[{"width":2048,"height":1536,"url":"https:\/\/i1.wp.com\/newsestlyonnais.fr\/site\/wp-content\/uploads\/2018\/08\/NEWSESTLYONNAIS-ACTIVETE-2018-H.jpg?fit=2048%2C1536&ssl=1","type":"image\/jpeg"}],"author":"R\u00e9dac. NEWS","twitter_card":"summary_large_image","twitter_misc":{"\u00c9crit par":"R\u00e9dac. NEWS","Dur\u00e9e de lecture estim\u00e9e":"2 minutes"},"schema":{"@context":"https:\/\/schema.org","@graph":[{"@type":"Article","@id":"https:\/\/newsestlyonnais.fr\/site\/2018\/08\/05\/vaulx-en-velin-tous-les-feux-sont-au-vert-a-avinkha-echecs\/#article","isPartOf":{"@id":"https:\/\/newsestlyonnais.fr\/site\/2018\/08\/05\/vaulx-en-velin-tous-les-feux-sont-au-vert-a-avinkha-echecs\/"},"author":{"name":"R\u00e9dac. NEWS","@id":"https:\/\/newsestlyonnais.fr\/site\/#\/schema\/person\/3230d5615f390bb808365d673001e887"},"headline":"VAULX-EN-VELIN | Tous les feux au vert \u00e0 Avinkha Echecs","datePublished":"2018-08-05T06:53:48+00:00","dateModified":"2020-11-12T13:14:44+00:00","mainEntityOfPage":{"@id":"https:\/\/newsestlyonnais.fr\/site\/2018\/08\/05\/vaulx-en-velin-tous-les-feux-sont-au-vert-a-avinkha-echecs\/"},"wordCount":433,"commentCount":0,"publisher":{"@id":"https:\/\/newsestlyonnais.fr\/site\/#organization"},"image":{"@id":"https:\/\/newsestlyonnais.fr\/site\/2018\/08\/05\/vaulx-en-velin-tous-les-feux-sont-au-vert-a-avinkha-echecs\/#primaryimage"},"thumbnailUrl":"https:\/\/newsestlyonnais.fr\/site\/wp-content\/uploads\/2018\/08\/NEWSESTLYONNAIS-ACTIVETE-2018-H.jpg","articleSection":["Autres sports","Billard | Echecs | Escrime","Divers Sports","Sports divers","Vaulx-en-Velin"],"inLanguage":"fr-FR","potentialAction":[{"@type":"CommentAction","name":"Comment","target":["https:\/\/newsestlyonnais.fr\/site\/2018\/08\/05\/vaulx-en-velin-tous-les-feux-sont-au-vert-a-avinkha-echecs\/#respond"]}]},{"@type":"WebPage","@id":"https:\/\/newsestlyonnais.fr\/site\/2018\/08\/05\/vaulx-en-velin-tous-les-feux-sont-au-vert-a-avinkha-echecs\/","url":"https:\/\/newsestlyonnais.fr\/site\/2018\/08\/05\/vaulx-en-velin-tous-les-feux-sont-au-vert-a-avinkha-echecs\/","name":"VAULX EN VELIN : Tous les feux sont au vert \u00e0 Avinkha Echecs !","isPartOf":{"@id":"https:\/\/newsestlyonnais.fr\/site\/#website"},"primaryImageOfPage":{"@id":"https:\/\/newsestlyonnais.fr\/site\/2018\/08\/05\/vaulx-en-velin-tous-les-feux-sont-au-vert-a-avinkha-echecs\/#primaryimage"},"image":{"@id":"https:\/\/newsestlyonnais.fr\/site\/2018\/08\/05\/vaulx-en-velin-tous-les-feux-sont-au-vert-a-avinkha-echecs\/#primaryimage"},"thumbnailUrl":"https:\/\/newsestlyonnais.fr\/site\/wp-content\/uploads\/2018\/08\/NEWSESTLYONNAIS-ACTIVETE-2018-H.jpg","datePublished":"2018-08-05T06:53:48+00:00","dateModified":"2020-11-12T13:14:44+00:00","description":"VAULX-EN-VELIN | Tous les feux au vert \u00e0 Avinkha Echecs","breadcrumb":{"@id":"https:\/\/newsestlyonnais.fr\/site\/2018\/08\/05\/vaulx-en-velin-tous-les-feux-sont-au-vert-a-avinkha-echecs\/#breadcrumb"},"inLanguage":"fr-FR","potentialAction":[{"@type":"ReadAction","target":["https:\/\/newsestlyonnais.fr\/site\/2018\/08\/05\/vaulx-en-velin-tous-les-feux-sont-au-vert-a-avinkha-echecs\/"]}]},{"@type":"ImageObject","inLanguage":"fr-FR","@id":"https:\/\/newsestlyonnais.fr\/site\/2018\/08\/05\/vaulx-en-velin-tous-les-feux-sont-au-vert-a-avinkha-echecs\/#primaryimage","url":"https:\/\/newsestlyonnais.fr\/site\/wp-content\/uploads\/2018\/08\/NEWSESTLYONNAIS-ACTIVETE-2018-H.jpg","contentUrl":"https:\/\/newsestlyonnais.fr\/site\/wp-content\/uploads\/2018\/08\/NEWSESTLYONNAIS-ACTIVETE-2018-H.jpg","width":2048,"height":1536,"caption":"NEWSESTLYONNAIS ACTIVETE 2018 H"},{"@type":"BreadcrumbList","@id":"https:\/\/newsestlyonnais.fr\/site\/2018\/08\/05\/vaulx-en-velin-tous-les-feux-sont-au-vert-a-avinkha-echecs\/#breadcrumb","itemListElement":[{"@type":"ListItem","position":1,"name":"Accueil","item":"https:\/\/newsestlyonnais.fr\/site\/"},{"@type":"ListItem","position":2,"name":"VAULX-EN-VELIN | Tous les feux au vert \u00e0 Avinkha Echecs"}]},{"@type":"WebSite","@id":"https:\/\/newsestlyonnais.fr\/site\/#website","url":"https:\/\/newsestlyonnais.fr\/site\/","name":"News Est Lyonnais","description":"L&#039;actualit\u00e9 au plus pr\u00e8s","publisher":{"@id":"https:\/\/newsestlyonnais.fr\/site\/#organization"},"potentialAction":[{"@type":"SearchAction","target":{"@type":"EntryPoint","urlTemplate":"https:\/\/newsestlyonnais.fr\/site\/?s={search_term_string}"},"query-input":{"@type":"PropertyValueSpecification","valueRequired":true,"valueName":"search_term_string"}}],"inLanguage":"fr-FR"},{"@type":"Organization","@id":"https:\/\/newsestlyonnais.fr\/site\/#organization","name":"News EST LYONNAIS","url":"https:\/\/newsestlyonnais.fr\/site\/","logo":{"@type":"ImageObject","inLanguage":"fr-FR","@id":"https:\/\/newsestlyonnais.fr\/site\/#\/schema\/logo\/image\/","url":"","contentUrl":"","caption":"News EST LYONNAIS"},"image":{"@id":"https:\/\/newsestlyonnais.fr\/site\/#\/schema\/logo\/image\/"}},{"@type":"Person","@id":"https:\/\/newsestlyonnais.fr\/site\/#\/schema\/person\/3230d5615f390bb808365d673001e887","name":"R\u00e9dac. NEWS","sameAs":["http:\/\/www.newsestlyonnais.fr","https:\/\/www.facebook.com\/pascal.oberson.1?fref=ts","https:\/\/fr.linkedin.com\/in\/pascal-oberson-b17045113"],"url":"https:\/\/newsestlyonnais.fr\/site\/author\/nel\/"}]}},"_links":{"self":[{"href":"https:\/\/newsestlyonnais.fr\/site\/wp-json\/wp\/v2\/posts\/54880","targetHints":{"allow":["GET"]}}],"collection":[{"href":"https:\/\/newsestlyonnais.fr\/site\/wp-json\/wp\/v2\/posts"}],"about":[{"href":"https:\/\/newsestlyonnais.fr\/site\/wp-json\/wp\/v2\/types\/post"}],"author":[{"embeddable":true,"href":"https:\/\/newsestlyonnais.fr\/site\/wp-json\/wp\/v2\/users\/4"}],"replies":[{"embeddable":true,"href":"https:\/\/newsestlyonnais.fr\/site\/wp-json\/wp\/v2\/comments?post=54880"}],"version-history":[{"count":0,"href":"https:\/\/newsestlyonnais.fr\/site\/wp-json\/wp\/v2\/posts\/54880\/revisions"}],"wp:featuredmedia":[{"embeddable":true,"href":"https:\/\/newsestlyonnais.fr\/site\/wp-json\/wp\/v2\/media\/54884"}],"wp:attachment":[{"href":"https:\/\/newsestlyonnais.fr\/site\/wp-json\/wp\/v2\/media?parent=54880"}],"wp:term":[{"taxonomy":"category","embeddable":true,"href":"https:\/\/newsestlyonnais.fr\/site\/wp-json\/wp\/v2\/categories?post=54880"},{"taxonomy":"post_tag","embeddable":true,"href":"https:\/\/newsestlyonnais.fr\/site\/wp-json\/wp\/v2\/tags?post=54880"}],"curies":[{"name":"wp","href":"https:\/\/api.w.org\/{rel}","templated":true}]}}