{"id":54930,"date":"2018-08-06T18:12:04","date_gmt":"2018-08-06T17:12:04","guid":{"rendered":"http:\/\/newsestlyonnais.fr\/site\/?p=54930"},"modified":"2020-11-12T06:07:41","modified_gmt":"2020-11-12T05:07:41","slug":"transports-tcl-reconduit-son-dispositif-tickair-ce-mardi-7-aout-pour-cause-de-pollution","status":"publish","type":"post","link":"https:\/\/newsestlyonnais.fr\/site\/2018\/08\/06\/transports-tcl-reconduit-son-dispositif-tickair-ce-mardi-7-aout-pour-cause-de-pollution\/","title":{"rendered":"TRANSPORTS | TCL reconduit son dispositif \u00bb TICK\u2019AIR  \u00bb mardi 7 Ao\u00fbt pour cause de pollution"},"content":{"rendered":"<h4>La pr\u00e9fecture du Rh\u00f4ne maintient la circulation diff\u00e9renci\u00e9e ce mardi 7 ao\u00fbt dans le p\u00e9rim\u00e8tre Lyon-Villeurbanne. Ainsi, seuls les automobilistes d\u00e9tenteurs des vignettes Crit\u2019Air autoris\u00e9es pourront circuler.<\/h4>\n<p>Pour favoriser le report des automobilistes sur les transports en commun, <strong>TCL reconduit son dispositif \u00ab Pic de Pollution \u00bb. <\/strong><\/p>\n<p><strong>Le titre sp\u00e9cial \u00ab Tick\u2019Air \u00bb reste disponible au prix de 3 \u20ac<\/strong> dans les distributeurs TCL, les agences commerciales ainsi qu\u2019\u00e0 bord des bus.<\/p>\n<p>Tick\u2019Air permet de voyager sur l\u2019ensemble du r\u00e9seau durant une journ\u00e9e d\u2019alerte niveau 2 ou plus (selon arr\u00eat\u00e9 pr\u00e9fectoral).<\/p>\n<p>Ce titre permet l\u2019acc\u00e8s aux 22 parcs relais de l\u2019agglom\u00e9ration dont il est possible de consulter les places disponibles en temps r\u00e9el sur <a href=\"http:\/\/tcl.fr\" target=\"_blank\" rel=\"noopener noreferrer\">http:\/\/tcl.fr<\/a> ou l\u2019application mobile.<\/p>\n","protected":false},"excerpt":{"rendered":"<p>La pr\u00e9fecture du Rh\u00f4ne maintient la circulation diff\u00e9renci\u00e9e ce mardi 7 ao\u00fbt dans le p\u00e9rim\u00e8tre Lyon-Villeurbanne. Ainsi, seuls les automobilistes d\u00e9tenteurs des vignettes Crit\u2019Air autoris\u00e9es pourront circuler. Pour favoriser le report des automobilistes sur les transports en commun, TCL reconduit son dispositif \u00ab Pic de Pollution \u00bb. Le titre sp\u00e9cial \u00ab Tick\u2019Air \u00bb reste disponible [&hellip;]<\/p>\n","protected":false},"author":4,"featured_media":25760,"comment_status":"open","ping_status":"open","sticky":false,"template":"","format":"standard","meta":{"footnotes":""},"categories":[1625,3010,13,29],"tags":[],"class_list":["post-54930","post","type-post","status-publish","format-standard","has-post-thumbnail","hentry","category-lyon","category-nature-environnement-culture-et-loisirs","category-transports-circulation","category-villeurbanne"],"yoast_head":"<!-- This site is optimized with the Yoast SEO plugin v27.2 - https:\/\/yoast.com\/product\/yoast-seo-wordpress\/ -->\n<title>TRANSPORTS : TCL reconduit son dispositif \u00bb TICK\u2019AIR \u00bb ce mardi 7 Ao\u00fbt pour cause de pollution !TRANSPORTS | TCL reconduit son dispositif \u00bb TICK\u2019AIR \u00bb mardi 7 Ao\u00fbt pour cause de pollution - News Est Lyonnais<\/title>\n<meta name=\"description\" content=\"TRANSPORTS : TCL reconduit son dispositif \u00bb TICK\u2019AIR \u00bb ce mardi 7 Ao\u00fbt pour cause de pollution !\" \/>\n<meta name=\"robots\" content=\"index, follow, max-snippet:-1, max-image-preview:large, max-video-preview:-1\" \/>\n<link rel=\"canonical\" href=\"https:\/\/newsestlyonnais.fr\/site\/2018\/08\/06\/transports-tcl-reconduit-son-dispositif-tickair-ce-mardi-7-aout-pour-cause-de-pollution\/\" \/>\n<meta property=\"og:locale\" content=\"fr_FR\" \/>\n<meta property=\"og:type\" content=\"article\" \/>\n<meta property=\"og:title\" content=\"TRANSPORTS : TCL reconduit son dispositif \u00bb TICK\u2019AIR \u00bb ce mardi 7 Ao\u00fbt pour cause de pollution !TRANSPORTS | TCL reconduit son dispositif \u00bb TICK\u2019AIR \u00bb mardi 7 Ao\u00fbt pour cause de pollution - News Est Lyonnais\" \/>\n<meta property=\"og:description\" content=\"TRANSPORTS : TCL reconduit son dispositif \u00bb TICK\u2019AIR \u00bb ce mardi 7 Ao\u00fbt pour cause de pollution !\" \/>\n<meta property=\"og:url\" content=\"https:\/\/newsestlyonnais.fr\/site\/2018\/08\/06\/transports-tcl-reconduit-son-dispositif-tickair-ce-mardi-7-aout-pour-cause-de-pollution\/\" \/>\n<meta property=\"og:site_name\" content=\"News Est Lyonnais\" \/>\n<meta property=\"article:author\" content=\"https:\/\/www.facebook.com\/pascal.oberson.1?fref=ts\" \/>\n<meta property=\"article:published_time\" content=\"2018-08-06T17:12:04+00:00\" \/>\n<meta property=\"article:modified_time\" content=\"2020-11-12T05:07:41+00:00\" \/>\n<meta property=\"og:image\" content=\"https:\/\/i2.wp.com\/newsestlyonnais.fr\/site\/wp-content\/uploads\/2017\/04\/NewsEstLyonnais-Flash-Info.png?fit=1000%2C750&ssl=1\" \/>\n\t<meta property=\"og:image:width\" content=\"1000\" \/>\n\t<meta property=\"og:image:height\" content=\"750\" \/>\n\t<meta property=\"og:image:type\" content=\"image\/png\" \/>\n<meta name=\"author\" content=\"R\u00e9dac. NEWS\" \/>\n<meta name=\"twitter:card\" content=\"summary_large_image\" \/>\n<meta name=\"twitter:label1\" content=\"\u00c9crit par\" \/>\n\t<meta name=\"twitter:data1\" content=\"R\u00e9dac. NEWS\" \/>\n\t<meta name=\"twitter:label2\" content=\"Dur\u00e9e de lecture estim\u00e9e\" \/>\n\t<meta name=\"twitter:data2\" content=\"1 minute\" \/>\n<script type=\"application\/ld+json\" class=\"yoast-schema-graph\">{\"@context\":\"https:\/\/schema.org\",\"@graph\":[{\"@type\":\"Article\",\"@id\":\"https:\/\/newsestlyonnais.fr\/site\/2018\/08\/06\/transports-tcl-reconduit-son-dispositif-tickair-ce-mardi-7-aout-pour-cause-de-pollution\/#article\",\"isPartOf\":{\"@id\":\"https:\/\/newsestlyonnais.fr\/site\/2018\/08\/06\/transports-tcl-reconduit-son-dispositif-tickair-ce-mardi-7-aout-pour-cause-de-pollution\/\"},\"author\":{\"name\":\"R\u00e9dac. NEWS\",\"@id\":\"https:\/\/newsestlyonnais.fr\/site\/#\/schema\/person\/3230d5615f390bb808365d673001e887\"},\"headline\":\"TRANSPORTS | TCL reconduit son dispositif \u00bb TICK\u2019AIR \u00bb mardi 7 Ao\u00fbt pour cause de pollution\",\"datePublished\":\"2018-08-06T17:12:04+00:00\",\"dateModified\":\"2020-11-12T05:07:41+00:00\",\"mainEntityOfPage\":{\"@id\":\"https:\/\/newsestlyonnais.fr\/site\/2018\/08\/06\/transports-tcl-reconduit-son-dispositif-tickair-ce-mardi-7-aout-pour-cause-de-pollution\/\"},\"wordCount\":150,\"commentCount\":0,\"publisher\":{\"@id\":\"https:\/\/newsestlyonnais.fr\/site\/#organization\"},\"image\":{\"@id\":\"https:\/\/newsestlyonnais.fr\/site\/2018\/08\/06\/transports-tcl-reconduit-son-dispositif-tickair-ce-mardi-7-aout-pour-cause-de-pollution\/#primaryimage\"},\"thumbnailUrl\":\"https:\/\/newsestlyonnais.fr\/site\/wp-content\/uploads\/2017\/04\/NewsEstLyonnais-Flash-Info.png\",\"articleSection\":[\"Lyon\",\"Nature | Environnement | Chasse\",\"Transports | Circulation\",\"Villeurbanne\"],\"inLanguage\":\"fr-FR\",\"potentialAction\":[{\"@type\":\"CommentAction\",\"name\":\"Comment\",\"target\":[\"https:\/\/newsestlyonnais.fr\/site\/2018\/08\/06\/transports-tcl-reconduit-son-dispositif-tickair-ce-mardi-7-aout-pour-cause-de-pollution\/#respond\"]}]},{\"@type\":\"WebPage\",\"@id\":\"https:\/\/newsestlyonnais.fr\/site\/2018\/08\/06\/transports-tcl-reconduit-son-dispositif-tickair-ce-mardi-7-aout-pour-cause-de-pollution\/\",\"url\":\"https:\/\/newsestlyonnais.fr\/site\/2018\/08\/06\/transports-tcl-reconduit-son-dispositif-tickair-ce-mardi-7-aout-pour-cause-de-pollution\/\",\"name\":\"TRANSPORTS : TCL reconduit son dispositif \u00bb TICK\u2019AIR \u00bb ce mardi 7 Ao\u00fbt pour cause de pollution !TRANSPORTS | TCL reconduit son dispositif \u00bb TICK\u2019AIR \u00bb mardi 7 Ao\u00fbt pour cause de pollution - News Est Lyonnais\",\"isPartOf\":{\"@id\":\"https:\/\/newsestlyonnais.fr\/site\/#website\"},\"primaryImageOfPage\":{\"@id\":\"https:\/\/newsestlyonnais.fr\/site\/2018\/08\/06\/transports-tcl-reconduit-son-dispositif-tickair-ce-mardi-7-aout-pour-cause-de-pollution\/#primaryimage\"},\"image\":{\"@id\":\"https:\/\/newsestlyonnais.fr\/site\/2018\/08\/06\/transports-tcl-reconduit-son-dispositif-tickair-ce-mardi-7-aout-pour-cause-de-pollution\/#primaryimage\"},\"thumbnailUrl\":\"https:\/\/newsestlyonnais.fr\/site\/wp-content\/uploads\/2017\/04\/NewsEstLyonnais-Flash-Info.png\",\"datePublished\":\"2018-08-06T17:12:04+00:00\",\"dateModified\":\"2020-11-12T05:07:41+00:00\",\"description\":\"TRANSPORTS : TCL reconduit son dispositif \u00bb TICK\u2019AIR \u00bb ce mardi 7 Ao\u00fbt pour cause de pollution !\",\"breadcrumb\":{\"@id\":\"https:\/\/newsestlyonnais.fr\/site\/2018\/08\/06\/transports-tcl-reconduit-son-dispositif-tickair-ce-mardi-7-aout-pour-cause-de-pollution\/#breadcrumb\"},\"inLanguage\":\"fr-FR\",\"potentialAction\":[{\"@type\":\"ReadAction\",\"target\":[\"https:\/\/newsestlyonnais.fr\/site\/2018\/08\/06\/transports-tcl-reconduit-son-dispositif-tickair-ce-mardi-7-aout-pour-cause-de-pollution\/\"]}]},{\"@type\":\"ImageObject\",\"inLanguage\":\"fr-FR\",\"@id\":\"https:\/\/newsestlyonnais.fr\/site\/2018\/08\/06\/transports-tcl-reconduit-son-dispositif-tickair-ce-mardi-7-aout-pour-cause-de-pollution\/#primaryimage\",\"url\":\"https:\/\/newsestlyonnais.fr\/site\/wp-content\/uploads\/2017\/04\/NewsEstLyonnais-Flash-Info.png\",\"contentUrl\":\"https:\/\/newsestlyonnais.fr\/site\/wp-content\/uploads\/2017\/04\/NewsEstLyonnais-Flash-Info.png\",\"width\":1000,\"height\":750,\"caption\":\"NewsEstLyonnais-Flash-Info\"},{\"@type\":\"BreadcrumbList\",\"@id\":\"https:\/\/newsestlyonnais.fr\/site\/2018\/08\/06\/transports-tcl-reconduit-son-dispositif-tickair-ce-mardi-7-aout-pour-cause-de-pollution\/#breadcrumb\",\"itemListElement\":[{\"@type\":\"ListItem\",\"position\":1,\"name\":\"Accueil\",\"item\":\"https:\/\/newsestlyonnais.fr\/site\/\"},{\"@type\":\"ListItem\",\"position\":2,\"name\":\"TRANSPORTS | TCL reconduit son dispositif \u00bb TICK\u2019AIR \u00bb mardi 7 Ao\u00fbt pour cause de pollution\"}]},{\"@type\":\"WebSite\",\"@id\":\"https:\/\/newsestlyonnais.fr\/site\/#website\",\"url\":\"https:\/\/newsestlyonnais.fr\/site\/\",\"name\":\"News Est Lyonnais\",\"description\":\"L&#039;actualit\u00e9 au plus pr\u00e8s\",\"publisher\":{\"@id\":\"https:\/\/newsestlyonnais.fr\/site\/#organization\"},\"potentialAction\":[{\"@type\":\"SearchAction\",\"target\":{\"@type\":\"EntryPoint\",\"urlTemplate\":\"https:\/\/newsestlyonnais.fr\/site\/?s={search_term_string}\"},\"query-input\":{\"@type\":\"PropertyValueSpecification\",\"valueRequired\":true,\"valueName\":\"search_term_string\"}}],\"inLanguage\":\"fr-FR\"},{\"@type\":\"Organization\",\"@id\":\"https:\/\/newsestlyonnais.fr\/site\/#organization\",\"name\":\"News EST LYONNAIS\",\"url\":\"https:\/\/newsestlyonnais.fr\/site\/\",\"logo\":{\"@type\":\"ImageObject\",\"inLanguage\":\"fr-FR\",\"@id\":\"https:\/\/newsestlyonnais.fr\/site\/#\/schema\/logo\/image\/\",\"url\":\"\",\"contentUrl\":\"\",\"caption\":\"News EST LYONNAIS\"},\"image\":{\"@id\":\"https:\/\/newsestlyonnais.fr\/site\/#\/schema\/logo\/image\/\"}},{\"@type\":\"Person\",\"@id\":\"https:\/\/newsestlyonnais.fr\/site\/#\/schema\/person\/3230d5615f390bb808365d673001e887\",\"name\":\"R\u00e9dac. NEWS\",\"sameAs\":[\"http:\/\/www.newsestlyonnais.fr\",\"https:\/\/www.facebook.com\/pascal.oberson.1?fref=ts\",\"https:\/\/fr.linkedin.com\/in\/pascal-oberson-b17045113\"],\"url\":\"https:\/\/newsestlyonnais.fr\/site\/author\/nel\/\"}]}<\/script>\n<!-- \/ Yoast SEO plugin. -->","yoast_head_json":{"title":"TRANSPORTS : TCL reconduit son dispositif \u00bb TICK\u2019AIR \u00bb ce mardi 7 Ao\u00fbt pour cause de pollution !TRANSPORTS | TCL reconduit son dispositif \u00bb TICK\u2019AIR \u00bb mardi 7 Ao\u00fbt pour cause de pollution - News Est Lyonnais","description":"TRANSPORTS : TCL reconduit son dispositif \u00bb TICK\u2019AIR \u00bb ce mardi 7 Ao\u00fbt pour cause de pollution !","robots":{"index":"index","follow":"follow","max-snippet":"max-snippet:-1","max-image-preview":"max-image-preview:large","max-video-preview":"max-video-preview:-1"},"canonical":"https:\/\/newsestlyonnais.fr\/site\/2018\/08\/06\/transports-tcl-reconduit-son-dispositif-tickair-ce-mardi-7-aout-pour-cause-de-pollution\/","og_locale":"fr_FR","og_type":"article","og_title":"TRANSPORTS : TCL reconduit son dispositif \u00bb TICK\u2019AIR \u00bb ce mardi 7 Ao\u00fbt pour cause de pollution !TRANSPORTS | TCL reconduit son dispositif \u00bb TICK\u2019AIR \u00bb mardi 7 Ao\u00fbt pour cause de pollution - News Est Lyonnais","og_description":"TRANSPORTS : TCL reconduit son dispositif \u00bb TICK\u2019AIR \u00bb ce mardi 7 Ao\u00fbt pour cause de pollution !","og_url":"https:\/\/newsestlyonnais.fr\/site\/2018\/08\/06\/transports-tcl-reconduit-son-dispositif-tickair-ce-mardi-7-aout-pour-cause-de-pollution\/","og_site_name":"News Est Lyonnais","article_author":"https:\/\/www.facebook.com\/pascal.oberson.1?fref=ts","article_published_time":"2018-08-06T17:12:04+00:00","article_modified_time":"2020-11-12T05:07:41+00:00","og_image":[{"width":1000,"height":750,"url":"https:\/\/i2.wp.com\/newsestlyonnais.fr\/site\/wp-content\/uploads\/2017\/04\/NewsEstLyonnais-Flash-Info.png?fit=1000%2C750&ssl=1","type":"image\/png"}],"author":"R\u00e9dac. NEWS","twitter_card":"summary_large_image","twitter_misc":{"\u00c9crit par":"R\u00e9dac. NEWS","Dur\u00e9e de lecture estim\u00e9e":"1 minute"},"schema":{"@context":"https:\/\/schema.org","@graph":[{"@type":"Article","@id":"https:\/\/newsestlyonnais.fr\/site\/2018\/08\/06\/transports-tcl-reconduit-son-dispositif-tickair-ce-mardi-7-aout-pour-cause-de-pollution\/#article","isPartOf":{"@id":"https:\/\/newsestlyonnais.fr\/site\/2018\/08\/06\/transports-tcl-reconduit-son-dispositif-tickair-ce-mardi-7-aout-pour-cause-de-pollution\/"},"author":{"name":"R\u00e9dac. NEWS","@id":"https:\/\/newsestlyonnais.fr\/site\/#\/schema\/person\/3230d5615f390bb808365d673001e887"},"headline":"TRANSPORTS | TCL reconduit son dispositif \u00bb TICK\u2019AIR \u00bb mardi 7 Ao\u00fbt pour cause de pollution","datePublished":"2018-08-06T17:12:04+00:00","dateModified":"2020-11-12T05:07:41+00:00","mainEntityOfPage":{"@id":"https:\/\/newsestlyonnais.fr\/site\/2018\/08\/06\/transports-tcl-reconduit-son-dispositif-tickair-ce-mardi-7-aout-pour-cause-de-pollution\/"},"wordCount":150,"commentCount":0,"publisher":{"@id":"https:\/\/newsestlyonnais.fr\/site\/#organization"},"image":{"@id":"https:\/\/newsestlyonnais.fr\/site\/2018\/08\/06\/transports-tcl-reconduit-son-dispositif-tickair-ce-mardi-7-aout-pour-cause-de-pollution\/#primaryimage"},"thumbnailUrl":"https:\/\/newsestlyonnais.fr\/site\/wp-content\/uploads\/2017\/04\/NewsEstLyonnais-Flash-Info.png","articleSection":["Lyon","Nature | Environnement | Chasse","Transports | Circulation","Villeurbanne"],"inLanguage":"fr-FR","potentialAction":[{"@type":"CommentAction","name":"Comment","target":["https:\/\/newsestlyonnais.fr\/site\/2018\/08\/06\/transports-tcl-reconduit-son-dispositif-tickair-ce-mardi-7-aout-pour-cause-de-pollution\/#respond"]}]},{"@type":"WebPage","@id":"https:\/\/newsestlyonnais.fr\/site\/2018\/08\/06\/transports-tcl-reconduit-son-dispositif-tickair-ce-mardi-7-aout-pour-cause-de-pollution\/","url":"https:\/\/newsestlyonnais.fr\/site\/2018\/08\/06\/transports-tcl-reconduit-son-dispositif-tickair-ce-mardi-7-aout-pour-cause-de-pollution\/","name":"TRANSPORTS : TCL reconduit son dispositif \u00bb TICK\u2019AIR \u00bb ce mardi 7 Ao\u00fbt pour cause de pollution !TRANSPORTS | TCL reconduit son dispositif \u00bb TICK\u2019AIR \u00bb mardi 7 Ao\u00fbt pour cause de pollution - News Est Lyonnais","isPartOf":{"@id":"https:\/\/newsestlyonnais.fr\/site\/#website"},"primaryImageOfPage":{"@id":"https:\/\/newsestlyonnais.fr\/site\/2018\/08\/06\/transports-tcl-reconduit-son-dispositif-tickair-ce-mardi-7-aout-pour-cause-de-pollution\/#primaryimage"},"image":{"@id":"https:\/\/newsestlyonnais.fr\/site\/2018\/08\/06\/transports-tcl-reconduit-son-dispositif-tickair-ce-mardi-7-aout-pour-cause-de-pollution\/#primaryimage"},"thumbnailUrl":"https:\/\/newsestlyonnais.fr\/site\/wp-content\/uploads\/2017\/04\/NewsEstLyonnais-Flash-Info.png","datePublished":"2018-08-06T17:12:04+00:00","dateModified":"2020-11-12T05:07:41+00:00","description":"TRANSPORTS : TCL reconduit son dispositif \u00bb TICK\u2019AIR \u00bb ce mardi 7 Ao\u00fbt pour cause de pollution !","breadcrumb":{"@id":"https:\/\/newsestlyonnais.fr\/site\/2018\/08\/06\/transports-tcl-reconduit-son-dispositif-tickair-ce-mardi-7-aout-pour-cause-de-pollution\/#breadcrumb"},"inLanguage":"fr-FR","potentialAction":[{"@type":"ReadAction","target":["https:\/\/newsestlyonnais.fr\/site\/2018\/08\/06\/transports-tcl-reconduit-son-dispositif-tickair-ce-mardi-7-aout-pour-cause-de-pollution\/"]}]},{"@type":"ImageObject","inLanguage":"fr-FR","@id":"https:\/\/newsestlyonnais.fr\/site\/2018\/08\/06\/transports-tcl-reconduit-son-dispositif-tickair-ce-mardi-7-aout-pour-cause-de-pollution\/#primaryimage","url":"https:\/\/newsestlyonnais.fr\/site\/wp-content\/uploads\/2017\/04\/NewsEstLyonnais-Flash-Info.png","contentUrl":"https:\/\/newsestlyonnais.fr\/site\/wp-content\/uploads\/2017\/04\/NewsEstLyonnais-Flash-Info.png","width":1000,"height":750,"caption":"NewsEstLyonnais-Flash-Info"},{"@type":"BreadcrumbList","@id":"https:\/\/newsestlyonnais.fr\/site\/2018\/08\/06\/transports-tcl-reconduit-son-dispositif-tickair-ce-mardi-7-aout-pour-cause-de-pollution\/#breadcrumb","itemListElement":[{"@type":"ListItem","position":1,"name":"Accueil","item":"https:\/\/newsestlyonnais.fr\/site\/"},{"@type":"ListItem","position":2,"name":"TRANSPORTS | TCL reconduit son dispositif \u00bb TICK\u2019AIR \u00bb mardi 7 Ao\u00fbt pour cause de pollution"}]},{"@type":"WebSite","@id":"https:\/\/newsestlyonnais.fr\/site\/#website","url":"https:\/\/newsestlyonnais.fr\/site\/","name":"News Est Lyonnais","description":"L&#039;actualit\u00e9 au plus pr\u00e8s","publisher":{"@id":"https:\/\/newsestlyonnais.fr\/site\/#organization"},"potentialAction":[{"@type":"SearchAction","target":{"@type":"EntryPoint","urlTemplate":"https:\/\/newsestlyonnais.fr\/site\/?s={search_term_string}"},"query-input":{"@type":"PropertyValueSpecification","valueRequired":true,"valueName":"search_term_string"}}],"inLanguage":"fr-FR"},{"@type":"Organization","@id":"https:\/\/newsestlyonnais.fr\/site\/#organization","name":"News EST LYONNAIS","url":"https:\/\/newsestlyonnais.fr\/site\/","logo":{"@type":"ImageObject","inLanguage":"fr-FR","@id":"https:\/\/newsestlyonnais.fr\/site\/#\/schema\/logo\/image\/","url":"","contentUrl":"","caption":"News EST LYONNAIS"},"image":{"@id":"https:\/\/newsestlyonnais.fr\/site\/#\/schema\/logo\/image\/"}},{"@type":"Person","@id":"https:\/\/newsestlyonnais.fr\/site\/#\/schema\/person\/3230d5615f390bb808365d673001e887","name":"R\u00e9dac. NEWS","sameAs":["http:\/\/www.newsestlyonnais.fr","https:\/\/www.facebook.com\/pascal.oberson.1?fref=ts","https:\/\/fr.linkedin.com\/in\/pascal-oberson-b17045113"],"url":"https:\/\/newsestlyonnais.fr\/site\/author\/nel\/"}]}},"_links":{"self":[{"href":"https:\/\/newsestlyonnais.fr\/site\/wp-json\/wp\/v2\/posts\/54930","targetHints":{"allow":["GET"]}}],"collection":[{"href":"https:\/\/newsestlyonnais.fr\/site\/wp-json\/wp\/v2\/posts"}],"about":[{"href":"https:\/\/newsestlyonnais.fr\/site\/wp-json\/wp\/v2\/types\/post"}],"author":[{"embeddable":true,"href":"https:\/\/newsestlyonnais.fr\/site\/wp-json\/wp\/v2\/users\/4"}],"replies":[{"embeddable":true,"href":"https:\/\/newsestlyonnais.fr\/site\/wp-json\/wp\/v2\/comments?post=54930"}],"version-history":[{"count":0,"href":"https:\/\/newsestlyonnais.fr\/site\/wp-json\/wp\/v2\/posts\/54930\/revisions"}],"wp:featuredmedia":[{"embeddable":true,"href":"https:\/\/newsestlyonnais.fr\/site\/wp-json\/wp\/v2\/media\/25760"}],"wp:attachment":[{"href":"https:\/\/newsestlyonnais.fr\/site\/wp-json\/wp\/v2\/media?parent=54930"}],"wp:term":[{"taxonomy":"category","embeddable":true,"href":"https:\/\/newsestlyonnais.fr\/site\/wp-json\/wp\/v2\/categories?post=54930"},{"taxonomy":"post_tag","embeddable":true,"href":"https:\/\/newsestlyonnais.fr\/site\/wp-json\/wp\/v2\/tags?post=54930"}],"curies":[{"name":"wp","href":"https:\/\/api.w.org\/{rel}","templated":true}]}}