{"id":54940,"date":"2018-08-07T09:27:01","date_gmt":"2018-08-07T08:27:01","guid":{"rendered":"http:\/\/newsestlyonnais.fr\/site\/?p=54940"},"modified":"2020-11-17T11:17:36","modified_gmt":"2020-11-17T10:17:36","slug":"bron-le-conseil-du-mois-daout-des-secouristes-de-la-croix-blanche","status":"publish","type":"post","link":"https:\/\/newsestlyonnais.fr\/site\/2018\/08\/07\/bron-le-conseil-du-mois-daout-des-secouristes-de-la-croix-blanche\/","title":{"rendered":"BRON | Le conseil d&rsquo;Ao\u00fbt des secouristes de la Croix Blanche"},"content":{"rendered":"<h4>L\u2019association des secouristes de la Croix Blanche de Bron, propose chaque mois un conseil donn\u00e9 par un de ses b\u00e9n\u00e9voles.<\/h4>\n<p>Apr\u00e8s celui de Matthieu donn\u00e9 en juillet sur le coup de chaleur, <strong>place \u00e0 Fabien<\/strong> (26 ans, \u00e9tudiant et assistant d\u2019\u00e9ducation, secouriste pendant 1 an dans une autre association et depuis septembre 2017 \u00e0 Bron) de lancer le 2\u00b0 volet de cette rubrique mensuelle en se pr\u00e9sentant :<\/p>\n<ul>\n<li><strong>Sa motivation<\/strong>\u00a0: \u00ab\u00a0Aider mon prochain, servir et pouvoir r\u00e9agir pour mes proches ou pour toutes personnes\u00a0\u00bb.<\/li>\n<li><strong>Pourquoi devenir secouriste \u00e0 l&rsquo;association de Bron ? <\/strong>: \u00a0\u00bb Pour \u00eatre franc avec vous c\u2019est une question que je ne me suis m\u00eame pas pos\u00e9e. Je suis parti de mon ancienne association et j\u2019ai d\u00e9couvert l\u2019association de Bron qui m\u2019a tr\u00e8s bien accueillie. J\u2019ai eu la chance de faire des postes de secours avec plusieurs secouristes, pour d\u00e9couvrir l\u2019 ambiance, leur fonctionnement, puis on m\u2019a invit\u00e9 aux r\u00e9unions mensuelles, c\u2019est \u00e0 ce moment l\u00e0 que je me suis dit que c\u2019\u00e9tait la bonne association de secouristes pour moi. La joie de vivre de cette association, leur professionnalisme m\u2019ont tout de suite conquis !\u00a0\u00bb.<\/li>\n<li><strong>Son conseil du mois<\/strong> : <em><span style=\"text-decoration: underline\">La trousse de secours, pourquoi est-elle n\u00e9cessaire\u00a0? comment la composer\u00a0? o\u00f9 la mettre\u00a0? \u00ab\u00a0<\/span><\/em> On a tous \u00e0 la maison des pansements, des compresses et de l\u2019antiseptique pour soigner quelques petites plaies, alors pourquoi ne pas se munir d\u2019une trousse de secours en dehors de la maison ?. Par exemple pour les vacances, les balades ou autres activit\u00e9s diverses et vari\u00e9es. On peut tous avoir besoin de cette trousse de secours. Il est tr\u00e8s simple de la composer soi-m\u00eame en fonction de ses activit\u00e9s et elle devra \u00eatre compos\u00e9e des \u00e9l\u00e9ments suivants\u00a0:\n<ul>\n<li>Une trousse (souvent de couleur rouge, elle sera plus facilement rep\u00e9rable)<\/li>\n<li>Une couverture de survie (plusieurs si la trousse de secours reste dans la boite \u00e0 gants de la voiture)<\/li>\n<li>Antiseptique cutan\u00e9 (spray ou unidoses)<\/li>\n<li>Compresses st\u00e9riles<\/li>\n<li>Pansements de plusieurs tailles<\/li>\n<li>Pansements h\u00e9mostatiques (souvent utilis\u00e9s pour les saignements de nez)<\/li>\n<li>Sparadrap<\/li>\n<li>Bandes extensibles<\/li>\n<li>Ciseaux \u00e0 bouts rond et une pince \u00e0 \u00e9charde<\/li>\n<li>Gants \u00e0 usage unique<\/li>\n<li>Gel hydroalcoolique (d\u00e9sinfection des mains, ne remplace pas l\u2019eau et le savon)<\/li>\n<li>Des morceaux de sucres<\/li>\n<li>S\u00e9rum physiologique<\/li>\n<\/ul>\n<p>Ne pas oublier de remplacer apr\u00e8s chaque utilisation tout ce qui a \u00e9t\u00e9 utilis\u00e9 et de v\u00e9rifier les dates de p\u00e9remption.<\/p>\n<p><span style=\"text-decoration: underline\">O\u00f9 mettre cette trousse de secours<\/span>\u00a0? Toujours au plus pr\u00e8s de vous. Vous partez \u00e0 la plage, mettez la dans le sac de plage. Vous partez \u00e0 la montagne, dans votre sac de randonn\u00e9e. Ou m\u00eame dans la boite \u00e0 gants de votre voiture ou bien dans le lieu qui pour vous est le plus accessible en cas de besoin.<\/p>\n<p>Une deuxi\u00e8me solution est de vous rendre chez votre pharmacien, de lui demander une trousse de secours toute faite. N\u2019h\u00e9sitez pas \u00e0 l\u2019ouvrir devant lui et lui poser toutes les questions qui vous semblent utiles sur les produits composant cette trousse de secours.<\/p>\n<p>Maintenant que vous avez votre trousse de secours, je vous souhaite de tr\u00e8s bonnes vacances !\u00a0\u00bb.<\/li>\n<li>\n<h4>Retrouvez l\u2019ACTU de l\u2019association sur : <a href=\"https:\/\/www.facebook.com\/coixblanche.bron.3\" target=\"_blank\" rel=\"noopener noreferrer\">https:\/\/www.facebook.com\/coixblanche.bron.3<\/a><\/h4>\n<\/li>\n<li>\n<p><figure id=\"attachment_54954\" aria-describedby=\"caption-attachment-54954\" style=\"width: 400px\" class=\"wp-caption aligncenter\"><img loading=\"lazy\" decoding=\"async\" class=\"wp-image-54954 size-medium\" src=\"https:\/\/newsestlyonnais.fr\/site\/medias\/2018\/08\/NEWSESTLYONNAIS-SEC-FABIEN-BRON-400x300.jpg\" alt=\"NEWSESTLYONNAIS SEC FABIEN BRON\" width=\"400\" height=\"300\" srcset=\"https:\/\/newsestlyonnais.fr\/site\/wp-content\/uploads\/2018\/08\/NEWSESTLYONNAIS-SEC-FABIEN-BRON-400x300.jpg 400w, https:\/\/newsestlyonnais.fr\/site\/wp-content\/uploads\/2018\/08\/NEWSESTLYONNAIS-SEC-FABIEN-BRON-768x576.jpg 768w, https:\/\/newsestlyonnais.fr\/site\/wp-content\/uploads\/2018\/08\/NEWSESTLYONNAIS-SEC-FABIEN-BRON-1000x750.jpg 1000w, https:\/\/newsestlyonnais.fr\/site\/wp-content\/uploads\/2018\/08\/NEWSESTLYONNAIS-SEC-FABIEN-BRON-600x450.jpg 600w, https:\/\/newsestlyonnais.fr\/site\/wp-content\/uploads\/2018\/08\/NEWSESTLYONNAIS-SEC-FABIEN-BRON-100x75.jpg 100w, https:\/\/newsestlyonnais.fr\/site\/wp-content\/uploads\/2018\/08\/NEWSESTLYONNAIS-SEC-FABIEN-BRON.jpg 2048w\" sizes=\"auto, (max-width: 400px) 100vw, 400px\" \/><figcaption id=\"caption-attachment-54954\" class=\"wp-caption-text\">Fabien nous prodigue le 2\u00b0 conseil mensuel de la rubrique<\/figcaption><\/figure><\/li>\n<\/ul>\n<p>&nbsp;<\/p>\n","protected":false},"excerpt":{"rendered":"<p>L\u2019association des secouristes de la Croix Blanche de Bron, propose chaque mois un conseil donn\u00e9 par un de ses b\u00e9n\u00e9voles. Apr\u00e8s celui de Matthieu donn\u00e9 en juillet sur le coup de chaleur, place \u00e0 Fabien (26 ans, \u00e9tudiant et assistant d\u2019\u00e9ducation, secouriste pendant 1 an dans une autre association et depuis septembre 2017 \u00e0 Bron) [&hellip;]<\/p>\n","protected":false},"author":4,"featured_media":54953,"comment_status":"open","ping_status":"open","sticky":false,"template":"","format":"standard","meta":{"footnotes":""},"categories":[19,1753],"tags":[],"class_list":["post-54940","post","type-post","status-publish","format-standard","has-post-thumbnail","hentry","category-bron","category-secours-securite"],"yoast_head":"<!-- This site is optimized with the Yoast SEO plugin v27.2 - https:\/\/yoast.com\/product\/yoast-seo-wordpress\/ -->\n<title>BRON : Le conseil du mois d&#039;Ao\u00fbt des secouristes de la Croix Blanche<\/title>\n<meta name=\"description\" content=\"BRON : Le conseil du mois d&#039;Ao\u00fbt des secouristes de la Croix Blanche\" \/>\n<meta name=\"robots\" content=\"index, follow, max-snippet:-1, max-image-preview:large, max-video-preview:-1\" \/>\n<link rel=\"canonical\" href=\"https:\/\/newsestlyonnais.fr\/site\/2018\/08\/07\/bron-le-conseil-du-mois-daout-des-secouristes-de-la-croix-blanche\/\" \/>\n<meta property=\"og:locale\" content=\"fr_FR\" \/>\n<meta property=\"og:type\" content=\"article\" \/>\n<meta property=\"og:title\" content=\"BRON : Le conseil du mois d&#039;Ao\u00fbt des secouristes de la Croix Blanche\" \/>\n<meta property=\"og:description\" content=\"BRON : Le conseil du mois d&#039;Ao\u00fbt des secouristes de la Croix Blanche\" \/>\n<meta property=\"og:url\" content=\"https:\/\/newsestlyonnais.fr\/site\/2018\/08\/07\/bron-le-conseil-du-mois-daout-des-secouristes-de-la-croix-blanche\/\" \/>\n<meta property=\"og:site_name\" content=\"News Est Lyonnais\" \/>\n<meta property=\"article:author\" content=\"https:\/\/www.facebook.com\/pascal.oberson.1?fref=ts\" \/>\n<meta property=\"article:published_time\" content=\"2018-08-07T08:27:01+00:00\" \/>\n<meta property=\"article:modified_time\" content=\"2020-11-17T10:17:36+00:00\" \/>\n<meta property=\"og:image\" content=\"https:\/\/i2.wp.com\/newsestlyonnais.fr\/site\/wp-content\/uploads\/2018\/08\/NEWSESTLYONNAIS-sec-cx-blan-bron.jpg?fit=2048%2C1536&ssl=1\" \/>\n\t<meta property=\"og:image:width\" content=\"2048\" \/>\n\t<meta property=\"og:image:height\" content=\"1536\" \/>\n\t<meta property=\"og:image:type\" content=\"image\/jpeg\" \/>\n<meta name=\"author\" content=\"R\u00e9dac. NEWS\" \/>\n<meta name=\"twitter:card\" content=\"summary_large_image\" \/>\n<meta name=\"twitter:label1\" content=\"\u00c9crit par\" \/>\n\t<meta name=\"twitter:data1\" content=\"R\u00e9dac. NEWS\" \/>\n\t<meta name=\"twitter:label2\" content=\"Dur\u00e9e de lecture estim\u00e9e\" \/>\n\t<meta name=\"twitter:data2\" content=\"3 minutes\" \/>\n<script type=\"application\/ld+json\" class=\"yoast-schema-graph\">{\"@context\":\"https:\/\/schema.org\",\"@graph\":[{\"@type\":\"Article\",\"@id\":\"https:\/\/newsestlyonnais.fr\/site\/2018\/08\/07\/bron-le-conseil-du-mois-daout-des-secouristes-de-la-croix-blanche\/#article\",\"isPartOf\":{\"@id\":\"https:\/\/newsestlyonnais.fr\/site\/2018\/08\/07\/bron-le-conseil-du-mois-daout-des-secouristes-de-la-croix-blanche\/\"},\"author\":{\"name\":\"R\u00e9dac. NEWS\",\"@id\":\"https:\/\/newsestlyonnais.fr\/site\/#\/schema\/person\/3230d5615f390bb808365d673001e887\"},\"headline\":\"BRON | Le conseil d&rsquo;Ao\u00fbt des secouristes de la Croix Blanche\",\"datePublished\":\"2018-08-07T08:27:01+00:00\",\"dateModified\":\"2020-11-17T10:17:36+00:00\",\"mainEntityOfPage\":{\"@id\":\"https:\/\/newsestlyonnais.fr\/site\/2018\/08\/07\/bron-le-conseil-du-mois-daout-des-secouristes-de-la-croix-blanche\/\"},\"wordCount\":576,\"commentCount\":0,\"publisher\":{\"@id\":\"https:\/\/newsestlyonnais.fr\/site\/#organization\"},\"image\":{\"@id\":\"https:\/\/newsestlyonnais.fr\/site\/2018\/08\/07\/bron-le-conseil-du-mois-daout-des-secouristes-de-la-croix-blanche\/#primaryimage\"},\"thumbnailUrl\":\"https:\/\/newsestlyonnais.fr\/site\/wp-content\/uploads\/2018\/08\/NEWSESTLYONNAIS-sec-cx-blan-bron.jpg\",\"articleSection\":[\"Bron\",\"Secours | S\u00e9curit\u00e9\"],\"inLanguage\":\"fr-FR\",\"potentialAction\":[{\"@type\":\"CommentAction\",\"name\":\"Comment\",\"target\":[\"https:\/\/newsestlyonnais.fr\/site\/2018\/08\/07\/bron-le-conseil-du-mois-daout-des-secouristes-de-la-croix-blanche\/#respond\"]}]},{\"@type\":\"WebPage\",\"@id\":\"https:\/\/newsestlyonnais.fr\/site\/2018\/08\/07\/bron-le-conseil-du-mois-daout-des-secouristes-de-la-croix-blanche\/\",\"url\":\"https:\/\/newsestlyonnais.fr\/site\/2018\/08\/07\/bron-le-conseil-du-mois-daout-des-secouristes-de-la-croix-blanche\/\",\"name\":\"BRON : Le conseil du mois d'Ao\u00fbt des secouristes de la Croix Blanche\",\"isPartOf\":{\"@id\":\"https:\/\/newsestlyonnais.fr\/site\/#website\"},\"primaryImageOfPage\":{\"@id\":\"https:\/\/newsestlyonnais.fr\/site\/2018\/08\/07\/bron-le-conseil-du-mois-daout-des-secouristes-de-la-croix-blanche\/#primaryimage\"},\"image\":{\"@id\":\"https:\/\/newsestlyonnais.fr\/site\/2018\/08\/07\/bron-le-conseil-du-mois-daout-des-secouristes-de-la-croix-blanche\/#primaryimage\"},\"thumbnailUrl\":\"https:\/\/newsestlyonnais.fr\/site\/wp-content\/uploads\/2018\/08\/NEWSESTLYONNAIS-sec-cx-blan-bron.jpg\",\"datePublished\":\"2018-08-07T08:27:01+00:00\",\"dateModified\":\"2020-11-17T10:17:36+00:00\",\"description\":\"BRON : Le conseil du mois d'Ao\u00fbt des secouristes de la Croix Blanche\",\"breadcrumb\":{\"@id\":\"https:\/\/newsestlyonnais.fr\/site\/2018\/08\/07\/bron-le-conseil-du-mois-daout-des-secouristes-de-la-croix-blanche\/#breadcrumb\"},\"inLanguage\":\"fr-FR\",\"potentialAction\":[{\"@type\":\"ReadAction\",\"target\":[\"https:\/\/newsestlyonnais.fr\/site\/2018\/08\/07\/bron-le-conseil-du-mois-daout-des-secouristes-de-la-croix-blanche\/\"]}]},{\"@type\":\"ImageObject\",\"inLanguage\":\"fr-FR\",\"@id\":\"https:\/\/newsestlyonnais.fr\/site\/2018\/08\/07\/bron-le-conseil-du-mois-daout-des-secouristes-de-la-croix-blanche\/#primaryimage\",\"url\":\"https:\/\/newsestlyonnais.fr\/site\/wp-content\/uploads\/2018\/08\/NEWSESTLYONNAIS-sec-cx-blan-bron.jpg\",\"contentUrl\":\"https:\/\/newsestlyonnais.fr\/site\/wp-content\/uploads\/2018\/08\/NEWSESTLYONNAIS-sec-cx-blan-bron.jpg\",\"width\":2048,\"height\":1536,\"caption\":\"NEWSESTLYONNAIS sec cx blan bron\"},{\"@type\":\"BreadcrumbList\",\"@id\":\"https:\/\/newsestlyonnais.fr\/site\/2018\/08\/07\/bron-le-conseil-du-mois-daout-des-secouristes-de-la-croix-blanche\/#breadcrumb\",\"itemListElement\":[{\"@type\":\"ListItem\",\"position\":1,\"name\":\"Accueil\",\"item\":\"https:\/\/newsestlyonnais.fr\/site\/\"},{\"@type\":\"ListItem\",\"position\":2,\"name\":\"BRON | Le conseil d&rsquo;Ao\u00fbt des secouristes de la Croix Blanche\"}]},{\"@type\":\"WebSite\",\"@id\":\"https:\/\/newsestlyonnais.fr\/site\/#website\",\"url\":\"https:\/\/newsestlyonnais.fr\/site\/\",\"name\":\"News Est Lyonnais\",\"description\":\"L&#039;actualit\u00e9 au plus pr\u00e8s\",\"publisher\":{\"@id\":\"https:\/\/newsestlyonnais.fr\/site\/#organization\"},\"potentialAction\":[{\"@type\":\"SearchAction\",\"target\":{\"@type\":\"EntryPoint\",\"urlTemplate\":\"https:\/\/newsestlyonnais.fr\/site\/?s={search_term_string}\"},\"query-input\":{\"@type\":\"PropertyValueSpecification\",\"valueRequired\":true,\"valueName\":\"search_term_string\"}}],\"inLanguage\":\"fr-FR\"},{\"@type\":\"Organization\",\"@id\":\"https:\/\/newsestlyonnais.fr\/site\/#organization\",\"name\":\"News EST LYONNAIS\",\"url\":\"https:\/\/newsestlyonnais.fr\/site\/\",\"logo\":{\"@type\":\"ImageObject\",\"inLanguage\":\"fr-FR\",\"@id\":\"https:\/\/newsestlyonnais.fr\/site\/#\/schema\/logo\/image\/\",\"url\":\"\",\"contentUrl\":\"\",\"caption\":\"News EST LYONNAIS\"},\"image\":{\"@id\":\"https:\/\/newsestlyonnais.fr\/site\/#\/schema\/logo\/image\/\"}},{\"@type\":\"Person\",\"@id\":\"https:\/\/newsestlyonnais.fr\/site\/#\/schema\/person\/3230d5615f390bb808365d673001e887\",\"name\":\"R\u00e9dac. NEWS\",\"sameAs\":[\"http:\/\/www.newsestlyonnais.fr\",\"https:\/\/www.facebook.com\/pascal.oberson.1?fref=ts\",\"https:\/\/fr.linkedin.com\/in\/pascal-oberson-b17045113\"],\"url\":\"https:\/\/newsestlyonnais.fr\/site\/author\/nel\/\"}]}<\/script>\n<!-- \/ Yoast SEO plugin. -->","yoast_head_json":{"title":"BRON : Le conseil du mois d'Ao\u00fbt des secouristes de la Croix Blanche","description":"BRON : Le conseil du mois d'Ao\u00fbt des secouristes de la Croix Blanche","robots":{"index":"index","follow":"follow","max-snippet":"max-snippet:-1","max-image-preview":"max-image-preview:large","max-video-preview":"max-video-preview:-1"},"canonical":"https:\/\/newsestlyonnais.fr\/site\/2018\/08\/07\/bron-le-conseil-du-mois-daout-des-secouristes-de-la-croix-blanche\/","og_locale":"fr_FR","og_type":"article","og_title":"BRON : Le conseil du mois d'Ao\u00fbt des secouristes de la Croix Blanche","og_description":"BRON : Le conseil du mois d'Ao\u00fbt des secouristes de la Croix Blanche","og_url":"https:\/\/newsestlyonnais.fr\/site\/2018\/08\/07\/bron-le-conseil-du-mois-daout-des-secouristes-de-la-croix-blanche\/","og_site_name":"News Est Lyonnais","article_author":"https:\/\/www.facebook.com\/pascal.oberson.1?fref=ts","article_published_time":"2018-08-07T08:27:01+00:00","article_modified_time":"2020-11-17T10:17:36+00:00","og_image":[{"width":2048,"height":1536,"url":"https:\/\/i2.wp.com\/newsestlyonnais.fr\/site\/wp-content\/uploads\/2018\/08\/NEWSESTLYONNAIS-sec-cx-blan-bron.jpg?fit=2048%2C1536&ssl=1","type":"image\/jpeg"}],"author":"R\u00e9dac. NEWS","twitter_card":"summary_large_image","twitter_misc":{"\u00c9crit par":"R\u00e9dac. NEWS","Dur\u00e9e de lecture estim\u00e9e":"3 minutes"},"schema":{"@context":"https:\/\/schema.org","@graph":[{"@type":"Article","@id":"https:\/\/newsestlyonnais.fr\/site\/2018\/08\/07\/bron-le-conseil-du-mois-daout-des-secouristes-de-la-croix-blanche\/#article","isPartOf":{"@id":"https:\/\/newsestlyonnais.fr\/site\/2018\/08\/07\/bron-le-conseil-du-mois-daout-des-secouristes-de-la-croix-blanche\/"},"author":{"name":"R\u00e9dac. NEWS","@id":"https:\/\/newsestlyonnais.fr\/site\/#\/schema\/person\/3230d5615f390bb808365d673001e887"},"headline":"BRON | Le conseil d&rsquo;Ao\u00fbt des secouristes de la Croix Blanche","datePublished":"2018-08-07T08:27:01+00:00","dateModified":"2020-11-17T10:17:36+00:00","mainEntityOfPage":{"@id":"https:\/\/newsestlyonnais.fr\/site\/2018\/08\/07\/bron-le-conseil-du-mois-daout-des-secouristes-de-la-croix-blanche\/"},"wordCount":576,"commentCount":0,"publisher":{"@id":"https:\/\/newsestlyonnais.fr\/site\/#organization"},"image":{"@id":"https:\/\/newsestlyonnais.fr\/site\/2018\/08\/07\/bron-le-conseil-du-mois-daout-des-secouristes-de-la-croix-blanche\/#primaryimage"},"thumbnailUrl":"https:\/\/newsestlyonnais.fr\/site\/wp-content\/uploads\/2018\/08\/NEWSESTLYONNAIS-sec-cx-blan-bron.jpg","articleSection":["Bron","Secours | S\u00e9curit\u00e9"],"inLanguage":"fr-FR","potentialAction":[{"@type":"CommentAction","name":"Comment","target":["https:\/\/newsestlyonnais.fr\/site\/2018\/08\/07\/bron-le-conseil-du-mois-daout-des-secouristes-de-la-croix-blanche\/#respond"]}]},{"@type":"WebPage","@id":"https:\/\/newsestlyonnais.fr\/site\/2018\/08\/07\/bron-le-conseil-du-mois-daout-des-secouristes-de-la-croix-blanche\/","url":"https:\/\/newsestlyonnais.fr\/site\/2018\/08\/07\/bron-le-conseil-du-mois-daout-des-secouristes-de-la-croix-blanche\/","name":"BRON : Le conseil du mois d'Ao\u00fbt des secouristes de la Croix Blanche","isPartOf":{"@id":"https:\/\/newsestlyonnais.fr\/site\/#website"},"primaryImageOfPage":{"@id":"https:\/\/newsestlyonnais.fr\/site\/2018\/08\/07\/bron-le-conseil-du-mois-daout-des-secouristes-de-la-croix-blanche\/#primaryimage"},"image":{"@id":"https:\/\/newsestlyonnais.fr\/site\/2018\/08\/07\/bron-le-conseil-du-mois-daout-des-secouristes-de-la-croix-blanche\/#primaryimage"},"thumbnailUrl":"https:\/\/newsestlyonnais.fr\/site\/wp-content\/uploads\/2018\/08\/NEWSESTLYONNAIS-sec-cx-blan-bron.jpg","datePublished":"2018-08-07T08:27:01+00:00","dateModified":"2020-11-17T10:17:36+00:00","description":"BRON : Le conseil du mois d'Ao\u00fbt des secouristes de la Croix Blanche","breadcrumb":{"@id":"https:\/\/newsestlyonnais.fr\/site\/2018\/08\/07\/bron-le-conseil-du-mois-daout-des-secouristes-de-la-croix-blanche\/#breadcrumb"},"inLanguage":"fr-FR","potentialAction":[{"@type":"ReadAction","target":["https:\/\/newsestlyonnais.fr\/site\/2018\/08\/07\/bron-le-conseil-du-mois-daout-des-secouristes-de-la-croix-blanche\/"]}]},{"@type":"ImageObject","inLanguage":"fr-FR","@id":"https:\/\/newsestlyonnais.fr\/site\/2018\/08\/07\/bron-le-conseil-du-mois-daout-des-secouristes-de-la-croix-blanche\/#primaryimage","url":"https:\/\/newsestlyonnais.fr\/site\/wp-content\/uploads\/2018\/08\/NEWSESTLYONNAIS-sec-cx-blan-bron.jpg","contentUrl":"https:\/\/newsestlyonnais.fr\/site\/wp-content\/uploads\/2018\/08\/NEWSESTLYONNAIS-sec-cx-blan-bron.jpg","width":2048,"height":1536,"caption":"NEWSESTLYONNAIS sec cx blan bron"},{"@type":"BreadcrumbList","@id":"https:\/\/newsestlyonnais.fr\/site\/2018\/08\/07\/bron-le-conseil-du-mois-daout-des-secouristes-de-la-croix-blanche\/#breadcrumb","itemListElement":[{"@type":"ListItem","position":1,"name":"Accueil","item":"https:\/\/newsestlyonnais.fr\/site\/"},{"@type":"ListItem","position":2,"name":"BRON | Le conseil d&rsquo;Ao\u00fbt des secouristes de la Croix Blanche"}]},{"@type":"WebSite","@id":"https:\/\/newsestlyonnais.fr\/site\/#website","url":"https:\/\/newsestlyonnais.fr\/site\/","name":"News Est Lyonnais","description":"L&#039;actualit\u00e9 au plus pr\u00e8s","publisher":{"@id":"https:\/\/newsestlyonnais.fr\/site\/#organization"},"potentialAction":[{"@type":"SearchAction","target":{"@type":"EntryPoint","urlTemplate":"https:\/\/newsestlyonnais.fr\/site\/?s={search_term_string}"},"query-input":{"@type":"PropertyValueSpecification","valueRequired":true,"valueName":"search_term_string"}}],"inLanguage":"fr-FR"},{"@type":"Organization","@id":"https:\/\/newsestlyonnais.fr\/site\/#organization","name":"News EST LYONNAIS","url":"https:\/\/newsestlyonnais.fr\/site\/","logo":{"@type":"ImageObject","inLanguage":"fr-FR","@id":"https:\/\/newsestlyonnais.fr\/site\/#\/schema\/logo\/image\/","url":"","contentUrl":"","caption":"News EST LYONNAIS"},"image":{"@id":"https:\/\/newsestlyonnais.fr\/site\/#\/schema\/logo\/image\/"}},{"@type":"Person","@id":"https:\/\/newsestlyonnais.fr\/site\/#\/schema\/person\/3230d5615f390bb808365d673001e887","name":"R\u00e9dac. NEWS","sameAs":["http:\/\/www.newsestlyonnais.fr","https:\/\/www.facebook.com\/pascal.oberson.1?fref=ts","https:\/\/fr.linkedin.com\/in\/pascal-oberson-b17045113"],"url":"https:\/\/newsestlyonnais.fr\/site\/author\/nel\/"}]}},"_links":{"self":[{"href":"https:\/\/newsestlyonnais.fr\/site\/wp-json\/wp\/v2\/posts\/54940","targetHints":{"allow":["GET"]}}],"collection":[{"href":"https:\/\/newsestlyonnais.fr\/site\/wp-json\/wp\/v2\/posts"}],"about":[{"href":"https:\/\/newsestlyonnais.fr\/site\/wp-json\/wp\/v2\/types\/post"}],"author":[{"embeddable":true,"href":"https:\/\/newsestlyonnais.fr\/site\/wp-json\/wp\/v2\/users\/4"}],"replies":[{"embeddable":true,"href":"https:\/\/newsestlyonnais.fr\/site\/wp-json\/wp\/v2\/comments?post=54940"}],"version-history":[{"count":0,"href":"https:\/\/newsestlyonnais.fr\/site\/wp-json\/wp\/v2\/posts\/54940\/revisions"}],"wp:featuredmedia":[{"embeddable":true,"href":"https:\/\/newsestlyonnais.fr\/site\/wp-json\/wp\/v2\/media\/54953"}],"wp:attachment":[{"href":"https:\/\/newsestlyonnais.fr\/site\/wp-json\/wp\/v2\/media?parent=54940"}],"wp:term":[{"taxonomy":"category","embeddable":true,"href":"https:\/\/newsestlyonnais.fr\/site\/wp-json\/wp\/v2\/categories?post=54940"},{"taxonomy":"post_tag","embeddable":true,"href":"https:\/\/newsestlyonnais.fr\/site\/wp-json\/wp\/v2\/tags?post=54940"}],"curies":[{"name":"wp","href":"https:\/\/api.w.org\/{rel}","templated":true}]}}