{"id":54960,"date":"2018-08-07T19:04:30","date_gmt":"2018-08-07T18:04:30","guid":{"rendered":"http:\/\/newsestlyonnais.fr\/site\/?p=54960"},"modified":"2020-11-12T06:06:43","modified_gmt":"2020-11-12T05:06:43","slug":"la-prefecture-maintient-la-circulation-differenciee-ce-mercredi-8-aout-dans-le-perimetre-lyon-villeurbanne","status":"publish","type":"post","link":"https:\/\/newsestlyonnais.fr\/site\/2018\/08\/07\/la-prefecture-maintient-la-circulation-differenciee-ce-mercredi-8-aout-dans-le-perimetre-lyon-villeurbanne\/","title":{"rendered":"La pr\u00e9fecture maintient la circulation diff\u00e9renci\u00e9e ce mercredi 8 ao\u00fbt dans le p\u00e9rim\u00e8tre Lyon-Villeurbanne"},"content":{"rendered":"<h4>La pr\u00e9fecture maintiendra la circulation diff\u00e9renci\u00e9e ce <strong>mercredi 8 ao\u00fbt<\/strong> dans le p\u00e9rim\u00e8tre Lyon-Villeurbanne.<\/h4>\n<p>Ainsi, <strong>le titre sp\u00e9cial \u00ab Tick\u2019Air \u00bb reste disponible <\/strong><strong>au prix de 3 \u20ac<\/strong> dans les distributeurs TCL, les agences commerciales ainsi qu\u2019\u00e0 bord des bus.<\/p>\n<p>Pour rappel, ce ticket permet de voyager sur l\u2019ensemble du r\u00e9seau TCL durant une journ\u00e9e d\u2019alerte niveau 2 ou plus (selon arr\u00eat\u00e9 pr\u00e9fectoral).<\/p>\n<p><span style=\"text-decoration: underline\"><em><strong>\u00c9PISODE DE POLLUTION BASSIN LYONNAIS-NORD IS\u00c8RE :<\/strong><\/em><\/span><br \/>\nLa pr\u00e9fecture du Rh\u00f4ne a enclench\u00e9 le niveau d\u2019alerte 2 \u00ab pic de pollution \u00bb avec pour principale mesure la circulation diff\u00e9renci\u00e9e.<br \/>\nSeuls les automobilistes d\u00e9tenteurs de la vignette Crit\u2019air en vigueur peuvent circuler dans le p\u00e9rim\u00e8tre Lyon-Villeurbanne.<\/p>\n<ul>\n<li>Consultez les vignettes autoris\u00e9es sur : <a href=\"http:\/\/www.rhone.gouv.fr\" target=\"_blank\" rel=\"noopener noreferrer\">http:\/\/www.rhone.gouv.fr<\/a><\/li>\n<\/ul>\n","protected":false},"excerpt":{"rendered":"<p>La pr\u00e9fecture maintiendra la circulation diff\u00e9renci\u00e9e ce mercredi 8 ao\u00fbt dans le p\u00e9rim\u00e8tre Lyon-Villeurbanne. Ainsi, le titre sp\u00e9cial \u00ab Tick\u2019Air \u00bb reste disponible au prix de 3 \u20ac dans les distributeurs TCL, les agences commerciales ainsi qu\u2019\u00e0 bord des bus. Pour rappel, ce ticket permet de voyager sur l\u2019ensemble du r\u00e9seau TCL durant une journ\u00e9e [&hellip;]<\/p>\n","protected":false},"author":4,"featured_media":25760,"comment_status":"open","ping_status":"open","sticky":false,"template":"","format":"standard","meta":{"footnotes":""},"categories":[1625,309,13],"tags":[],"class_list":["post-54960","post","type-post","status-publish","format-standard","has-post-thumbnail","hentry","category-lyon","category-pratique","category-transports-circulation"],"yoast_head":"<!-- This site is optimized with the Yoast SEO plugin v27.2 - https:\/\/yoast.com\/product\/yoast-seo-wordpress\/ -->\n<title>La pr\u00e9fecture maintient la circulation diff\u00e9renci\u00e9e ce mercredi 8 ao\u00fbt dans le p\u00e9rim\u00e8tre Lyon-Villeurbanne<\/title>\n<meta name=\"description\" content=\"La pr\u00e9fecture maintient la circulation diff\u00e9renci\u00e9e ce mercredi 8 ao\u00fbt dans le p\u00e9rim\u00e8tre Lyon-Villeurbanne\" \/>\n<meta name=\"robots\" content=\"index, follow, max-snippet:-1, max-image-preview:large, max-video-preview:-1\" \/>\n<link rel=\"canonical\" href=\"https:\/\/newsestlyonnais.fr\/site\/2018\/08\/07\/la-prefecture-maintient-la-circulation-differenciee-ce-mercredi-8-aout-dans-le-perimetre-lyon-villeurbanne\/\" \/>\n<meta property=\"og:locale\" content=\"fr_FR\" \/>\n<meta property=\"og:type\" content=\"article\" \/>\n<meta property=\"og:title\" content=\"La pr\u00e9fecture maintient la circulation diff\u00e9renci\u00e9e ce mercredi 8 ao\u00fbt dans le p\u00e9rim\u00e8tre Lyon-Villeurbanne\" \/>\n<meta property=\"og:description\" content=\"La pr\u00e9fecture maintient la circulation diff\u00e9renci\u00e9e ce mercredi 8 ao\u00fbt dans le p\u00e9rim\u00e8tre Lyon-Villeurbanne\" \/>\n<meta property=\"og:url\" content=\"https:\/\/newsestlyonnais.fr\/site\/2018\/08\/07\/la-prefecture-maintient-la-circulation-differenciee-ce-mercredi-8-aout-dans-le-perimetre-lyon-villeurbanne\/\" \/>\n<meta property=\"og:site_name\" content=\"News Est Lyonnais\" \/>\n<meta property=\"article:author\" content=\"https:\/\/www.facebook.com\/pascal.oberson.1?fref=ts\" \/>\n<meta property=\"article:published_time\" content=\"2018-08-07T18:04:30+00:00\" \/>\n<meta property=\"article:modified_time\" content=\"2020-11-12T05:06:43+00:00\" \/>\n<meta property=\"og:image\" content=\"https:\/\/i2.wp.com\/newsestlyonnais.fr\/site\/wp-content\/uploads\/2017\/04\/NewsEstLyonnais-Flash-Info.png?fit=1000%2C750&ssl=1\" \/>\n\t<meta property=\"og:image:width\" content=\"1000\" \/>\n\t<meta property=\"og:image:height\" content=\"750\" \/>\n\t<meta property=\"og:image:type\" content=\"image\/png\" \/>\n<meta name=\"author\" content=\"R\u00e9dac. NEWS\" \/>\n<meta name=\"twitter:card\" content=\"summary_large_image\" \/>\n<meta name=\"twitter:label1\" content=\"\u00c9crit par\" \/>\n\t<meta name=\"twitter:data1\" content=\"R\u00e9dac. NEWS\" \/>\n\t<meta name=\"twitter:label2\" content=\"Dur\u00e9e de lecture estim\u00e9e\" \/>\n\t<meta name=\"twitter:data2\" content=\"1 minute\" \/>\n<script type=\"application\/ld+json\" class=\"yoast-schema-graph\">{\"@context\":\"https:\/\/schema.org\",\"@graph\":[{\"@type\":\"Article\",\"@id\":\"https:\/\/newsestlyonnais.fr\/site\/2018\/08\/07\/la-prefecture-maintient-la-circulation-differenciee-ce-mercredi-8-aout-dans-le-perimetre-lyon-villeurbanne\/#article\",\"isPartOf\":{\"@id\":\"https:\/\/newsestlyonnais.fr\/site\/2018\/08\/07\/la-prefecture-maintient-la-circulation-differenciee-ce-mercredi-8-aout-dans-le-perimetre-lyon-villeurbanne\/\"},\"author\":{\"name\":\"R\u00e9dac. NEWS\",\"@id\":\"https:\/\/newsestlyonnais.fr\/site\/#\/schema\/person\/3230d5615f390bb808365d673001e887\"},\"headline\":\"La pr\u00e9fecture maintient la circulation diff\u00e9renci\u00e9e ce mercredi 8 ao\u00fbt dans le p\u00e9rim\u00e8tre Lyon-Villeurbanne\",\"datePublished\":\"2018-08-07T18:04:30+00:00\",\"dateModified\":\"2020-11-12T05:06:43+00:00\",\"mainEntityOfPage\":{\"@id\":\"https:\/\/newsestlyonnais.fr\/site\/2018\/08\/07\/la-prefecture-maintient-la-circulation-differenciee-ce-mercredi-8-aout-dans-le-perimetre-lyon-villeurbanne\/\"},\"wordCount\":152,\"commentCount\":0,\"publisher\":{\"@id\":\"https:\/\/newsestlyonnais.fr\/site\/#organization\"},\"image\":{\"@id\":\"https:\/\/newsestlyonnais.fr\/site\/2018\/08\/07\/la-prefecture-maintient-la-circulation-differenciee-ce-mercredi-8-aout-dans-le-perimetre-lyon-villeurbanne\/#primaryimage\"},\"thumbnailUrl\":\"https:\/\/newsestlyonnais.fr\/site\/wp-content\/uploads\/2017\/04\/NewsEstLyonnais-Flash-Info.png\",\"articleSection\":[\"Lyon\",\"Pratique\",\"Transports | Circulation\"],\"inLanguage\":\"fr-FR\",\"potentialAction\":[{\"@type\":\"CommentAction\",\"name\":\"Comment\",\"target\":[\"https:\/\/newsestlyonnais.fr\/site\/2018\/08\/07\/la-prefecture-maintient-la-circulation-differenciee-ce-mercredi-8-aout-dans-le-perimetre-lyon-villeurbanne\/#respond\"]}]},{\"@type\":\"WebPage\",\"@id\":\"https:\/\/newsestlyonnais.fr\/site\/2018\/08\/07\/la-prefecture-maintient-la-circulation-differenciee-ce-mercredi-8-aout-dans-le-perimetre-lyon-villeurbanne\/\",\"url\":\"https:\/\/newsestlyonnais.fr\/site\/2018\/08\/07\/la-prefecture-maintient-la-circulation-differenciee-ce-mercredi-8-aout-dans-le-perimetre-lyon-villeurbanne\/\",\"name\":\"La pr\u00e9fecture maintient la circulation diff\u00e9renci\u00e9e ce mercredi 8 ao\u00fbt dans le p\u00e9rim\u00e8tre Lyon-Villeurbanne\",\"isPartOf\":{\"@id\":\"https:\/\/newsestlyonnais.fr\/site\/#website\"},\"primaryImageOfPage\":{\"@id\":\"https:\/\/newsestlyonnais.fr\/site\/2018\/08\/07\/la-prefecture-maintient-la-circulation-differenciee-ce-mercredi-8-aout-dans-le-perimetre-lyon-villeurbanne\/#primaryimage\"},\"image\":{\"@id\":\"https:\/\/newsestlyonnais.fr\/site\/2018\/08\/07\/la-prefecture-maintient-la-circulation-differenciee-ce-mercredi-8-aout-dans-le-perimetre-lyon-villeurbanne\/#primaryimage\"},\"thumbnailUrl\":\"https:\/\/newsestlyonnais.fr\/site\/wp-content\/uploads\/2017\/04\/NewsEstLyonnais-Flash-Info.png\",\"datePublished\":\"2018-08-07T18:04:30+00:00\",\"dateModified\":\"2020-11-12T05:06:43+00:00\",\"description\":\"La pr\u00e9fecture maintient la circulation diff\u00e9renci\u00e9e ce mercredi 8 ao\u00fbt dans le p\u00e9rim\u00e8tre Lyon-Villeurbanne\",\"breadcrumb\":{\"@id\":\"https:\/\/newsestlyonnais.fr\/site\/2018\/08\/07\/la-prefecture-maintient-la-circulation-differenciee-ce-mercredi-8-aout-dans-le-perimetre-lyon-villeurbanne\/#breadcrumb\"},\"inLanguage\":\"fr-FR\",\"potentialAction\":[{\"@type\":\"ReadAction\",\"target\":[\"https:\/\/newsestlyonnais.fr\/site\/2018\/08\/07\/la-prefecture-maintient-la-circulation-differenciee-ce-mercredi-8-aout-dans-le-perimetre-lyon-villeurbanne\/\"]}]},{\"@type\":\"ImageObject\",\"inLanguage\":\"fr-FR\",\"@id\":\"https:\/\/newsestlyonnais.fr\/site\/2018\/08\/07\/la-prefecture-maintient-la-circulation-differenciee-ce-mercredi-8-aout-dans-le-perimetre-lyon-villeurbanne\/#primaryimage\",\"url\":\"https:\/\/newsestlyonnais.fr\/site\/wp-content\/uploads\/2017\/04\/NewsEstLyonnais-Flash-Info.png\",\"contentUrl\":\"https:\/\/newsestlyonnais.fr\/site\/wp-content\/uploads\/2017\/04\/NewsEstLyonnais-Flash-Info.png\",\"width\":1000,\"height\":750,\"caption\":\"NewsEstLyonnais-Flash-Info\"},{\"@type\":\"BreadcrumbList\",\"@id\":\"https:\/\/newsestlyonnais.fr\/site\/2018\/08\/07\/la-prefecture-maintient-la-circulation-differenciee-ce-mercredi-8-aout-dans-le-perimetre-lyon-villeurbanne\/#breadcrumb\",\"itemListElement\":[{\"@type\":\"ListItem\",\"position\":1,\"name\":\"Accueil\",\"item\":\"https:\/\/newsestlyonnais.fr\/site\/\"},{\"@type\":\"ListItem\",\"position\":2,\"name\":\"La pr\u00e9fecture maintient la circulation diff\u00e9renci\u00e9e ce mercredi 8 ao\u00fbt dans le p\u00e9rim\u00e8tre Lyon-Villeurbanne\"}]},{\"@type\":\"WebSite\",\"@id\":\"https:\/\/newsestlyonnais.fr\/site\/#website\",\"url\":\"https:\/\/newsestlyonnais.fr\/site\/\",\"name\":\"News Est Lyonnais\",\"description\":\"L&#039;actualit\u00e9 au plus pr\u00e8s\",\"publisher\":{\"@id\":\"https:\/\/newsestlyonnais.fr\/site\/#organization\"},\"potentialAction\":[{\"@type\":\"SearchAction\",\"target\":{\"@type\":\"EntryPoint\",\"urlTemplate\":\"https:\/\/newsestlyonnais.fr\/site\/?s={search_term_string}\"},\"query-input\":{\"@type\":\"PropertyValueSpecification\",\"valueRequired\":true,\"valueName\":\"search_term_string\"}}],\"inLanguage\":\"fr-FR\"},{\"@type\":\"Organization\",\"@id\":\"https:\/\/newsestlyonnais.fr\/site\/#organization\",\"name\":\"News EST LYONNAIS\",\"url\":\"https:\/\/newsestlyonnais.fr\/site\/\",\"logo\":{\"@type\":\"ImageObject\",\"inLanguage\":\"fr-FR\",\"@id\":\"https:\/\/newsestlyonnais.fr\/site\/#\/schema\/logo\/image\/\",\"url\":\"\",\"contentUrl\":\"\",\"caption\":\"News EST LYONNAIS\"},\"image\":{\"@id\":\"https:\/\/newsestlyonnais.fr\/site\/#\/schema\/logo\/image\/\"}},{\"@type\":\"Person\",\"@id\":\"https:\/\/newsestlyonnais.fr\/site\/#\/schema\/person\/3230d5615f390bb808365d673001e887\",\"name\":\"R\u00e9dac. NEWS\",\"sameAs\":[\"http:\/\/www.newsestlyonnais.fr\",\"https:\/\/www.facebook.com\/pascal.oberson.1?fref=ts\",\"https:\/\/fr.linkedin.com\/in\/pascal-oberson-b17045113\"],\"url\":\"https:\/\/newsestlyonnais.fr\/site\/author\/nel\/\"}]}<\/script>\n<!-- \/ Yoast SEO plugin. -->","yoast_head_json":{"title":"La pr\u00e9fecture maintient la circulation diff\u00e9renci\u00e9e ce mercredi 8 ao\u00fbt dans le p\u00e9rim\u00e8tre Lyon-Villeurbanne","description":"La pr\u00e9fecture maintient la circulation diff\u00e9renci\u00e9e ce mercredi 8 ao\u00fbt dans le p\u00e9rim\u00e8tre Lyon-Villeurbanne","robots":{"index":"index","follow":"follow","max-snippet":"max-snippet:-1","max-image-preview":"max-image-preview:large","max-video-preview":"max-video-preview:-1"},"canonical":"https:\/\/newsestlyonnais.fr\/site\/2018\/08\/07\/la-prefecture-maintient-la-circulation-differenciee-ce-mercredi-8-aout-dans-le-perimetre-lyon-villeurbanne\/","og_locale":"fr_FR","og_type":"article","og_title":"La pr\u00e9fecture maintient la circulation diff\u00e9renci\u00e9e ce mercredi 8 ao\u00fbt dans le p\u00e9rim\u00e8tre Lyon-Villeurbanne","og_description":"La pr\u00e9fecture maintient la circulation diff\u00e9renci\u00e9e ce mercredi 8 ao\u00fbt dans le p\u00e9rim\u00e8tre Lyon-Villeurbanne","og_url":"https:\/\/newsestlyonnais.fr\/site\/2018\/08\/07\/la-prefecture-maintient-la-circulation-differenciee-ce-mercredi-8-aout-dans-le-perimetre-lyon-villeurbanne\/","og_site_name":"News Est Lyonnais","article_author":"https:\/\/www.facebook.com\/pascal.oberson.1?fref=ts","article_published_time":"2018-08-07T18:04:30+00:00","article_modified_time":"2020-11-12T05:06:43+00:00","og_image":[{"width":1000,"height":750,"url":"https:\/\/i2.wp.com\/newsestlyonnais.fr\/site\/wp-content\/uploads\/2017\/04\/NewsEstLyonnais-Flash-Info.png?fit=1000%2C750&ssl=1","type":"image\/png"}],"author":"R\u00e9dac. NEWS","twitter_card":"summary_large_image","twitter_misc":{"\u00c9crit par":"R\u00e9dac. NEWS","Dur\u00e9e de lecture estim\u00e9e":"1 minute"},"schema":{"@context":"https:\/\/schema.org","@graph":[{"@type":"Article","@id":"https:\/\/newsestlyonnais.fr\/site\/2018\/08\/07\/la-prefecture-maintient-la-circulation-differenciee-ce-mercredi-8-aout-dans-le-perimetre-lyon-villeurbanne\/#article","isPartOf":{"@id":"https:\/\/newsestlyonnais.fr\/site\/2018\/08\/07\/la-prefecture-maintient-la-circulation-differenciee-ce-mercredi-8-aout-dans-le-perimetre-lyon-villeurbanne\/"},"author":{"name":"R\u00e9dac. NEWS","@id":"https:\/\/newsestlyonnais.fr\/site\/#\/schema\/person\/3230d5615f390bb808365d673001e887"},"headline":"La pr\u00e9fecture maintient la circulation diff\u00e9renci\u00e9e ce mercredi 8 ao\u00fbt dans le p\u00e9rim\u00e8tre Lyon-Villeurbanne","datePublished":"2018-08-07T18:04:30+00:00","dateModified":"2020-11-12T05:06:43+00:00","mainEntityOfPage":{"@id":"https:\/\/newsestlyonnais.fr\/site\/2018\/08\/07\/la-prefecture-maintient-la-circulation-differenciee-ce-mercredi-8-aout-dans-le-perimetre-lyon-villeurbanne\/"},"wordCount":152,"commentCount":0,"publisher":{"@id":"https:\/\/newsestlyonnais.fr\/site\/#organization"},"image":{"@id":"https:\/\/newsestlyonnais.fr\/site\/2018\/08\/07\/la-prefecture-maintient-la-circulation-differenciee-ce-mercredi-8-aout-dans-le-perimetre-lyon-villeurbanne\/#primaryimage"},"thumbnailUrl":"https:\/\/newsestlyonnais.fr\/site\/wp-content\/uploads\/2017\/04\/NewsEstLyonnais-Flash-Info.png","articleSection":["Lyon","Pratique","Transports | Circulation"],"inLanguage":"fr-FR","potentialAction":[{"@type":"CommentAction","name":"Comment","target":["https:\/\/newsestlyonnais.fr\/site\/2018\/08\/07\/la-prefecture-maintient-la-circulation-differenciee-ce-mercredi-8-aout-dans-le-perimetre-lyon-villeurbanne\/#respond"]}]},{"@type":"WebPage","@id":"https:\/\/newsestlyonnais.fr\/site\/2018\/08\/07\/la-prefecture-maintient-la-circulation-differenciee-ce-mercredi-8-aout-dans-le-perimetre-lyon-villeurbanne\/","url":"https:\/\/newsestlyonnais.fr\/site\/2018\/08\/07\/la-prefecture-maintient-la-circulation-differenciee-ce-mercredi-8-aout-dans-le-perimetre-lyon-villeurbanne\/","name":"La pr\u00e9fecture maintient la circulation diff\u00e9renci\u00e9e ce mercredi 8 ao\u00fbt dans le p\u00e9rim\u00e8tre Lyon-Villeurbanne","isPartOf":{"@id":"https:\/\/newsestlyonnais.fr\/site\/#website"},"primaryImageOfPage":{"@id":"https:\/\/newsestlyonnais.fr\/site\/2018\/08\/07\/la-prefecture-maintient-la-circulation-differenciee-ce-mercredi-8-aout-dans-le-perimetre-lyon-villeurbanne\/#primaryimage"},"image":{"@id":"https:\/\/newsestlyonnais.fr\/site\/2018\/08\/07\/la-prefecture-maintient-la-circulation-differenciee-ce-mercredi-8-aout-dans-le-perimetre-lyon-villeurbanne\/#primaryimage"},"thumbnailUrl":"https:\/\/newsestlyonnais.fr\/site\/wp-content\/uploads\/2017\/04\/NewsEstLyonnais-Flash-Info.png","datePublished":"2018-08-07T18:04:30+00:00","dateModified":"2020-11-12T05:06:43+00:00","description":"La pr\u00e9fecture maintient la circulation diff\u00e9renci\u00e9e ce mercredi 8 ao\u00fbt dans le p\u00e9rim\u00e8tre Lyon-Villeurbanne","breadcrumb":{"@id":"https:\/\/newsestlyonnais.fr\/site\/2018\/08\/07\/la-prefecture-maintient-la-circulation-differenciee-ce-mercredi-8-aout-dans-le-perimetre-lyon-villeurbanne\/#breadcrumb"},"inLanguage":"fr-FR","potentialAction":[{"@type":"ReadAction","target":["https:\/\/newsestlyonnais.fr\/site\/2018\/08\/07\/la-prefecture-maintient-la-circulation-differenciee-ce-mercredi-8-aout-dans-le-perimetre-lyon-villeurbanne\/"]}]},{"@type":"ImageObject","inLanguage":"fr-FR","@id":"https:\/\/newsestlyonnais.fr\/site\/2018\/08\/07\/la-prefecture-maintient-la-circulation-differenciee-ce-mercredi-8-aout-dans-le-perimetre-lyon-villeurbanne\/#primaryimage","url":"https:\/\/newsestlyonnais.fr\/site\/wp-content\/uploads\/2017\/04\/NewsEstLyonnais-Flash-Info.png","contentUrl":"https:\/\/newsestlyonnais.fr\/site\/wp-content\/uploads\/2017\/04\/NewsEstLyonnais-Flash-Info.png","width":1000,"height":750,"caption":"NewsEstLyonnais-Flash-Info"},{"@type":"BreadcrumbList","@id":"https:\/\/newsestlyonnais.fr\/site\/2018\/08\/07\/la-prefecture-maintient-la-circulation-differenciee-ce-mercredi-8-aout-dans-le-perimetre-lyon-villeurbanne\/#breadcrumb","itemListElement":[{"@type":"ListItem","position":1,"name":"Accueil","item":"https:\/\/newsestlyonnais.fr\/site\/"},{"@type":"ListItem","position":2,"name":"La pr\u00e9fecture maintient la circulation diff\u00e9renci\u00e9e ce mercredi 8 ao\u00fbt dans le p\u00e9rim\u00e8tre Lyon-Villeurbanne"}]},{"@type":"WebSite","@id":"https:\/\/newsestlyonnais.fr\/site\/#website","url":"https:\/\/newsestlyonnais.fr\/site\/","name":"News Est Lyonnais","description":"L&#039;actualit\u00e9 au plus pr\u00e8s","publisher":{"@id":"https:\/\/newsestlyonnais.fr\/site\/#organization"},"potentialAction":[{"@type":"SearchAction","target":{"@type":"EntryPoint","urlTemplate":"https:\/\/newsestlyonnais.fr\/site\/?s={search_term_string}"},"query-input":{"@type":"PropertyValueSpecification","valueRequired":true,"valueName":"search_term_string"}}],"inLanguage":"fr-FR"},{"@type":"Organization","@id":"https:\/\/newsestlyonnais.fr\/site\/#organization","name":"News EST LYONNAIS","url":"https:\/\/newsestlyonnais.fr\/site\/","logo":{"@type":"ImageObject","inLanguage":"fr-FR","@id":"https:\/\/newsestlyonnais.fr\/site\/#\/schema\/logo\/image\/","url":"","contentUrl":"","caption":"News EST LYONNAIS"},"image":{"@id":"https:\/\/newsestlyonnais.fr\/site\/#\/schema\/logo\/image\/"}},{"@type":"Person","@id":"https:\/\/newsestlyonnais.fr\/site\/#\/schema\/person\/3230d5615f390bb808365d673001e887","name":"R\u00e9dac. NEWS","sameAs":["http:\/\/www.newsestlyonnais.fr","https:\/\/www.facebook.com\/pascal.oberson.1?fref=ts","https:\/\/fr.linkedin.com\/in\/pascal-oberson-b17045113"],"url":"https:\/\/newsestlyonnais.fr\/site\/author\/nel\/"}]}},"_links":{"self":[{"href":"https:\/\/newsestlyonnais.fr\/site\/wp-json\/wp\/v2\/posts\/54960","targetHints":{"allow":["GET"]}}],"collection":[{"href":"https:\/\/newsestlyonnais.fr\/site\/wp-json\/wp\/v2\/posts"}],"about":[{"href":"https:\/\/newsestlyonnais.fr\/site\/wp-json\/wp\/v2\/types\/post"}],"author":[{"embeddable":true,"href":"https:\/\/newsestlyonnais.fr\/site\/wp-json\/wp\/v2\/users\/4"}],"replies":[{"embeddable":true,"href":"https:\/\/newsestlyonnais.fr\/site\/wp-json\/wp\/v2\/comments?post=54960"}],"version-history":[{"count":0,"href":"https:\/\/newsestlyonnais.fr\/site\/wp-json\/wp\/v2\/posts\/54960\/revisions"}],"wp:featuredmedia":[{"embeddable":true,"href":"https:\/\/newsestlyonnais.fr\/site\/wp-json\/wp\/v2\/media\/25760"}],"wp:attachment":[{"href":"https:\/\/newsestlyonnais.fr\/site\/wp-json\/wp\/v2\/media?parent=54960"}],"wp:term":[{"taxonomy":"category","embeddable":true,"href":"https:\/\/newsestlyonnais.fr\/site\/wp-json\/wp\/v2\/categories?post=54960"},{"taxonomy":"post_tag","embeddable":true,"href":"https:\/\/newsestlyonnais.fr\/site\/wp-json\/wp\/v2\/tags?post=54960"}],"curies":[{"name":"wp","href":"https:\/\/api.w.org\/{rel}","templated":true}]}}