{"id":54967,"date":"2018-08-08T08:19:33","date_gmt":"2018-08-08T07:19:33","guid":{"rendered":"http:\/\/newsestlyonnais.fr\/site\/?p=54967"},"modified":"2020-11-02T17:51:04","modified_gmt":"2020-11-02T16:51:04","slug":"vaulx-en-velin-une-annee-unique-et-exceptionnelle-pour-le-vaulx-basket","status":"publish","type":"post","link":"https:\/\/newsestlyonnais.fr\/site\/2018\/08\/08\/vaulx-en-velin-une-annee-unique-et-exceptionnelle-pour-le-vaulx-basket\/","title":{"rendered":"VAULX-EN-VELIN | Une ann\u00e9e unique et exceptionnelle pour le Vaulx Basket !"},"content":{"rendered":"<h4>A l\u2019\u00e9vocation d\u2019un retour sur la saison du Vaulx Basket Club qui vient de s\u2019achever, Philippe Damiecki (pr\u00e9sident du club) et Patrick Damiecki (responsable communication externe) ont \u00e9t\u00e9 unanimes sur son caract\u00e8re unique et exceptionnel !<\/h4>\n<p>Avant d\u2019aborder le terrain, il est important de rappeler que l\u2019effectif du V.B.C a approch\u00e9 cette saison les 400 licenci\u00e9s avec une section f\u00e9minine en pleine croissance et que 4 purs vaudais faisaient partie du groupe masculin qui acc\u00e8de \u00e0 la Nationale 2 ! Sans compter la stabilit\u00e9 du bureau dirigeant qui a \u00e9t\u00e9 reconduit et le club de partenaires qui va donner au club les moyens de son niveau.<\/p>\n<p>Sportivement parlant, l\u2019exercice 2017\/2018 aura \u00e9t\u00e9 vraiment plein avec accessions et titres au palmar\u00e8s, tant en f\u00e9minines qu\u2019en masculins et chez les jeunes.<\/p>\n<p>Les <strong>seniors gar\u00e7ons<\/strong> ont r\u00e9ussi la performance de d\u00e9crocher leur billet pour la Nationale 2 avec un groupe de 17 joueurs qui ont explos\u00e9 et beaucoup progress\u00e9. Leur coach Yohan Valla a bien su g\u00e9rer ce collectif d\u2019amis, groupe en devenir qui avait pourtant mal d\u00e9marr\u00e9 son championnat avec des d\u00e9faites. La prochaine saison \u00e9tant d\u00e9j\u00e0 bien pr\u00e9par\u00e9e en coulisses notamment au niveau du mercato estival. Pas de d\u00e9parts de joueurs majeurs pr\u00e9vus mais au rayon arriv\u00e9es, 3 joueurs sont annonc\u00e9s :<\/p>\n<ul>\n<li><strong>Eddy Towane Ngoy : <\/strong>international centrafricain, qui apportera sa puissance physique (1 m 98\/96 kg). Joueur prometteur du centre de formation de l\u2019ASVEL dans lequel il \u00e9voluait avec les espoirs et s\u2019entra\u00eenait avec les pros, Eddy a privil\u00e9gi\u00e9 un club \u00e0 l\u2019esprit familial proche de Lyon plut\u00f4t que de partir \u00e0 l\u2019aventure dans un club peu \u00eatre plus prestigieux.<\/li>\n<li><strong>Franston Demosthene : <\/strong>canadien, joueur de l\u2019universit\u00e9 de Laval au Qu\u00e9bec, ha\u00eftien de naissance, Franston a \u00e9t\u00e9 \u00e9lu la saison derni\u00e8re meilleur d\u00e9fenseur de la league et meilleur rebondeur du circuit universitaire qu\u00e9b\u00e9cois. Cet ailier d\u20191 m 95 va surement aider l\u2019\u00e9quipe a hisser son niveau. De plus, il sera en charge de l\u2019\u00e9quipe 2 U15 du club.<strong><br \/>\n<\/strong><\/li>\n<li><strong>David Haziza : <\/strong>a fait ses classes \u00e0 l\u2019ASVEL, puis a \u00e9volu\u00e9 \u00e0 Beaumarchais et la Chorale de Roanne. Il s\u2019est vu\u00a0 proposer d\u2019effectuer les \u00ab Maccabiades \u00bb, variante juive des Jeux Olympiques, qui se d\u00e9roulent en Isra\u00ebl. L\u00e0-bas, il est approch\u00e9 par le club d\u2019Elitzur Yavne, en 2\u00b0 division isra\u00e9lienne. Il revient ensuite en France o\u00f9 il \u00e9volue d\u2019abord \u00e0 Tarare avant de rejoindre le CS D\u00e9cines. Joueur de grande taille (1 m 95) capable d\u2019\u00e9voluer sur le poste 1 et 2. Il a montr\u00e9 qu\u2019il \u00e9tait un joueur important de la nationale 3, finissant l\u2019exercice 2017\/18 avec une moyenne de 14,29 points.<\/li>\n<\/ul>\n<p>Les <strong>seniors filles<\/strong> sont aussi \u00e0 l\u2019honneur puisqu\u2019elles acc\u00e8dent \u00e0 la r\u00e9gionale f\u00e9d\u00e9rale 3 et qu\u2019elles ont \u00e9galement remport\u00e9 la Coupe du Rh\u00f4ne !<\/p>\n<p>Les <strong>seniors filles 2<\/strong> ont cr\u00e9e la surprise en montant en d\u00e9partementale DF2 et les <strong>U 17 gar\u00e7ons<\/strong> sont champions de r\u00e9gion et ont fait un beau parcours en Coupe de France.<\/p>\n<p>A noter la d\u00e9faite en finale des <strong>U11<\/strong> contre l\u2019ASVEL et que d\u2019autres \u00e9quipes ont atteint les poules finales.<\/p>\n<p><strong>NOTA<\/strong> : Le traditionnel tournoi de rentr\u00e9e Bados-Nougier r\u00e9unira 4 \u00e9quipes de Nationale 2, une semaine avant la reprise en championnat.<\/p>\n<ul>\n<li><em><strong>Retrouvez l&rsquo;ACTU du Vaulx Basket sur : <a href=\"https:\/\/www.vaulxbasketclub.fr\" target=\"_blank\" rel=\"noopener noreferrer\">https:\/\/www.vaulxbasketclub.fr<\/a><br \/>\n<\/strong><\/em><\/li>\n<li>Et tout le sport vaudais sur : <a href=\"http:\/\/www.omsvaulxenvelin.com\" target=\"_blank\" rel=\"noopener noreferrer\">http:\/\/www.omsvaulxenvelin.com<\/a><\/li>\n<\/ul>\n","protected":false},"excerpt":{"rendered":"<p>A l\u2019\u00e9vocation d\u2019un retour sur la saison du Vaulx Basket Club qui vient de s\u2019achever, Philippe Damiecki (pr\u00e9sident du club) et Patrick Damiecki (responsable communication externe) ont \u00e9t\u00e9 unanimes sur son caract\u00e8re unique et exceptionnel ! Avant d\u2019aborder le terrain, il est important de rappeler que l\u2019effectif du V.B.C a approch\u00e9 cette saison les 400 [&hellip;]<\/p>\n","protected":false},"author":4,"featured_media":54972,"comment_status":"open","ping_status":"open","sticky":false,"template":"","format":"standard","meta":{"footnotes":""},"categories":[1357,2975,4,28],"tags":[],"class_list":["post-54967","post","type-post","status-publish","format-standard","has-post-thumbnail","hentry","category-basket","category-basket-hand-volley-sports","category-evenements-divers","category-vaulx-en-velin"],"yoast_head":"<!-- This site is optimized with the Yoast SEO plugin v27.2 - https:\/\/yoast.com\/product\/yoast-seo-wordpress\/ -->\n<title>VAULX EN VELIN : Une ann\u00e9e unique et exceptionnelle pour le Vaulx Basket !<\/title>\n<meta name=\"description\" content=\"VAULX EN VELIN : Une ann\u00e9e unique et exceptionnelle pour le Vaulx Basket !\" \/>\n<meta name=\"robots\" content=\"index, follow, max-snippet:-1, max-image-preview:large, max-video-preview:-1\" \/>\n<link rel=\"canonical\" href=\"https:\/\/newsestlyonnais.fr\/site\/2018\/08\/08\/vaulx-en-velin-une-annee-unique-et-exceptionnelle-pour-le-vaulx-basket\/\" \/>\n<meta property=\"og:locale\" content=\"fr_FR\" \/>\n<meta property=\"og:type\" content=\"article\" \/>\n<meta property=\"og:title\" content=\"VAULX EN VELIN : Une ann\u00e9e unique et exceptionnelle pour le Vaulx Basket !\" \/>\n<meta property=\"og:description\" content=\"VAULX EN VELIN : Une ann\u00e9e unique et exceptionnelle pour le Vaulx Basket !\" \/>\n<meta property=\"og:url\" content=\"https:\/\/newsestlyonnais.fr\/site\/2018\/08\/08\/vaulx-en-velin-une-annee-unique-et-exceptionnelle-pour-le-vaulx-basket\/\" \/>\n<meta property=\"og:site_name\" content=\"News Est Lyonnais\" \/>\n<meta property=\"article:author\" content=\"https:\/\/www.facebook.com\/pascal.oberson.1?fref=ts\" \/>\n<meta property=\"article:published_time\" content=\"2018-08-08T07:19:33+00:00\" \/>\n<meta property=\"article:modified_time\" content=\"2020-11-02T16:51:04+00:00\" \/>\n<meta property=\"og:image\" content=\"https:\/\/i0.wp.com\/newsestlyonnais.fr\/site\/wp-content\/uploads\/2018\/08\/NEWSESTLYONANIS-LOGO-VBC-.jpg?fit=1000%2C1063&ssl=1\" \/>\n\t<meta property=\"og:image:width\" content=\"1000\" \/>\n\t<meta property=\"og:image:height\" content=\"1063\" \/>\n\t<meta property=\"og:image:type\" content=\"image\/jpeg\" \/>\n<meta name=\"author\" content=\"R\u00e9dac. NEWS\" \/>\n<meta name=\"twitter:card\" content=\"summary_large_image\" \/>\n<meta name=\"twitter:label1\" content=\"\u00c9crit par\" \/>\n\t<meta name=\"twitter:data1\" content=\"R\u00e9dac. NEWS\" \/>\n\t<meta name=\"twitter:label2\" content=\"Dur\u00e9e de lecture estim\u00e9e\" \/>\n\t<meta name=\"twitter:data2\" content=\"3 minutes\" \/>\n<script type=\"application\/ld+json\" class=\"yoast-schema-graph\">{\"@context\":\"https:\/\/schema.org\",\"@graph\":[{\"@type\":\"Article\",\"@id\":\"https:\/\/newsestlyonnais.fr\/site\/2018\/08\/08\/vaulx-en-velin-une-annee-unique-et-exceptionnelle-pour-le-vaulx-basket\/#article\",\"isPartOf\":{\"@id\":\"https:\/\/newsestlyonnais.fr\/site\/2018\/08\/08\/vaulx-en-velin-une-annee-unique-et-exceptionnelle-pour-le-vaulx-basket\/\"},\"author\":{\"name\":\"R\u00e9dac. NEWS\",\"@id\":\"https:\/\/newsestlyonnais.fr\/site\/#\/schema\/person\/3230d5615f390bb808365d673001e887\"},\"headline\":\"VAULX-EN-VELIN | Une ann\u00e9e unique et exceptionnelle pour le Vaulx Basket !\",\"datePublished\":\"2018-08-08T07:19:33+00:00\",\"dateModified\":\"2020-11-02T16:51:04+00:00\",\"mainEntityOfPage\":{\"@id\":\"https:\/\/newsestlyonnais.fr\/site\/2018\/08\/08\/vaulx-en-velin-une-annee-unique-et-exceptionnelle-pour-le-vaulx-basket\/\"},\"wordCount\":594,\"commentCount\":0,\"publisher\":{\"@id\":\"https:\/\/newsestlyonnais.fr\/site\/#organization\"},\"image\":{\"@id\":\"https:\/\/newsestlyonnais.fr\/site\/2018\/08\/08\/vaulx-en-velin-une-annee-unique-et-exceptionnelle-pour-le-vaulx-basket\/#primaryimage\"},\"thumbnailUrl\":\"https:\/\/newsestlyonnais.fr\/site\/wp-content\/uploads\/2018\/08\/NEWSESTLYONANIS-LOGO-VBC-.jpg\",\"articleSection\":[\"Basket\",\"Basket | Hand | Volley\",\"Ev\u00e8nements divers\",\"Vaulx-en-Velin\"],\"inLanguage\":\"fr-FR\",\"potentialAction\":[{\"@type\":\"CommentAction\",\"name\":\"Comment\",\"target\":[\"https:\/\/newsestlyonnais.fr\/site\/2018\/08\/08\/vaulx-en-velin-une-annee-unique-et-exceptionnelle-pour-le-vaulx-basket\/#respond\"]}]},{\"@type\":\"WebPage\",\"@id\":\"https:\/\/newsestlyonnais.fr\/site\/2018\/08\/08\/vaulx-en-velin-une-annee-unique-et-exceptionnelle-pour-le-vaulx-basket\/\",\"url\":\"https:\/\/newsestlyonnais.fr\/site\/2018\/08\/08\/vaulx-en-velin-une-annee-unique-et-exceptionnelle-pour-le-vaulx-basket\/\",\"name\":\"VAULX EN VELIN : Une ann\u00e9e unique et exceptionnelle pour le Vaulx Basket !\",\"isPartOf\":{\"@id\":\"https:\/\/newsestlyonnais.fr\/site\/#website\"},\"primaryImageOfPage\":{\"@id\":\"https:\/\/newsestlyonnais.fr\/site\/2018\/08\/08\/vaulx-en-velin-une-annee-unique-et-exceptionnelle-pour-le-vaulx-basket\/#primaryimage\"},\"image\":{\"@id\":\"https:\/\/newsestlyonnais.fr\/site\/2018\/08\/08\/vaulx-en-velin-une-annee-unique-et-exceptionnelle-pour-le-vaulx-basket\/#primaryimage\"},\"thumbnailUrl\":\"https:\/\/newsestlyonnais.fr\/site\/wp-content\/uploads\/2018\/08\/NEWSESTLYONANIS-LOGO-VBC-.jpg\",\"datePublished\":\"2018-08-08T07:19:33+00:00\",\"dateModified\":\"2020-11-02T16:51:04+00:00\",\"description\":\"VAULX EN VELIN : Une ann\u00e9e unique et exceptionnelle pour le Vaulx Basket !\",\"breadcrumb\":{\"@id\":\"https:\/\/newsestlyonnais.fr\/site\/2018\/08\/08\/vaulx-en-velin-une-annee-unique-et-exceptionnelle-pour-le-vaulx-basket\/#breadcrumb\"},\"inLanguage\":\"fr-FR\",\"potentialAction\":[{\"@type\":\"ReadAction\",\"target\":[\"https:\/\/newsestlyonnais.fr\/site\/2018\/08\/08\/vaulx-en-velin-une-annee-unique-et-exceptionnelle-pour-le-vaulx-basket\/\"]}]},{\"@type\":\"ImageObject\",\"inLanguage\":\"fr-FR\",\"@id\":\"https:\/\/newsestlyonnais.fr\/site\/2018\/08\/08\/vaulx-en-velin-une-annee-unique-et-exceptionnelle-pour-le-vaulx-basket\/#primaryimage\",\"url\":\"https:\/\/newsestlyonnais.fr\/site\/wp-content\/uploads\/2018\/08\/NEWSESTLYONANIS-LOGO-VBC-.jpg\",\"contentUrl\":\"https:\/\/newsestlyonnais.fr\/site\/wp-content\/uploads\/2018\/08\/NEWSESTLYONANIS-LOGO-VBC-.jpg\",\"width\":1000,\"height\":1063,\"caption\":\"NEWSESTLYONANIS LOGO VBC\"},{\"@type\":\"BreadcrumbList\",\"@id\":\"https:\/\/newsestlyonnais.fr\/site\/2018\/08\/08\/vaulx-en-velin-une-annee-unique-et-exceptionnelle-pour-le-vaulx-basket\/#breadcrumb\",\"itemListElement\":[{\"@type\":\"ListItem\",\"position\":1,\"name\":\"Accueil\",\"item\":\"https:\/\/newsestlyonnais.fr\/site\/\"},{\"@type\":\"ListItem\",\"position\":2,\"name\":\"VAULX-EN-VELIN | Une ann\u00e9e unique et exceptionnelle pour le Vaulx Basket !\"}]},{\"@type\":\"WebSite\",\"@id\":\"https:\/\/newsestlyonnais.fr\/site\/#website\",\"url\":\"https:\/\/newsestlyonnais.fr\/site\/\",\"name\":\"News Est Lyonnais\",\"description\":\"L&#039;actualit\u00e9 au plus pr\u00e8s\",\"publisher\":{\"@id\":\"https:\/\/newsestlyonnais.fr\/site\/#organization\"},\"potentialAction\":[{\"@type\":\"SearchAction\",\"target\":{\"@type\":\"EntryPoint\",\"urlTemplate\":\"https:\/\/newsestlyonnais.fr\/site\/?s={search_term_string}\"},\"query-input\":{\"@type\":\"PropertyValueSpecification\",\"valueRequired\":true,\"valueName\":\"search_term_string\"}}],\"inLanguage\":\"fr-FR\"},{\"@type\":\"Organization\",\"@id\":\"https:\/\/newsestlyonnais.fr\/site\/#organization\",\"name\":\"News EST LYONNAIS\",\"url\":\"https:\/\/newsestlyonnais.fr\/site\/\",\"logo\":{\"@type\":\"ImageObject\",\"inLanguage\":\"fr-FR\",\"@id\":\"https:\/\/newsestlyonnais.fr\/site\/#\/schema\/logo\/image\/\",\"url\":\"\",\"contentUrl\":\"\",\"caption\":\"News EST LYONNAIS\"},\"image\":{\"@id\":\"https:\/\/newsestlyonnais.fr\/site\/#\/schema\/logo\/image\/\"}},{\"@type\":\"Person\",\"@id\":\"https:\/\/newsestlyonnais.fr\/site\/#\/schema\/person\/3230d5615f390bb808365d673001e887\",\"name\":\"R\u00e9dac. NEWS\",\"sameAs\":[\"http:\/\/www.newsestlyonnais.fr\",\"https:\/\/www.facebook.com\/pascal.oberson.1?fref=ts\",\"https:\/\/fr.linkedin.com\/in\/pascal-oberson-b17045113\"],\"url\":\"https:\/\/newsestlyonnais.fr\/site\/author\/nel\/\"}]}<\/script>\n<!-- \/ Yoast SEO plugin. -->","yoast_head_json":{"title":"VAULX EN VELIN : Une ann\u00e9e unique et exceptionnelle pour le Vaulx Basket !","description":"VAULX EN VELIN : Une ann\u00e9e unique et exceptionnelle pour le Vaulx Basket !","robots":{"index":"index","follow":"follow","max-snippet":"max-snippet:-1","max-image-preview":"max-image-preview:large","max-video-preview":"max-video-preview:-1"},"canonical":"https:\/\/newsestlyonnais.fr\/site\/2018\/08\/08\/vaulx-en-velin-une-annee-unique-et-exceptionnelle-pour-le-vaulx-basket\/","og_locale":"fr_FR","og_type":"article","og_title":"VAULX EN VELIN : Une ann\u00e9e unique et exceptionnelle pour le Vaulx Basket !","og_description":"VAULX EN VELIN : Une ann\u00e9e unique et exceptionnelle pour le Vaulx Basket !","og_url":"https:\/\/newsestlyonnais.fr\/site\/2018\/08\/08\/vaulx-en-velin-une-annee-unique-et-exceptionnelle-pour-le-vaulx-basket\/","og_site_name":"News Est Lyonnais","article_author":"https:\/\/www.facebook.com\/pascal.oberson.1?fref=ts","article_published_time":"2018-08-08T07:19:33+00:00","article_modified_time":"2020-11-02T16:51:04+00:00","og_image":[{"width":1000,"height":1063,"url":"https:\/\/i0.wp.com\/newsestlyonnais.fr\/site\/wp-content\/uploads\/2018\/08\/NEWSESTLYONANIS-LOGO-VBC-.jpg?fit=1000%2C1063&ssl=1","type":"image\/jpeg"}],"author":"R\u00e9dac. NEWS","twitter_card":"summary_large_image","twitter_misc":{"\u00c9crit par":"R\u00e9dac. NEWS","Dur\u00e9e de lecture estim\u00e9e":"3 minutes"},"schema":{"@context":"https:\/\/schema.org","@graph":[{"@type":"Article","@id":"https:\/\/newsestlyonnais.fr\/site\/2018\/08\/08\/vaulx-en-velin-une-annee-unique-et-exceptionnelle-pour-le-vaulx-basket\/#article","isPartOf":{"@id":"https:\/\/newsestlyonnais.fr\/site\/2018\/08\/08\/vaulx-en-velin-une-annee-unique-et-exceptionnelle-pour-le-vaulx-basket\/"},"author":{"name":"R\u00e9dac. NEWS","@id":"https:\/\/newsestlyonnais.fr\/site\/#\/schema\/person\/3230d5615f390bb808365d673001e887"},"headline":"VAULX-EN-VELIN | Une ann\u00e9e unique et exceptionnelle pour le Vaulx Basket !","datePublished":"2018-08-08T07:19:33+00:00","dateModified":"2020-11-02T16:51:04+00:00","mainEntityOfPage":{"@id":"https:\/\/newsestlyonnais.fr\/site\/2018\/08\/08\/vaulx-en-velin-une-annee-unique-et-exceptionnelle-pour-le-vaulx-basket\/"},"wordCount":594,"commentCount":0,"publisher":{"@id":"https:\/\/newsestlyonnais.fr\/site\/#organization"},"image":{"@id":"https:\/\/newsestlyonnais.fr\/site\/2018\/08\/08\/vaulx-en-velin-une-annee-unique-et-exceptionnelle-pour-le-vaulx-basket\/#primaryimage"},"thumbnailUrl":"https:\/\/newsestlyonnais.fr\/site\/wp-content\/uploads\/2018\/08\/NEWSESTLYONANIS-LOGO-VBC-.jpg","articleSection":["Basket","Basket | Hand | Volley","Ev\u00e8nements divers","Vaulx-en-Velin"],"inLanguage":"fr-FR","potentialAction":[{"@type":"CommentAction","name":"Comment","target":["https:\/\/newsestlyonnais.fr\/site\/2018\/08\/08\/vaulx-en-velin-une-annee-unique-et-exceptionnelle-pour-le-vaulx-basket\/#respond"]}]},{"@type":"WebPage","@id":"https:\/\/newsestlyonnais.fr\/site\/2018\/08\/08\/vaulx-en-velin-une-annee-unique-et-exceptionnelle-pour-le-vaulx-basket\/","url":"https:\/\/newsestlyonnais.fr\/site\/2018\/08\/08\/vaulx-en-velin-une-annee-unique-et-exceptionnelle-pour-le-vaulx-basket\/","name":"VAULX EN VELIN : Une ann\u00e9e unique et exceptionnelle pour le Vaulx Basket !","isPartOf":{"@id":"https:\/\/newsestlyonnais.fr\/site\/#website"},"primaryImageOfPage":{"@id":"https:\/\/newsestlyonnais.fr\/site\/2018\/08\/08\/vaulx-en-velin-une-annee-unique-et-exceptionnelle-pour-le-vaulx-basket\/#primaryimage"},"image":{"@id":"https:\/\/newsestlyonnais.fr\/site\/2018\/08\/08\/vaulx-en-velin-une-annee-unique-et-exceptionnelle-pour-le-vaulx-basket\/#primaryimage"},"thumbnailUrl":"https:\/\/newsestlyonnais.fr\/site\/wp-content\/uploads\/2018\/08\/NEWSESTLYONANIS-LOGO-VBC-.jpg","datePublished":"2018-08-08T07:19:33+00:00","dateModified":"2020-11-02T16:51:04+00:00","description":"VAULX EN VELIN : Une ann\u00e9e unique et exceptionnelle pour le Vaulx Basket !","breadcrumb":{"@id":"https:\/\/newsestlyonnais.fr\/site\/2018\/08\/08\/vaulx-en-velin-une-annee-unique-et-exceptionnelle-pour-le-vaulx-basket\/#breadcrumb"},"inLanguage":"fr-FR","potentialAction":[{"@type":"ReadAction","target":["https:\/\/newsestlyonnais.fr\/site\/2018\/08\/08\/vaulx-en-velin-une-annee-unique-et-exceptionnelle-pour-le-vaulx-basket\/"]}]},{"@type":"ImageObject","inLanguage":"fr-FR","@id":"https:\/\/newsestlyonnais.fr\/site\/2018\/08\/08\/vaulx-en-velin-une-annee-unique-et-exceptionnelle-pour-le-vaulx-basket\/#primaryimage","url":"https:\/\/newsestlyonnais.fr\/site\/wp-content\/uploads\/2018\/08\/NEWSESTLYONANIS-LOGO-VBC-.jpg","contentUrl":"https:\/\/newsestlyonnais.fr\/site\/wp-content\/uploads\/2018\/08\/NEWSESTLYONANIS-LOGO-VBC-.jpg","width":1000,"height":1063,"caption":"NEWSESTLYONANIS LOGO VBC"},{"@type":"BreadcrumbList","@id":"https:\/\/newsestlyonnais.fr\/site\/2018\/08\/08\/vaulx-en-velin-une-annee-unique-et-exceptionnelle-pour-le-vaulx-basket\/#breadcrumb","itemListElement":[{"@type":"ListItem","position":1,"name":"Accueil","item":"https:\/\/newsestlyonnais.fr\/site\/"},{"@type":"ListItem","position":2,"name":"VAULX-EN-VELIN | Une ann\u00e9e unique et exceptionnelle pour le Vaulx Basket !"}]},{"@type":"WebSite","@id":"https:\/\/newsestlyonnais.fr\/site\/#website","url":"https:\/\/newsestlyonnais.fr\/site\/","name":"News Est Lyonnais","description":"L&#039;actualit\u00e9 au plus pr\u00e8s","publisher":{"@id":"https:\/\/newsestlyonnais.fr\/site\/#organization"},"potentialAction":[{"@type":"SearchAction","target":{"@type":"EntryPoint","urlTemplate":"https:\/\/newsestlyonnais.fr\/site\/?s={search_term_string}"},"query-input":{"@type":"PropertyValueSpecification","valueRequired":true,"valueName":"search_term_string"}}],"inLanguage":"fr-FR"},{"@type":"Organization","@id":"https:\/\/newsestlyonnais.fr\/site\/#organization","name":"News EST LYONNAIS","url":"https:\/\/newsestlyonnais.fr\/site\/","logo":{"@type":"ImageObject","inLanguage":"fr-FR","@id":"https:\/\/newsestlyonnais.fr\/site\/#\/schema\/logo\/image\/","url":"","contentUrl":"","caption":"News EST LYONNAIS"},"image":{"@id":"https:\/\/newsestlyonnais.fr\/site\/#\/schema\/logo\/image\/"}},{"@type":"Person","@id":"https:\/\/newsestlyonnais.fr\/site\/#\/schema\/person\/3230d5615f390bb808365d673001e887","name":"R\u00e9dac. NEWS","sameAs":["http:\/\/www.newsestlyonnais.fr","https:\/\/www.facebook.com\/pascal.oberson.1?fref=ts","https:\/\/fr.linkedin.com\/in\/pascal-oberson-b17045113"],"url":"https:\/\/newsestlyonnais.fr\/site\/author\/nel\/"}]}},"_links":{"self":[{"href":"https:\/\/newsestlyonnais.fr\/site\/wp-json\/wp\/v2\/posts\/54967","targetHints":{"allow":["GET"]}}],"collection":[{"href":"https:\/\/newsestlyonnais.fr\/site\/wp-json\/wp\/v2\/posts"}],"about":[{"href":"https:\/\/newsestlyonnais.fr\/site\/wp-json\/wp\/v2\/types\/post"}],"author":[{"embeddable":true,"href":"https:\/\/newsestlyonnais.fr\/site\/wp-json\/wp\/v2\/users\/4"}],"replies":[{"embeddable":true,"href":"https:\/\/newsestlyonnais.fr\/site\/wp-json\/wp\/v2\/comments?post=54967"}],"version-history":[{"count":0,"href":"https:\/\/newsestlyonnais.fr\/site\/wp-json\/wp\/v2\/posts\/54967\/revisions"}],"wp:featuredmedia":[{"embeddable":true,"href":"https:\/\/newsestlyonnais.fr\/site\/wp-json\/wp\/v2\/media\/54972"}],"wp:attachment":[{"href":"https:\/\/newsestlyonnais.fr\/site\/wp-json\/wp\/v2\/media?parent=54967"}],"wp:term":[{"taxonomy":"category","embeddable":true,"href":"https:\/\/newsestlyonnais.fr\/site\/wp-json\/wp\/v2\/categories?post=54967"},{"taxonomy":"post_tag","embeddable":true,"href":"https:\/\/newsestlyonnais.fr\/site\/wp-json\/wp\/v2\/tags?post=54967"}],"curies":[{"name":"wp","href":"https:\/\/api.w.org\/{rel}","templated":true}]}}