{"id":54996,"date":"2018-08-09T19:56:00","date_gmt":"2018-08-09T18:56:00","guid":{"rendered":"http:\/\/newsestlyonnais.fr\/site\/?p=54996"},"modified":"2020-11-09T08:08:39","modified_gmt":"2020-11-09T07:08:39","slug":"genas-debut-de-la-phase-2-des-travaux-de-la-rue-de-la-republique-des-mardi-14-aout-2018","status":"publish","type":"post","link":"https:\/\/newsestlyonnais.fr\/site\/2018\/08\/09\/genas-debut-de-la-phase-2-des-travaux-de-la-rue-de-la-republique-des-mardi-14-aout-2018\/","title":{"rendered":"GENAS | D\u00e9but de la phase 2 des travaux de la rue de la R\u00e9publique d\u00e8s mardi 14 ao\u00fbt 2018"},"content":{"rendered":"<h5>Durant les 14 mois pr\u00e9vus de travaux de r\u00e9habilitation de la rue de la R\u00e9publique, d\u00e9marr\u00e9s le 9 juillet et qui dureront jusqu\u2019au 28 ao\u00fbt 2019, retrouvez r\u00e9guli\u00e8rement des infos pratiques communiqu\u00e9es par le \u00ab\u00a0service Grands Projets de la Ville de Genas\u00a0\u00bb.<\/h5>\n<div>La r\u00e9fection des r\u00e9seaux de l\u2019art\u00e8re principale de Genas va basculer dans sa <strong>seconde phase, ce mardi 14 ao\u00fbt au matin et durera environ 6 semaines.<\/strong><\/div>\n<div>\n<div>La circulation sera r\u00e9tablie en sens unique Est-Ouest -de la rue Danton jusqu\u2019\u00e0 la rue de l\u2019\u00c9galit\u00e9- et ce jusqu\u2019\u00e0 la fin des travaux (\u00e9t\u00e9 2019).<\/div>\n<div><strong>L\u2019acc\u00e8s aux commerces et pour les pi\u00e9tons reste bien entendu garanti sur l\u2019ensemble de la rue.<\/strong><\/div>\n<div>Sur la zone de chantier, entre le N\u00b0 10 place de la R\u00e9publique et le N\u00b017 rue de la R\u00e9publique, seuls les v\u00e9hicules des riverains auront un acc\u00e8s.<\/div>\n<div>Un nombre important de stationnements reste disponible, en longitudinal le long de la zone de travaux, et inchang\u00e9 sur le reste de la rue (entre 60 et 70 places environ). Tous les stationnements de la rue demeurent en zone bleue<\/div>\n<div>durant les travaux.<\/div>\n<\/div>\n<div><\/div>\n<div>&#8211;\u00a0 <strong>Renseignements sur ces travaux : T\u00e9l : 06. 21. 60. 23. 79 ou : grands.projets@ville-genas.fr<\/strong><\/div>\n<div><\/div>\n<div>\n<div><\/div>\n<div><\/div>\n<\/div>\n","protected":false},"excerpt":{"rendered":"<p>Durant les 14 mois pr\u00e9vus de travaux de r\u00e9habilitation de la rue de la R\u00e9publique, d\u00e9marr\u00e9s le 9 juillet et qui dureront jusqu\u2019au 28 ao\u00fbt 2019, retrouvez r\u00e9guli\u00e8rement des infos pratiques communiqu\u00e9es par le \u00ab\u00a0service Grands Projets de la Ville de Genas\u00a0\u00bb. La r\u00e9fection des r\u00e9seaux de l\u2019art\u00e8re principale de Genas va basculer dans sa [&hellip;]<\/p>\n","protected":false},"author":4,"featured_media":8137,"comment_status":"open","ping_status":"open","sticky":false,"template":"","format":"standard","meta":{"footnotes":""},"categories":[270,1598,172],"tags":[],"class_list":["post-54996","post","type-post","status-publish","format-standard","has-post-thumbnail","hentry","category-cte-de-communes-c-c-e-l","category-genas","category-travaux-amenagements"],"yoast_head":"<!-- This site is optimized with the Yoast SEO plugin v27.2 - https:\/\/yoast.com\/product\/yoast-seo-wordpress\/ -->\n<title>GENAS : D\u00e9but de la phase 2 des travaux de la rue de la R\u00e9publique d\u00e8s mardi 14 ao\u00fbt 2018<\/title>\n<meta name=\"description\" content=\"GENAS : D\u00e9but de la phase 2 des travaux de la rue de la R\u00e9publique d\u00e8s mardi 14 ao\u00fbt 2018\" \/>\n<meta name=\"robots\" content=\"index, follow, max-snippet:-1, max-image-preview:large, max-video-preview:-1\" \/>\n<link rel=\"canonical\" href=\"https:\/\/newsestlyonnais.fr\/site\/2018\/08\/09\/genas-debut-de-la-phase-2-des-travaux-de-la-rue-de-la-republique-des-mardi-14-aout-2018\/\" \/>\n<meta property=\"og:locale\" content=\"fr_FR\" \/>\n<meta property=\"og:type\" content=\"article\" \/>\n<meta property=\"og:title\" content=\"GENAS : D\u00e9but de la phase 2 des travaux de la rue de la R\u00e9publique d\u00e8s mardi 14 ao\u00fbt 2018\" \/>\n<meta property=\"og:description\" content=\"GENAS : D\u00e9but de la phase 2 des travaux de la rue de la R\u00e9publique d\u00e8s mardi 14 ao\u00fbt 2018\" \/>\n<meta property=\"og:url\" content=\"https:\/\/newsestlyonnais.fr\/site\/2018\/08\/09\/genas-debut-de-la-phase-2-des-travaux-de-la-rue-de-la-republique-des-mardi-14-aout-2018\/\" \/>\n<meta property=\"og:site_name\" content=\"News Est Lyonnais\" \/>\n<meta property=\"article:author\" content=\"https:\/\/www.facebook.com\/pascal.oberson.1?fref=ts\" \/>\n<meta property=\"article:published_time\" content=\"2018-08-09T18:56:00+00:00\" \/>\n<meta property=\"article:modified_time\" content=\"2020-11-09T07:08:39+00:00\" \/>\n<meta property=\"og:image\" content=\"https:\/\/i0.wp.com\/newsestlyonnais.fr\/site\/wp-content\/uploads\/2016\/05\/NEWSESTLYONNAISPANNEAUGENAS-1.jpg?fit=1000%2C750&ssl=1\" \/>\n\t<meta property=\"og:image:width\" content=\"1000\" \/>\n\t<meta property=\"og:image:height\" content=\"750\" \/>\n\t<meta property=\"og:image:type\" content=\"image\/jpeg\" \/>\n<meta name=\"author\" content=\"R\u00e9dac. NEWS\" \/>\n<meta name=\"twitter:card\" content=\"summary_large_image\" \/>\n<meta name=\"twitter:label1\" content=\"\u00c9crit par\" \/>\n\t<meta name=\"twitter:data1\" content=\"R\u00e9dac. NEWS\" \/>\n\t<meta name=\"twitter:label2\" content=\"Dur\u00e9e de lecture estim\u00e9e\" \/>\n\t<meta name=\"twitter:data2\" content=\"1 minute\" \/>\n<script type=\"application\/ld+json\" class=\"yoast-schema-graph\">{\"@context\":\"https:\/\/schema.org\",\"@graph\":[{\"@type\":\"Article\",\"@id\":\"https:\/\/newsestlyonnais.fr\/site\/2018\/08\/09\/genas-debut-de-la-phase-2-des-travaux-de-la-rue-de-la-republique-des-mardi-14-aout-2018\/#article\",\"isPartOf\":{\"@id\":\"https:\/\/newsestlyonnais.fr\/site\/2018\/08\/09\/genas-debut-de-la-phase-2-des-travaux-de-la-rue-de-la-republique-des-mardi-14-aout-2018\/\"},\"author\":{\"name\":\"R\u00e9dac. NEWS\",\"@id\":\"https:\/\/newsestlyonnais.fr\/site\/#\/schema\/person\/3230d5615f390bb808365d673001e887\"},\"headline\":\"GENAS | D\u00e9but de la phase 2 des travaux de la rue de la R\u00e9publique d\u00e8s mardi 14 ao\u00fbt 2018\",\"datePublished\":\"2018-08-09T18:56:00+00:00\",\"dateModified\":\"2020-11-09T07:08:39+00:00\",\"mainEntityOfPage\":{\"@id\":\"https:\/\/newsestlyonnais.fr\/site\/2018\/08\/09\/genas-debut-de-la-phase-2-des-travaux-de-la-rue-de-la-republique-des-mardi-14-aout-2018\/\"},\"wordCount\":229,\"commentCount\":0,\"publisher\":{\"@id\":\"https:\/\/newsestlyonnais.fr\/site\/#organization\"},\"image\":{\"@id\":\"https:\/\/newsestlyonnais.fr\/site\/2018\/08\/09\/genas-debut-de-la-phase-2-des-travaux-de-la-rue-de-la-republique-des-mardi-14-aout-2018\/#primaryimage\"},\"thumbnailUrl\":\"https:\/\/newsestlyonnais.fr\/site\/wp-content\/uploads\/2016\/05\/NEWSESTLYONNAISPANNEAUGENAS-1.jpg\",\"articleSection\":[\"CCEL | Communes\",\"Genas\",\"Travaux | Am\u00e9nagements\"],\"inLanguage\":\"fr-FR\",\"potentialAction\":[{\"@type\":\"CommentAction\",\"name\":\"Comment\",\"target\":[\"https:\/\/newsestlyonnais.fr\/site\/2018\/08\/09\/genas-debut-de-la-phase-2-des-travaux-de-la-rue-de-la-republique-des-mardi-14-aout-2018\/#respond\"]}]},{\"@type\":\"WebPage\",\"@id\":\"https:\/\/newsestlyonnais.fr\/site\/2018\/08\/09\/genas-debut-de-la-phase-2-des-travaux-de-la-rue-de-la-republique-des-mardi-14-aout-2018\/\",\"url\":\"https:\/\/newsestlyonnais.fr\/site\/2018\/08\/09\/genas-debut-de-la-phase-2-des-travaux-de-la-rue-de-la-republique-des-mardi-14-aout-2018\/\",\"name\":\"GENAS : D\u00e9but de la phase 2 des travaux de la rue de la R\u00e9publique d\u00e8s mardi 14 ao\u00fbt 2018\",\"isPartOf\":{\"@id\":\"https:\/\/newsestlyonnais.fr\/site\/#website\"},\"primaryImageOfPage\":{\"@id\":\"https:\/\/newsestlyonnais.fr\/site\/2018\/08\/09\/genas-debut-de-la-phase-2-des-travaux-de-la-rue-de-la-republique-des-mardi-14-aout-2018\/#primaryimage\"},\"image\":{\"@id\":\"https:\/\/newsestlyonnais.fr\/site\/2018\/08\/09\/genas-debut-de-la-phase-2-des-travaux-de-la-rue-de-la-republique-des-mardi-14-aout-2018\/#primaryimage\"},\"thumbnailUrl\":\"https:\/\/newsestlyonnais.fr\/site\/wp-content\/uploads\/2016\/05\/NEWSESTLYONNAISPANNEAUGENAS-1.jpg\",\"datePublished\":\"2018-08-09T18:56:00+00:00\",\"dateModified\":\"2020-11-09T07:08:39+00:00\",\"description\":\"GENAS : D\u00e9but de la phase 2 des travaux de la rue de la R\u00e9publique d\u00e8s mardi 14 ao\u00fbt 2018\",\"breadcrumb\":{\"@id\":\"https:\/\/newsestlyonnais.fr\/site\/2018\/08\/09\/genas-debut-de-la-phase-2-des-travaux-de-la-rue-de-la-republique-des-mardi-14-aout-2018\/#breadcrumb\"},\"inLanguage\":\"fr-FR\",\"potentialAction\":[{\"@type\":\"ReadAction\",\"target\":[\"https:\/\/newsestlyonnais.fr\/site\/2018\/08\/09\/genas-debut-de-la-phase-2-des-travaux-de-la-rue-de-la-republique-des-mardi-14-aout-2018\/\"]}]},{\"@type\":\"ImageObject\",\"inLanguage\":\"fr-FR\",\"@id\":\"https:\/\/newsestlyonnais.fr\/site\/2018\/08\/09\/genas-debut-de-la-phase-2-des-travaux-de-la-rue-de-la-republique-des-mardi-14-aout-2018\/#primaryimage\",\"url\":\"https:\/\/newsestlyonnais.fr\/site\/wp-content\/uploads\/2016\/05\/NEWSESTLYONNAISPANNEAUGENAS-1.jpg\",\"contentUrl\":\"https:\/\/newsestlyonnais.fr\/site\/wp-content\/uploads\/2016\/05\/NEWSESTLYONNAISPANNEAUGENAS-1.jpg\",\"width\":1000,\"height\":750,\"caption\":\"NEWSESTLYONNAISPANNEAUGENAS\"},{\"@type\":\"BreadcrumbList\",\"@id\":\"https:\/\/newsestlyonnais.fr\/site\/2018\/08\/09\/genas-debut-de-la-phase-2-des-travaux-de-la-rue-de-la-republique-des-mardi-14-aout-2018\/#breadcrumb\",\"itemListElement\":[{\"@type\":\"ListItem\",\"position\":1,\"name\":\"Accueil\",\"item\":\"https:\/\/newsestlyonnais.fr\/site\/\"},{\"@type\":\"ListItem\",\"position\":2,\"name\":\"GENAS | D\u00e9but de la phase 2 des travaux de la rue de la R\u00e9publique d\u00e8s mardi 14 ao\u00fbt 2018\"}]},{\"@type\":\"WebSite\",\"@id\":\"https:\/\/newsestlyonnais.fr\/site\/#website\",\"url\":\"https:\/\/newsestlyonnais.fr\/site\/\",\"name\":\"News Est Lyonnais\",\"description\":\"L&#039;actualit\u00e9 au plus pr\u00e8s\",\"publisher\":{\"@id\":\"https:\/\/newsestlyonnais.fr\/site\/#organization\"},\"potentialAction\":[{\"@type\":\"SearchAction\",\"target\":{\"@type\":\"EntryPoint\",\"urlTemplate\":\"https:\/\/newsestlyonnais.fr\/site\/?s={search_term_string}\"},\"query-input\":{\"@type\":\"PropertyValueSpecification\",\"valueRequired\":true,\"valueName\":\"search_term_string\"}}],\"inLanguage\":\"fr-FR\"},{\"@type\":\"Organization\",\"@id\":\"https:\/\/newsestlyonnais.fr\/site\/#organization\",\"name\":\"News EST LYONNAIS\",\"url\":\"https:\/\/newsestlyonnais.fr\/site\/\",\"logo\":{\"@type\":\"ImageObject\",\"inLanguage\":\"fr-FR\",\"@id\":\"https:\/\/newsestlyonnais.fr\/site\/#\/schema\/logo\/image\/\",\"url\":\"\",\"contentUrl\":\"\",\"caption\":\"News EST LYONNAIS\"},\"image\":{\"@id\":\"https:\/\/newsestlyonnais.fr\/site\/#\/schema\/logo\/image\/\"}},{\"@type\":\"Person\",\"@id\":\"https:\/\/newsestlyonnais.fr\/site\/#\/schema\/person\/3230d5615f390bb808365d673001e887\",\"name\":\"R\u00e9dac. NEWS\",\"sameAs\":[\"http:\/\/www.newsestlyonnais.fr\",\"https:\/\/www.facebook.com\/pascal.oberson.1?fref=ts\",\"https:\/\/fr.linkedin.com\/in\/pascal-oberson-b17045113\"],\"url\":\"https:\/\/newsestlyonnais.fr\/site\/author\/nel\/\"}]}<\/script>\n<!-- \/ Yoast SEO plugin. -->","yoast_head_json":{"title":"GENAS : D\u00e9but de la phase 2 des travaux de la rue de la R\u00e9publique d\u00e8s mardi 14 ao\u00fbt 2018","description":"GENAS : D\u00e9but de la phase 2 des travaux de la rue de la R\u00e9publique d\u00e8s mardi 14 ao\u00fbt 2018","robots":{"index":"index","follow":"follow","max-snippet":"max-snippet:-1","max-image-preview":"max-image-preview:large","max-video-preview":"max-video-preview:-1"},"canonical":"https:\/\/newsestlyonnais.fr\/site\/2018\/08\/09\/genas-debut-de-la-phase-2-des-travaux-de-la-rue-de-la-republique-des-mardi-14-aout-2018\/","og_locale":"fr_FR","og_type":"article","og_title":"GENAS : D\u00e9but de la phase 2 des travaux de la rue de la R\u00e9publique d\u00e8s mardi 14 ao\u00fbt 2018","og_description":"GENAS : D\u00e9but de la phase 2 des travaux de la rue de la R\u00e9publique d\u00e8s mardi 14 ao\u00fbt 2018","og_url":"https:\/\/newsestlyonnais.fr\/site\/2018\/08\/09\/genas-debut-de-la-phase-2-des-travaux-de-la-rue-de-la-republique-des-mardi-14-aout-2018\/","og_site_name":"News Est Lyonnais","article_author":"https:\/\/www.facebook.com\/pascal.oberson.1?fref=ts","article_published_time":"2018-08-09T18:56:00+00:00","article_modified_time":"2020-11-09T07:08:39+00:00","og_image":[{"width":1000,"height":750,"url":"https:\/\/i0.wp.com\/newsestlyonnais.fr\/site\/wp-content\/uploads\/2016\/05\/NEWSESTLYONNAISPANNEAUGENAS-1.jpg?fit=1000%2C750&ssl=1","type":"image\/jpeg"}],"author":"R\u00e9dac. NEWS","twitter_card":"summary_large_image","twitter_misc":{"\u00c9crit par":"R\u00e9dac. NEWS","Dur\u00e9e de lecture estim\u00e9e":"1 minute"},"schema":{"@context":"https:\/\/schema.org","@graph":[{"@type":"Article","@id":"https:\/\/newsestlyonnais.fr\/site\/2018\/08\/09\/genas-debut-de-la-phase-2-des-travaux-de-la-rue-de-la-republique-des-mardi-14-aout-2018\/#article","isPartOf":{"@id":"https:\/\/newsestlyonnais.fr\/site\/2018\/08\/09\/genas-debut-de-la-phase-2-des-travaux-de-la-rue-de-la-republique-des-mardi-14-aout-2018\/"},"author":{"name":"R\u00e9dac. NEWS","@id":"https:\/\/newsestlyonnais.fr\/site\/#\/schema\/person\/3230d5615f390bb808365d673001e887"},"headline":"GENAS | D\u00e9but de la phase 2 des travaux de la rue de la R\u00e9publique d\u00e8s mardi 14 ao\u00fbt 2018","datePublished":"2018-08-09T18:56:00+00:00","dateModified":"2020-11-09T07:08:39+00:00","mainEntityOfPage":{"@id":"https:\/\/newsestlyonnais.fr\/site\/2018\/08\/09\/genas-debut-de-la-phase-2-des-travaux-de-la-rue-de-la-republique-des-mardi-14-aout-2018\/"},"wordCount":229,"commentCount":0,"publisher":{"@id":"https:\/\/newsestlyonnais.fr\/site\/#organization"},"image":{"@id":"https:\/\/newsestlyonnais.fr\/site\/2018\/08\/09\/genas-debut-de-la-phase-2-des-travaux-de-la-rue-de-la-republique-des-mardi-14-aout-2018\/#primaryimage"},"thumbnailUrl":"https:\/\/newsestlyonnais.fr\/site\/wp-content\/uploads\/2016\/05\/NEWSESTLYONNAISPANNEAUGENAS-1.jpg","articleSection":["CCEL | Communes","Genas","Travaux | Am\u00e9nagements"],"inLanguage":"fr-FR","potentialAction":[{"@type":"CommentAction","name":"Comment","target":["https:\/\/newsestlyonnais.fr\/site\/2018\/08\/09\/genas-debut-de-la-phase-2-des-travaux-de-la-rue-de-la-republique-des-mardi-14-aout-2018\/#respond"]}]},{"@type":"WebPage","@id":"https:\/\/newsestlyonnais.fr\/site\/2018\/08\/09\/genas-debut-de-la-phase-2-des-travaux-de-la-rue-de-la-republique-des-mardi-14-aout-2018\/","url":"https:\/\/newsestlyonnais.fr\/site\/2018\/08\/09\/genas-debut-de-la-phase-2-des-travaux-de-la-rue-de-la-republique-des-mardi-14-aout-2018\/","name":"GENAS : D\u00e9but de la phase 2 des travaux de la rue de la R\u00e9publique d\u00e8s mardi 14 ao\u00fbt 2018","isPartOf":{"@id":"https:\/\/newsestlyonnais.fr\/site\/#website"},"primaryImageOfPage":{"@id":"https:\/\/newsestlyonnais.fr\/site\/2018\/08\/09\/genas-debut-de-la-phase-2-des-travaux-de-la-rue-de-la-republique-des-mardi-14-aout-2018\/#primaryimage"},"image":{"@id":"https:\/\/newsestlyonnais.fr\/site\/2018\/08\/09\/genas-debut-de-la-phase-2-des-travaux-de-la-rue-de-la-republique-des-mardi-14-aout-2018\/#primaryimage"},"thumbnailUrl":"https:\/\/newsestlyonnais.fr\/site\/wp-content\/uploads\/2016\/05\/NEWSESTLYONNAISPANNEAUGENAS-1.jpg","datePublished":"2018-08-09T18:56:00+00:00","dateModified":"2020-11-09T07:08:39+00:00","description":"GENAS : D\u00e9but de la phase 2 des travaux de la rue de la R\u00e9publique d\u00e8s mardi 14 ao\u00fbt 2018","breadcrumb":{"@id":"https:\/\/newsestlyonnais.fr\/site\/2018\/08\/09\/genas-debut-de-la-phase-2-des-travaux-de-la-rue-de-la-republique-des-mardi-14-aout-2018\/#breadcrumb"},"inLanguage":"fr-FR","potentialAction":[{"@type":"ReadAction","target":["https:\/\/newsestlyonnais.fr\/site\/2018\/08\/09\/genas-debut-de-la-phase-2-des-travaux-de-la-rue-de-la-republique-des-mardi-14-aout-2018\/"]}]},{"@type":"ImageObject","inLanguage":"fr-FR","@id":"https:\/\/newsestlyonnais.fr\/site\/2018\/08\/09\/genas-debut-de-la-phase-2-des-travaux-de-la-rue-de-la-republique-des-mardi-14-aout-2018\/#primaryimage","url":"https:\/\/newsestlyonnais.fr\/site\/wp-content\/uploads\/2016\/05\/NEWSESTLYONNAISPANNEAUGENAS-1.jpg","contentUrl":"https:\/\/newsestlyonnais.fr\/site\/wp-content\/uploads\/2016\/05\/NEWSESTLYONNAISPANNEAUGENAS-1.jpg","width":1000,"height":750,"caption":"NEWSESTLYONNAISPANNEAUGENAS"},{"@type":"BreadcrumbList","@id":"https:\/\/newsestlyonnais.fr\/site\/2018\/08\/09\/genas-debut-de-la-phase-2-des-travaux-de-la-rue-de-la-republique-des-mardi-14-aout-2018\/#breadcrumb","itemListElement":[{"@type":"ListItem","position":1,"name":"Accueil","item":"https:\/\/newsestlyonnais.fr\/site\/"},{"@type":"ListItem","position":2,"name":"GENAS | D\u00e9but de la phase 2 des travaux de la rue de la R\u00e9publique d\u00e8s mardi 14 ao\u00fbt 2018"}]},{"@type":"WebSite","@id":"https:\/\/newsestlyonnais.fr\/site\/#website","url":"https:\/\/newsestlyonnais.fr\/site\/","name":"News Est Lyonnais","description":"L&#039;actualit\u00e9 au plus pr\u00e8s","publisher":{"@id":"https:\/\/newsestlyonnais.fr\/site\/#organization"},"potentialAction":[{"@type":"SearchAction","target":{"@type":"EntryPoint","urlTemplate":"https:\/\/newsestlyonnais.fr\/site\/?s={search_term_string}"},"query-input":{"@type":"PropertyValueSpecification","valueRequired":true,"valueName":"search_term_string"}}],"inLanguage":"fr-FR"},{"@type":"Organization","@id":"https:\/\/newsestlyonnais.fr\/site\/#organization","name":"News EST LYONNAIS","url":"https:\/\/newsestlyonnais.fr\/site\/","logo":{"@type":"ImageObject","inLanguage":"fr-FR","@id":"https:\/\/newsestlyonnais.fr\/site\/#\/schema\/logo\/image\/","url":"","contentUrl":"","caption":"News EST LYONNAIS"},"image":{"@id":"https:\/\/newsestlyonnais.fr\/site\/#\/schema\/logo\/image\/"}},{"@type":"Person","@id":"https:\/\/newsestlyonnais.fr\/site\/#\/schema\/person\/3230d5615f390bb808365d673001e887","name":"R\u00e9dac. NEWS","sameAs":["http:\/\/www.newsestlyonnais.fr","https:\/\/www.facebook.com\/pascal.oberson.1?fref=ts","https:\/\/fr.linkedin.com\/in\/pascal-oberson-b17045113"],"url":"https:\/\/newsestlyonnais.fr\/site\/author\/nel\/"}]}},"_links":{"self":[{"href":"https:\/\/newsestlyonnais.fr\/site\/wp-json\/wp\/v2\/posts\/54996","targetHints":{"allow":["GET"]}}],"collection":[{"href":"https:\/\/newsestlyonnais.fr\/site\/wp-json\/wp\/v2\/posts"}],"about":[{"href":"https:\/\/newsestlyonnais.fr\/site\/wp-json\/wp\/v2\/types\/post"}],"author":[{"embeddable":true,"href":"https:\/\/newsestlyonnais.fr\/site\/wp-json\/wp\/v2\/users\/4"}],"replies":[{"embeddable":true,"href":"https:\/\/newsestlyonnais.fr\/site\/wp-json\/wp\/v2\/comments?post=54996"}],"version-history":[{"count":0,"href":"https:\/\/newsestlyonnais.fr\/site\/wp-json\/wp\/v2\/posts\/54996\/revisions"}],"wp:featuredmedia":[{"embeddable":true,"href":"https:\/\/newsestlyonnais.fr\/site\/wp-json\/wp\/v2\/media\/8137"}],"wp:attachment":[{"href":"https:\/\/newsestlyonnais.fr\/site\/wp-json\/wp\/v2\/media?parent=54996"}],"wp:term":[{"taxonomy":"category","embeddable":true,"href":"https:\/\/newsestlyonnais.fr\/site\/wp-json\/wp\/v2\/categories?post=54996"},{"taxonomy":"post_tag","embeddable":true,"href":"https:\/\/newsestlyonnais.fr\/site\/wp-json\/wp\/v2\/tags?post=54996"}],"curies":[{"name":"wp","href":"https:\/\/api.w.org\/{rel}","templated":true}]}}