{"id":55075,"date":"2018-08-13T06:55:24","date_gmt":"2018-08-13T05:55:24","guid":{"rendered":"http:\/\/newsestlyonnais.fr\/site\/?p=55075"},"modified":"2020-10-24T15:08:12","modified_gmt":"2020-10-24T14:08:12","slug":"vaulx-en-velin-kassim-chekoumar-figure-incontournable-du-taekwondo-club","status":"publish","type":"post","link":"https:\/\/newsestlyonnais.fr\/site\/2018\/08\/13\/vaulx-en-velin-kassim-chekoumar-figure-incontournable-du-taekwondo-club\/","title":{"rendered":"VAULX-EN-VELIN | Kassim Chekoumar > figure incontournable du Taekwondo Club"},"content":{"rendered":"<h4>Des g\u00e9n\u00e9rations de pratiquants du Taekwondo Club de Vaulx en Velin ont eu l\u2019occasion de croiser sur les tatamis du Dojo du Palais des Sports, Kassim, membre du club depuis deux d\u00e9cennies.<\/h4>\n<p>A 77 ans, il est le doyen d\u2019un effectif approchant les 400 membres et accueillis d\u00e8s l\u2019\u00e2ge de 4 ans. \u00a0\u00bb J\u2019ai d\u00e9but\u00e9 le taekwondo en 1968 au Vietnam dont je suis originaire et suis arriv\u00e9 en France en 1987.\u00a0\u00bb confie cette ceinture noire 4\u00b0 dan, p\u00e8re de 6 enfants et grand-p\u00e8re \u00e0 6 reprises et qui a donn\u00e9 le virus de la discipline \u00e0 la moiti\u00e9 d\u2019entre eux !<\/p>\n<p>Cet ex technicien-monteur en coupe-feu et emprisonn\u00e9 plusieurs ann\u00e9es durant la guerre dans son pays, avoue pratiquer d\u2019abord le sport pour \u00eatre en bonne sant\u00e9. Chaque jour une petite heure de marche ou un peu de course \u00e0 pied au plateau Rousseau ceci sans compter sa s\u00e9ance d\u2019entrainement au club tous les soirs ! Une section o\u00f9 sa fid\u00e9lit\u00e9 et son engagement sont exemplaires arrivant le premier \u00e0 la salle et en partant le dernier ! Les parents l\u2019aiment bien et les enfants l\u2019adorent !<\/p>\n<p>\u00ab\u00a0On est vraiment dans l\u2019interg\u00e9n\u00e9rationnel et les valeurs du club \u00a0\u00bb d\u00e9clare Nadir Aroudj, directeur sportif et fondateur de la section vaudaise. \u00a0\u00bb Il donne toujours de bons conseils, apaise et apporte beaucoup aux entrainements notamment sur le plan du respect naturel. Son langage est universel et il sait se faire comprendre par ses regards ou ses gestes. Il a vraiment le sens de la communication. Il a cette philosophie asiatique et forme encore les ceintures noires pour les techniques \u00ab\u00a0.<\/p>\n<ul>\n<li><strong>Retrouvez toute l&rsquo;ACTU du club sur : <a href=\"http:\/\/www.tkdvaulx.com\" target=\"_blank\" rel=\"noopener noreferrer\">http:\/\/www.tkdvaulx.com <\/a><\/strong><\/li>\n<li><strong>et l&rsquo;actualit\u00e9 sportive vaudaise sur<\/strong> : <a href=\"http:\/\/www.omsvaulxenvelin.com\/kassim-chekoumar-figure-incontournable-taekwondo-club-de-vaulx-velin\" target=\"_blank\" rel=\"noopener noreferrer\">http:\/\/www.omsvaulxenvelin.com\/kassim-chekoumar-figure-incontournable-taekwondo-club-de-vaulx-velin<\/a><\/li>\n<\/ul>\n<div id='gallery-1' class='gallery galleryid-55075 gallery-columns-3 gallery-size-thumbnail'><figure class='gallery-item'>\n\t\t\t<div class='gallery-icon landscape'>\n\t\t\t\t<a href='https:\/\/newsestlyonnais.fr\/site\/2018\/08\/13\/vaulx-en-velin-kassim-chekoumar-figure-incontournable-du-taekwondo-club\/newsestlyonnais-kassim-02-2\/'><img loading=\"lazy\" decoding=\"async\" width=\"150\" height=\"150\" src=\"https:\/\/newsestlyonnais.fr\/site\/wp-content\/uploads\/2018\/08\/NEWSESTLYONNAIS-KASSIM-02-1-150x150.jpg\" class=\"attachment-thumbnail size-thumbnail\" alt=\"NEWSESTLYONNAIS KASSIM 02\" aria-describedby=\"gallery-1-55081\" \/><\/a>\n\t\t\t<\/div>\n\t\t\t\t<figcaption class='wp-caption-text gallery-caption' id='gallery-1-55081'>\n\t\t\t\tUn fid\u00e8le du club depuis maintenant 20 ans ! \n\t\t\t\t<\/figcaption><\/figure><figure class='gallery-item'>\n\t\t\t<div class='gallery-icon landscape'>\n\t\t\t\t<a href='https:\/\/newsestlyonnais.fr\/site\/2018\/08\/13\/vaulx-en-velin-kassim-chekoumar-figure-incontournable-du-taekwondo-club\/newsestlyonnais-taekwondo-vaulx-2\/'><img loading=\"lazy\" decoding=\"async\" width=\"150\" height=\"150\" src=\"https:\/\/newsestlyonnais.fr\/site\/wp-content\/uploads\/2018\/08\/NEWSESTLYONNAIS-TAEKWONDO-VAULX-150x150.jpg\" class=\"attachment-thumbnail size-thumbnail\" alt=\"NEWSESTLYONNAIS - TAEKWONDO VAULX\" aria-describedby=\"gallery-1-55082\" \/><\/a>\n\t\t\t<\/div>\n\t\t\t\t<figcaption class='wp-caption-text gallery-caption' id='gallery-1-55082'>\n\t\t\t\tKassim (\u00e0 gauche) avec les jeunes pousses de la section ! \n\t\t\t\t<\/figcaption><\/figure>\n\t\t<\/div>\n\n","protected":false},"excerpt":{"rendered":"<p>Des g\u00e9n\u00e9rations de pratiquants du Taekwondo Club de Vaulx en Velin ont eu l\u2019occasion de croiser sur les tatamis du Dojo du Palais des Sports, Kassim, membre du club depuis deux d\u00e9cennies. A 77 ans, il est le doyen d\u2019un effectif approchant les 400 membres et accueillis d\u00e8s l\u2019\u00e2ge de 4 ans. \u00a0\u00bb J\u2019ai d\u00e9but\u00e9 [&hellip;]<\/p>\n","protected":false},"author":4,"featured_media":55079,"comment_status":"open","ping_status":"open","sticky":false,"template":"","format":"standard","meta":{"footnotes":""},"categories":[2994,2995,28],"tags":[],"class_list":["post-55075","post","type-post","status-publish","format-standard","has-post-thumbnail","hentry","category-judo-karate-taekwondo-sports","category-taekwondo-sports","category-vaulx-en-velin"],"yoast_head":"<!-- This site is optimized with the Yoast SEO plugin v27.2 - https:\/\/yoast.com\/product\/yoast-seo-wordpress\/ -->\n<title>VAULX EN VELIN : Kassim Chekoumar, une figure incontournable du Taekwondo Club !<\/title>\n<meta name=\"description\" content=\"VAULX EN VELIN : Kassim Chekoumar, une figure incontournable du Taekwondo Club !\" \/>\n<meta name=\"robots\" content=\"index, follow, max-snippet:-1, max-image-preview:large, max-video-preview:-1\" \/>\n<link rel=\"canonical\" href=\"https:\/\/newsestlyonnais.fr\/site\/2018\/08\/13\/vaulx-en-velin-kassim-chekoumar-figure-incontournable-du-taekwondo-club\/\" \/>\n<meta property=\"og:locale\" content=\"fr_FR\" \/>\n<meta property=\"og:type\" content=\"article\" \/>\n<meta property=\"og:title\" content=\"VAULX EN VELIN : Kassim Chekoumar, une figure incontournable du Taekwondo Club !\" \/>\n<meta property=\"og:description\" content=\"VAULX EN VELIN : Kassim Chekoumar, une figure incontournable du Taekwondo Club !\" \/>\n<meta property=\"og:url\" content=\"https:\/\/newsestlyonnais.fr\/site\/2018\/08\/13\/vaulx-en-velin-kassim-chekoumar-figure-incontournable-du-taekwondo-club\/\" \/>\n<meta property=\"og:site_name\" content=\"News Est Lyonnais\" \/>\n<meta property=\"article:author\" content=\"https:\/\/www.facebook.com\/pascal.oberson.1?fref=ts\" \/>\n<meta property=\"article:published_time\" content=\"2018-08-13T05:55:24+00:00\" \/>\n<meta property=\"article:modified_time\" content=\"2020-10-24T14:08:12+00:00\" \/>\n<meta property=\"og:image\" content=\"https:\/\/i2.wp.com\/newsestlyonnais.fr\/site\/wp-content\/uploads\/2018\/08\/NEWSESTLYONNAIS-KASSIM-01.jpg?fit=2048%2C1536&ssl=1\" \/>\n\t<meta property=\"og:image:width\" content=\"2048\" \/>\n\t<meta property=\"og:image:height\" content=\"1536\" \/>\n\t<meta property=\"og:image:type\" content=\"image\/jpeg\" \/>\n<meta name=\"author\" content=\"R\u00e9dac. NEWS\" \/>\n<meta name=\"twitter:card\" content=\"summary_large_image\" \/>\n<meta name=\"twitter:label1\" content=\"\u00c9crit par\" \/>\n\t<meta name=\"twitter:data1\" content=\"R\u00e9dac. NEWS\" \/>\n\t<meta name=\"twitter:label2\" content=\"Dur\u00e9e de lecture estim\u00e9e\" \/>\n\t<meta name=\"twitter:data2\" content=\"1 minute\" \/>\n<script type=\"application\/ld+json\" class=\"yoast-schema-graph\">{\"@context\":\"https:\/\/schema.org\",\"@graph\":[{\"@type\":\"Article\",\"@id\":\"https:\/\/newsestlyonnais.fr\/site\/2018\/08\/13\/vaulx-en-velin-kassim-chekoumar-figure-incontournable-du-taekwondo-club\/#article\",\"isPartOf\":{\"@id\":\"https:\/\/newsestlyonnais.fr\/site\/2018\/08\/13\/vaulx-en-velin-kassim-chekoumar-figure-incontournable-du-taekwondo-club\/\"},\"author\":{\"name\":\"R\u00e9dac. NEWS\",\"@id\":\"https:\/\/newsestlyonnais.fr\/site\/#\/schema\/person\/3230d5615f390bb808365d673001e887\"},\"headline\":\"VAULX-EN-VELIN | Kassim Chekoumar > figure incontournable du Taekwondo Club\",\"datePublished\":\"2018-08-13T05:55:24+00:00\",\"dateModified\":\"2020-10-24T14:08:12+00:00\",\"mainEntityOfPage\":{\"@id\":\"https:\/\/newsestlyonnais.fr\/site\/2018\/08\/13\/vaulx-en-velin-kassim-chekoumar-figure-incontournable-du-taekwondo-club\/\"},\"wordCount\":305,\"commentCount\":0,\"publisher\":{\"@id\":\"https:\/\/newsestlyonnais.fr\/site\/#organization\"},\"image\":{\"@id\":\"https:\/\/newsestlyonnais.fr\/site\/2018\/08\/13\/vaulx-en-velin-kassim-chekoumar-figure-incontournable-du-taekwondo-club\/#primaryimage\"},\"thumbnailUrl\":\"https:\/\/newsestlyonnais.fr\/site\/wp-content\/uploads\/2018\/08\/NEWSESTLYONNAIS-KASSIM-01.jpg\",\"articleSection\":[\"Judo| Karat\u00e9| Taekwondo\",\"Taekwondo\",\"Vaulx-en-Velin\"],\"inLanguage\":\"fr-FR\",\"potentialAction\":[{\"@type\":\"CommentAction\",\"name\":\"Comment\",\"target\":[\"https:\/\/newsestlyonnais.fr\/site\/2018\/08\/13\/vaulx-en-velin-kassim-chekoumar-figure-incontournable-du-taekwondo-club\/#respond\"]}]},{\"@type\":\"WebPage\",\"@id\":\"https:\/\/newsestlyonnais.fr\/site\/2018\/08\/13\/vaulx-en-velin-kassim-chekoumar-figure-incontournable-du-taekwondo-club\/\",\"url\":\"https:\/\/newsestlyonnais.fr\/site\/2018\/08\/13\/vaulx-en-velin-kassim-chekoumar-figure-incontournable-du-taekwondo-club\/\",\"name\":\"VAULX EN VELIN : Kassim Chekoumar, une figure incontournable du Taekwondo Club !\",\"isPartOf\":{\"@id\":\"https:\/\/newsestlyonnais.fr\/site\/#website\"},\"primaryImageOfPage\":{\"@id\":\"https:\/\/newsestlyonnais.fr\/site\/2018\/08\/13\/vaulx-en-velin-kassim-chekoumar-figure-incontournable-du-taekwondo-club\/#primaryimage\"},\"image\":{\"@id\":\"https:\/\/newsestlyonnais.fr\/site\/2018\/08\/13\/vaulx-en-velin-kassim-chekoumar-figure-incontournable-du-taekwondo-club\/#primaryimage\"},\"thumbnailUrl\":\"https:\/\/newsestlyonnais.fr\/site\/wp-content\/uploads\/2018\/08\/NEWSESTLYONNAIS-KASSIM-01.jpg\",\"datePublished\":\"2018-08-13T05:55:24+00:00\",\"dateModified\":\"2020-10-24T14:08:12+00:00\",\"description\":\"VAULX EN VELIN : Kassim Chekoumar, une figure incontournable du Taekwondo Club !\",\"breadcrumb\":{\"@id\":\"https:\/\/newsestlyonnais.fr\/site\/2018\/08\/13\/vaulx-en-velin-kassim-chekoumar-figure-incontournable-du-taekwondo-club\/#breadcrumb\"},\"inLanguage\":\"fr-FR\",\"potentialAction\":[{\"@type\":\"ReadAction\",\"target\":[\"https:\/\/newsestlyonnais.fr\/site\/2018\/08\/13\/vaulx-en-velin-kassim-chekoumar-figure-incontournable-du-taekwondo-club\/\"]}]},{\"@type\":\"ImageObject\",\"inLanguage\":\"fr-FR\",\"@id\":\"https:\/\/newsestlyonnais.fr\/site\/2018\/08\/13\/vaulx-en-velin-kassim-chekoumar-figure-incontournable-du-taekwondo-club\/#primaryimage\",\"url\":\"https:\/\/newsestlyonnais.fr\/site\/wp-content\/uploads\/2018\/08\/NEWSESTLYONNAIS-KASSIM-01.jpg\",\"contentUrl\":\"https:\/\/newsestlyonnais.fr\/site\/wp-content\/uploads\/2018\/08\/NEWSESTLYONNAIS-KASSIM-01.jpg\",\"width\":2048,\"height\":1536,\"caption\":\"NEWSESTLYONNAIS- KASSIM 01\"},{\"@type\":\"BreadcrumbList\",\"@id\":\"https:\/\/newsestlyonnais.fr\/site\/2018\/08\/13\/vaulx-en-velin-kassim-chekoumar-figure-incontournable-du-taekwondo-club\/#breadcrumb\",\"itemListElement\":[{\"@type\":\"ListItem\",\"position\":1,\"name\":\"Accueil\",\"item\":\"https:\/\/newsestlyonnais.fr\/site\/\"},{\"@type\":\"ListItem\",\"position\":2,\"name\":\"VAULX-EN-VELIN | Kassim Chekoumar > figure incontournable du Taekwondo Club\"}]},{\"@type\":\"WebSite\",\"@id\":\"https:\/\/newsestlyonnais.fr\/site\/#website\",\"url\":\"https:\/\/newsestlyonnais.fr\/site\/\",\"name\":\"News Est Lyonnais\",\"description\":\"L&#039;actualit\u00e9 au plus pr\u00e8s\",\"publisher\":{\"@id\":\"https:\/\/newsestlyonnais.fr\/site\/#organization\"},\"potentialAction\":[{\"@type\":\"SearchAction\",\"target\":{\"@type\":\"EntryPoint\",\"urlTemplate\":\"https:\/\/newsestlyonnais.fr\/site\/?s={search_term_string}\"},\"query-input\":{\"@type\":\"PropertyValueSpecification\",\"valueRequired\":true,\"valueName\":\"search_term_string\"}}],\"inLanguage\":\"fr-FR\"},{\"@type\":\"Organization\",\"@id\":\"https:\/\/newsestlyonnais.fr\/site\/#organization\",\"name\":\"News EST LYONNAIS\",\"url\":\"https:\/\/newsestlyonnais.fr\/site\/\",\"logo\":{\"@type\":\"ImageObject\",\"inLanguage\":\"fr-FR\",\"@id\":\"https:\/\/newsestlyonnais.fr\/site\/#\/schema\/logo\/image\/\",\"url\":\"\",\"contentUrl\":\"\",\"caption\":\"News EST LYONNAIS\"},\"image\":{\"@id\":\"https:\/\/newsestlyonnais.fr\/site\/#\/schema\/logo\/image\/\"}},{\"@type\":\"Person\",\"@id\":\"https:\/\/newsestlyonnais.fr\/site\/#\/schema\/person\/3230d5615f390bb808365d673001e887\",\"name\":\"R\u00e9dac. NEWS\",\"sameAs\":[\"http:\/\/www.newsestlyonnais.fr\",\"https:\/\/www.facebook.com\/pascal.oberson.1?fref=ts\",\"https:\/\/fr.linkedin.com\/in\/pascal-oberson-b17045113\"],\"url\":\"https:\/\/newsestlyonnais.fr\/site\/author\/nel\/\"}]}<\/script>\n<!-- \/ Yoast SEO plugin. -->","yoast_head_json":{"title":"VAULX EN VELIN : Kassim Chekoumar, une figure incontournable du Taekwondo Club !","description":"VAULX EN VELIN : Kassim Chekoumar, une figure incontournable du Taekwondo Club !","robots":{"index":"index","follow":"follow","max-snippet":"max-snippet:-1","max-image-preview":"max-image-preview:large","max-video-preview":"max-video-preview:-1"},"canonical":"https:\/\/newsestlyonnais.fr\/site\/2018\/08\/13\/vaulx-en-velin-kassim-chekoumar-figure-incontournable-du-taekwondo-club\/","og_locale":"fr_FR","og_type":"article","og_title":"VAULX EN VELIN : Kassim Chekoumar, une figure incontournable du Taekwondo Club !","og_description":"VAULX EN VELIN : Kassim Chekoumar, une figure incontournable du Taekwondo Club !","og_url":"https:\/\/newsestlyonnais.fr\/site\/2018\/08\/13\/vaulx-en-velin-kassim-chekoumar-figure-incontournable-du-taekwondo-club\/","og_site_name":"News Est Lyonnais","article_author":"https:\/\/www.facebook.com\/pascal.oberson.1?fref=ts","article_published_time":"2018-08-13T05:55:24+00:00","article_modified_time":"2020-10-24T14:08:12+00:00","og_image":[{"width":2048,"height":1536,"url":"https:\/\/i2.wp.com\/newsestlyonnais.fr\/site\/wp-content\/uploads\/2018\/08\/NEWSESTLYONNAIS-KASSIM-01.jpg?fit=2048%2C1536&ssl=1","type":"image\/jpeg"}],"author":"R\u00e9dac. NEWS","twitter_card":"summary_large_image","twitter_misc":{"\u00c9crit par":"R\u00e9dac. NEWS","Dur\u00e9e de lecture estim\u00e9e":"1 minute"},"schema":{"@context":"https:\/\/schema.org","@graph":[{"@type":"Article","@id":"https:\/\/newsestlyonnais.fr\/site\/2018\/08\/13\/vaulx-en-velin-kassim-chekoumar-figure-incontournable-du-taekwondo-club\/#article","isPartOf":{"@id":"https:\/\/newsestlyonnais.fr\/site\/2018\/08\/13\/vaulx-en-velin-kassim-chekoumar-figure-incontournable-du-taekwondo-club\/"},"author":{"name":"R\u00e9dac. NEWS","@id":"https:\/\/newsestlyonnais.fr\/site\/#\/schema\/person\/3230d5615f390bb808365d673001e887"},"headline":"VAULX-EN-VELIN | Kassim Chekoumar > figure incontournable du Taekwondo Club","datePublished":"2018-08-13T05:55:24+00:00","dateModified":"2020-10-24T14:08:12+00:00","mainEntityOfPage":{"@id":"https:\/\/newsestlyonnais.fr\/site\/2018\/08\/13\/vaulx-en-velin-kassim-chekoumar-figure-incontournable-du-taekwondo-club\/"},"wordCount":305,"commentCount":0,"publisher":{"@id":"https:\/\/newsestlyonnais.fr\/site\/#organization"},"image":{"@id":"https:\/\/newsestlyonnais.fr\/site\/2018\/08\/13\/vaulx-en-velin-kassim-chekoumar-figure-incontournable-du-taekwondo-club\/#primaryimage"},"thumbnailUrl":"https:\/\/newsestlyonnais.fr\/site\/wp-content\/uploads\/2018\/08\/NEWSESTLYONNAIS-KASSIM-01.jpg","articleSection":["Judo| Karat\u00e9| Taekwondo","Taekwondo","Vaulx-en-Velin"],"inLanguage":"fr-FR","potentialAction":[{"@type":"CommentAction","name":"Comment","target":["https:\/\/newsestlyonnais.fr\/site\/2018\/08\/13\/vaulx-en-velin-kassim-chekoumar-figure-incontournable-du-taekwondo-club\/#respond"]}]},{"@type":"WebPage","@id":"https:\/\/newsestlyonnais.fr\/site\/2018\/08\/13\/vaulx-en-velin-kassim-chekoumar-figure-incontournable-du-taekwondo-club\/","url":"https:\/\/newsestlyonnais.fr\/site\/2018\/08\/13\/vaulx-en-velin-kassim-chekoumar-figure-incontournable-du-taekwondo-club\/","name":"VAULX EN VELIN : Kassim Chekoumar, une figure incontournable du Taekwondo Club !","isPartOf":{"@id":"https:\/\/newsestlyonnais.fr\/site\/#website"},"primaryImageOfPage":{"@id":"https:\/\/newsestlyonnais.fr\/site\/2018\/08\/13\/vaulx-en-velin-kassim-chekoumar-figure-incontournable-du-taekwondo-club\/#primaryimage"},"image":{"@id":"https:\/\/newsestlyonnais.fr\/site\/2018\/08\/13\/vaulx-en-velin-kassim-chekoumar-figure-incontournable-du-taekwondo-club\/#primaryimage"},"thumbnailUrl":"https:\/\/newsestlyonnais.fr\/site\/wp-content\/uploads\/2018\/08\/NEWSESTLYONNAIS-KASSIM-01.jpg","datePublished":"2018-08-13T05:55:24+00:00","dateModified":"2020-10-24T14:08:12+00:00","description":"VAULX EN VELIN : Kassim Chekoumar, une figure incontournable du Taekwondo Club !","breadcrumb":{"@id":"https:\/\/newsestlyonnais.fr\/site\/2018\/08\/13\/vaulx-en-velin-kassim-chekoumar-figure-incontournable-du-taekwondo-club\/#breadcrumb"},"inLanguage":"fr-FR","potentialAction":[{"@type":"ReadAction","target":["https:\/\/newsestlyonnais.fr\/site\/2018\/08\/13\/vaulx-en-velin-kassim-chekoumar-figure-incontournable-du-taekwondo-club\/"]}]},{"@type":"ImageObject","inLanguage":"fr-FR","@id":"https:\/\/newsestlyonnais.fr\/site\/2018\/08\/13\/vaulx-en-velin-kassim-chekoumar-figure-incontournable-du-taekwondo-club\/#primaryimage","url":"https:\/\/newsestlyonnais.fr\/site\/wp-content\/uploads\/2018\/08\/NEWSESTLYONNAIS-KASSIM-01.jpg","contentUrl":"https:\/\/newsestlyonnais.fr\/site\/wp-content\/uploads\/2018\/08\/NEWSESTLYONNAIS-KASSIM-01.jpg","width":2048,"height":1536,"caption":"NEWSESTLYONNAIS- KASSIM 01"},{"@type":"BreadcrumbList","@id":"https:\/\/newsestlyonnais.fr\/site\/2018\/08\/13\/vaulx-en-velin-kassim-chekoumar-figure-incontournable-du-taekwondo-club\/#breadcrumb","itemListElement":[{"@type":"ListItem","position":1,"name":"Accueil","item":"https:\/\/newsestlyonnais.fr\/site\/"},{"@type":"ListItem","position":2,"name":"VAULX-EN-VELIN | Kassim Chekoumar > figure incontournable du Taekwondo Club"}]},{"@type":"WebSite","@id":"https:\/\/newsestlyonnais.fr\/site\/#website","url":"https:\/\/newsestlyonnais.fr\/site\/","name":"News Est Lyonnais","description":"L&#039;actualit\u00e9 au plus pr\u00e8s","publisher":{"@id":"https:\/\/newsestlyonnais.fr\/site\/#organization"},"potentialAction":[{"@type":"SearchAction","target":{"@type":"EntryPoint","urlTemplate":"https:\/\/newsestlyonnais.fr\/site\/?s={search_term_string}"},"query-input":{"@type":"PropertyValueSpecification","valueRequired":true,"valueName":"search_term_string"}}],"inLanguage":"fr-FR"},{"@type":"Organization","@id":"https:\/\/newsestlyonnais.fr\/site\/#organization","name":"News EST LYONNAIS","url":"https:\/\/newsestlyonnais.fr\/site\/","logo":{"@type":"ImageObject","inLanguage":"fr-FR","@id":"https:\/\/newsestlyonnais.fr\/site\/#\/schema\/logo\/image\/","url":"","contentUrl":"","caption":"News EST LYONNAIS"},"image":{"@id":"https:\/\/newsestlyonnais.fr\/site\/#\/schema\/logo\/image\/"}},{"@type":"Person","@id":"https:\/\/newsestlyonnais.fr\/site\/#\/schema\/person\/3230d5615f390bb808365d673001e887","name":"R\u00e9dac. NEWS","sameAs":["http:\/\/www.newsestlyonnais.fr","https:\/\/www.facebook.com\/pascal.oberson.1?fref=ts","https:\/\/fr.linkedin.com\/in\/pascal-oberson-b17045113"],"url":"https:\/\/newsestlyonnais.fr\/site\/author\/nel\/"}]}},"_links":{"self":[{"href":"https:\/\/newsestlyonnais.fr\/site\/wp-json\/wp\/v2\/posts\/55075","targetHints":{"allow":["GET"]}}],"collection":[{"href":"https:\/\/newsestlyonnais.fr\/site\/wp-json\/wp\/v2\/posts"}],"about":[{"href":"https:\/\/newsestlyonnais.fr\/site\/wp-json\/wp\/v2\/types\/post"}],"author":[{"embeddable":true,"href":"https:\/\/newsestlyonnais.fr\/site\/wp-json\/wp\/v2\/users\/4"}],"replies":[{"embeddable":true,"href":"https:\/\/newsestlyonnais.fr\/site\/wp-json\/wp\/v2\/comments?post=55075"}],"version-history":[{"count":0,"href":"https:\/\/newsestlyonnais.fr\/site\/wp-json\/wp\/v2\/posts\/55075\/revisions"}],"wp:featuredmedia":[{"embeddable":true,"href":"https:\/\/newsestlyonnais.fr\/site\/wp-json\/wp\/v2\/media\/55079"}],"wp:attachment":[{"href":"https:\/\/newsestlyonnais.fr\/site\/wp-json\/wp\/v2\/media?parent=55075"}],"wp:term":[{"taxonomy":"category","embeddable":true,"href":"https:\/\/newsestlyonnais.fr\/site\/wp-json\/wp\/v2\/categories?post=55075"},{"taxonomy":"post_tag","embeddable":true,"href":"https:\/\/newsestlyonnais.fr\/site\/wp-json\/wp\/v2\/tags?post=55075"}],"curies":[{"name":"wp","href":"https:\/\/api.w.org\/{rel}","templated":true}]}}