{"id":55092,"date":"2018-06-08T09:42:03","date_gmt":"2018-06-08T08:42:03","guid":{"rendered":"http:\/\/newsestlyonnais.fr\/site\/?p=55092"},"modified":"2020-11-02T11:14:23","modified_gmt":"2020-11-02T10:14:23","slug":"vaulx-en-velin-elsa-bedu-nominee-pour-la-meilleure-joueuse-francaise-de-lannee","status":"publish","type":"post","link":"https:\/\/newsestlyonnais.fr\/site\/2018\/06\/08\/vaulx-en-velin-elsa-bedu-nominee-pour-la-meilleure-joueuse-francaise-de-lannee\/","title":{"rendered":"VAULX-EN-VELIN | Elsa Bedu nomin\u00e9e pour la meilleure joueuse fran\u00e7aise de l\u2019ann\u00e9e"},"content":{"rendered":"<h4>Une vaudaise a \u00e9t\u00e9 retenue par le jury de la F\u00e9d\u00e9ration Fran\u00e7aise de Rugby \u00e0 XIII parmi les 3 joueuses nomin\u00e9es pour la Cat\u00e9gorie \u00ab\u00a0<b>MEILLEURE JOUEUSE FEMININE de l\u2019Ann\u00e9e 2018\u2033.<\/b><\/h4>\n<div>Ceci en vue de la <b>c\u00e9r\u00e9monie des XIII d\u2019Or 2018<\/b> organis\u00e9e par la FFR XIII et qui se d\u00e9roulera le samedi 9 juin \u00e0 partir de 20 heures au Marina de Port Barcar\u00e8s. L\u2019une des 3 joueuses : <strong>Elsa Bedu (LVR\/VVRL XIII)<\/strong>, Cyndia Mansard (Toulouse Ovalie) &amp; Elisa Ciria (Biganos) sera l\u2019heureuse \u00e9lue de cette 1\u00b0 \u00e9dition r\u00e9compensant celles qui ont fait briller la saison 2017\/2018 en rugby \u00e0 XIII.<\/div>\n<div>\n<p>\u00a0\u00bb Cette r\u00e9compense est largement m\u00e9rit\u00e9e car tes performances ont contribu\u00e9 aux r\u00e9sultats et au rendement de l\u2019\u00e9quipe des Lionnes de LVR-VVRL qui apr\u00e8s leur titre de Championnes de France en Juin 2017 terminent 3\u00b0 et sur le podium de la Poule ELITE F\u00e9minines. Une formation qualifi\u00e9e pour les demi-finales du Championnat de France Elite qui auront lieu le dimanche 17 Juin prochain et en course pour peut-\u00eatre un deuxi\u00e8me titre de championnes ? Je me souviens que tu avais \u00e9t\u00e9 \u00e9lue meilleure joueuse de la rencontre France-Italie qui a eu lieu \u00e0 Toulon en F\u00e9vrier dernier. Les clubs de LVR , VVRL et le Comit\u00e9 du Rh\u00f4ne de Rugby \u00e0 XIII sont tr\u00e8s heureux de cette nomination m\u00e9rit\u00e9e et te f\u00e9licitent. Ils esp\u00e8rent que la derni\u00e8re \u00e9tape sera couronn\u00e9e de succ\u00e8s\u2026..On saura le 9 juin qui sera retenue \u00ab\u00a0JOUEUSE ELITE de L\u2019ANNEE 2018\u2033 mais d\u2019ores d\u00e9j\u00e0 ton premier parcours avec les LIONNES aura \u00e9t\u00e9 tr\u00e8s r\u00e9ussi pour toi qui a d\u00e9couvert le Rugby \u00e0 XIII en Septembre dernier apr\u00e8s des d\u00e9buts rugbystiques \u00e0 l\u2019INSA de Rouen et un retour dans la M\u00e9tropole de Lyon avec un dipl\u00f4me d\u2019ing\u00e9nieur INSA en poche. BRAVO\u00a0\u00bb <em><strong>confie <\/strong><\/em><em><strong>Jacques Cavezzan (Pr\u00e9sident du Comit\u00e9 du Rh\u00f4ne de Rugby \u00e0 XIII<\/strong><\/em>).<\/p>\n<p><em><strong>Elsa Bedu (\u00e0 droite sur la PHOTO A LA UNE)<\/strong> <\/em><\/p>\n<\/div>\n","protected":false},"excerpt":{"rendered":"<p>Une vaudaise a \u00e9t\u00e9 retenue par le jury de la F\u00e9d\u00e9ration Fran\u00e7aise de Rugby \u00e0 XIII parmi les 3 joueuses nomin\u00e9es pour la Cat\u00e9gorie \u00ab\u00a0MEILLEURE JOUEUSE FEMININE de l\u2019Ann\u00e9e 2018\u2033. Ceci en vue de la c\u00e9r\u00e9monie des XIII d\u2019Or 2018 organis\u00e9e par la FFR XIII et qui se d\u00e9roulera le samedi 9 juin \u00e0 partir [&hellip;]<\/p>\n","protected":false},"author":4,"featured_media":55094,"comment_status":"open","ping_status":"open","sticky":false,"template":"","format":"standard","meta":{"footnotes":""},"categories":[3421,2996,168,28],"tags":[],"class_list":["post-55092","post","type-post","status-publish","format-standard","has-post-thumbnail","hentry","category-feminin-actu-au","category-football-rugby","category-rugby-a-xiii","category-vaulx-en-velin"],"yoast_head":"<!-- This site is optimized with the Yoast SEO plugin v27.2 - https:\/\/yoast.com\/product\/yoast-seo-wordpress\/ -->\n<title>VAULX EN VELIN : Elsa Bedu (Vaulx Rugby League) nomin\u00e9e pour la meilleure joueuse fran\u00e7aise de l\u2019ann\u00e9e<\/title>\n<meta name=\"description\" content=\"VAULX EN VELIN : Elsa Bedu (Vaulx Rugby League) nomin\u00e9e pour la meilleure joueuse fran\u00e7aise de l\u2019ann\u00e9e\" \/>\n<meta name=\"robots\" content=\"index, follow, max-snippet:-1, max-image-preview:large, max-video-preview:-1\" \/>\n<link rel=\"canonical\" href=\"https:\/\/newsestlyonnais.fr\/site\/2018\/06\/08\/vaulx-en-velin-elsa-bedu-nominee-pour-la-meilleure-joueuse-francaise-de-lannee\/\" \/>\n<meta property=\"og:locale\" content=\"fr_FR\" \/>\n<meta property=\"og:type\" content=\"article\" \/>\n<meta property=\"og:title\" content=\"VAULX EN VELIN : Elsa Bedu (Vaulx Rugby League) nomin\u00e9e pour la meilleure joueuse fran\u00e7aise de l\u2019ann\u00e9e\" \/>\n<meta property=\"og:description\" content=\"VAULX EN VELIN : Elsa Bedu (Vaulx Rugby League) nomin\u00e9e pour la meilleure joueuse fran\u00e7aise de l\u2019ann\u00e9e\" \/>\n<meta property=\"og:url\" content=\"https:\/\/newsestlyonnais.fr\/site\/2018\/06\/08\/vaulx-en-velin-elsa-bedu-nominee-pour-la-meilleure-joueuse-francaise-de-lannee\/\" \/>\n<meta property=\"og:site_name\" content=\"News Est Lyonnais\" \/>\n<meta property=\"article:author\" content=\"https:\/\/www.facebook.com\/pascal.oberson.1?fref=ts\" \/>\n<meta property=\"article:published_time\" content=\"2018-06-08T08:42:03+00:00\" \/>\n<meta property=\"article:modified_time\" content=\"2020-11-02T10:14:23+00:00\" \/>\n<meta property=\"og:image\" content=\"https:\/\/i1.wp.com\/newsestlyonnais.fr\/site\/wp-content\/uploads\/2018\/08\/NEWSESTLYONNAIS-Elsa-Bedue-700x418.jpg?fit=700%2C418&ssl=1\" \/>\n\t<meta property=\"og:image:width\" content=\"700\" \/>\n\t<meta property=\"og:image:height\" content=\"418\" \/>\n\t<meta property=\"og:image:type\" content=\"image\/jpeg\" \/>\n<meta name=\"author\" content=\"R\u00e9dac. NEWS\" \/>\n<meta name=\"twitter:card\" content=\"summary_large_image\" \/>\n<meta name=\"twitter:label1\" content=\"\u00c9crit par\" \/>\n\t<meta name=\"twitter:data1\" content=\"R\u00e9dac. NEWS\" \/>\n\t<meta name=\"twitter:label2\" content=\"Dur\u00e9e de lecture estim\u00e9e\" \/>\n\t<meta name=\"twitter:data2\" content=\"2 minutes\" \/>\n<script type=\"application\/ld+json\" class=\"yoast-schema-graph\">{\"@context\":\"https:\/\/schema.org\",\"@graph\":[{\"@type\":\"Article\",\"@id\":\"https:\/\/newsestlyonnais.fr\/site\/2018\/06\/08\/vaulx-en-velin-elsa-bedu-nominee-pour-la-meilleure-joueuse-francaise-de-lannee\/#article\",\"isPartOf\":{\"@id\":\"https:\/\/newsestlyonnais.fr\/site\/2018\/06\/08\/vaulx-en-velin-elsa-bedu-nominee-pour-la-meilleure-joueuse-francaise-de-lannee\/\"},\"author\":{\"name\":\"R\u00e9dac. NEWS\",\"@id\":\"https:\/\/newsestlyonnais.fr\/site\/#\/schema\/person\/3230d5615f390bb808365d673001e887\"},\"headline\":\"VAULX-EN-VELIN | Elsa Bedu nomin\u00e9e pour la meilleure joueuse fran\u00e7aise de l\u2019ann\u00e9e\",\"datePublished\":\"2018-06-08T08:42:03+00:00\",\"dateModified\":\"2020-11-02T10:14:23+00:00\",\"mainEntityOfPage\":{\"@id\":\"https:\/\/newsestlyonnais.fr\/site\/2018\/06\/08\/vaulx-en-velin-elsa-bedu-nominee-pour-la-meilleure-joueuse-francaise-de-lannee\/\"},\"wordCount\":357,\"commentCount\":0,\"publisher\":{\"@id\":\"https:\/\/newsestlyonnais.fr\/site\/#organization\"},\"image\":{\"@id\":\"https:\/\/newsestlyonnais.fr\/site\/2018\/06\/08\/vaulx-en-velin-elsa-bedu-nominee-pour-la-meilleure-joueuse-francaise-de-lannee\/#primaryimage\"},\"thumbnailUrl\":\"https:\/\/newsestlyonnais.fr\/site\/wp-content\/uploads\/2018\/08\/NEWSESTLYONNAIS-Elsa-Bedue-700x418.jpg\",\"articleSection\":[\"F\u00e9minin (Actu au)\",\"Foot | Rugby\",\"RUGBY \u00e0 XIII\",\"Vaulx-en-Velin\"],\"inLanguage\":\"fr-FR\",\"potentialAction\":[{\"@type\":\"CommentAction\",\"name\":\"Comment\",\"target\":[\"https:\/\/newsestlyonnais.fr\/site\/2018\/06\/08\/vaulx-en-velin-elsa-bedu-nominee-pour-la-meilleure-joueuse-francaise-de-lannee\/#respond\"]}]},{\"@type\":\"WebPage\",\"@id\":\"https:\/\/newsestlyonnais.fr\/site\/2018\/06\/08\/vaulx-en-velin-elsa-bedu-nominee-pour-la-meilleure-joueuse-francaise-de-lannee\/\",\"url\":\"https:\/\/newsestlyonnais.fr\/site\/2018\/06\/08\/vaulx-en-velin-elsa-bedu-nominee-pour-la-meilleure-joueuse-francaise-de-lannee\/\",\"name\":\"VAULX EN VELIN : Elsa Bedu (Vaulx Rugby League) nomin\u00e9e pour la meilleure joueuse fran\u00e7aise de l\u2019ann\u00e9e\",\"isPartOf\":{\"@id\":\"https:\/\/newsestlyonnais.fr\/site\/#website\"},\"primaryImageOfPage\":{\"@id\":\"https:\/\/newsestlyonnais.fr\/site\/2018\/06\/08\/vaulx-en-velin-elsa-bedu-nominee-pour-la-meilleure-joueuse-francaise-de-lannee\/#primaryimage\"},\"image\":{\"@id\":\"https:\/\/newsestlyonnais.fr\/site\/2018\/06\/08\/vaulx-en-velin-elsa-bedu-nominee-pour-la-meilleure-joueuse-francaise-de-lannee\/#primaryimage\"},\"thumbnailUrl\":\"https:\/\/newsestlyonnais.fr\/site\/wp-content\/uploads\/2018\/08\/NEWSESTLYONNAIS-Elsa-Bedue-700x418.jpg\",\"datePublished\":\"2018-06-08T08:42:03+00:00\",\"dateModified\":\"2020-11-02T10:14:23+00:00\",\"description\":\"VAULX EN VELIN : Elsa Bedu (Vaulx Rugby League) nomin\u00e9e pour la meilleure joueuse fran\u00e7aise de l\u2019ann\u00e9e\",\"breadcrumb\":{\"@id\":\"https:\/\/newsestlyonnais.fr\/site\/2018\/06\/08\/vaulx-en-velin-elsa-bedu-nominee-pour-la-meilleure-joueuse-francaise-de-lannee\/#breadcrumb\"},\"inLanguage\":\"fr-FR\",\"potentialAction\":[{\"@type\":\"ReadAction\",\"target\":[\"https:\/\/newsestlyonnais.fr\/site\/2018\/06\/08\/vaulx-en-velin-elsa-bedu-nominee-pour-la-meilleure-joueuse-francaise-de-lannee\/\"]}]},{\"@type\":\"ImageObject\",\"inLanguage\":\"fr-FR\",\"@id\":\"https:\/\/newsestlyonnais.fr\/site\/2018\/06\/08\/vaulx-en-velin-elsa-bedu-nominee-pour-la-meilleure-joueuse-francaise-de-lannee\/#primaryimage\",\"url\":\"https:\/\/newsestlyonnais.fr\/site\/wp-content\/uploads\/2018\/08\/NEWSESTLYONNAIS-Elsa-Bedue-700x418.jpg\",\"contentUrl\":\"https:\/\/newsestlyonnais.fr\/site\/wp-content\/uploads\/2018\/08\/NEWSESTLYONNAIS-Elsa-Bedue-700x418.jpg\",\"width\":700,\"height\":418,\"caption\":\"NEWSESTLYONNAIS-Elsa-Bedue--700x418\"},{\"@type\":\"BreadcrumbList\",\"@id\":\"https:\/\/newsestlyonnais.fr\/site\/2018\/06\/08\/vaulx-en-velin-elsa-bedu-nominee-pour-la-meilleure-joueuse-francaise-de-lannee\/#breadcrumb\",\"itemListElement\":[{\"@type\":\"ListItem\",\"position\":1,\"name\":\"Accueil\",\"item\":\"https:\/\/newsestlyonnais.fr\/site\/\"},{\"@type\":\"ListItem\",\"position\":2,\"name\":\"VAULX-EN-VELIN | Elsa Bedu nomin\u00e9e pour la meilleure joueuse fran\u00e7aise de l\u2019ann\u00e9e\"}]},{\"@type\":\"WebSite\",\"@id\":\"https:\/\/newsestlyonnais.fr\/site\/#website\",\"url\":\"https:\/\/newsestlyonnais.fr\/site\/\",\"name\":\"News Est Lyonnais\",\"description\":\"L&#039;actualit\u00e9 au plus pr\u00e8s\",\"publisher\":{\"@id\":\"https:\/\/newsestlyonnais.fr\/site\/#organization\"},\"potentialAction\":[{\"@type\":\"SearchAction\",\"target\":{\"@type\":\"EntryPoint\",\"urlTemplate\":\"https:\/\/newsestlyonnais.fr\/site\/?s={search_term_string}\"},\"query-input\":{\"@type\":\"PropertyValueSpecification\",\"valueRequired\":true,\"valueName\":\"search_term_string\"}}],\"inLanguage\":\"fr-FR\"},{\"@type\":\"Organization\",\"@id\":\"https:\/\/newsestlyonnais.fr\/site\/#organization\",\"name\":\"News EST LYONNAIS\",\"url\":\"https:\/\/newsestlyonnais.fr\/site\/\",\"logo\":{\"@type\":\"ImageObject\",\"inLanguage\":\"fr-FR\",\"@id\":\"https:\/\/newsestlyonnais.fr\/site\/#\/schema\/logo\/image\/\",\"url\":\"\",\"contentUrl\":\"\",\"caption\":\"News EST LYONNAIS\"},\"image\":{\"@id\":\"https:\/\/newsestlyonnais.fr\/site\/#\/schema\/logo\/image\/\"}},{\"@type\":\"Person\",\"@id\":\"https:\/\/newsestlyonnais.fr\/site\/#\/schema\/person\/3230d5615f390bb808365d673001e887\",\"name\":\"R\u00e9dac. NEWS\",\"sameAs\":[\"http:\/\/www.newsestlyonnais.fr\",\"https:\/\/www.facebook.com\/pascal.oberson.1?fref=ts\",\"https:\/\/fr.linkedin.com\/in\/pascal-oberson-b17045113\"],\"url\":\"https:\/\/newsestlyonnais.fr\/site\/author\/nel\/\"}]}<\/script>\n<!-- \/ Yoast SEO plugin. -->","yoast_head_json":{"title":"VAULX EN VELIN : Elsa Bedu (Vaulx Rugby League) nomin\u00e9e pour la meilleure joueuse fran\u00e7aise de l\u2019ann\u00e9e","description":"VAULX EN VELIN : Elsa Bedu (Vaulx Rugby League) nomin\u00e9e pour la meilleure joueuse fran\u00e7aise de l\u2019ann\u00e9e","robots":{"index":"index","follow":"follow","max-snippet":"max-snippet:-1","max-image-preview":"max-image-preview:large","max-video-preview":"max-video-preview:-1"},"canonical":"https:\/\/newsestlyonnais.fr\/site\/2018\/06\/08\/vaulx-en-velin-elsa-bedu-nominee-pour-la-meilleure-joueuse-francaise-de-lannee\/","og_locale":"fr_FR","og_type":"article","og_title":"VAULX EN VELIN : Elsa Bedu (Vaulx Rugby League) nomin\u00e9e pour la meilleure joueuse fran\u00e7aise de l\u2019ann\u00e9e","og_description":"VAULX EN VELIN : Elsa Bedu (Vaulx Rugby League) nomin\u00e9e pour la meilleure joueuse fran\u00e7aise de l\u2019ann\u00e9e","og_url":"https:\/\/newsestlyonnais.fr\/site\/2018\/06\/08\/vaulx-en-velin-elsa-bedu-nominee-pour-la-meilleure-joueuse-francaise-de-lannee\/","og_site_name":"News Est Lyonnais","article_author":"https:\/\/www.facebook.com\/pascal.oberson.1?fref=ts","article_published_time":"2018-06-08T08:42:03+00:00","article_modified_time":"2020-11-02T10:14:23+00:00","og_image":[{"width":700,"height":418,"url":"https:\/\/i1.wp.com\/newsestlyonnais.fr\/site\/wp-content\/uploads\/2018\/08\/NEWSESTLYONNAIS-Elsa-Bedue-700x418.jpg?fit=700%2C418&ssl=1","type":"image\/jpeg"}],"author":"R\u00e9dac. NEWS","twitter_card":"summary_large_image","twitter_misc":{"\u00c9crit par":"R\u00e9dac. NEWS","Dur\u00e9e de lecture estim\u00e9e":"2 minutes"},"schema":{"@context":"https:\/\/schema.org","@graph":[{"@type":"Article","@id":"https:\/\/newsestlyonnais.fr\/site\/2018\/06\/08\/vaulx-en-velin-elsa-bedu-nominee-pour-la-meilleure-joueuse-francaise-de-lannee\/#article","isPartOf":{"@id":"https:\/\/newsestlyonnais.fr\/site\/2018\/06\/08\/vaulx-en-velin-elsa-bedu-nominee-pour-la-meilleure-joueuse-francaise-de-lannee\/"},"author":{"name":"R\u00e9dac. NEWS","@id":"https:\/\/newsestlyonnais.fr\/site\/#\/schema\/person\/3230d5615f390bb808365d673001e887"},"headline":"VAULX-EN-VELIN | Elsa Bedu nomin\u00e9e pour la meilleure joueuse fran\u00e7aise de l\u2019ann\u00e9e","datePublished":"2018-06-08T08:42:03+00:00","dateModified":"2020-11-02T10:14:23+00:00","mainEntityOfPage":{"@id":"https:\/\/newsestlyonnais.fr\/site\/2018\/06\/08\/vaulx-en-velin-elsa-bedu-nominee-pour-la-meilleure-joueuse-francaise-de-lannee\/"},"wordCount":357,"commentCount":0,"publisher":{"@id":"https:\/\/newsestlyonnais.fr\/site\/#organization"},"image":{"@id":"https:\/\/newsestlyonnais.fr\/site\/2018\/06\/08\/vaulx-en-velin-elsa-bedu-nominee-pour-la-meilleure-joueuse-francaise-de-lannee\/#primaryimage"},"thumbnailUrl":"https:\/\/newsestlyonnais.fr\/site\/wp-content\/uploads\/2018\/08\/NEWSESTLYONNAIS-Elsa-Bedue-700x418.jpg","articleSection":["F\u00e9minin (Actu au)","Foot | Rugby","RUGBY \u00e0 XIII","Vaulx-en-Velin"],"inLanguage":"fr-FR","potentialAction":[{"@type":"CommentAction","name":"Comment","target":["https:\/\/newsestlyonnais.fr\/site\/2018\/06\/08\/vaulx-en-velin-elsa-bedu-nominee-pour-la-meilleure-joueuse-francaise-de-lannee\/#respond"]}]},{"@type":"WebPage","@id":"https:\/\/newsestlyonnais.fr\/site\/2018\/06\/08\/vaulx-en-velin-elsa-bedu-nominee-pour-la-meilleure-joueuse-francaise-de-lannee\/","url":"https:\/\/newsestlyonnais.fr\/site\/2018\/06\/08\/vaulx-en-velin-elsa-bedu-nominee-pour-la-meilleure-joueuse-francaise-de-lannee\/","name":"VAULX EN VELIN : Elsa Bedu (Vaulx Rugby League) nomin\u00e9e pour la meilleure joueuse fran\u00e7aise de l\u2019ann\u00e9e","isPartOf":{"@id":"https:\/\/newsestlyonnais.fr\/site\/#website"},"primaryImageOfPage":{"@id":"https:\/\/newsestlyonnais.fr\/site\/2018\/06\/08\/vaulx-en-velin-elsa-bedu-nominee-pour-la-meilleure-joueuse-francaise-de-lannee\/#primaryimage"},"image":{"@id":"https:\/\/newsestlyonnais.fr\/site\/2018\/06\/08\/vaulx-en-velin-elsa-bedu-nominee-pour-la-meilleure-joueuse-francaise-de-lannee\/#primaryimage"},"thumbnailUrl":"https:\/\/newsestlyonnais.fr\/site\/wp-content\/uploads\/2018\/08\/NEWSESTLYONNAIS-Elsa-Bedue-700x418.jpg","datePublished":"2018-06-08T08:42:03+00:00","dateModified":"2020-11-02T10:14:23+00:00","description":"VAULX EN VELIN : Elsa Bedu (Vaulx Rugby League) nomin\u00e9e pour la meilleure joueuse fran\u00e7aise de l\u2019ann\u00e9e","breadcrumb":{"@id":"https:\/\/newsestlyonnais.fr\/site\/2018\/06\/08\/vaulx-en-velin-elsa-bedu-nominee-pour-la-meilleure-joueuse-francaise-de-lannee\/#breadcrumb"},"inLanguage":"fr-FR","potentialAction":[{"@type":"ReadAction","target":["https:\/\/newsestlyonnais.fr\/site\/2018\/06\/08\/vaulx-en-velin-elsa-bedu-nominee-pour-la-meilleure-joueuse-francaise-de-lannee\/"]}]},{"@type":"ImageObject","inLanguage":"fr-FR","@id":"https:\/\/newsestlyonnais.fr\/site\/2018\/06\/08\/vaulx-en-velin-elsa-bedu-nominee-pour-la-meilleure-joueuse-francaise-de-lannee\/#primaryimage","url":"https:\/\/newsestlyonnais.fr\/site\/wp-content\/uploads\/2018\/08\/NEWSESTLYONNAIS-Elsa-Bedue-700x418.jpg","contentUrl":"https:\/\/newsestlyonnais.fr\/site\/wp-content\/uploads\/2018\/08\/NEWSESTLYONNAIS-Elsa-Bedue-700x418.jpg","width":700,"height":418,"caption":"NEWSESTLYONNAIS-Elsa-Bedue--700x418"},{"@type":"BreadcrumbList","@id":"https:\/\/newsestlyonnais.fr\/site\/2018\/06\/08\/vaulx-en-velin-elsa-bedu-nominee-pour-la-meilleure-joueuse-francaise-de-lannee\/#breadcrumb","itemListElement":[{"@type":"ListItem","position":1,"name":"Accueil","item":"https:\/\/newsestlyonnais.fr\/site\/"},{"@type":"ListItem","position":2,"name":"VAULX-EN-VELIN | Elsa Bedu nomin\u00e9e pour la meilleure joueuse fran\u00e7aise de l\u2019ann\u00e9e"}]},{"@type":"WebSite","@id":"https:\/\/newsestlyonnais.fr\/site\/#website","url":"https:\/\/newsestlyonnais.fr\/site\/","name":"News Est Lyonnais","description":"L&#039;actualit\u00e9 au plus pr\u00e8s","publisher":{"@id":"https:\/\/newsestlyonnais.fr\/site\/#organization"},"potentialAction":[{"@type":"SearchAction","target":{"@type":"EntryPoint","urlTemplate":"https:\/\/newsestlyonnais.fr\/site\/?s={search_term_string}"},"query-input":{"@type":"PropertyValueSpecification","valueRequired":true,"valueName":"search_term_string"}}],"inLanguage":"fr-FR"},{"@type":"Organization","@id":"https:\/\/newsestlyonnais.fr\/site\/#organization","name":"News EST LYONNAIS","url":"https:\/\/newsestlyonnais.fr\/site\/","logo":{"@type":"ImageObject","inLanguage":"fr-FR","@id":"https:\/\/newsestlyonnais.fr\/site\/#\/schema\/logo\/image\/","url":"","contentUrl":"","caption":"News EST LYONNAIS"},"image":{"@id":"https:\/\/newsestlyonnais.fr\/site\/#\/schema\/logo\/image\/"}},{"@type":"Person","@id":"https:\/\/newsestlyonnais.fr\/site\/#\/schema\/person\/3230d5615f390bb808365d673001e887","name":"R\u00e9dac. NEWS","sameAs":["http:\/\/www.newsestlyonnais.fr","https:\/\/www.facebook.com\/pascal.oberson.1?fref=ts","https:\/\/fr.linkedin.com\/in\/pascal-oberson-b17045113"],"url":"https:\/\/newsestlyonnais.fr\/site\/author\/nel\/"}]}},"_links":{"self":[{"href":"https:\/\/newsestlyonnais.fr\/site\/wp-json\/wp\/v2\/posts\/55092","targetHints":{"allow":["GET"]}}],"collection":[{"href":"https:\/\/newsestlyonnais.fr\/site\/wp-json\/wp\/v2\/posts"}],"about":[{"href":"https:\/\/newsestlyonnais.fr\/site\/wp-json\/wp\/v2\/types\/post"}],"author":[{"embeddable":true,"href":"https:\/\/newsestlyonnais.fr\/site\/wp-json\/wp\/v2\/users\/4"}],"replies":[{"embeddable":true,"href":"https:\/\/newsestlyonnais.fr\/site\/wp-json\/wp\/v2\/comments?post=55092"}],"version-history":[{"count":0,"href":"https:\/\/newsestlyonnais.fr\/site\/wp-json\/wp\/v2\/posts\/55092\/revisions"}],"wp:featuredmedia":[{"embeddable":true,"href":"https:\/\/newsestlyonnais.fr\/site\/wp-json\/wp\/v2\/media\/55094"}],"wp:attachment":[{"href":"https:\/\/newsestlyonnais.fr\/site\/wp-json\/wp\/v2\/media?parent=55092"}],"wp:term":[{"taxonomy":"category","embeddable":true,"href":"https:\/\/newsestlyonnais.fr\/site\/wp-json\/wp\/v2\/categories?post=55092"},{"taxonomy":"post_tag","embeddable":true,"href":"https:\/\/newsestlyonnais.fr\/site\/wp-json\/wp\/v2\/tags?post=55092"}],"curies":[{"name":"wp","href":"https:\/\/api.w.org\/{rel}","templated":true}]}}