{"id":55106,"date":"2018-08-16T18:21:57","date_gmt":"2018-08-16T17:21:57","guid":{"rendered":"http:\/\/newsestlyonnais.fr\/site\/?p=55106"},"modified":"2020-10-28T16:41:58","modified_gmt":"2020-10-28T15:41:58","slug":"vaulx-en-velin-la-section-karate-de-la-mjc-est-en-constante-progression","status":"publish","type":"post","link":"https:\/\/newsestlyonnais.fr\/site\/2018\/08\/16\/vaulx-en-velin-la-section-karate-de-la-mjc-est-en-constante-progression\/","title":{"rendered":"VAULX-EN-VELIN | La section karat\u00e9 de la MJC est en constante progression"},"content":{"rendered":"<p><strong>Effectif en hausse, nouvelles ceintures noires et plusieurs titres nationaux, le bilan annuel est positif du c\u00f4t\u00e9 de la section karat\u00e9 de la MJC de Vaulx en Velin.<\/strong><\/p>\n<p>Son responsable Paco Martinez, fait un tour d\u2019horizon global et sportif de la situation \u00e0 l\u2019issue d\u2019une saison une nouvelle fois bien remplie.<\/p>\n<p>\u00bb La section est en progression notamment au niveau effectif avec 256 licenci\u00e9s et une augmentation sensible tant en f\u00e9minines (37 %) qu\u2019en vaudais (80 %).<\/p>\n<p>On a d\u2019autre part enregistr\u00e9 3 nouvelles ceintures noires (2 chez les filles et une en gar\u00e7ons) et 2 professeurs (Hocine Kenouchi &amp; Alexandre Da Silva) ont obtenu leur dipl\u00f4me individuel f\u00e9d\u00e9ral.<\/p>\n<p>Sur le plan sportif, les r\u00e9sultats ont \u00e9t\u00e9 plut\u00f4t moyens mais on a quand m\u00eame d\u00e9croch\u00e9 5 titres de champions de France karat\u00e9 contact (en championnat et en coupe de France) \u00e0 Arnas et \u00e0 Nice. La section \u00e9tait pr\u00e9sente sur toutes les comp\u00e9titions sauf les championnats de France \u00e0 Valenciennes et on a comptabilis\u00e9 18 qualifi\u00e9s dans les divers championnats.<\/p>\n<p>Sinon on continue \u00e0 se d\u00e9velopper puisque tous les cours sont satur\u00e9s (enfants, parents, \u00e9cole de karat\u00e9 et baby-karat\u00e9) et l\u2019\u00e9quipe reste soud\u00e9e et bien structur\u00e9e. On dispose de 7 encadrants b\u00e9n\u00e9voles et on va signer une convention de partenariat avec MSPORT afin que les jeunes puissent effectuer un travail musculaire sp\u00e9cifique une matin\u00e9e par semaine.<\/p>\n<p>D\u2019autres projets sont aussi pr\u00e9vus comme assurer la formation de 5 jeunes en premiers secours (PSC1) et 3 en BAFA et plusieurs autres vont participer fin Ao\u00fbt \u00e0 Montpellier \u00e0 un stage de haut grad\u00e9s. Pour 2019, un d\u00e9placement \u00e0 Lausanne (Suisse) est envisag\u00e9 pour les enfants autour des J.O. et en 2020, on souhaite faire partir une \u00e9quipe de jeunes pour assister aux JO de Tokyo.<\/p>\n<p>Enfin on aimerait \u00e9galement co-organiser en 2019, au Palais des Sports et avec la F\u00e9d\u00e9ration Fran\u00e7aise de karat\u00e9 et la Ligue R\u00e9gionale, 2 manifestations nationales : des championnats de France karat\u00e9 contact (fin avril) et benjamins (fin mai)\u00a0\u00bb. conclut le responsable de la section vaudaise.<\/p>\n","protected":false},"excerpt":{"rendered":"<p>Effectif en hausse, nouvelles ceintures noires et plusieurs titres nationaux, le bilan annuel est positif du c\u00f4t\u00e9 de la section karat\u00e9 de la MJC de Vaulx en Velin. Son responsable Paco Martinez, fait un tour d\u2019horizon global et sportif de la situation \u00e0 l\u2019issue d\u2019une saison une nouvelle fois bien remplie. \u00bb La section est [&hellip;]<\/p>\n","protected":false},"author":4,"featured_media":55109,"comment_status":"open","ping_status":"open","sticky":false,"template":"","format":"standard","meta":{"footnotes":""},"categories":[3003,4,2994,1353,28],"tags":[],"class_list":["post-55106","post","type-post","status-publish","format-standard","has-post-thumbnail","hentry","category-bibliotheque-mediatheque-mjc","category-evenements-divers","category-judo-karate-taekwondo-sports","category-karate","category-vaulx-en-velin"],"yoast_head":"<!-- This site is optimized with the Yoast SEO plugin v27.2 - https:\/\/yoast.com\/product\/yoast-seo-wordpress\/ -->\n<title>VAULX EN VELIN : La section karat\u00e9 de la MJC est en constante progression<\/title>\n<meta name=\"description\" content=\"VAULX EN VELIN : La section karat\u00e9 de la MJC est en constante progression\" \/>\n<meta name=\"robots\" content=\"index, follow, max-snippet:-1, max-image-preview:large, max-video-preview:-1\" \/>\n<link rel=\"canonical\" href=\"https:\/\/newsestlyonnais.fr\/site\/2018\/08\/16\/vaulx-en-velin-la-section-karate-de-la-mjc-est-en-constante-progression\/\" \/>\n<meta property=\"og:locale\" content=\"fr_FR\" \/>\n<meta property=\"og:type\" content=\"article\" \/>\n<meta property=\"og:title\" content=\"VAULX EN VELIN : La section karat\u00e9 de la MJC est en constante progression\" \/>\n<meta property=\"og:description\" content=\"VAULX EN VELIN : La section karat\u00e9 de la MJC est en constante progression\" \/>\n<meta property=\"og:url\" content=\"https:\/\/newsestlyonnais.fr\/site\/2018\/08\/16\/vaulx-en-velin-la-section-karate-de-la-mjc-est-en-constante-progression\/\" \/>\n<meta property=\"og:site_name\" content=\"News Est Lyonnais\" \/>\n<meta property=\"article:author\" content=\"https:\/\/www.facebook.com\/pascal.oberson.1?fref=ts\" \/>\n<meta property=\"article:published_time\" content=\"2018-08-16T17:21:57+00:00\" \/>\n<meta property=\"article:modified_time\" content=\"2020-10-28T15:41:58+00:00\" \/>\n<meta property=\"og:image\" content=\"https:\/\/i1.wp.com\/newsestlyonnais.fr\/site\/wp-content\/uploads\/2018\/08\/NEWSESTLYONNAIS-MJC-KARATE-BILAN.jpg?fit=1200%2C583&ssl=1\" \/>\n\t<meta property=\"og:image:width\" content=\"1200\" \/>\n\t<meta property=\"og:image:height\" content=\"583\" \/>\n\t<meta property=\"og:image:type\" content=\"image\/jpeg\" \/>\n<meta name=\"author\" content=\"R\u00e9dac. NEWS\" \/>\n<meta name=\"twitter:card\" content=\"summary_large_image\" \/>\n<meta name=\"twitter:label1\" content=\"\u00c9crit par\" \/>\n\t<meta name=\"twitter:data1\" content=\"R\u00e9dac. NEWS\" \/>\n\t<meta name=\"twitter:label2\" content=\"Dur\u00e9e de lecture estim\u00e9e\" \/>\n\t<meta name=\"twitter:data2\" content=\"2 minutes\" \/>\n<script type=\"application\/ld+json\" class=\"yoast-schema-graph\">{\"@context\":\"https:\/\/schema.org\",\"@graph\":[{\"@type\":\"Article\",\"@id\":\"https:\/\/newsestlyonnais.fr\/site\/2018\/08\/16\/vaulx-en-velin-la-section-karate-de-la-mjc-est-en-constante-progression\/#article\",\"isPartOf\":{\"@id\":\"https:\/\/newsestlyonnais.fr\/site\/2018\/08\/16\/vaulx-en-velin-la-section-karate-de-la-mjc-est-en-constante-progression\/\"},\"author\":{\"name\":\"R\u00e9dac. NEWS\",\"@id\":\"https:\/\/newsestlyonnais.fr\/site\/#\/schema\/person\/3230d5615f390bb808365d673001e887\"},\"headline\":\"VAULX-EN-VELIN | La section karat\u00e9 de la MJC est en constante progression\",\"datePublished\":\"2018-08-16T17:21:57+00:00\",\"dateModified\":\"2020-10-28T15:41:58+00:00\",\"mainEntityOfPage\":{\"@id\":\"https:\/\/newsestlyonnais.fr\/site\/2018\/08\/16\/vaulx-en-velin-la-section-karate-de-la-mjc-est-en-constante-progression\/\"},\"wordCount\":360,\"commentCount\":0,\"publisher\":{\"@id\":\"https:\/\/newsestlyonnais.fr\/site\/#organization\"},\"image\":{\"@id\":\"https:\/\/newsestlyonnais.fr\/site\/2018\/08\/16\/vaulx-en-velin-la-section-karate-de-la-mjc-est-en-constante-progression\/#primaryimage\"},\"thumbnailUrl\":\"https:\/\/newsestlyonnais.fr\/site\/wp-content\/uploads\/2018\/08\/NEWSESTLYONNAIS-MJC-KARATE-BILAN.jpg\",\"articleSection\":[\"Biblioth\u00e8que | M\u00e9diath\u00e8que | MJC\",\"Ev\u00e8nements divers\",\"Judo| Karat\u00e9| Taekwondo\",\"Karat\u00e9\",\"Vaulx-en-Velin\"],\"inLanguage\":\"fr-FR\",\"potentialAction\":[{\"@type\":\"CommentAction\",\"name\":\"Comment\",\"target\":[\"https:\/\/newsestlyonnais.fr\/site\/2018\/08\/16\/vaulx-en-velin-la-section-karate-de-la-mjc-est-en-constante-progression\/#respond\"]}]},{\"@type\":\"WebPage\",\"@id\":\"https:\/\/newsestlyonnais.fr\/site\/2018\/08\/16\/vaulx-en-velin-la-section-karate-de-la-mjc-est-en-constante-progression\/\",\"url\":\"https:\/\/newsestlyonnais.fr\/site\/2018\/08\/16\/vaulx-en-velin-la-section-karate-de-la-mjc-est-en-constante-progression\/\",\"name\":\"VAULX EN VELIN : La section karat\u00e9 de la MJC est en constante progression\",\"isPartOf\":{\"@id\":\"https:\/\/newsestlyonnais.fr\/site\/#website\"},\"primaryImageOfPage\":{\"@id\":\"https:\/\/newsestlyonnais.fr\/site\/2018\/08\/16\/vaulx-en-velin-la-section-karate-de-la-mjc-est-en-constante-progression\/#primaryimage\"},\"image\":{\"@id\":\"https:\/\/newsestlyonnais.fr\/site\/2018\/08\/16\/vaulx-en-velin-la-section-karate-de-la-mjc-est-en-constante-progression\/#primaryimage\"},\"thumbnailUrl\":\"https:\/\/newsestlyonnais.fr\/site\/wp-content\/uploads\/2018\/08\/NEWSESTLYONNAIS-MJC-KARATE-BILAN.jpg\",\"datePublished\":\"2018-08-16T17:21:57+00:00\",\"dateModified\":\"2020-10-28T15:41:58+00:00\",\"description\":\"VAULX EN VELIN : La section karat\u00e9 de la MJC est en constante progression\",\"breadcrumb\":{\"@id\":\"https:\/\/newsestlyonnais.fr\/site\/2018\/08\/16\/vaulx-en-velin-la-section-karate-de-la-mjc-est-en-constante-progression\/#breadcrumb\"},\"inLanguage\":\"fr-FR\",\"potentialAction\":[{\"@type\":\"ReadAction\",\"target\":[\"https:\/\/newsestlyonnais.fr\/site\/2018\/08\/16\/vaulx-en-velin-la-section-karate-de-la-mjc-est-en-constante-progression\/\"]}]},{\"@type\":\"ImageObject\",\"inLanguage\":\"fr-FR\",\"@id\":\"https:\/\/newsestlyonnais.fr\/site\/2018\/08\/16\/vaulx-en-velin-la-section-karate-de-la-mjc-est-en-constante-progression\/#primaryimage\",\"url\":\"https:\/\/newsestlyonnais.fr\/site\/wp-content\/uploads\/2018\/08\/NEWSESTLYONNAIS-MJC-KARATE-BILAN.jpg\",\"contentUrl\":\"https:\/\/newsestlyonnais.fr\/site\/wp-content\/uploads\/2018\/08\/NEWSESTLYONNAIS-MJC-KARATE-BILAN.jpg\",\"width\":1200,\"height\":583,\"caption\":\"NEWSESTLYONNAIS MJC KARATE BILAN\"},{\"@type\":\"BreadcrumbList\",\"@id\":\"https:\/\/newsestlyonnais.fr\/site\/2018\/08\/16\/vaulx-en-velin-la-section-karate-de-la-mjc-est-en-constante-progression\/#breadcrumb\",\"itemListElement\":[{\"@type\":\"ListItem\",\"position\":1,\"name\":\"Accueil\",\"item\":\"https:\/\/newsestlyonnais.fr\/site\/\"},{\"@type\":\"ListItem\",\"position\":2,\"name\":\"VAULX-EN-VELIN | La section karat\u00e9 de la MJC est en constante progression\"}]},{\"@type\":\"WebSite\",\"@id\":\"https:\/\/newsestlyonnais.fr\/site\/#website\",\"url\":\"https:\/\/newsestlyonnais.fr\/site\/\",\"name\":\"News Est Lyonnais\",\"description\":\"L&#039;actualit\u00e9 au plus pr\u00e8s\",\"publisher\":{\"@id\":\"https:\/\/newsestlyonnais.fr\/site\/#organization\"},\"potentialAction\":[{\"@type\":\"SearchAction\",\"target\":{\"@type\":\"EntryPoint\",\"urlTemplate\":\"https:\/\/newsestlyonnais.fr\/site\/?s={search_term_string}\"},\"query-input\":{\"@type\":\"PropertyValueSpecification\",\"valueRequired\":true,\"valueName\":\"search_term_string\"}}],\"inLanguage\":\"fr-FR\"},{\"@type\":\"Organization\",\"@id\":\"https:\/\/newsestlyonnais.fr\/site\/#organization\",\"name\":\"News EST LYONNAIS\",\"url\":\"https:\/\/newsestlyonnais.fr\/site\/\",\"logo\":{\"@type\":\"ImageObject\",\"inLanguage\":\"fr-FR\",\"@id\":\"https:\/\/newsestlyonnais.fr\/site\/#\/schema\/logo\/image\/\",\"url\":\"\",\"contentUrl\":\"\",\"caption\":\"News EST LYONNAIS\"},\"image\":{\"@id\":\"https:\/\/newsestlyonnais.fr\/site\/#\/schema\/logo\/image\/\"}},{\"@type\":\"Person\",\"@id\":\"https:\/\/newsestlyonnais.fr\/site\/#\/schema\/person\/3230d5615f390bb808365d673001e887\",\"name\":\"R\u00e9dac. NEWS\",\"sameAs\":[\"http:\/\/www.newsestlyonnais.fr\",\"https:\/\/www.facebook.com\/pascal.oberson.1?fref=ts\",\"https:\/\/fr.linkedin.com\/in\/pascal-oberson-b17045113\"],\"url\":\"https:\/\/newsestlyonnais.fr\/site\/author\/nel\/\"}]}<\/script>\n<!-- \/ Yoast SEO plugin. -->","yoast_head_json":{"title":"VAULX EN VELIN : La section karat\u00e9 de la MJC est en constante progression","description":"VAULX EN VELIN : La section karat\u00e9 de la MJC est en constante progression","robots":{"index":"index","follow":"follow","max-snippet":"max-snippet:-1","max-image-preview":"max-image-preview:large","max-video-preview":"max-video-preview:-1"},"canonical":"https:\/\/newsestlyonnais.fr\/site\/2018\/08\/16\/vaulx-en-velin-la-section-karate-de-la-mjc-est-en-constante-progression\/","og_locale":"fr_FR","og_type":"article","og_title":"VAULX EN VELIN : La section karat\u00e9 de la MJC est en constante progression","og_description":"VAULX EN VELIN : La section karat\u00e9 de la MJC est en constante progression","og_url":"https:\/\/newsestlyonnais.fr\/site\/2018\/08\/16\/vaulx-en-velin-la-section-karate-de-la-mjc-est-en-constante-progression\/","og_site_name":"News Est Lyonnais","article_author":"https:\/\/www.facebook.com\/pascal.oberson.1?fref=ts","article_published_time":"2018-08-16T17:21:57+00:00","article_modified_time":"2020-10-28T15:41:58+00:00","og_image":[{"width":1200,"height":583,"url":"https:\/\/i1.wp.com\/newsestlyonnais.fr\/site\/wp-content\/uploads\/2018\/08\/NEWSESTLYONNAIS-MJC-KARATE-BILAN.jpg?fit=1200%2C583&ssl=1","type":"image\/jpeg"}],"author":"R\u00e9dac. NEWS","twitter_card":"summary_large_image","twitter_misc":{"\u00c9crit par":"R\u00e9dac. NEWS","Dur\u00e9e de lecture estim\u00e9e":"2 minutes"},"schema":{"@context":"https:\/\/schema.org","@graph":[{"@type":"Article","@id":"https:\/\/newsestlyonnais.fr\/site\/2018\/08\/16\/vaulx-en-velin-la-section-karate-de-la-mjc-est-en-constante-progression\/#article","isPartOf":{"@id":"https:\/\/newsestlyonnais.fr\/site\/2018\/08\/16\/vaulx-en-velin-la-section-karate-de-la-mjc-est-en-constante-progression\/"},"author":{"name":"R\u00e9dac. NEWS","@id":"https:\/\/newsestlyonnais.fr\/site\/#\/schema\/person\/3230d5615f390bb808365d673001e887"},"headline":"VAULX-EN-VELIN | La section karat\u00e9 de la MJC est en constante progression","datePublished":"2018-08-16T17:21:57+00:00","dateModified":"2020-10-28T15:41:58+00:00","mainEntityOfPage":{"@id":"https:\/\/newsestlyonnais.fr\/site\/2018\/08\/16\/vaulx-en-velin-la-section-karate-de-la-mjc-est-en-constante-progression\/"},"wordCount":360,"commentCount":0,"publisher":{"@id":"https:\/\/newsestlyonnais.fr\/site\/#organization"},"image":{"@id":"https:\/\/newsestlyonnais.fr\/site\/2018\/08\/16\/vaulx-en-velin-la-section-karate-de-la-mjc-est-en-constante-progression\/#primaryimage"},"thumbnailUrl":"https:\/\/newsestlyonnais.fr\/site\/wp-content\/uploads\/2018\/08\/NEWSESTLYONNAIS-MJC-KARATE-BILAN.jpg","articleSection":["Biblioth\u00e8que | M\u00e9diath\u00e8que | MJC","Ev\u00e8nements divers","Judo| Karat\u00e9| Taekwondo","Karat\u00e9","Vaulx-en-Velin"],"inLanguage":"fr-FR","potentialAction":[{"@type":"CommentAction","name":"Comment","target":["https:\/\/newsestlyonnais.fr\/site\/2018\/08\/16\/vaulx-en-velin-la-section-karate-de-la-mjc-est-en-constante-progression\/#respond"]}]},{"@type":"WebPage","@id":"https:\/\/newsestlyonnais.fr\/site\/2018\/08\/16\/vaulx-en-velin-la-section-karate-de-la-mjc-est-en-constante-progression\/","url":"https:\/\/newsestlyonnais.fr\/site\/2018\/08\/16\/vaulx-en-velin-la-section-karate-de-la-mjc-est-en-constante-progression\/","name":"VAULX EN VELIN : La section karat\u00e9 de la MJC est en constante progression","isPartOf":{"@id":"https:\/\/newsestlyonnais.fr\/site\/#website"},"primaryImageOfPage":{"@id":"https:\/\/newsestlyonnais.fr\/site\/2018\/08\/16\/vaulx-en-velin-la-section-karate-de-la-mjc-est-en-constante-progression\/#primaryimage"},"image":{"@id":"https:\/\/newsestlyonnais.fr\/site\/2018\/08\/16\/vaulx-en-velin-la-section-karate-de-la-mjc-est-en-constante-progression\/#primaryimage"},"thumbnailUrl":"https:\/\/newsestlyonnais.fr\/site\/wp-content\/uploads\/2018\/08\/NEWSESTLYONNAIS-MJC-KARATE-BILAN.jpg","datePublished":"2018-08-16T17:21:57+00:00","dateModified":"2020-10-28T15:41:58+00:00","description":"VAULX EN VELIN : La section karat\u00e9 de la MJC est en constante progression","breadcrumb":{"@id":"https:\/\/newsestlyonnais.fr\/site\/2018\/08\/16\/vaulx-en-velin-la-section-karate-de-la-mjc-est-en-constante-progression\/#breadcrumb"},"inLanguage":"fr-FR","potentialAction":[{"@type":"ReadAction","target":["https:\/\/newsestlyonnais.fr\/site\/2018\/08\/16\/vaulx-en-velin-la-section-karate-de-la-mjc-est-en-constante-progression\/"]}]},{"@type":"ImageObject","inLanguage":"fr-FR","@id":"https:\/\/newsestlyonnais.fr\/site\/2018\/08\/16\/vaulx-en-velin-la-section-karate-de-la-mjc-est-en-constante-progression\/#primaryimage","url":"https:\/\/newsestlyonnais.fr\/site\/wp-content\/uploads\/2018\/08\/NEWSESTLYONNAIS-MJC-KARATE-BILAN.jpg","contentUrl":"https:\/\/newsestlyonnais.fr\/site\/wp-content\/uploads\/2018\/08\/NEWSESTLYONNAIS-MJC-KARATE-BILAN.jpg","width":1200,"height":583,"caption":"NEWSESTLYONNAIS MJC KARATE BILAN"},{"@type":"BreadcrumbList","@id":"https:\/\/newsestlyonnais.fr\/site\/2018\/08\/16\/vaulx-en-velin-la-section-karate-de-la-mjc-est-en-constante-progression\/#breadcrumb","itemListElement":[{"@type":"ListItem","position":1,"name":"Accueil","item":"https:\/\/newsestlyonnais.fr\/site\/"},{"@type":"ListItem","position":2,"name":"VAULX-EN-VELIN | La section karat\u00e9 de la MJC est en constante progression"}]},{"@type":"WebSite","@id":"https:\/\/newsestlyonnais.fr\/site\/#website","url":"https:\/\/newsestlyonnais.fr\/site\/","name":"News Est Lyonnais","description":"L&#039;actualit\u00e9 au plus pr\u00e8s","publisher":{"@id":"https:\/\/newsestlyonnais.fr\/site\/#organization"},"potentialAction":[{"@type":"SearchAction","target":{"@type":"EntryPoint","urlTemplate":"https:\/\/newsestlyonnais.fr\/site\/?s={search_term_string}"},"query-input":{"@type":"PropertyValueSpecification","valueRequired":true,"valueName":"search_term_string"}}],"inLanguage":"fr-FR"},{"@type":"Organization","@id":"https:\/\/newsestlyonnais.fr\/site\/#organization","name":"News EST LYONNAIS","url":"https:\/\/newsestlyonnais.fr\/site\/","logo":{"@type":"ImageObject","inLanguage":"fr-FR","@id":"https:\/\/newsestlyonnais.fr\/site\/#\/schema\/logo\/image\/","url":"","contentUrl":"","caption":"News EST LYONNAIS"},"image":{"@id":"https:\/\/newsestlyonnais.fr\/site\/#\/schema\/logo\/image\/"}},{"@type":"Person","@id":"https:\/\/newsestlyonnais.fr\/site\/#\/schema\/person\/3230d5615f390bb808365d673001e887","name":"R\u00e9dac. NEWS","sameAs":["http:\/\/www.newsestlyonnais.fr","https:\/\/www.facebook.com\/pascal.oberson.1?fref=ts","https:\/\/fr.linkedin.com\/in\/pascal-oberson-b17045113"],"url":"https:\/\/newsestlyonnais.fr\/site\/author\/nel\/"}]}},"_links":{"self":[{"href":"https:\/\/newsestlyonnais.fr\/site\/wp-json\/wp\/v2\/posts\/55106","targetHints":{"allow":["GET"]}}],"collection":[{"href":"https:\/\/newsestlyonnais.fr\/site\/wp-json\/wp\/v2\/posts"}],"about":[{"href":"https:\/\/newsestlyonnais.fr\/site\/wp-json\/wp\/v2\/types\/post"}],"author":[{"embeddable":true,"href":"https:\/\/newsestlyonnais.fr\/site\/wp-json\/wp\/v2\/users\/4"}],"replies":[{"embeddable":true,"href":"https:\/\/newsestlyonnais.fr\/site\/wp-json\/wp\/v2\/comments?post=55106"}],"version-history":[{"count":0,"href":"https:\/\/newsestlyonnais.fr\/site\/wp-json\/wp\/v2\/posts\/55106\/revisions"}],"wp:featuredmedia":[{"embeddable":true,"href":"https:\/\/newsestlyonnais.fr\/site\/wp-json\/wp\/v2\/media\/55109"}],"wp:attachment":[{"href":"https:\/\/newsestlyonnais.fr\/site\/wp-json\/wp\/v2\/media?parent=55106"}],"wp:term":[{"taxonomy":"category","embeddable":true,"href":"https:\/\/newsestlyonnais.fr\/site\/wp-json\/wp\/v2\/categories?post=55106"},{"taxonomy":"post_tag","embeddable":true,"href":"https:\/\/newsestlyonnais.fr\/site\/wp-json\/wp\/v2\/tags?post=55106"}],"curies":[{"name":"wp","href":"https:\/\/api.w.org\/{rel}","templated":true}]}}