{"id":55147,"date":"2018-08-19T07:41:49","date_gmt":"2018-08-19T06:41:49","guid":{"rendered":"http:\/\/newsestlyonnais.fr\/site\/?p=55147"},"modified":"2018-08-27T08:23:58","modified_gmt":"2018-08-27T07:23:58","slug":"vaulx-en-velin-lagenda-des-manifestations-du-20-au-26-aout-2018","status":"publish","type":"post","link":"https:\/\/newsestlyonnais.fr\/site\/2018\/08\/19\/vaulx-en-velin-lagenda-des-manifestations-du-20-au-26-aout-2018\/","title":{"rendered":"VAULX EN VELIN : L\u2019agenda des manifestations du 20 au 26 ao\u00fbt 2018"},"content":{"rendered":"<h4>Nombreux sont les \u00e9v\u00e8nements et manifestations qui se d\u00e9rouleront durant cette p\u00e9riode, sur la commune vaudaise, \u00e0 savoir :<\/h4>\n<ul>\n<li><strong>Du lundi 20 au vendredi 24 ao\u00fbt<\/strong> : <span style=\"text-decoration: underline\">Stage Natation<\/span> (Piscine Jean Gelet, 4 avenue Maurice Thorez). Sur inscription &#8211; Quelques places restantes. Pour les enfants de 7 \u00e0 11 ans &#8211; 10 \u20ac la semaine. La piscine Jean Gelet propose des animations pour les enfants qui souhaitent apprendre \u00e0 nager, mais \u00e9galement pratiquer des activit\u00e9s aquatiques et nautiques en toute s\u00e9curit\u00e9. Inscriptions directement \u00e0 l\u2019accueil de la piscine. T\u00e9l. 04 78 80 73 01. Plus d&rsquo;infos sur : <a href=\"http:\/\/www.vaulx-en-velin.net\/mairie\/actualites\/Activ-ete-2018-du-21-juin-au-3-septembre-2018#activitesaqua\" target=\"_blank\" rel=\"noopener\">http:\/\/www.vaulx-en-velin.net\/mairie\/actualites\/Activ-ete-2018-du-21-juin-au-3-septembre-2018#activitesaqua<\/a><\/li>\n<li><strong>Lundi 20 ao\u00fbt, de 13 h 30 \u00e0 16 h 30<\/strong> : <span style=\"text-decoration: underline\">\u00ab\u00a0Jeux et Convivialit\u00e9\u00a0\u00bb<\/span>. (Salle \u00c9dith Piaf, rue du M\u00e9boud). Tout public, entr\u00e9e libre. Le Conseil des S\u00e9niors vous accueille autour d&rsquo;un caf\u00e9 et met \u00e0 votre disposition des jeux afin de passer un moment agr\u00e9able dans un espace climatis\u00e9. Plus d\u2019infos sur les animations s\u00e9niors: Service des municipal des Retrait\u00e9s (t\u00e9l. 04. 72. 04. 78. 40).<\/li>\n<li><strong>Lundi 20 ao\u00fbt, \u00e0 21 h<\/strong> (report de la s\u00e9ance annul\u00e9e le 14 ao\u00fbt): <span style=\"text-decoration: underline\">CIN\u00c9 PLEIN\u2019AIR : L\u2019ASCENSION<\/span>. (\u00e0 Malval &#8211; Mas du Taureau). Tout public &#8211; Entr\u00e9e libre. Rendez-vous pour assister \u00e0 la projection en plein air de la com\u00e9die fran\u00e7aise l\u2019Ascension. Le film raconte comment Samy a quitt\u00e9 son HLM du 9-3 pour gravir l\u2019Everest, pour prouver son amour \u00e0 Nadia.<\/li>\n<li><strong>Mardi 21 et mercredi 22 ao\u00fbt<\/strong> : <span style=\"text-decoration: underline\">Stage Petite Ourse<\/span>, avec le Club d&rsquo;Astronomie de Lyon Amp\u00e8re (CALA) : Sur inscriptions (quelques places restantes). Pour les enfants de 9 \u00e0 12 ans &#8211; 80 \u20ac. Apprendre \u00e0 utiliser un t\u00e9lescope et une carte du ciel, reconna\u00eetre les \u00e9toiles, les plan\u00e8tes, les constellations\u2026 \u00ab Petite Ourse \u00bb a pour objectif de sensibiliser les jeunes \u00e0 la d\u00e9couverte de l\u2019astronomie et de les familiariser avec des outils simples d\u2019observation du ciel. Il s\u2019agit aussi, par l\u2019acquisition de connaissances et de comp\u00e9tences techniques, de donner au jeune le go\u00fbt de l\u2019observation active de la vo\u00fbte c\u00e9leste et de lui permettre d\u2019observer le ciel avec un premier niveau d\u2019autonomie. Inscriptions en ligne sur : <a href=\"https:\/\/www.helloasso.com\/associations\/club-d-astronomie-de-lyon-ampere\/evenements\/stage-petite-ourse-21-et-22-aout-2018\" target=\"_blank\" rel=\"noopener\">https:\/\/www.helloasso.com\/associations\/club-d-astronomie-de-lyon-ampere\/evenements\/stage-petite-ourse-21-et-22-aout-2018<\/a><\/li>\n<li><strong>Mardi 21 ao\u00fbt, \u00e0 21 h : <\/strong><span style=\"text-decoration: underline\">CIN\u00c9 PLEIN\u2019AIR : LES FIGURES DE L\u2019OMBRE :<\/span> (Stade Edouard Aubert, all\u00e9e du stade). Tout public &#8211; Entr\u00e9e libre. Rendez-vous pour assister \u00e0 la projection en plein air du film biographique les Figures de l\u2019ombre. Le film raconte l\u2019histoire m\u00e9connue des trois scientifiques afro-am\u00e9ricaines qui ont permis aux \u00c9tats-Unis de prendre la t\u00eate de la conqu\u00eate spatiale.<\/li>\n<li><strong>Mercredi 22 ao\u00fbt, de 20 h \u00e0 minuit.<\/strong> <span style=\"text-decoration: underline\">M\u00c9DIATIONS NOMADES.<\/span> (Place Ernest Cavellini) &#8211; Tout public<strong>.<\/strong> Venez participer aux M\u00e9diations Nomades organis\u00e9es par le MAN (Mouvement pour une Alternative Non-violente). Ces rencontres conviviales, ouvertes \u00e0 tous, sont l\u2019occasion de partager, d\u2019\u00e9changer et de se retrouver autour d\u2019activit\u00e9s propos\u00e9es par un m\u00e9diateur et des b\u00e9n\u00e9voles. Fin des m\u00e9diations nomades le mercredi 29 ao\u00fbt.<\/li>\n<\/ul>\n<p><strong>Retrouvez l\u2019ACTU de la commune sur : <a href=\"http:\/\/www.vaulx-en-velin.net\">http:\/\/www.vaulx-en-velin.net<\/a><\/strong><\/p>\n","protected":false},"excerpt":{"rendered":"<p>Nombreux sont les \u00e9v\u00e8nements et manifestations qui se d\u00e9rouleront durant cette p\u00e9riode, sur la commune vaudaise, \u00e0 savoir : Du lundi 20 au vendredi 24 ao\u00fbt : Stage Natation (Piscine Jean Gelet, 4 avenue Maurice Thorez). Sur inscription &#8211; Quelques places restantes. Pour les enfants de 7 \u00e0 11 ans &#8211; 10 \u20ac la semaine. [&hellip;]<\/p>\n","protected":false},"author":4,"featured_media":25509,"comment_status":"open","ping_status":"open","sticky":false,"template":"","format":"standard","meta":{"footnotes":""},"categories":[30,28],"tags":[],"class_list":["post-55147","post","type-post","status-publish","format-standard","has-post-thumbnail","hentry","category-a-la-une","category-vaulx-en-velin"],"yoast_head":"<!-- This site is optimized with the Yoast SEO plugin v27.2 - https:\/\/yoast.com\/product\/yoast-seo-wordpress\/ -->\n<title>VAULX EN VELIN : L\u2019agenda des manifestations du 20 au 26 ao\u00fbt 2018<\/title>\n<meta name=\"description\" content=\"VAULX EN VELIN : L\u2019agenda des manifestations du 20 au 26 ao\u00fbt 2018\" \/>\n<meta name=\"robots\" content=\"index, follow, max-snippet:-1, max-image-preview:large, max-video-preview:-1\" \/>\n<link rel=\"canonical\" href=\"https:\/\/newsestlyonnais.fr\/site\/2018\/08\/19\/vaulx-en-velin-lagenda-des-manifestations-du-20-au-26-aout-2018\/\" \/>\n<meta property=\"og:locale\" content=\"fr_FR\" \/>\n<meta property=\"og:type\" content=\"article\" \/>\n<meta property=\"og:title\" content=\"VAULX EN VELIN : L\u2019agenda des manifestations du 20 au 26 ao\u00fbt 2018\" \/>\n<meta property=\"og:description\" content=\"VAULX EN VELIN : L\u2019agenda des manifestations du 20 au 26 ao\u00fbt 2018\" \/>\n<meta property=\"og:url\" content=\"https:\/\/newsestlyonnais.fr\/site\/2018\/08\/19\/vaulx-en-velin-lagenda-des-manifestations-du-20-au-26-aout-2018\/\" \/>\n<meta property=\"og:site_name\" content=\"News Est Lyonnais\" \/>\n<meta property=\"article:author\" content=\"https:\/\/www.facebook.com\/pascal.oberson.1?fref=ts\" \/>\n<meta property=\"article:published_time\" content=\"2018-08-19T06:41:49+00:00\" \/>\n<meta property=\"article:modified_time\" content=\"2018-08-27T07:23:58+00:00\" \/>\n<meta property=\"og:image\" content=\"https:\/\/i1.wp.com\/newsestlyonnais.fr\/site\/wp-content\/uploads\/2017\/05\/NEWSESTLYONNAIS-PaNNEAU-VAULX-.jpg?fit=1000%2C750&ssl=1\" \/>\n\t<meta property=\"og:image:width\" content=\"1000\" \/>\n\t<meta property=\"og:image:height\" content=\"750\" \/>\n\t<meta property=\"og:image:type\" content=\"image\/jpeg\" \/>\n<meta name=\"author\" content=\"R\u00e9dac. NEWS\" \/>\n<meta name=\"twitter:card\" content=\"summary_large_image\" \/>\n<meta name=\"twitter:label1\" content=\"\u00c9crit par\" \/>\n\t<meta name=\"twitter:data1\" content=\"R\u00e9dac. NEWS\" \/>\n\t<meta name=\"twitter:label2\" content=\"Dur\u00e9e de lecture estim\u00e9e\" \/>\n\t<meta name=\"twitter:data2\" content=\"3 minutes\" \/>\n<script type=\"application\/ld+json\" class=\"yoast-schema-graph\">{\"@context\":\"https:\/\/schema.org\",\"@graph\":[{\"@type\":\"Article\",\"@id\":\"https:\/\/newsestlyonnais.fr\/site\/2018\/08\/19\/vaulx-en-velin-lagenda-des-manifestations-du-20-au-26-aout-2018\/#article\",\"isPartOf\":{\"@id\":\"https:\/\/newsestlyonnais.fr\/site\/2018\/08\/19\/vaulx-en-velin-lagenda-des-manifestations-du-20-au-26-aout-2018\/\"},\"author\":{\"name\":\"R\u00e9dac. NEWS\",\"@id\":\"https:\/\/newsestlyonnais.fr\/site\/#\/schema\/person\/3230d5615f390bb808365d673001e887\"},\"headline\":\"VAULX EN VELIN : L\u2019agenda des manifestations du 20 au 26 ao\u00fbt 2018\",\"datePublished\":\"2018-08-19T06:41:49+00:00\",\"dateModified\":\"2018-08-27T07:23:58+00:00\",\"mainEntityOfPage\":{\"@id\":\"https:\/\/newsestlyonnais.fr\/site\/2018\/08\/19\/vaulx-en-velin-lagenda-des-manifestations-du-20-au-26-aout-2018\/\"},\"wordCount\":525,\"commentCount\":0,\"publisher\":{\"@id\":\"https:\/\/newsestlyonnais.fr\/site\/#organization\"},\"image\":{\"@id\":\"https:\/\/newsestlyonnais.fr\/site\/2018\/08\/19\/vaulx-en-velin-lagenda-des-manifestations-du-20-au-26-aout-2018\/#primaryimage\"},\"thumbnailUrl\":\"https:\/\/newsestlyonnais.fr\/site\/wp-content\/uploads\/2017\/05\/NEWSESTLYONNAIS-PaNNEAU-VAULX-.jpg\",\"articleSection\":[\"\u00e0 la une\",\"Vaulx-en-Velin\"],\"inLanguage\":\"fr-FR\",\"potentialAction\":[{\"@type\":\"CommentAction\",\"name\":\"Comment\",\"target\":[\"https:\/\/newsestlyonnais.fr\/site\/2018\/08\/19\/vaulx-en-velin-lagenda-des-manifestations-du-20-au-26-aout-2018\/#respond\"]}]},{\"@type\":\"WebPage\",\"@id\":\"https:\/\/newsestlyonnais.fr\/site\/2018\/08\/19\/vaulx-en-velin-lagenda-des-manifestations-du-20-au-26-aout-2018\/\",\"url\":\"https:\/\/newsestlyonnais.fr\/site\/2018\/08\/19\/vaulx-en-velin-lagenda-des-manifestations-du-20-au-26-aout-2018\/\",\"name\":\"VAULX EN VELIN : L\u2019agenda des manifestations du 20 au 26 ao\u00fbt 2018\",\"isPartOf\":{\"@id\":\"https:\/\/newsestlyonnais.fr\/site\/#website\"},\"primaryImageOfPage\":{\"@id\":\"https:\/\/newsestlyonnais.fr\/site\/2018\/08\/19\/vaulx-en-velin-lagenda-des-manifestations-du-20-au-26-aout-2018\/#primaryimage\"},\"image\":{\"@id\":\"https:\/\/newsestlyonnais.fr\/site\/2018\/08\/19\/vaulx-en-velin-lagenda-des-manifestations-du-20-au-26-aout-2018\/#primaryimage\"},\"thumbnailUrl\":\"https:\/\/newsestlyonnais.fr\/site\/wp-content\/uploads\/2017\/05\/NEWSESTLYONNAIS-PaNNEAU-VAULX-.jpg\",\"datePublished\":\"2018-08-19T06:41:49+00:00\",\"dateModified\":\"2018-08-27T07:23:58+00:00\",\"description\":\"VAULX EN VELIN : L\u2019agenda des manifestations du 20 au 26 ao\u00fbt 2018\",\"breadcrumb\":{\"@id\":\"https:\/\/newsestlyonnais.fr\/site\/2018\/08\/19\/vaulx-en-velin-lagenda-des-manifestations-du-20-au-26-aout-2018\/#breadcrumb\"},\"inLanguage\":\"fr-FR\",\"potentialAction\":[{\"@type\":\"ReadAction\",\"target\":[\"https:\/\/newsestlyonnais.fr\/site\/2018\/08\/19\/vaulx-en-velin-lagenda-des-manifestations-du-20-au-26-aout-2018\/\"]}]},{\"@type\":\"ImageObject\",\"inLanguage\":\"fr-FR\",\"@id\":\"https:\/\/newsestlyonnais.fr\/site\/2018\/08\/19\/vaulx-en-velin-lagenda-des-manifestations-du-20-au-26-aout-2018\/#primaryimage\",\"url\":\"https:\/\/newsestlyonnais.fr\/site\/wp-content\/uploads\/2017\/05\/NEWSESTLYONNAIS-PaNNEAU-VAULX-.jpg\",\"contentUrl\":\"https:\/\/newsestlyonnais.fr\/site\/wp-content\/uploads\/2017\/05\/NEWSESTLYONNAIS-PaNNEAU-VAULX-.jpg\",\"width\":1000,\"height\":750,\"caption\":\"NEWSESTLYONNAIS - PaNNEAU VAULX\"},{\"@type\":\"BreadcrumbList\",\"@id\":\"https:\/\/newsestlyonnais.fr\/site\/2018\/08\/19\/vaulx-en-velin-lagenda-des-manifestations-du-20-au-26-aout-2018\/#breadcrumb\",\"itemListElement\":[{\"@type\":\"ListItem\",\"position\":1,\"name\":\"Accueil\",\"item\":\"https:\/\/newsestlyonnais.fr\/site\/\"},{\"@type\":\"ListItem\",\"position\":2,\"name\":\"VAULX EN VELIN : L\u2019agenda des manifestations du 20 au 26 ao\u00fbt 2018\"}]},{\"@type\":\"WebSite\",\"@id\":\"https:\/\/newsestlyonnais.fr\/site\/#website\",\"url\":\"https:\/\/newsestlyonnais.fr\/site\/\",\"name\":\"News Est Lyonnais\",\"description\":\"L&#039;actualit\u00e9 au plus pr\u00e8s\",\"publisher\":{\"@id\":\"https:\/\/newsestlyonnais.fr\/site\/#organization\"},\"potentialAction\":[{\"@type\":\"SearchAction\",\"target\":{\"@type\":\"EntryPoint\",\"urlTemplate\":\"https:\/\/newsestlyonnais.fr\/site\/?s={search_term_string}\"},\"query-input\":{\"@type\":\"PropertyValueSpecification\",\"valueRequired\":true,\"valueName\":\"search_term_string\"}}],\"inLanguage\":\"fr-FR\"},{\"@type\":\"Organization\",\"@id\":\"https:\/\/newsestlyonnais.fr\/site\/#organization\",\"name\":\"News EST LYONNAIS\",\"url\":\"https:\/\/newsestlyonnais.fr\/site\/\",\"logo\":{\"@type\":\"ImageObject\",\"inLanguage\":\"fr-FR\",\"@id\":\"https:\/\/newsestlyonnais.fr\/site\/#\/schema\/logo\/image\/\",\"url\":\"\",\"contentUrl\":\"\",\"caption\":\"News EST LYONNAIS\"},\"image\":{\"@id\":\"https:\/\/newsestlyonnais.fr\/site\/#\/schema\/logo\/image\/\"}},{\"@type\":\"Person\",\"@id\":\"https:\/\/newsestlyonnais.fr\/site\/#\/schema\/person\/3230d5615f390bb808365d673001e887\",\"name\":\"R\u00e9dac. NEWS\",\"sameAs\":[\"http:\/\/www.newsestlyonnais.fr\",\"https:\/\/www.facebook.com\/pascal.oberson.1?fref=ts\",\"https:\/\/fr.linkedin.com\/in\/pascal-oberson-b17045113\"],\"url\":\"https:\/\/newsestlyonnais.fr\/site\/author\/nel\/\"}]}<\/script>\n<!-- \/ Yoast SEO plugin. -->","yoast_head_json":{"title":"VAULX EN VELIN : L\u2019agenda des manifestations du 20 au 26 ao\u00fbt 2018","description":"VAULX EN VELIN : L\u2019agenda des manifestations du 20 au 26 ao\u00fbt 2018","robots":{"index":"index","follow":"follow","max-snippet":"max-snippet:-1","max-image-preview":"max-image-preview:large","max-video-preview":"max-video-preview:-1"},"canonical":"https:\/\/newsestlyonnais.fr\/site\/2018\/08\/19\/vaulx-en-velin-lagenda-des-manifestations-du-20-au-26-aout-2018\/","og_locale":"fr_FR","og_type":"article","og_title":"VAULX EN VELIN : L\u2019agenda des manifestations du 20 au 26 ao\u00fbt 2018","og_description":"VAULX EN VELIN : L\u2019agenda des manifestations du 20 au 26 ao\u00fbt 2018","og_url":"https:\/\/newsestlyonnais.fr\/site\/2018\/08\/19\/vaulx-en-velin-lagenda-des-manifestations-du-20-au-26-aout-2018\/","og_site_name":"News Est Lyonnais","article_author":"https:\/\/www.facebook.com\/pascal.oberson.1?fref=ts","article_published_time":"2018-08-19T06:41:49+00:00","article_modified_time":"2018-08-27T07:23:58+00:00","og_image":[{"width":1000,"height":750,"url":"https:\/\/i1.wp.com\/newsestlyonnais.fr\/site\/wp-content\/uploads\/2017\/05\/NEWSESTLYONNAIS-PaNNEAU-VAULX-.jpg?fit=1000%2C750&ssl=1","type":"image\/jpeg"}],"author":"R\u00e9dac. NEWS","twitter_card":"summary_large_image","twitter_misc":{"\u00c9crit par":"R\u00e9dac. NEWS","Dur\u00e9e de lecture estim\u00e9e":"3 minutes"},"schema":{"@context":"https:\/\/schema.org","@graph":[{"@type":"Article","@id":"https:\/\/newsestlyonnais.fr\/site\/2018\/08\/19\/vaulx-en-velin-lagenda-des-manifestations-du-20-au-26-aout-2018\/#article","isPartOf":{"@id":"https:\/\/newsestlyonnais.fr\/site\/2018\/08\/19\/vaulx-en-velin-lagenda-des-manifestations-du-20-au-26-aout-2018\/"},"author":{"name":"R\u00e9dac. NEWS","@id":"https:\/\/newsestlyonnais.fr\/site\/#\/schema\/person\/3230d5615f390bb808365d673001e887"},"headline":"VAULX EN VELIN : L\u2019agenda des manifestations du 20 au 26 ao\u00fbt 2018","datePublished":"2018-08-19T06:41:49+00:00","dateModified":"2018-08-27T07:23:58+00:00","mainEntityOfPage":{"@id":"https:\/\/newsestlyonnais.fr\/site\/2018\/08\/19\/vaulx-en-velin-lagenda-des-manifestations-du-20-au-26-aout-2018\/"},"wordCount":525,"commentCount":0,"publisher":{"@id":"https:\/\/newsestlyonnais.fr\/site\/#organization"},"image":{"@id":"https:\/\/newsestlyonnais.fr\/site\/2018\/08\/19\/vaulx-en-velin-lagenda-des-manifestations-du-20-au-26-aout-2018\/#primaryimage"},"thumbnailUrl":"https:\/\/newsestlyonnais.fr\/site\/wp-content\/uploads\/2017\/05\/NEWSESTLYONNAIS-PaNNEAU-VAULX-.jpg","articleSection":["\u00e0 la une","Vaulx-en-Velin"],"inLanguage":"fr-FR","potentialAction":[{"@type":"CommentAction","name":"Comment","target":["https:\/\/newsestlyonnais.fr\/site\/2018\/08\/19\/vaulx-en-velin-lagenda-des-manifestations-du-20-au-26-aout-2018\/#respond"]}]},{"@type":"WebPage","@id":"https:\/\/newsestlyonnais.fr\/site\/2018\/08\/19\/vaulx-en-velin-lagenda-des-manifestations-du-20-au-26-aout-2018\/","url":"https:\/\/newsestlyonnais.fr\/site\/2018\/08\/19\/vaulx-en-velin-lagenda-des-manifestations-du-20-au-26-aout-2018\/","name":"VAULX EN VELIN : L\u2019agenda des manifestations du 20 au 26 ao\u00fbt 2018","isPartOf":{"@id":"https:\/\/newsestlyonnais.fr\/site\/#website"},"primaryImageOfPage":{"@id":"https:\/\/newsestlyonnais.fr\/site\/2018\/08\/19\/vaulx-en-velin-lagenda-des-manifestations-du-20-au-26-aout-2018\/#primaryimage"},"image":{"@id":"https:\/\/newsestlyonnais.fr\/site\/2018\/08\/19\/vaulx-en-velin-lagenda-des-manifestations-du-20-au-26-aout-2018\/#primaryimage"},"thumbnailUrl":"https:\/\/newsestlyonnais.fr\/site\/wp-content\/uploads\/2017\/05\/NEWSESTLYONNAIS-PaNNEAU-VAULX-.jpg","datePublished":"2018-08-19T06:41:49+00:00","dateModified":"2018-08-27T07:23:58+00:00","description":"VAULX EN VELIN : L\u2019agenda des manifestations du 20 au 26 ao\u00fbt 2018","breadcrumb":{"@id":"https:\/\/newsestlyonnais.fr\/site\/2018\/08\/19\/vaulx-en-velin-lagenda-des-manifestations-du-20-au-26-aout-2018\/#breadcrumb"},"inLanguage":"fr-FR","potentialAction":[{"@type":"ReadAction","target":["https:\/\/newsestlyonnais.fr\/site\/2018\/08\/19\/vaulx-en-velin-lagenda-des-manifestations-du-20-au-26-aout-2018\/"]}]},{"@type":"ImageObject","inLanguage":"fr-FR","@id":"https:\/\/newsestlyonnais.fr\/site\/2018\/08\/19\/vaulx-en-velin-lagenda-des-manifestations-du-20-au-26-aout-2018\/#primaryimage","url":"https:\/\/newsestlyonnais.fr\/site\/wp-content\/uploads\/2017\/05\/NEWSESTLYONNAIS-PaNNEAU-VAULX-.jpg","contentUrl":"https:\/\/newsestlyonnais.fr\/site\/wp-content\/uploads\/2017\/05\/NEWSESTLYONNAIS-PaNNEAU-VAULX-.jpg","width":1000,"height":750,"caption":"NEWSESTLYONNAIS - PaNNEAU VAULX"},{"@type":"BreadcrumbList","@id":"https:\/\/newsestlyonnais.fr\/site\/2018\/08\/19\/vaulx-en-velin-lagenda-des-manifestations-du-20-au-26-aout-2018\/#breadcrumb","itemListElement":[{"@type":"ListItem","position":1,"name":"Accueil","item":"https:\/\/newsestlyonnais.fr\/site\/"},{"@type":"ListItem","position":2,"name":"VAULX EN VELIN : L\u2019agenda des manifestations du 20 au 26 ao\u00fbt 2018"}]},{"@type":"WebSite","@id":"https:\/\/newsestlyonnais.fr\/site\/#website","url":"https:\/\/newsestlyonnais.fr\/site\/","name":"News Est Lyonnais","description":"L&#039;actualit\u00e9 au plus pr\u00e8s","publisher":{"@id":"https:\/\/newsestlyonnais.fr\/site\/#organization"},"potentialAction":[{"@type":"SearchAction","target":{"@type":"EntryPoint","urlTemplate":"https:\/\/newsestlyonnais.fr\/site\/?s={search_term_string}"},"query-input":{"@type":"PropertyValueSpecification","valueRequired":true,"valueName":"search_term_string"}}],"inLanguage":"fr-FR"},{"@type":"Organization","@id":"https:\/\/newsestlyonnais.fr\/site\/#organization","name":"News EST LYONNAIS","url":"https:\/\/newsestlyonnais.fr\/site\/","logo":{"@type":"ImageObject","inLanguage":"fr-FR","@id":"https:\/\/newsestlyonnais.fr\/site\/#\/schema\/logo\/image\/","url":"","contentUrl":"","caption":"News EST LYONNAIS"},"image":{"@id":"https:\/\/newsestlyonnais.fr\/site\/#\/schema\/logo\/image\/"}},{"@type":"Person","@id":"https:\/\/newsestlyonnais.fr\/site\/#\/schema\/person\/3230d5615f390bb808365d673001e887","name":"R\u00e9dac. NEWS","sameAs":["http:\/\/www.newsestlyonnais.fr","https:\/\/www.facebook.com\/pascal.oberson.1?fref=ts","https:\/\/fr.linkedin.com\/in\/pascal-oberson-b17045113"],"url":"https:\/\/newsestlyonnais.fr\/site\/author\/nel\/"}]}},"_links":{"self":[{"href":"https:\/\/newsestlyonnais.fr\/site\/wp-json\/wp\/v2\/posts\/55147","targetHints":{"allow":["GET"]}}],"collection":[{"href":"https:\/\/newsestlyonnais.fr\/site\/wp-json\/wp\/v2\/posts"}],"about":[{"href":"https:\/\/newsestlyonnais.fr\/site\/wp-json\/wp\/v2\/types\/post"}],"author":[{"embeddable":true,"href":"https:\/\/newsestlyonnais.fr\/site\/wp-json\/wp\/v2\/users\/4"}],"replies":[{"embeddable":true,"href":"https:\/\/newsestlyonnais.fr\/site\/wp-json\/wp\/v2\/comments?post=55147"}],"version-history":[{"count":0,"href":"https:\/\/newsestlyonnais.fr\/site\/wp-json\/wp\/v2\/posts\/55147\/revisions"}],"wp:featuredmedia":[{"embeddable":true,"href":"https:\/\/newsestlyonnais.fr\/site\/wp-json\/wp\/v2\/media\/25509"}],"wp:attachment":[{"href":"https:\/\/newsestlyonnais.fr\/site\/wp-json\/wp\/v2\/media?parent=55147"}],"wp:term":[{"taxonomy":"category","embeddable":true,"href":"https:\/\/newsestlyonnais.fr\/site\/wp-json\/wp\/v2\/categories?post=55147"},{"taxonomy":"post_tag","embeddable":true,"href":"https:\/\/newsestlyonnais.fr\/site\/wp-json\/wp\/v2\/tags?post=55147"}],"curies":[{"name":"wp","href":"https:\/\/api.w.org\/{rel}","templated":true}]}}