{"id":55180,"date":"2018-08-19T18:31:19","date_gmt":"2018-08-19T17:31:19","guid":{"rendered":"http:\/\/newsestlyonnais.fr\/site\/?p=55180"},"modified":"2020-11-05T05:59:03","modified_gmt":"2020-11-05T04:59:03","slug":"caluire-tennis-lopen-de-caluire-et-cuire-nouvelle-version-demarre-ce-lundi","status":"publish","type":"post","link":"https:\/\/newsestlyonnais.fr\/site\/2018\/08\/19\/caluire-tennis-lopen-de-caluire-et-cuire-nouvelle-version-demarre-ce-lundi\/","title":{"rendered":"CALUIRE : TENNIS | L&rsquo;Open de Caluire et Cuire nouvelle version d\u00e9marre ce lundi"},"content":{"rendered":"<h4>Pour cette \u00e9dition qui se d\u00e9roulera jusqu&rsquo;au 16 septembre prochain, ce tournoi b\u00e9n\u00e9ficiera du label f\u00e9d\u00e9ral \u00ab\u00a0CNGT\u00a0\u00bb (Circuit National des Grands Tournois), dans les 2 tableaux (f\u00e9minin &amp; masculin).<\/h4>\n<p>2 labels f\u00e9d\u00e9raux qui propulsent cet Open \u00e0 un haut niveau dans la hi\u00e9rarchie des tournois de tennis sur terre battue. Organis\u00e9 sur les courts du FCL Tennis, l\u2019Open de Caluire-et-Cuire proposera des conditions de jeu et d\u2019accueil privil\u00e9gi\u00e9es aux joueurs comme aux spectateurs . La distinction \u00ab Club Roland Garros \u00bb permet au club organisateur\u00a0 d\u2019int\u00e9grer le cercle pris\u00e9 des 100 clubs FFT reconnus pour leurs installations en Terre Battue. Le label CNGT (Circuit National des Grands Tournois) r\u00e9f\u00e9rence le tournoi parmi les 80 plus grands tournois fran\u00e7ais et offre une garantie suppl\u00e9mentaire en mati\u00e8re de spectacle en proposant un tableau final compos\u00e9 de joueur(se)s parmi les 100 meilleur(e)s fran\u00e7ais(e)s.<\/p>\n<p>Les 2 derni\u00e8res \u00e9ditions ont encourag\u00e9s l\u2019\u00e9quipe dirigeante du FCL Tennis \u00e0 franchir un cap en raison du regain d\u2019 attractivit\u00e9 en comp\u00e9titeurs (+ de 400 joueurs) comme en spectateurs. Ce d\u00e9sir de \u00ab grandir \u00bb est coupl\u00e9 \u00e0 celui de proposer une comp\u00e9tition \u00e0 la hauteur du niveau des joueurs de l\u2019acad\u00e9mie du club et les voir \u00e9voluer sur les courts qu\u2019ils foulent toute l\u2019ann\u00e9e \u00e0 l\u2019entrainement.<\/p>\n<p>L\u2019\u00e9quipe organisatrice de l\u2019Open de Caluire-et-Cuire sera coordonn\u00e9e par <strong>C\u00e9dric Roche, directeur du tournoi et directeur sportif du FCL Tennis<\/strong> depuis 2014 et la partie sportive sera sous la responsabilit\u00e9 de <strong>Bernard Joffraud, traditionnel juge-arbitr<\/strong>e des tournois du FCL Tennis. Il sera \u00e9paul\u00e9 par une \u00e9quipe avec laquelle il assurera la gestion sportive des tableaux : effectifs, convocations, accueil, permanences et gestion des arbitres. <strong>S\u00e9verine Auvra<\/strong>y, responsable administrative du club aura la responsabilit\u00e9 de coordonner le r\u00e9ceptif et assurera en outre le suivi administratif du tournoi. L\u2019entretien des courts et des installations, autre secteur \u00ab cl\u00e9 \u00bb pour garantir la qualit\u00e9 des matchs, sera sous la responsabilit\u00e9 de <strong>Fran\u00e7ois Keller<\/strong>. Enfin, toujours tr\u00e8s pr\u00e9cieux dans l\u2019organisation d&rsquo;\u00e9v\u00e9nements associatifs,<br \/>\nla r\u00e9ussite de cette \u00e9dition passera une nouvelle fois par le d\u00e9vouement des b\u00e9n\u00e9voles.<\/p>\n<ul>\n<li><em><strong>Plus d&rsquo;infos sur le site du tournoi :\u00a0<a href=\"http:\/\/openfcl.free.fr\" target=\"_blank\" rel=\"noopener noreferrer\">http:\/\/openfcl.free.fr<\/a> <\/strong><\/em><\/li>\n<\/ul>\n","protected":false},"excerpt":{"rendered":"<p>Pour cette \u00e9dition qui se d\u00e9roulera jusqu&rsquo;au 16 septembre prochain, ce tournoi b\u00e9n\u00e9ficiera du label f\u00e9d\u00e9ral \u00ab\u00a0CNGT\u00a0\u00bb (Circuit National des Grands Tournois), dans les 2 tableaux (f\u00e9minin &amp; masculin). 2 labels f\u00e9d\u00e9raux qui propulsent cet Open \u00e0 un haut niveau dans la hi\u00e9rarchie des tournois de tennis sur terre battue. Organis\u00e9 sur les courts du [&hellip;]<\/p>\n","protected":false},"author":4,"featured_media":55184,"comment_status":"open","ping_status":"open","sticky":false,"template":"","format":"standard","meta":{"footnotes":""},"categories":[1620,2992,2991],"tags":[],"class_list":["post-55180","post","type-post","status-publish","format-standard","has-post-thumbnail","hentry","category-caluire","category-tennis-padel","category-tennis-tennis-table-sports"],"yoast_head":"<!-- This site is optimized with the Yoast SEO plugin v27.2 - https:\/\/yoast.com\/product\/yoast-seo-wordpress\/ -->\n<title>CALUIRE : TENNIS : L&#039;Open de Caluire et Cuire nouvelle version d\u00e9marre ce lundi<\/title>\n<meta name=\"description\" content=\"CALUIRE : TENNIS : L&#039;Open de Caluire et Cuire nouvelle version d\u00e9marre ce lundi\" \/>\n<meta name=\"robots\" content=\"index, follow, max-snippet:-1, max-image-preview:large, max-video-preview:-1\" \/>\n<link rel=\"canonical\" href=\"https:\/\/newsestlyonnais.fr\/site\/2018\/08\/19\/caluire-tennis-lopen-de-caluire-et-cuire-nouvelle-version-demarre-ce-lundi\/\" \/>\n<meta property=\"og:locale\" content=\"fr_FR\" \/>\n<meta property=\"og:type\" content=\"article\" \/>\n<meta property=\"og:title\" content=\"CALUIRE : TENNIS : L&#039;Open de Caluire et Cuire nouvelle version d\u00e9marre ce lundi\" \/>\n<meta property=\"og:description\" content=\"CALUIRE : TENNIS : L&#039;Open de Caluire et Cuire nouvelle version d\u00e9marre ce lundi\" \/>\n<meta property=\"og:url\" content=\"https:\/\/newsestlyonnais.fr\/site\/2018\/08\/19\/caluire-tennis-lopen-de-caluire-et-cuire-nouvelle-version-demarre-ce-lundi\/\" \/>\n<meta property=\"og:site_name\" content=\"News Est Lyonnais\" \/>\n<meta property=\"article:author\" content=\"https:\/\/www.facebook.com\/pascal.oberson.1?fref=ts\" \/>\n<meta property=\"article:published_time\" content=\"2018-08-19T17:31:19+00:00\" \/>\n<meta property=\"article:modified_time\" content=\"2020-11-05T04:59:03+00:00\" \/>\n<meta property=\"og:image\" content=\"https:\/\/i0.wp.com\/newsestlyonnais.fr\/site\/wp-content\/uploads\/2018\/08\/NEWSESTLYONNAIS-1\u00b0-OPEN-CALUIRE-1-1.jpg?fit=524%2C960&ssl=1\" \/>\n\t<meta property=\"og:image:width\" content=\"524\" \/>\n\t<meta property=\"og:image:height\" content=\"960\" \/>\n\t<meta property=\"og:image:type\" content=\"image\/jpeg\" \/>\n<meta name=\"author\" content=\"R\u00e9dac. NEWS\" \/>\n<meta name=\"twitter:card\" content=\"summary_large_image\" \/>\n<meta name=\"twitter:label1\" content=\"\u00c9crit par\" \/>\n\t<meta name=\"twitter:data1\" content=\"R\u00e9dac. NEWS\" \/>\n\t<meta name=\"twitter:label2\" content=\"Dur\u00e9e de lecture estim\u00e9e\" \/>\n\t<meta name=\"twitter:data2\" content=\"2 minutes\" \/>\n<script type=\"application\/ld+json\" class=\"yoast-schema-graph\">{\"@context\":\"https:\/\/schema.org\",\"@graph\":[{\"@type\":\"Article\",\"@id\":\"https:\/\/newsestlyonnais.fr\/site\/2018\/08\/19\/caluire-tennis-lopen-de-caluire-et-cuire-nouvelle-version-demarre-ce-lundi\/#article\",\"isPartOf\":{\"@id\":\"https:\/\/newsestlyonnais.fr\/site\/2018\/08\/19\/caluire-tennis-lopen-de-caluire-et-cuire-nouvelle-version-demarre-ce-lundi\/\"},\"author\":{\"name\":\"R\u00e9dac. NEWS\",\"@id\":\"https:\/\/newsestlyonnais.fr\/site\/#\/schema\/person\/3230d5615f390bb808365d673001e887\"},\"headline\":\"CALUIRE : TENNIS | L&rsquo;Open de Caluire et Cuire nouvelle version d\u00e9marre ce lundi\",\"datePublished\":\"2018-08-19T17:31:19+00:00\",\"dateModified\":\"2020-11-05T04:59:03+00:00\",\"mainEntityOfPage\":{\"@id\":\"https:\/\/newsestlyonnais.fr\/site\/2018\/08\/19\/caluire-tennis-lopen-de-caluire-et-cuire-nouvelle-version-demarre-ce-lundi\/\"},\"wordCount\":400,\"commentCount\":0,\"publisher\":{\"@id\":\"https:\/\/newsestlyonnais.fr\/site\/#organization\"},\"image\":{\"@id\":\"https:\/\/newsestlyonnais.fr\/site\/2018\/08\/19\/caluire-tennis-lopen-de-caluire-et-cuire-nouvelle-version-demarre-ce-lundi\/#primaryimage\"},\"thumbnailUrl\":\"https:\/\/newsestlyonnais.fr\/site\/wp-content\/uploads\/2018\/08\/NEWSESTLYONNAIS-1\u00b0-OPEN-CALUIRE-1-1.jpg\",\"articleSection\":[\"Caluire\",\"Tennis | Padel\",\"Tennis | Tennis de table\"],\"inLanguage\":\"fr-FR\",\"potentialAction\":[{\"@type\":\"CommentAction\",\"name\":\"Comment\",\"target\":[\"https:\/\/newsestlyonnais.fr\/site\/2018\/08\/19\/caluire-tennis-lopen-de-caluire-et-cuire-nouvelle-version-demarre-ce-lundi\/#respond\"]}]},{\"@type\":\"WebPage\",\"@id\":\"https:\/\/newsestlyonnais.fr\/site\/2018\/08\/19\/caluire-tennis-lopen-de-caluire-et-cuire-nouvelle-version-demarre-ce-lundi\/\",\"url\":\"https:\/\/newsestlyonnais.fr\/site\/2018\/08\/19\/caluire-tennis-lopen-de-caluire-et-cuire-nouvelle-version-demarre-ce-lundi\/\",\"name\":\"CALUIRE : TENNIS : L'Open de Caluire et Cuire nouvelle version d\u00e9marre ce lundi\",\"isPartOf\":{\"@id\":\"https:\/\/newsestlyonnais.fr\/site\/#website\"},\"primaryImageOfPage\":{\"@id\":\"https:\/\/newsestlyonnais.fr\/site\/2018\/08\/19\/caluire-tennis-lopen-de-caluire-et-cuire-nouvelle-version-demarre-ce-lundi\/#primaryimage\"},\"image\":{\"@id\":\"https:\/\/newsestlyonnais.fr\/site\/2018\/08\/19\/caluire-tennis-lopen-de-caluire-et-cuire-nouvelle-version-demarre-ce-lundi\/#primaryimage\"},\"thumbnailUrl\":\"https:\/\/newsestlyonnais.fr\/site\/wp-content\/uploads\/2018\/08\/NEWSESTLYONNAIS-1\u00b0-OPEN-CALUIRE-1-1.jpg\",\"datePublished\":\"2018-08-19T17:31:19+00:00\",\"dateModified\":\"2020-11-05T04:59:03+00:00\",\"description\":\"CALUIRE : TENNIS : L'Open de Caluire et Cuire nouvelle version d\u00e9marre ce lundi\",\"breadcrumb\":{\"@id\":\"https:\/\/newsestlyonnais.fr\/site\/2018\/08\/19\/caluire-tennis-lopen-de-caluire-et-cuire-nouvelle-version-demarre-ce-lundi\/#breadcrumb\"},\"inLanguage\":\"fr-FR\",\"potentialAction\":[{\"@type\":\"ReadAction\",\"target\":[\"https:\/\/newsestlyonnais.fr\/site\/2018\/08\/19\/caluire-tennis-lopen-de-caluire-et-cuire-nouvelle-version-demarre-ce-lundi\/\"]}]},{\"@type\":\"ImageObject\",\"inLanguage\":\"fr-FR\",\"@id\":\"https:\/\/newsestlyonnais.fr\/site\/2018\/08\/19\/caluire-tennis-lopen-de-caluire-et-cuire-nouvelle-version-demarre-ce-lundi\/#primaryimage\",\"url\":\"https:\/\/newsestlyonnais.fr\/site\/wp-content\/uploads\/2018\/08\/NEWSESTLYONNAIS-1\u00b0-OPEN-CALUIRE-1-1.jpg\",\"contentUrl\":\"https:\/\/newsestlyonnais.fr\/site\/wp-content\/uploads\/2018\/08\/NEWSESTLYONNAIS-1\u00b0-OPEN-CALUIRE-1-1.jpg\",\"width\":524,\"height\":960,\"caption\":\"NEWSESTLYONNAIS 1\u00b0 OPEN CALUIRE\"},{\"@type\":\"BreadcrumbList\",\"@id\":\"https:\/\/newsestlyonnais.fr\/site\/2018\/08\/19\/caluire-tennis-lopen-de-caluire-et-cuire-nouvelle-version-demarre-ce-lundi\/#breadcrumb\",\"itemListElement\":[{\"@type\":\"ListItem\",\"position\":1,\"name\":\"Accueil\",\"item\":\"https:\/\/newsestlyonnais.fr\/site\/\"},{\"@type\":\"ListItem\",\"position\":2,\"name\":\"CALUIRE : TENNIS | L&rsquo;Open de Caluire et Cuire nouvelle version d\u00e9marre ce lundi\"}]},{\"@type\":\"WebSite\",\"@id\":\"https:\/\/newsestlyonnais.fr\/site\/#website\",\"url\":\"https:\/\/newsestlyonnais.fr\/site\/\",\"name\":\"News Est Lyonnais\",\"description\":\"L&#039;actualit\u00e9 au plus pr\u00e8s\",\"publisher\":{\"@id\":\"https:\/\/newsestlyonnais.fr\/site\/#organization\"},\"potentialAction\":[{\"@type\":\"SearchAction\",\"target\":{\"@type\":\"EntryPoint\",\"urlTemplate\":\"https:\/\/newsestlyonnais.fr\/site\/?s={search_term_string}\"},\"query-input\":{\"@type\":\"PropertyValueSpecification\",\"valueRequired\":true,\"valueName\":\"search_term_string\"}}],\"inLanguage\":\"fr-FR\"},{\"@type\":\"Organization\",\"@id\":\"https:\/\/newsestlyonnais.fr\/site\/#organization\",\"name\":\"News EST LYONNAIS\",\"url\":\"https:\/\/newsestlyonnais.fr\/site\/\",\"logo\":{\"@type\":\"ImageObject\",\"inLanguage\":\"fr-FR\",\"@id\":\"https:\/\/newsestlyonnais.fr\/site\/#\/schema\/logo\/image\/\",\"url\":\"\",\"contentUrl\":\"\",\"caption\":\"News EST LYONNAIS\"},\"image\":{\"@id\":\"https:\/\/newsestlyonnais.fr\/site\/#\/schema\/logo\/image\/\"}},{\"@type\":\"Person\",\"@id\":\"https:\/\/newsestlyonnais.fr\/site\/#\/schema\/person\/3230d5615f390bb808365d673001e887\",\"name\":\"R\u00e9dac. NEWS\",\"sameAs\":[\"http:\/\/www.newsestlyonnais.fr\",\"https:\/\/www.facebook.com\/pascal.oberson.1?fref=ts\",\"https:\/\/fr.linkedin.com\/in\/pascal-oberson-b17045113\"],\"url\":\"https:\/\/newsestlyonnais.fr\/site\/author\/nel\/\"}]}<\/script>\n<!-- \/ Yoast SEO plugin. -->","yoast_head_json":{"title":"CALUIRE : TENNIS : L'Open de Caluire et Cuire nouvelle version d\u00e9marre ce lundi","description":"CALUIRE : TENNIS : L'Open de Caluire et Cuire nouvelle version d\u00e9marre ce lundi","robots":{"index":"index","follow":"follow","max-snippet":"max-snippet:-1","max-image-preview":"max-image-preview:large","max-video-preview":"max-video-preview:-1"},"canonical":"https:\/\/newsestlyonnais.fr\/site\/2018\/08\/19\/caluire-tennis-lopen-de-caluire-et-cuire-nouvelle-version-demarre-ce-lundi\/","og_locale":"fr_FR","og_type":"article","og_title":"CALUIRE : TENNIS : L'Open de Caluire et Cuire nouvelle version d\u00e9marre ce lundi","og_description":"CALUIRE : TENNIS : L'Open de Caluire et Cuire nouvelle version d\u00e9marre ce lundi","og_url":"https:\/\/newsestlyonnais.fr\/site\/2018\/08\/19\/caluire-tennis-lopen-de-caluire-et-cuire-nouvelle-version-demarre-ce-lundi\/","og_site_name":"News Est Lyonnais","article_author":"https:\/\/www.facebook.com\/pascal.oberson.1?fref=ts","article_published_time":"2018-08-19T17:31:19+00:00","article_modified_time":"2020-11-05T04:59:03+00:00","og_image":[{"width":524,"height":960,"url":"https:\/\/i0.wp.com\/newsestlyonnais.fr\/site\/wp-content\/uploads\/2018\/08\/NEWSESTLYONNAIS-1\u00b0-OPEN-CALUIRE-1-1.jpg?fit=524%2C960&ssl=1","type":"image\/jpeg"}],"author":"R\u00e9dac. NEWS","twitter_card":"summary_large_image","twitter_misc":{"\u00c9crit par":"R\u00e9dac. NEWS","Dur\u00e9e de lecture estim\u00e9e":"2 minutes"},"schema":{"@context":"https:\/\/schema.org","@graph":[{"@type":"Article","@id":"https:\/\/newsestlyonnais.fr\/site\/2018\/08\/19\/caluire-tennis-lopen-de-caluire-et-cuire-nouvelle-version-demarre-ce-lundi\/#article","isPartOf":{"@id":"https:\/\/newsestlyonnais.fr\/site\/2018\/08\/19\/caluire-tennis-lopen-de-caluire-et-cuire-nouvelle-version-demarre-ce-lundi\/"},"author":{"name":"R\u00e9dac. NEWS","@id":"https:\/\/newsestlyonnais.fr\/site\/#\/schema\/person\/3230d5615f390bb808365d673001e887"},"headline":"CALUIRE : TENNIS | L&rsquo;Open de Caluire et Cuire nouvelle version d\u00e9marre ce lundi","datePublished":"2018-08-19T17:31:19+00:00","dateModified":"2020-11-05T04:59:03+00:00","mainEntityOfPage":{"@id":"https:\/\/newsestlyonnais.fr\/site\/2018\/08\/19\/caluire-tennis-lopen-de-caluire-et-cuire-nouvelle-version-demarre-ce-lundi\/"},"wordCount":400,"commentCount":0,"publisher":{"@id":"https:\/\/newsestlyonnais.fr\/site\/#organization"},"image":{"@id":"https:\/\/newsestlyonnais.fr\/site\/2018\/08\/19\/caluire-tennis-lopen-de-caluire-et-cuire-nouvelle-version-demarre-ce-lundi\/#primaryimage"},"thumbnailUrl":"https:\/\/newsestlyonnais.fr\/site\/wp-content\/uploads\/2018\/08\/NEWSESTLYONNAIS-1\u00b0-OPEN-CALUIRE-1-1.jpg","articleSection":["Caluire","Tennis | Padel","Tennis | Tennis de table"],"inLanguage":"fr-FR","potentialAction":[{"@type":"CommentAction","name":"Comment","target":["https:\/\/newsestlyonnais.fr\/site\/2018\/08\/19\/caluire-tennis-lopen-de-caluire-et-cuire-nouvelle-version-demarre-ce-lundi\/#respond"]}]},{"@type":"WebPage","@id":"https:\/\/newsestlyonnais.fr\/site\/2018\/08\/19\/caluire-tennis-lopen-de-caluire-et-cuire-nouvelle-version-demarre-ce-lundi\/","url":"https:\/\/newsestlyonnais.fr\/site\/2018\/08\/19\/caluire-tennis-lopen-de-caluire-et-cuire-nouvelle-version-demarre-ce-lundi\/","name":"CALUIRE : TENNIS : L'Open de Caluire et Cuire nouvelle version d\u00e9marre ce lundi","isPartOf":{"@id":"https:\/\/newsestlyonnais.fr\/site\/#website"},"primaryImageOfPage":{"@id":"https:\/\/newsestlyonnais.fr\/site\/2018\/08\/19\/caluire-tennis-lopen-de-caluire-et-cuire-nouvelle-version-demarre-ce-lundi\/#primaryimage"},"image":{"@id":"https:\/\/newsestlyonnais.fr\/site\/2018\/08\/19\/caluire-tennis-lopen-de-caluire-et-cuire-nouvelle-version-demarre-ce-lundi\/#primaryimage"},"thumbnailUrl":"https:\/\/newsestlyonnais.fr\/site\/wp-content\/uploads\/2018\/08\/NEWSESTLYONNAIS-1\u00b0-OPEN-CALUIRE-1-1.jpg","datePublished":"2018-08-19T17:31:19+00:00","dateModified":"2020-11-05T04:59:03+00:00","description":"CALUIRE : TENNIS : L'Open de Caluire et Cuire nouvelle version d\u00e9marre ce lundi","breadcrumb":{"@id":"https:\/\/newsestlyonnais.fr\/site\/2018\/08\/19\/caluire-tennis-lopen-de-caluire-et-cuire-nouvelle-version-demarre-ce-lundi\/#breadcrumb"},"inLanguage":"fr-FR","potentialAction":[{"@type":"ReadAction","target":["https:\/\/newsestlyonnais.fr\/site\/2018\/08\/19\/caluire-tennis-lopen-de-caluire-et-cuire-nouvelle-version-demarre-ce-lundi\/"]}]},{"@type":"ImageObject","inLanguage":"fr-FR","@id":"https:\/\/newsestlyonnais.fr\/site\/2018\/08\/19\/caluire-tennis-lopen-de-caluire-et-cuire-nouvelle-version-demarre-ce-lundi\/#primaryimage","url":"https:\/\/newsestlyonnais.fr\/site\/wp-content\/uploads\/2018\/08\/NEWSESTLYONNAIS-1\u00b0-OPEN-CALUIRE-1-1.jpg","contentUrl":"https:\/\/newsestlyonnais.fr\/site\/wp-content\/uploads\/2018\/08\/NEWSESTLYONNAIS-1\u00b0-OPEN-CALUIRE-1-1.jpg","width":524,"height":960,"caption":"NEWSESTLYONNAIS 1\u00b0 OPEN CALUIRE"},{"@type":"BreadcrumbList","@id":"https:\/\/newsestlyonnais.fr\/site\/2018\/08\/19\/caluire-tennis-lopen-de-caluire-et-cuire-nouvelle-version-demarre-ce-lundi\/#breadcrumb","itemListElement":[{"@type":"ListItem","position":1,"name":"Accueil","item":"https:\/\/newsestlyonnais.fr\/site\/"},{"@type":"ListItem","position":2,"name":"CALUIRE : TENNIS | L&rsquo;Open de Caluire et Cuire nouvelle version d\u00e9marre ce lundi"}]},{"@type":"WebSite","@id":"https:\/\/newsestlyonnais.fr\/site\/#website","url":"https:\/\/newsestlyonnais.fr\/site\/","name":"News Est Lyonnais","description":"L&#039;actualit\u00e9 au plus pr\u00e8s","publisher":{"@id":"https:\/\/newsestlyonnais.fr\/site\/#organization"},"potentialAction":[{"@type":"SearchAction","target":{"@type":"EntryPoint","urlTemplate":"https:\/\/newsestlyonnais.fr\/site\/?s={search_term_string}"},"query-input":{"@type":"PropertyValueSpecification","valueRequired":true,"valueName":"search_term_string"}}],"inLanguage":"fr-FR"},{"@type":"Organization","@id":"https:\/\/newsestlyonnais.fr\/site\/#organization","name":"News EST LYONNAIS","url":"https:\/\/newsestlyonnais.fr\/site\/","logo":{"@type":"ImageObject","inLanguage":"fr-FR","@id":"https:\/\/newsestlyonnais.fr\/site\/#\/schema\/logo\/image\/","url":"","contentUrl":"","caption":"News EST LYONNAIS"},"image":{"@id":"https:\/\/newsestlyonnais.fr\/site\/#\/schema\/logo\/image\/"}},{"@type":"Person","@id":"https:\/\/newsestlyonnais.fr\/site\/#\/schema\/person\/3230d5615f390bb808365d673001e887","name":"R\u00e9dac. NEWS","sameAs":["http:\/\/www.newsestlyonnais.fr","https:\/\/www.facebook.com\/pascal.oberson.1?fref=ts","https:\/\/fr.linkedin.com\/in\/pascal-oberson-b17045113"],"url":"https:\/\/newsestlyonnais.fr\/site\/author\/nel\/"}]}},"_links":{"self":[{"href":"https:\/\/newsestlyonnais.fr\/site\/wp-json\/wp\/v2\/posts\/55180","targetHints":{"allow":["GET"]}}],"collection":[{"href":"https:\/\/newsestlyonnais.fr\/site\/wp-json\/wp\/v2\/posts"}],"about":[{"href":"https:\/\/newsestlyonnais.fr\/site\/wp-json\/wp\/v2\/types\/post"}],"author":[{"embeddable":true,"href":"https:\/\/newsestlyonnais.fr\/site\/wp-json\/wp\/v2\/users\/4"}],"replies":[{"embeddable":true,"href":"https:\/\/newsestlyonnais.fr\/site\/wp-json\/wp\/v2\/comments?post=55180"}],"version-history":[{"count":0,"href":"https:\/\/newsestlyonnais.fr\/site\/wp-json\/wp\/v2\/posts\/55180\/revisions"}],"wp:featuredmedia":[{"embeddable":true,"href":"https:\/\/newsestlyonnais.fr\/site\/wp-json\/wp\/v2\/media\/55184"}],"wp:attachment":[{"href":"https:\/\/newsestlyonnais.fr\/site\/wp-json\/wp\/v2\/media?parent=55180"}],"wp:term":[{"taxonomy":"category","embeddable":true,"href":"https:\/\/newsestlyonnais.fr\/site\/wp-json\/wp\/v2\/categories?post=55180"},{"taxonomy":"post_tag","embeddable":true,"href":"https:\/\/newsestlyonnais.fr\/site\/wp-json\/wp\/v2\/tags?post=55180"}],"curies":[{"name":"wp","href":"https:\/\/api.w.org\/{rel}","templated":true}]}}