{"id":55240,"date":"2018-06-20T18:36:14","date_gmt":"2018-06-20T17:36:14","guid":{"rendered":"http:\/\/newsestlyonnais.fr\/site\/?p=55240"},"modified":"2020-11-20T13:22:33","modified_gmt":"2020-11-20T12:22:33","slug":"vaulx-en-velin-cedric-castaldi-cyvgl-damien-peysson-cnvv-champions-de-france-handivalide-de-voile","status":"publish","type":"post","link":"https:\/\/newsestlyonnais.fr\/site\/2018\/06\/20\/vaulx-en-velin-cedric-castaldi-cyvgl-damien-peysson-cnvv-champions-de-france-handivalide-de-voile\/","title":{"rendered":"VAULX-EN-VELIN | C\u00e9dric Castaldi (CYVGL), Damien Peysson (CNVV) champions de France handivalide de voile"},"content":{"rendered":"<h2 class=\"article-title\">Le championnat de France Handivalide, en double s\u2019est d\u00e9roul\u00e9 fin mai dernier et \u00e9tait organis\u00e9 par le Cercle de la Voile de Bordeaux.<\/h2>\n<div class=\"article-content\">\n<div class=\"article-content-inner\">\n<p>Cedric Castaldi (CYVGL) et Damien Peysson (Club Nautique de Vaulx en Velin, section voile de la MJC) remportent le titre de champion de France #hansa303 2018 en double !!<\/p>\n<p>Le handivalide : c\u2019est une grande histoire d\u2019amiti\u00e9s qui r\u00e9unit 2 navigateurs (un handi et un valide) sur un petit bateau bien adapt\u00e9 : le Hansa 303.<\/p>\n<p>Cela fait quelques ann\u00e9es d\u00e9j\u00e0 que C\u00e9dric et Damien naviguent en \u00e9quipage et ce d\u00e9placement dans la r\u00e9gion bordelaise se traduit par <strong>un titre de champion de France<\/strong>. Olivier Ducruix et Gilles Guyon (BN de SCIEZ) terminent \u00e0 la 5\u00b0 place &amp; Sylvie Ducruix (CNVV) et Soledad Redondo (BN de SCIEZ) \u00e0 la 15\u00b0 place sur 50 concurrents. Olivier et Sylvie Ducruix faisant \u00e9quipe avec Damien sur ADOMPH en classe Micro au sein du CNVV.<\/p>\n<p>Les clubs du Grand Large peuvent \u00eatre fiers de leurs champions !<\/p>\n<\/div>\n<\/div>\n","protected":false},"excerpt":{"rendered":"<p>Le championnat de France Handivalide, en double s\u2019est d\u00e9roul\u00e9 fin mai dernier et \u00e9tait organis\u00e9 par le Cercle de la Voile de Bordeaux. Cedric Castaldi (CYVGL) et Damien Peysson (Club Nautique de Vaulx en Velin, section voile de la MJC) remportent le titre de champion de France #hansa303 2018 en double !! Le handivalide : [&hellip;]<\/p>\n","protected":false},"author":4,"featured_media":55243,"comment_status":"open","ping_status":"open","sticky":false,"template":"","format":"standard","meta":{"footnotes":""},"categories":[3443,2973,3015,28,1349],"tags":[],"class_list":["post-55240","post","type-post","status-publish","format-standard","has-post-thumbnail","hentry","category-aviation-nautisme","category-aviron-kayak-voile-sports","category-handi-adapte","category-vaulx-en-velin","category-voile"],"yoast_head":"<!-- This site is optimized with the Yoast SEO plugin v27.2 - https:\/\/yoast.com\/product\/yoast-seo-wordpress\/ -->\n<title>VAULX EN VELIN : C\u00e9dric Castaldi (CYVGL) et Damien Peysson (CNVV) champions de France handivalide de voile !<\/title>\n<meta name=\"description\" content=\"VAULX EN VELIN : C\u00e9dric Castaldi (CYVGL) et Damien Peysson (CNVV) champions de France handivalide de voile !\" \/>\n<meta name=\"robots\" content=\"index, follow, max-snippet:-1, max-image-preview:large, max-video-preview:-1\" \/>\n<link rel=\"canonical\" href=\"https:\/\/newsestlyonnais.fr\/site\/2018\/06\/20\/vaulx-en-velin-cedric-castaldi-cyvgl-damien-peysson-cnvv-champions-de-france-handivalide-de-voile\/\" \/>\n<meta property=\"og:locale\" content=\"fr_FR\" \/>\n<meta property=\"og:type\" content=\"article\" \/>\n<meta property=\"og:title\" content=\"VAULX EN VELIN : C\u00e9dric Castaldi (CYVGL) et Damien Peysson (CNVV) champions de France handivalide de voile !\" \/>\n<meta property=\"og:description\" content=\"VAULX EN VELIN : C\u00e9dric Castaldi (CYVGL) et Damien Peysson (CNVV) champions de France handivalide de voile !\" \/>\n<meta property=\"og:url\" content=\"https:\/\/newsestlyonnais.fr\/site\/2018\/06\/20\/vaulx-en-velin-cedric-castaldi-cyvgl-damien-peysson-cnvv-champions-de-france-handivalide-de-voile\/\" \/>\n<meta property=\"og:site_name\" content=\"News Est Lyonnais\" \/>\n<meta property=\"article:author\" content=\"https:\/\/www.facebook.com\/pascal.oberson.1?fref=ts\" \/>\n<meta property=\"article:published_time\" content=\"2018-06-20T17:36:14+00:00\" \/>\n<meta property=\"article:modified_time\" content=\"2020-11-20T12:22:33+00:00\" \/>\n<meta property=\"og:image\" content=\"https:\/\/i0.wp.com\/newsestlyonnais.fr\/site\/wp-content\/uploads\/2018\/06\/NEWSESTLYONNAIS-VOILE-HANDI-DOUBLE.jpg?fit=750%2C497&ssl=1\" \/>\n\t<meta property=\"og:image:width\" content=\"750\" \/>\n\t<meta property=\"og:image:height\" content=\"497\" \/>\n\t<meta property=\"og:image:type\" content=\"image\/jpeg\" \/>\n<meta name=\"author\" content=\"R\u00e9dac. NEWS\" \/>\n<meta name=\"twitter:card\" content=\"summary_large_image\" \/>\n<meta name=\"twitter:label1\" content=\"\u00c9crit par\" \/>\n\t<meta name=\"twitter:data1\" content=\"R\u00e9dac. NEWS\" \/>\n\t<meta name=\"twitter:label2\" content=\"Dur\u00e9e de lecture estim\u00e9e\" \/>\n\t<meta name=\"twitter:data2\" content=\"1 minute\" \/>\n<script type=\"application\/ld+json\" class=\"yoast-schema-graph\">{\"@context\":\"https:\/\/schema.org\",\"@graph\":[{\"@type\":\"Article\",\"@id\":\"https:\/\/newsestlyonnais.fr\/site\/2018\/06\/20\/vaulx-en-velin-cedric-castaldi-cyvgl-damien-peysson-cnvv-champions-de-france-handivalide-de-voile\/#article\",\"isPartOf\":{\"@id\":\"https:\/\/newsestlyonnais.fr\/site\/2018\/06\/20\/vaulx-en-velin-cedric-castaldi-cyvgl-damien-peysson-cnvv-champions-de-france-handivalide-de-voile\/\"},\"author\":{\"name\":\"R\u00e9dac. NEWS\",\"@id\":\"https:\/\/newsestlyonnais.fr\/site\/#\/schema\/person\/3230d5615f390bb808365d673001e887\"},\"headline\":\"VAULX-EN-VELIN | C\u00e9dric Castaldi (CYVGL), Damien Peysson (CNVV) champions de France handivalide de voile\",\"datePublished\":\"2018-06-20T17:36:14+00:00\",\"dateModified\":\"2020-11-20T12:22:33+00:00\",\"mainEntityOfPage\":{\"@id\":\"https:\/\/newsestlyonnais.fr\/site\/2018\/06\/20\/vaulx-en-velin-cedric-castaldi-cyvgl-damien-peysson-cnvv-champions-de-france-handivalide-de-voile\/\"},\"wordCount\":179,\"commentCount\":0,\"publisher\":{\"@id\":\"https:\/\/newsestlyonnais.fr\/site\/#organization\"},\"image\":{\"@id\":\"https:\/\/newsestlyonnais.fr\/site\/2018\/06\/20\/vaulx-en-velin-cedric-castaldi-cyvgl-damien-peysson-cnvv-champions-de-france-handivalide-de-voile\/#primaryimage\"},\"thumbnailUrl\":\"https:\/\/newsestlyonnais.fr\/site\/wp-content\/uploads\/2018\/06\/NEWSESTLYONNAIS-VOILE-HANDI-DOUBLE.jpg\",\"articleSection\":[\"Aviation | Nautisme\",\"Aviron | Kayak | Voile\",\"Handi &amp; adapt\u00e9\",\"Vaulx-en-Velin\",\"Voile\"],\"inLanguage\":\"fr-FR\",\"potentialAction\":[{\"@type\":\"CommentAction\",\"name\":\"Comment\",\"target\":[\"https:\/\/newsestlyonnais.fr\/site\/2018\/06\/20\/vaulx-en-velin-cedric-castaldi-cyvgl-damien-peysson-cnvv-champions-de-france-handivalide-de-voile\/#respond\"]}]},{\"@type\":\"WebPage\",\"@id\":\"https:\/\/newsestlyonnais.fr\/site\/2018\/06\/20\/vaulx-en-velin-cedric-castaldi-cyvgl-damien-peysson-cnvv-champions-de-france-handivalide-de-voile\/\",\"url\":\"https:\/\/newsestlyonnais.fr\/site\/2018\/06\/20\/vaulx-en-velin-cedric-castaldi-cyvgl-damien-peysson-cnvv-champions-de-france-handivalide-de-voile\/\",\"name\":\"VAULX EN VELIN : C\u00e9dric Castaldi (CYVGL) et Damien Peysson (CNVV) champions de France handivalide de voile !\",\"isPartOf\":{\"@id\":\"https:\/\/newsestlyonnais.fr\/site\/#website\"},\"primaryImageOfPage\":{\"@id\":\"https:\/\/newsestlyonnais.fr\/site\/2018\/06\/20\/vaulx-en-velin-cedric-castaldi-cyvgl-damien-peysson-cnvv-champions-de-france-handivalide-de-voile\/#primaryimage\"},\"image\":{\"@id\":\"https:\/\/newsestlyonnais.fr\/site\/2018\/06\/20\/vaulx-en-velin-cedric-castaldi-cyvgl-damien-peysson-cnvv-champions-de-france-handivalide-de-voile\/#primaryimage\"},\"thumbnailUrl\":\"https:\/\/newsestlyonnais.fr\/site\/wp-content\/uploads\/2018\/06\/NEWSESTLYONNAIS-VOILE-HANDI-DOUBLE.jpg\",\"datePublished\":\"2018-06-20T17:36:14+00:00\",\"dateModified\":\"2020-11-20T12:22:33+00:00\",\"description\":\"VAULX EN VELIN : C\u00e9dric Castaldi (CYVGL) et Damien Peysson (CNVV) champions de France handivalide de voile !\",\"breadcrumb\":{\"@id\":\"https:\/\/newsestlyonnais.fr\/site\/2018\/06\/20\/vaulx-en-velin-cedric-castaldi-cyvgl-damien-peysson-cnvv-champions-de-france-handivalide-de-voile\/#breadcrumb\"},\"inLanguage\":\"fr-FR\",\"potentialAction\":[{\"@type\":\"ReadAction\",\"target\":[\"https:\/\/newsestlyonnais.fr\/site\/2018\/06\/20\/vaulx-en-velin-cedric-castaldi-cyvgl-damien-peysson-cnvv-champions-de-france-handivalide-de-voile\/\"]}]},{\"@type\":\"ImageObject\",\"inLanguage\":\"fr-FR\",\"@id\":\"https:\/\/newsestlyonnais.fr\/site\/2018\/06\/20\/vaulx-en-velin-cedric-castaldi-cyvgl-damien-peysson-cnvv-champions-de-france-handivalide-de-voile\/#primaryimage\",\"url\":\"https:\/\/newsestlyonnais.fr\/site\/wp-content\/uploads\/2018\/06\/NEWSESTLYONNAIS-VOILE-HANDI-DOUBLE.jpg\",\"contentUrl\":\"https:\/\/newsestlyonnais.fr\/site\/wp-content\/uploads\/2018\/06\/NEWSESTLYONNAIS-VOILE-HANDI-DOUBLE.jpg\",\"width\":750,\"height\":497,\"caption\":\"NEWSESTLYONNAIS VOILE HANDI DOUBLE\"},{\"@type\":\"BreadcrumbList\",\"@id\":\"https:\/\/newsestlyonnais.fr\/site\/2018\/06\/20\/vaulx-en-velin-cedric-castaldi-cyvgl-damien-peysson-cnvv-champions-de-france-handivalide-de-voile\/#breadcrumb\",\"itemListElement\":[{\"@type\":\"ListItem\",\"position\":1,\"name\":\"Accueil\",\"item\":\"https:\/\/newsestlyonnais.fr\/site\/\"},{\"@type\":\"ListItem\",\"position\":2,\"name\":\"VAULX-EN-VELIN | C\u00e9dric Castaldi (CYVGL), Damien Peysson (CNVV) champions de France handivalide de voile\"}]},{\"@type\":\"WebSite\",\"@id\":\"https:\/\/newsestlyonnais.fr\/site\/#website\",\"url\":\"https:\/\/newsestlyonnais.fr\/site\/\",\"name\":\"News Est Lyonnais\",\"description\":\"L&#039;actualit\u00e9 au plus pr\u00e8s\",\"publisher\":{\"@id\":\"https:\/\/newsestlyonnais.fr\/site\/#organization\"},\"potentialAction\":[{\"@type\":\"SearchAction\",\"target\":{\"@type\":\"EntryPoint\",\"urlTemplate\":\"https:\/\/newsestlyonnais.fr\/site\/?s={search_term_string}\"},\"query-input\":{\"@type\":\"PropertyValueSpecification\",\"valueRequired\":true,\"valueName\":\"search_term_string\"}}],\"inLanguage\":\"fr-FR\"},{\"@type\":\"Organization\",\"@id\":\"https:\/\/newsestlyonnais.fr\/site\/#organization\",\"name\":\"News EST LYONNAIS\",\"url\":\"https:\/\/newsestlyonnais.fr\/site\/\",\"logo\":{\"@type\":\"ImageObject\",\"inLanguage\":\"fr-FR\",\"@id\":\"https:\/\/newsestlyonnais.fr\/site\/#\/schema\/logo\/image\/\",\"url\":\"\",\"contentUrl\":\"\",\"caption\":\"News EST LYONNAIS\"},\"image\":{\"@id\":\"https:\/\/newsestlyonnais.fr\/site\/#\/schema\/logo\/image\/\"}},{\"@type\":\"Person\",\"@id\":\"https:\/\/newsestlyonnais.fr\/site\/#\/schema\/person\/3230d5615f390bb808365d673001e887\",\"name\":\"R\u00e9dac. NEWS\",\"sameAs\":[\"http:\/\/www.newsestlyonnais.fr\",\"https:\/\/www.facebook.com\/pascal.oberson.1?fref=ts\",\"https:\/\/fr.linkedin.com\/in\/pascal-oberson-b17045113\"],\"url\":\"https:\/\/newsestlyonnais.fr\/site\/author\/nel\/\"}]}<\/script>\n<!-- \/ Yoast SEO plugin. -->","yoast_head_json":{"title":"VAULX EN VELIN : C\u00e9dric Castaldi (CYVGL) et Damien Peysson (CNVV) champions de France handivalide de voile !","description":"VAULX EN VELIN : C\u00e9dric Castaldi (CYVGL) et Damien Peysson (CNVV) champions de France handivalide de voile !","robots":{"index":"index","follow":"follow","max-snippet":"max-snippet:-1","max-image-preview":"max-image-preview:large","max-video-preview":"max-video-preview:-1"},"canonical":"https:\/\/newsestlyonnais.fr\/site\/2018\/06\/20\/vaulx-en-velin-cedric-castaldi-cyvgl-damien-peysson-cnvv-champions-de-france-handivalide-de-voile\/","og_locale":"fr_FR","og_type":"article","og_title":"VAULX EN VELIN : C\u00e9dric Castaldi (CYVGL) et Damien Peysson (CNVV) champions de France handivalide de voile !","og_description":"VAULX EN VELIN : C\u00e9dric Castaldi (CYVGL) et Damien Peysson (CNVV) champions de France handivalide de voile !","og_url":"https:\/\/newsestlyonnais.fr\/site\/2018\/06\/20\/vaulx-en-velin-cedric-castaldi-cyvgl-damien-peysson-cnvv-champions-de-france-handivalide-de-voile\/","og_site_name":"News Est Lyonnais","article_author":"https:\/\/www.facebook.com\/pascal.oberson.1?fref=ts","article_published_time":"2018-06-20T17:36:14+00:00","article_modified_time":"2020-11-20T12:22:33+00:00","og_image":[{"width":750,"height":497,"url":"https:\/\/i0.wp.com\/newsestlyonnais.fr\/site\/wp-content\/uploads\/2018\/06\/NEWSESTLYONNAIS-VOILE-HANDI-DOUBLE.jpg?fit=750%2C497&ssl=1","type":"image\/jpeg"}],"author":"R\u00e9dac. NEWS","twitter_card":"summary_large_image","twitter_misc":{"\u00c9crit par":"R\u00e9dac. NEWS","Dur\u00e9e de lecture estim\u00e9e":"1 minute"},"schema":{"@context":"https:\/\/schema.org","@graph":[{"@type":"Article","@id":"https:\/\/newsestlyonnais.fr\/site\/2018\/06\/20\/vaulx-en-velin-cedric-castaldi-cyvgl-damien-peysson-cnvv-champions-de-france-handivalide-de-voile\/#article","isPartOf":{"@id":"https:\/\/newsestlyonnais.fr\/site\/2018\/06\/20\/vaulx-en-velin-cedric-castaldi-cyvgl-damien-peysson-cnvv-champions-de-france-handivalide-de-voile\/"},"author":{"name":"R\u00e9dac. NEWS","@id":"https:\/\/newsestlyonnais.fr\/site\/#\/schema\/person\/3230d5615f390bb808365d673001e887"},"headline":"VAULX-EN-VELIN | C\u00e9dric Castaldi (CYVGL), Damien Peysson (CNVV) champions de France handivalide de voile","datePublished":"2018-06-20T17:36:14+00:00","dateModified":"2020-11-20T12:22:33+00:00","mainEntityOfPage":{"@id":"https:\/\/newsestlyonnais.fr\/site\/2018\/06\/20\/vaulx-en-velin-cedric-castaldi-cyvgl-damien-peysson-cnvv-champions-de-france-handivalide-de-voile\/"},"wordCount":179,"commentCount":0,"publisher":{"@id":"https:\/\/newsestlyonnais.fr\/site\/#organization"},"image":{"@id":"https:\/\/newsestlyonnais.fr\/site\/2018\/06\/20\/vaulx-en-velin-cedric-castaldi-cyvgl-damien-peysson-cnvv-champions-de-france-handivalide-de-voile\/#primaryimage"},"thumbnailUrl":"https:\/\/newsestlyonnais.fr\/site\/wp-content\/uploads\/2018\/06\/NEWSESTLYONNAIS-VOILE-HANDI-DOUBLE.jpg","articleSection":["Aviation | Nautisme","Aviron | Kayak | Voile","Handi &amp; adapt\u00e9","Vaulx-en-Velin","Voile"],"inLanguage":"fr-FR","potentialAction":[{"@type":"CommentAction","name":"Comment","target":["https:\/\/newsestlyonnais.fr\/site\/2018\/06\/20\/vaulx-en-velin-cedric-castaldi-cyvgl-damien-peysson-cnvv-champions-de-france-handivalide-de-voile\/#respond"]}]},{"@type":"WebPage","@id":"https:\/\/newsestlyonnais.fr\/site\/2018\/06\/20\/vaulx-en-velin-cedric-castaldi-cyvgl-damien-peysson-cnvv-champions-de-france-handivalide-de-voile\/","url":"https:\/\/newsestlyonnais.fr\/site\/2018\/06\/20\/vaulx-en-velin-cedric-castaldi-cyvgl-damien-peysson-cnvv-champions-de-france-handivalide-de-voile\/","name":"VAULX EN VELIN : C\u00e9dric Castaldi (CYVGL) et Damien Peysson (CNVV) champions de France handivalide de voile !","isPartOf":{"@id":"https:\/\/newsestlyonnais.fr\/site\/#website"},"primaryImageOfPage":{"@id":"https:\/\/newsestlyonnais.fr\/site\/2018\/06\/20\/vaulx-en-velin-cedric-castaldi-cyvgl-damien-peysson-cnvv-champions-de-france-handivalide-de-voile\/#primaryimage"},"image":{"@id":"https:\/\/newsestlyonnais.fr\/site\/2018\/06\/20\/vaulx-en-velin-cedric-castaldi-cyvgl-damien-peysson-cnvv-champions-de-france-handivalide-de-voile\/#primaryimage"},"thumbnailUrl":"https:\/\/newsestlyonnais.fr\/site\/wp-content\/uploads\/2018\/06\/NEWSESTLYONNAIS-VOILE-HANDI-DOUBLE.jpg","datePublished":"2018-06-20T17:36:14+00:00","dateModified":"2020-11-20T12:22:33+00:00","description":"VAULX EN VELIN : C\u00e9dric Castaldi (CYVGL) et Damien Peysson (CNVV) champions de France handivalide de voile !","breadcrumb":{"@id":"https:\/\/newsestlyonnais.fr\/site\/2018\/06\/20\/vaulx-en-velin-cedric-castaldi-cyvgl-damien-peysson-cnvv-champions-de-france-handivalide-de-voile\/#breadcrumb"},"inLanguage":"fr-FR","potentialAction":[{"@type":"ReadAction","target":["https:\/\/newsestlyonnais.fr\/site\/2018\/06\/20\/vaulx-en-velin-cedric-castaldi-cyvgl-damien-peysson-cnvv-champions-de-france-handivalide-de-voile\/"]}]},{"@type":"ImageObject","inLanguage":"fr-FR","@id":"https:\/\/newsestlyonnais.fr\/site\/2018\/06\/20\/vaulx-en-velin-cedric-castaldi-cyvgl-damien-peysson-cnvv-champions-de-france-handivalide-de-voile\/#primaryimage","url":"https:\/\/newsestlyonnais.fr\/site\/wp-content\/uploads\/2018\/06\/NEWSESTLYONNAIS-VOILE-HANDI-DOUBLE.jpg","contentUrl":"https:\/\/newsestlyonnais.fr\/site\/wp-content\/uploads\/2018\/06\/NEWSESTLYONNAIS-VOILE-HANDI-DOUBLE.jpg","width":750,"height":497,"caption":"NEWSESTLYONNAIS VOILE HANDI DOUBLE"},{"@type":"BreadcrumbList","@id":"https:\/\/newsestlyonnais.fr\/site\/2018\/06\/20\/vaulx-en-velin-cedric-castaldi-cyvgl-damien-peysson-cnvv-champions-de-france-handivalide-de-voile\/#breadcrumb","itemListElement":[{"@type":"ListItem","position":1,"name":"Accueil","item":"https:\/\/newsestlyonnais.fr\/site\/"},{"@type":"ListItem","position":2,"name":"VAULX-EN-VELIN | C\u00e9dric Castaldi (CYVGL), Damien Peysson (CNVV) champions de France handivalide de voile"}]},{"@type":"WebSite","@id":"https:\/\/newsestlyonnais.fr\/site\/#website","url":"https:\/\/newsestlyonnais.fr\/site\/","name":"News Est Lyonnais","description":"L&#039;actualit\u00e9 au plus pr\u00e8s","publisher":{"@id":"https:\/\/newsestlyonnais.fr\/site\/#organization"},"potentialAction":[{"@type":"SearchAction","target":{"@type":"EntryPoint","urlTemplate":"https:\/\/newsestlyonnais.fr\/site\/?s={search_term_string}"},"query-input":{"@type":"PropertyValueSpecification","valueRequired":true,"valueName":"search_term_string"}}],"inLanguage":"fr-FR"},{"@type":"Organization","@id":"https:\/\/newsestlyonnais.fr\/site\/#organization","name":"News EST LYONNAIS","url":"https:\/\/newsestlyonnais.fr\/site\/","logo":{"@type":"ImageObject","inLanguage":"fr-FR","@id":"https:\/\/newsestlyonnais.fr\/site\/#\/schema\/logo\/image\/","url":"","contentUrl":"","caption":"News EST LYONNAIS"},"image":{"@id":"https:\/\/newsestlyonnais.fr\/site\/#\/schema\/logo\/image\/"}},{"@type":"Person","@id":"https:\/\/newsestlyonnais.fr\/site\/#\/schema\/person\/3230d5615f390bb808365d673001e887","name":"R\u00e9dac. NEWS","sameAs":["http:\/\/www.newsestlyonnais.fr","https:\/\/www.facebook.com\/pascal.oberson.1?fref=ts","https:\/\/fr.linkedin.com\/in\/pascal-oberson-b17045113"],"url":"https:\/\/newsestlyonnais.fr\/site\/author\/nel\/"}]}},"_links":{"self":[{"href":"https:\/\/newsestlyonnais.fr\/site\/wp-json\/wp\/v2\/posts\/55240","targetHints":{"allow":["GET"]}}],"collection":[{"href":"https:\/\/newsestlyonnais.fr\/site\/wp-json\/wp\/v2\/posts"}],"about":[{"href":"https:\/\/newsestlyonnais.fr\/site\/wp-json\/wp\/v2\/types\/post"}],"author":[{"embeddable":true,"href":"https:\/\/newsestlyonnais.fr\/site\/wp-json\/wp\/v2\/users\/4"}],"replies":[{"embeddable":true,"href":"https:\/\/newsestlyonnais.fr\/site\/wp-json\/wp\/v2\/comments?post=55240"}],"version-history":[{"count":0,"href":"https:\/\/newsestlyonnais.fr\/site\/wp-json\/wp\/v2\/posts\/55240\/revisions"}],"wp:featuredmedia":[{"embeddable":true,"href":"https:\/\/newsestlyonnais.fr\/site\/wp-json\/wp\/v2\/media\/55243"}],"wp:attachment":[{"href":"https:\/\/newsestlyonnais.fr\/site\/wp-json\/wp\/v2\/media?parent=55240"}],"wp:term":[{"taxonomy":"category","embeddable":true,"href":"https:\/\/newsestlyonnais.fr\/site\/wp-json\/wp\/v2\/categories?post=55240"},{"taxonomy":"post_tag","embeddable":true,"href":"https:\/\/newsestlyonnais.fr\/site\/wp-json\/wp\/v2\/tags?post=55240"}],"curies":[{"name":"wp","href":"https:\/\/api.w.org\/{rel}","templated":true}]}}